{"id":391999,"date":"2025-07-08T15:54:44","date_gmt":"2025-07-08T13:54:44","guid":{"rendered":"https:\/\/www.intoscana.it\/it\/?p=391999"},"modified":"2025-07-08T15:55:33","modified_gmt":"2025-07-08T13:55:33","slug":"orizzontifestival-otto-giorni-di-teatro-a-chiusi-per-imparare-a-guardare-con-gli-occhi-degli-altri","status":"publish","type":"post","link":"https:\/\/www.intoscana.it\/it\/orizzontifestival-otto-giorni-di-teatro-a-chiusi-per-imparare-a-guardare-con-gli-occhi-degli-altri\/","title":{"rendered":"OrizzontiFestival otto giorni di teatro a Chiusi per imparare a guardare \u201cCon gli occhi degli altri\u201d"},"content":{"rendered":"<p><strong>Dal 27 luglio al 3 agosto<\/strong> torna a <strong>Chiusi<\/strong> nel cuore della Valdichiana senese <strong><em>&#8220;OrizzontiFestival&#8221; <\/em><\/strong>con importanti <strong>protagonisti del teatro italiano.\u00a0<\/strong><\/p>\n<p>In tutto<strong> otto giorni di festa<\/strong> per un <strong>full immersion nel mondo del teatro,<\/strong> sotto la direzione artistica di <strong>Roberto Latini, professionista affermato, attore, regista, interprete e creatore di un teatro di poesia<\/strong> che \u00e8 sempre un corpo a corpo con i grandi testi.<\/p>\n<p>Obiettivo della kermesse \u00e8 imparare a <strong>guardare <em>\u201cCon gli occhi degli altri\u201d,<\/em><\/strong> questo il titolo della manifestazione<strong>, vedere ma anche essere visti.<\/strong><\/p>\n<p>Come ha spiegato il <strong>presidente della Fondazione Orizzonti d\u2019Arte, Giannetto Marchettini<\/strong>: <em>\u201cCi portiamo una tradizione di tanti anni di importanti attivit\u00e0, tolta la pandemia, sul teatro, sulla musica, e nel percorso si sono alternati quattro direttori artistici; la Fondazione lo scorso anno ha ritenuto di cambiare direzione e attraverso un piccolo concorso abbiamo incontrato la volont\u00e0 e le idee che Roberto Latini ha saputo esprimere, lo conoscevamo per fama e capacit\u00e0, ed oggi siamo in questa Istituzione, che ci sostiene non solo economicamente, per presentare una sfida da vivere insieme, sul territorio diffuso, caratteristica del nostro Festival\u201d.<\/em><\/p>\n<p><strong>Ma come sar\u00e0 questo Festival?<\/strong> Il <strong>direttore artistico, Roberto Latini, non ha dubbi:<\/strong> \u201c<em>Pi\u00f9 che un festival sar\u00e0 una festa, mi piace pensare che siamo nelle celebrazioni del teatro, delle arti sceniche, insieme ad un gruppo di artisti, che ho conosciuto negli anni e con i quali ho condiviso pezzi di strada, idee e speranza, rispetto a quello che siamo e saremo; quindi una festa di amici che porteranno al pubblico e alla citt\u00e0 di Chiusi momenti di riflessione, lezioni con maestri della scena contemporanea, con spettacoli che saranno dedicati all\u2019artista presente con serate d\u2019onore, e con spettacoli vecchi che sono nuovamente riproposti e che ci liberano da questo inseguimento continuo al nuovo: sapere bene da dove veniamo \u00e8 la cosa migliore per capire dove andiamo\u201d. <\/em><\/p>\n<p><strong>Infine, spazio agli sguardi:<\/strong><em> \u201cCon gli occhi degli altri \u00e8 un titolo capace di raccontare la condizione nella quale ci troviamo, capire che a teatro possiamo vedere con gli occhi degli altri, possiamo anche essere visti con gli occhi degli altri \u2013<\/em><strong> ha sottolineato Latini <\/strong><em>&#8211; fidarci e affidarci agli occhi degli altri, una condizione che non so se possiamo avere altrove\u201d. A Teatro sicuramente, ed in un territorio diffuso ancora di pi\u00f9.<\/em><\/p>\n<figure id=\"post-392006 media-392006\" class=\"align-none\"><img decoding=\"async\" src=\"https:\/\/www.intoscana.it\/wp-content\/uploads\/03AGOSTO_-REZZA-MASTRELLA-_-ORE1730-E-2030.jpg.avif\" alt=\"\" \/><\/figure>\n<div class=\"titleimg\">Rezza Mastrella<\/div>\n<h3>Il programma di OrizzontiFestival<\/h3>\n<p>A <strong>OrizzontiFestival<\/strong> il pubblico avr\u00e0 la possibilit\u00e0 di incontrare il teatro di <strong>Mariangela Gualtieri<\/strong> (27 luglio),<strong> Maria Paiato<\/strong> (28 luglio),<strong> Francesca Mazza<\/strong> (29 luglio), <strong>Vetrano e Randisi<\/strong> (30 luglio), <strong>Marco Baliani<\/strong> (31 luglio), <strong>Daria Deflorian<\/strong> (1 agosto), <strong>Danio Manfredini<\/strong> (2 agosto), <strong>Rezza\/Mastrella<\/strong> (3 agosto).<\/p>\n<p>Il programma ospita tutti i giorni <strong><em>Lezioni dei Maestri<\/em><\/strong> con <strong>Gennaro Carrillo<\/strong> (27 luglio), <strong>Virgilio Sieni<\/strong> (28 luglio), <strong>Lisa Ferlazzo Natoli<\/strong> (29 luglio), <strong>Claudio Morganti<\/strong> (30 luglio), <strong>Silvia Rampelli<\/strong> (31 luglio),<strong> Gabriele Lavia<\/strong> (1 agosto), <strong>Attilio Scarpellini<\/strong> (2 agosto), <strong>Flavia Mastrella e Antonio Rezza<\/strong> (3 agosto).<\/p>\n<p>In orari e luoghi inconsueti <strong>OrizzontiFestival<\/strong> propone<strong><em> VisitAzioni<\/em><\/strong> con <strong>Antonio Perretta<\/strong> presso la Torre del Duomo (28 luglio), <strong>Valentina Corrao<\/strong> al Museo Nazionale Etrusco di Chiusi (29 luglio), <strong>Sem Bonventre<\/strong> al Museo Civico (30 luglio), <strong>Pasquale Aprile<\/strong> a I Lavatoi (31 luglio),<strong> Salvatore Alfano e Monica Mihaela Buzoianu<\/strong> al Labirinto di Porsenna \/ Museo della Cattedrale (1 agosto), <strong>Teatro del Lemming<\/strong> al Chiostro S. Francesco con <em><strong>\u201cEdipo. Tragedia dei Sensi per uno spettatore<\/strong>\u201d<\/em> (2 e 3 agosto).<\/p>\n<p>Ogni giorno in programma <strong><em>Lettura del Diario<\/em><\/strong> a cura di Andrea Pocosgnich, Barbara Weigel, Clarissa Veronico, Gaetano Ventriglia di ci\u00f2 che il festival ha proposto il giorno precedente. E<strong> in tarda serata aperto a tutti ci sar\u00e0 il Dopo Festival.<\/strong><\/p>\n<div class=\"titleimg\">\n<figure id=\"post-392013 media-392013\" class=\"align-none\"><img decoding=\"async\" src=\"https:\/\/www.intoscana.it\/wp-content\/uploads\/29LUGLIO-_-SACCHI-DI-SABBIA_-ORE-2230.jpg.avif\" alt=\"\" \/><\/figure>\n<div class=\"titleimg\">Sacchi di Sabbia<\/div>\n<\/div>\n<h3><strong>In scena a OrizzontiFestival sei spettacoli &#8220;Cult&#8221;<\/strong><\/h3>\n<p>A OrizzontiFestival in scena <strong>sei spettacoli cult<\/strong> che rappresentano l\u2019evoluzione del pensiero contemporaneo nelle tante Italie che viviamo.<\/p>\n<p>Il primo sar\u00e0<strong><em> \u201cFinale di partita\u201d, <\/em><\/strong>allestimento da scacchiera per pedine e due giocatori diretto e interpretato da<strong> Teatrino Giullare<\/strong>, spettacolo pluripremiato pi\u00f9 che maggiorenne. Il capolavoro di Beckett \u00e8 visto attraverso le possibilit\u00e0 di movimento di due pedine da scacchi e la tensione e la partecipazione dei due giocatori (27 luglio).<\/p>\n<p><strong>Masque Teatro<\/strong> presenta <strong><em>\u201cVoodoo\u201d<\/em> <\/strong>con <strong>Eleonora Sedioli<\/strong> ideazione e regia <strong>Lorenzo Bazzocchi.<\/strong> \u00c8 solo attraverso l\u2019alterazione indotta che si pu\u00f2 sperare di essere catapultati nella verit\u00e0 del proprio essere. L\u2019alterazione produce simulacri. A questi ci affidiamo per recuperare le forze necessarie ad imbastire la costruzione di un altro mondo nel quale sopravvivere (28 luglio).<\/p>\n<p><strong>Sacchi di Sabbia<\/strong> presentano<strong><em> \u201cSandokan\u201d o la fine dell\u2019Avventura<\/em> <\/strong>da \u201cLe Tigri di Mompracem\u201d di Emilio Salgari. Scrittura scenica di <strong>Giovanni Guerrieri<\/strong> con la collaborazione di Giulia Gallo e Giulia Solano, con <strong>Gabriele Carli, Giulia Gallo, Giovanni Guerrieri, Enzo Illiano.<\/strong> La cucina \u00e8 casa di Sandokan, nave dei pirati, villa di Lord Guillonk, foresta malese, spiaggia di Mompracem. Fedele all\u2019ideale di un ironico esotismo quotidiano (Salgari non si avventur\u00f2 mai oltre l\u2019Adriatico) lo spettacolo \u2013 attraverso la rifunzionalizzazione di semplici oggetti d\u2019uso &#8211; \u00e8 un elogio all\u2019immaginazione, che rischia di naufragare nel blob superficiale dei nostri tempi e al tempo stesso una satira di costume (29 luglio).<\/p>\n<p><strong>Nerval Teatro<\/strong> propone qui <strong><em>\u201cLa Buca\u201d<\/em> <\/strong>di <strong>Maurizio Lupinelli ed Elisa Pol,<\/strong> con Carlo De Leonardo e Maurizio Lupinelli, regia Maurizio Lupinelli. Un percorso denso di sorprese e di inventiva che si scatena a partire dalla reinvenzione delle situazioni e della natura dei personaggi beckettiani: rappresenta l\u2019avvio di una progettualit\u00e0 teatrale che ha come protagonista Carlo De Leonardo, attore diversamente abile ravennate che, in coppia con Maurizio Lupinelli, ci restituir\u00e0 l\u2019essenza stralunata e surreale dei personaggi di Samuel Beckett (30 luglio).<\/p>\n<p><strong>Fanny&amp;Alexander<\/strong> presentano<strong><em> \u201cHim\u201d<\/em> <\/strong>con <strong>Marco Cavalcoli, <\/strong>drammaturgia <strong>Chiara Lagani, regia Luigi Noah De Angelis<\/strong>. Il Mago, protagonista indiscusso della storia, artefice dell\u2019inganno e della realt\u00e0 dell\u2019opera, ne \u00e8 forse il primo e solo committente: inginocchiato, crudele e devoto, esile figurina desunta dalle pale di un altare barocco, spettro tridimensionale rubato alla storia o alla storia dell\u2019arte, statuetta ambigua sottratta a un pi\u00f9 maestoso, ma invisibile, monumento civile (31 luglio).<\/p>\n<p><strong>Le Belle Bandiere<\/strong> saranno presenti con <strong><em>\u201cRisate di gioia\u201d Storia di gente di teatro.<\/em><\/strong> Ispirato alle opere: Il teatro all\u2019antica italiana di<strong> Sergio Tofano detto Sto,<\/strong> Antologia del grande attore di <strong>Vito Pandolfi,<\/strong> Follie del variet\u00e0 a cura di<strong> Stefano De Matteis, Martina Lombardi, Marilea Somar\u00e8<\/strong> e ad autobiografie, biografie, epistolari di gente di teatro. Da un\u2019idea di Elena Bucci, drammaturgia, scene, costumi, interpretazione, regia Elena Bucci e Marco Sgrosso, drammaturgia sonora e cura del suono Raffaele Bassetti. Come erano gli spettacoli del passato? Come risuonavano le voci? Come erano i gesti? E le prove? Quali le fatiche e il fascino del teatro di un tempo? E il pubblico? Artiste e artisti di ieri, famosi e dimenticati, girovaghi e vitali, idealisti e cialtroni, raffinati e appassionati, ci conducono per mano tra camerini e palcoscenici di Ottocento e Novecento, sfiorando le luci del variet\u00e0 fino ad affacciarsi al cinema (1 agosto).<\/p>\n<figure id=\"post-392012 media-392012\" class=\"align-none\"><img decoding=\"async\" src=\"https:\/\/www.intoscana.it\/wp-content\/uploads\/01AGOSTO-_-LE-BELLE-BANDIERE_-ORE2230.jpg.avif\" alt=\"\" \/><\/figure>\n<div class=\"titleimg\"><em>LE BELLE BANDIERE<\/em><\/div>\n","protected":false},"excerpt":{"rendered":"<p>Presentata la ventitreesima edizione in programma dal 27 luglio al 3 agosto con la direzione artistica di Roberto Latini che porter\u00e0 nella Valdichiana senese alcuni spettacoli &#8220;cult&#8221; del teatro italiano contemporaneo<\/p>\n","protected":false},"author":525,"featured_media":392007,"comment_status":"open","ping_status":"open","sticky":false,"template":"","format":"standard","meta":{"_acf_changed":false,"footnotes":""},"categories":[493],"tags":[5348,4753,235,399,228,236],"class_list":["post-391999","post","type-post","status-publish","format-standard","has-post-thumbnail","hentry","category-cultura","tag-chiusi","tag-consiglio-regionale-della-toscana","tag-estate","tag-estate-in-toscana","tag-festival","tag-teatro"],"acf":[],"yoast_head":"<!-- This site is optimized with the Yoast SEO Premium plugin v24.2 (Yoast SEO v25.6) - https:\/\/yoast.com\/wordpress\/plugins\/seo\/ -->\n<title>OrizzontiFestival otto giorni di teatro a Chiusi per imparare a guardare \u201cCon gli occhi degli altri\u201d - intoscana<\/title>\n<meta name=\"description\" content=\"Presentata la ventitreesima edizione di OrizzontiFestival, in programma dal 27 luglio al 3 agosto con la direzione artistica di Roberto Latini\" \/>\n<meta name=\"robots\" content=\"index, follow, max-snippet:-1, max-image-preview:large, max-video-preview:-1\" \/>\n<link rel=\"canonical\" href=\"https:\/\/www.intoscana.it\/it\/orizzontifestival-otto-giorni-di-teatro-a-chiusi-per-imparare-a-guardare-con-gli-occhi-degli-altri\/\" \/>\n<meta property=\"og:locale\" content=\"it_IT\" \/>\n<meta property=\"og:type\" content=\"article\" \/>\n<meta property=\"og:title\" content=\"OrizzontiFestival otto giorni di teatro a Chiusi per imparare a guardare \u201cCon gli occhi degli altri\u201d\" \/>\n<meta property=\"og:description\" content=\"Presentata la ventitreesima edizione di OrizzontiFestival, in programma dal 27 luglio al 3 agosto con la direzione artistica di Roberto Latini\" \/>\n<meta property=\"og:url\" content=\"https:\/\/www.intoscana.it\/it\/orizzontifestival-otto-giorni-di-teatro-a-chiusi-per-imparare-a-guardare-con-gli-occhi-degli-altri\/\" \/>\n<meta property=\"og:site_name\" content=\"intoscana\" \/>\n<meta property=\"article:publisher\" content=\"https:\/\/www.facebook.com\/intoscana.it\" \/>\n<meta property=\"article:published_time\" content=\"2025-07-08T13:54:44+00:00\" \/>\n<meta property=\"article:modified_time\" content=\"2025-07-08T13:55:33+00:00\" \/>\n<meta name=\"author\" content=\"Redazione\" \/>\n<meta name=\"twitter:card\" content=\"summary_large_image\" \/>\n<meta name=\"twitter:creator\" content=\"@intoscana\" \/>\n<meta name=\"twitter:site\" content=\"@intoscana\" \/>\n<meta name=\"twitter:label1\" content=\"Written by\" \/>\n\t<meta name=\"twitter:data1\" content=\"Redazione\" \/>\n\t<meta name=\"twitter:label2\" content=\"Est. reading time\" \/>\n\t<meta name=\"twitter:data2\" content=\"7 minuti\" \/>\n<script type=\"application\/ld+json\" class=\"yoast-schema-graph\">{\"@context\":\"https:\/\/schema.org\",\"@graph\":[{\"@type\":\"WebPage\",\"@id\":\"https:\/\/www.intoscana.it\/it\/orizzontifestival-otto-giorni-di-teatro-a-chiusi-per-imparare-a-guardare-con-gli-occhi-degli-altri\/\",\"url\":\"https:\/\/www.intoscana.it\/it\/orizzontifestival-otto-giorni-di-teatro-a-chiusi-per-imparare-a-guardare-con-gli-occhi-degli-altri\/\",\"name\":\"OrizzontiFestival otto giorni di teatro a Chiusi per imparare a guardare \u201cCon gli occhi degli altri\u201d - intoscana\",\"isPartOf\":{\"@id\":\"https:\/\/www.intoscana.it\/it\/#website\"},\"primaryImageOfPage\":{\"@id\":\"https:\/\/www.intoscana.it\/it\/orizzontifestival-otto-giorni-di-teatro-a-chiusi-per-imparare-a-guardare-con-gli-occhi-degli-altri\/#primaryimage\"},\"image\":{\"@id\":\"https:\/\/www.intoscana.it\/it\/orizzontifestival-otto-giorni-di-teatro-a-chiusi-per-imparare-a-guardare-con-gli-occhi-degli-altri\/#primaryimage\"},\"thumbnailUrl\":\"https:\/\/www.intoscana.it\/wp-content\/uploads\/02-E-03AGOSTO-_-TEATRO-DEL-LEMMING_-ORE-0930_JPG.jpg.avif\",\"datePublished\":\"2025-07-08T13:54:44+00:00\",\"dateModified\":\"2025-07-08T13:55:33+00:00\",\"author\":{\"@id\":\"https:\/\/www.intoscana.it\/it\/#\/schema\/person\/9223810753230f20bd670fdd322661f8\"},\"description\":\"Presentata la ventitreesima edizione di OrizzontiFestival, in programma dal 27 luglio al 3 agosto con la direzione artistica di Roberto Latini\",\"breadcrumb\":{\"@id\":\"https:\/\/www.intoscana.it\/it\/orizzontifestival-otto-giorni-di-teatro-a-chiusi-per-imparare-a-guardare-con-gli-occhi-degli-altri\/#breadcrumb\"},\"inLanguage\":\"it-IT\",\"potentialAction\":[{\"@type\":\"ReadAction\",\"target\":[\"https:\/\/www.intoscana.it\/it\/orizzontifestival-otto-giorni-di-teatro-a-chiusi-per-imparare-a-guardare-con-gli-occhi-degli-altri\/\"]}]},{\"@type\":\"ImageObject\",\"inLanguage\":\"it-IT\",\"@id\":\"https:\/\/www.intoscana.it\/it\/orizzontifestival-otto-giorni-di-teatro-a-chiusi-per-imparare-a-guardare-con-gli-occhi-degli-altri\/#primaryimage\",\"url\":\"https:\/\/www.intoscana.it\/wp-content\/uploads\/02-E-03AGOSTO-_-TEATRO-DEL-LEMMING_-ORE-0930_JPG.jpg.avif\",\"contentUrl\":\"https:\/\/www.intoscana.it\/wp-content\/uploads\/02-E-03AGOSTO-_-TEATRO-DEL-LEMMING_-ORE-0930_JPG.jpg.avif\",\"width\":758,\"height\":502},{\"@type\":\"BreadcrumbList\",\"@id\":\"https:\/\/www.intoscana.it\/it\/orizzontifestival-otto-giorni-di-teatro-a-chiusi-per-imparare-a-guardare-con-gli-occhi-degli-altri\/#breadcrumb\",\"itemListElement\":[{\"@type\":\"ListItem\",\"position\":1,\"name\":\"Home\",\"item\":\"https:\/\/www.intoscana.it\/it\/\"},{\"@type\":\"ListItem\",\"position\":2,\"name\":\"OrizzontiFestival otto giorni di teatro a Chiusi per imparare a guardare \u201cCon gli occhi degli altri\u201d\"}]},{\"@type\":\"WebSite\",\"@id\":\"https:\/\/www.intoscana.it\/it\/#website\",\"url\":\"https:\/\/www.intoscana.it\/it\/\",\"name\":\"intoscana\",\"description\":\"\",\"potentialAction\":[{\"@type\":\"SearchAction\",\"target\":{\"@type\":\"EntryPoint\",\"urlTemplate\":\"https:\/\/www.intoscana.it\/it\/?s={search_term_string}\"},\"query-input\":{\"@type\":\"PropertyValueSpecification\",\"valueRequired\":true,\"valueName\":\"search_term_string\"}}],\"inLanguage\":\"it-IT\"},{\"@type\":\"Person\",\"@id\":\"https:\/\/www.intoscana.it\/it\/#\/schema\/person\/9223810753230f20bd670fdd322661f8\",\"name\":\"Redazione\",\"url\":\"https:\/\/www.intoscana.it\/it\/author\/redazione\/\"}]}<\/script>\n<!-- \/ Yoast SEO Premium plugin. -->","yoast_head_json":{"title":"OrizzontiFestival otto giorni di teatro a Chiusi per imparare a guardare \u201cCon gli occhi degli altri\u201d - intoscana","description":"Presentata la ventitreesima edizione di OrizzontiFestival, in programma dal 27 luglio al 3 agosto con la direzione artistica di Roberto Latini","robots":{"index":"index","follow":"follow","max-snippet":"max-snippet:-1","max-image-preview":"max-image-preview:large","max-video-preview":"max-video-preview:-1"},"canonical":"https:\/\/www.intoscana.it\/it\/orizzontifestival-otto-giorni-di-teatro-a-chiusi-per-imparare-a-guardare-con-gli-occhi-degli-altri\/","og_locale":"it_IT","og_type":"article","og_title":"OrizzontiFestival otto giorni di teatro a Chiusi per imparare a guardare \u201cCon gli occhi degli altri\u201d","og_description":"Presentata la ventitreesima edizione di OrizzontiFestival, in programma dal 27 luglio al 3 agosto con la direzione artistica di Roberto Latini","og_url":"https:\/\/www.intoscana.it\/it\/orizzontifestival-otto-giorni-di-teatro-a-chiusi-per-imparare-a-guardare-con-gli-occhi-degli-altri\/","og_site_name":"intoscana","article_publisher":"https:\/\/www.facebook.com\/intoscana.it","article_published_time":"2025-07-08T13:54:44+00:00","article_modified_time":"2025-07-08T13:55:33+00:00","author":"Redazione","twitter_card":"summary_large_image","twitter_creator":"@intoscana","twitter_site":"@intoscana","twitter_misc":{"Written by":"Redazione","Est. reading time":"7 minuti"},"schema":{"@context":"https:\/\/schema.org","@graph":[{"@type":"WebPage","@id":"https:\/\/www.intoscana.it\/it\/orizzontifestival-otto-giorni-di-teatro-a-chiusi-per-imparare-a-guardare-con-gli-occhi-degli-altri\/","url":"https:\/\/www.intoscana.it\/it\/orizzontifestival-otto-giorni-di-teatro-a-chiusi-per-imparare-a-guardare-con-gli-occhi-degli-altri\/","name":"OrizzontiFestival otto giorni di teatro a Chiusi per imparare a guardare \u201cCon gli occhi degli altri\u201d - intoscana","isPartOf":{"@id":"https:\/\/www.intoscana.it\/it\/#website"},"primaryImageOfPage":{"@id":"https:\/\/www.intoscana.it\/it\/orizzontifestival-otto-giorni-di-teatro-a-chiusi-per-imparare-a-guardare-con-gli-occhi-degli-altri\/#primaryimage"},"image":{"@id":"https:\/\/www.intoscana.it\/it\/orizzontifestival-otto-giorni-di-teatro-a-chiusi-per-imparare-a-guardare-con-gli-occhi-degli-altri\/#primaryimage"},"thumbnailUrl":"https:\/\/www.intoscana.it\/wp-content\/uploads\/02-E-03AGOSTO-_-TEATRO-DEL-LEMMING_-ORE-0930_JPG.jpg.avif","datePublished":"2025-07-08T13:54:44+00:00","dateModified":"2025-07-08T13:55:33+00:00","author":{"@id":"https:\/\/www.intoscana.it\/it\/#\/schema\/person\/9223810753230f20bd670fdd322661f8"},"description":"Presentata la ventitreesima edizione di OrizzontiFestival, in programma dal 27 luglio al 3 agosto con la direzione artistica di Roberto Latini","breadcrumb":{"@id":"https:\/\/www.intoscana.it\/it\/orizzontifestival-otto-giorni-di-teatro-a-chiusi-per-imparare-a-guardare-con-gli-occhi-degli-altri\/#breadcrumb"},"inLanguage":"it-IT","potentialAction":[{"@type":"ReadAction","target":["https:\/\/www.intoscana.it\/it\/orizzontifestival-otto-giorni-di-teatro-a-chiusi-per-imparare-a-guardare-con-gli-occhi-degli-altri\/"]}]},{"@type":"ImageObject","inLanguage":"it-IT","@id":"https:\/\/www.intoscana.it\/it\/orizzontifestival-otto-giorni-di-teatro-a-chiusi-per-imparare-a-guardare-con-gli-occhi-degli-altri\/#primaryimage","url":"https:\/\/www.intoscana.it\/wp-content\/uploads\/02-E-03AGOSTO-_-TEATRO-DEL-LEMMING_-ORE-0930_JPG.jpg.avif","contentUrl":"https:\/\/www.intoscana.it\/wp-content\/uploads\/02-E-03AGOSTO-_-TEATRO-DEL-LEMMING_-ORE-0930_JPG.jpg.avif","width":758,"height":502},{"@type":"BreadcrumbList","@id":"https:\/\/www.intoscana.it\/it\/orizzontifestival-otto-giorni-di-teatro-a-chiusi-per-imparare-a-guardare-con-gli-occhi-degli-altri\/#breadcrumb","itemListElement":[{"@type":"ListItem","position":1,"name":"Home","item":"https:\/\/www.intoscana.it\/it\/"},{"@type":"ListItem","position":2,"name":"OrizzontiFestival otto giorni di teatro a Chiusi per imparare a guardare \u201cCon gli occhi degli altri\u201d"}]},{"@type":"WebSite","@id":"https:\/\/www.intoscana.it\/it\/#website","url":"https:\/\/www.intoscana.it\/it\/","name":"intoscana","description":"","potentialAction":[{"@type":"SearchAction","target":{"@type":"EntryPoint","urlTemplate":"https:\/\/www.intoscana.it\/it\/?s={search_term_string}"},"query-input":{"@type":"PropertyValueSpecification","valueRequired":true,"valueName":"search_term_string"}}],"inLanguage":"it-IT"},{"@type":"Person","@id":"https:\/\/www.intoscana.it\/it\/#\/schema\/person\/9223810753230f20bd670fdd322661f8","name":"Redazione","url":"https:\/\/www.intoscana.it\/it\/author\/redazione\/"}]}},"_links":{"self":[{"href":"https:\/\/www.intoscana.it\/it\/wp-json\/wp\/v2\/posts\/391999","targetHints":{"allow":["GET"]}}],"collection":[{"href":"https:\/\/www.intoscana.it\/it\/wp-json\/wp\/v2\/posts"}],"about":[{"href":"https:\/\/www.intoscana.it\/it\/wp-json\/wp\/v2\/types\/post"}],"author":[{"embeddable":true,"href":"https:\/\/www.intoscana.it\/it\/wp-json\/wp\/v2\/users\/525"}],"replies":[{"embeddable":true,"href":"https:\/\/www.intoscana.it\/it\/wp-json\/wp\/v2\/comments?post=391999"}],"version-history":[{"count":5,"href":"https:\/\/www.intoscana.it\/it\/wp-json\/wp\/v2\/posts\/391999\/revisions"}],"predecessor-version":[{"id":392005,"href":"https:\/\/www.intoscana.it\/it\/wp-json\/wp\/v2\/posts\/391999\/revisions\/392005"}],"wp:featuredmedia":[{"embeddable":true,"href":"https:\/\/www.intoscana.it\/it\/wp-json\/wp\/v2\/media\/392007"}],"wp:attachment":[{"href":"https:\/\/www.intoscana.it\/it\/wp-json\/wp\/v2\/media?parent=391999"}],"wp:term":[{"taxonomy":"category","embeddable":true,"href":"https:\/\/www.intoscana.it\/it\/wp-json\/wp\/v2\/categories?post=391999"},{"taxonomy":"post_tag","embeddable":true,"href":"https:\/\/www.intoscana.it\/it\/wp-json\/wp\/v2\/tags?post=391999"}],"curies":[{"name":"wp","href":"https:\/\/api.w.org\/{rel}","templated":true}]}}