{"id":392000,"date":"2025-07-08T15:34:42","date_gmt":"2025-07-08T13:34:42","guid":{"rendered":"https:\/\/www.intoscana.it\/it\/?p=392000"},"modified":"2025-07-08T15:35:07","modified_gmt":"2025-07-08T13:35:07","slug":"con-vivere-carrara-festival-compie-ventanni-da-galimberti-a-saviano-incontri-e-spettacoli-per-riflettere-sul-concetto-di-plurale","status":"publish","type":"post","link":"https:\/\/www.intoscana.it\/it\/con-vivere-carrara-festival-compie-ventanni-da-galimberti-a-saviano-incontri-e-spettacoli-per-riflettere-sul-concetto-di-plurale\/","title":{"rendered":"Con-vivere Carrara Festival compie vent&#8217;anni: da Galimberti a Saviano incontri e spettacoli per riflettere sul concetto di &#8220;plurale&#8221;"},"content":{"rendered":"<p>Sar\u00e0 <strong>\u201cPlurale\u201d il tema della ventesima edizione di con-vivere Carrara Festival,<\/strong> promosso dalla Fondazione Cassa di Risparmio di Carrara, che si terr\u00e0 dall\u201911 al 14 settembre ed \u00e8 stato presentato oggi a Firenze nella sede del <strong>Consiglio regionale della Toscana.<\/strong><\/p>\n<h3>Gli ospiti e il programma<\/h3>\n<p>Il programma di questa edizione del festival fondato e curato per quattordici edizioni da Remo Bodei \u00e8 composto da<mark> venti \u2018incontri di parola\u2019 fra conferenze, dialoghi e conversazioni, sei spettacoli e oltre trenta eventi collaterali fra laboratori di cucina, spazio bambini, mostre, incontri, <\/mark>[passeggiate a tema alla scoperta del territorio, proposte di cucina nei ristoranti del centro.<\/p>\n<p>Tra gli ospiti protagonisti di questa edizione:<strong> Umberto Galimberti, Roberto Saviano, Maura Gancitano, Stefano Allievi,<\/strong> Mauro Ceruti, Maurizio Ferraris, Laura Boella, Daniel Lumera. In programma la musica di <strong>Eugenio Bennato e Taranta Power<\/strong> e un omaggio a Jim Morrison, con Davide van de Sfroos e Andrea Mir\u00f2. Appuntamenti imperdibili di con-vivere 2025 anche gli incontri con <strong>Stefano Mancuso<\/strong> e Giovanni Storti, Edoardo Prati, Jacopo Veneziani.<\/p>\n<p>A fare gli onori di casa il membro dell\u2019Ufficio di presidenza dell\u2019Assemblea legislativa<strong> Francesco Gazzetti<\/strong>:<em> \u201cSi tratta di un evento molto importante, come testimonia il numero edizioni. Il tema, quello del concetto di plurale, affonda le radici nella contemporaneit\u00e0 anche dei nostri giorni e questa sar\u00e0 un&#8217;occasione di approfondimento insostituibile. Questo stimolo a puntare alla convivialit\u00e0, ma soprattutto alla possibilit\u00e0 che ci sia una coesistenza anche tra soggetti e idee differenti, sicuramente \u00e8 il cuore di questa iniziativa e di questa proposta culturale. Un evento che, come Consiglio regionale, sosteniamo e che davvero merita di essere posto all&#8217;attenzione dell&#8217;opinione pubblica non solo Toscana\u201d.<\/em><\/p>\n<p><em>\u201cAnche quest\u2019anno \u2013 <\/em>ha spiegato il consigliere regionale<strong> Giacomo Bugliani<\/strong> <em>&#8211; la Fondazione Cassa di Risparmio di Carrara ci offre un festival particolare, importante e significativo e lo fa con un tema \u2018plurale\u2019 che d\u00e0 il vero senso per cui \u00e8 nato con-vivere. Ogni anno la citt\u00e0 di Carrara si anima di tanti eventi e quest\u2019anno il programma si presenta particolarmente ambizioso e affascinante. Da consigliere regionale desidero ringraziare non solo l\u2019amministrazione cittadina per il suo ruolo prezioso, ma soprattutto la Fondazione e il suo presidente Enrico Isoppi perch\u00e9 con-vivere \u00e8 un evento che porta Carrara sulla ribalta nazionale e internazionale\u201d.<\/em><\/p>\n<h3>Le aree tematiche e le mostre<\/h3>\n<p>\u201c<em>Il tema \u2018plurale\u2019 \u00e8 un omaggio alla manifestazione &#8211; <\/em> spiega <strong>la direttrice del festival Emanuela Mazzi<\/strong> &#8211;<em> Con-vivere si basa sul rispetto e il recupero della dimensione plurale che caratterizza le nostre societ\u00e0, ma direi ontologicamente gli esseri viventi e il pianeta stesso. Abbiamo scelto come immagine rappresentativa delle foglie diverse che guardano lo spettatore. Partiremo quindi con la prima conferenza della curatrice di questa edizione che \u00e8 la professoressa Luigina Mortari che si concentrer\u00e0 proprio sul rapporto fra singolare e plurale come costitutivo dell&#8217;esserci e poi andremo avanti nelle quattro giornate con un filo conduttore che ci porter\u00e0 a esplorare quelli che sono gli ingredienti, i fattori, gli elementi che consentono un vivere assieme in maniera plurale con importanti spettacoli e incontri di parola\u201d.<\/em><\/p>\n<p>Ad aprire gli incontri, l\u201911 settembre, sar\u00e0 proprio la<strong> curatrice scientifica Luigina Mortari con &#8220;Pluralit\u00e0&#8221;<\/strong>. La dottoressa Mortari \u00e8 intervenuta in collegamento da remoto per sottolineare i temi di questa edizione di con-vivere. <em>\u201cIl nostro obiettivo &#8211;<\/em> ha spiegato <em>\u2013 \u00e8 quello di diversificare le voci offrendo gli interlocutori pi\u00f9 adeguati su un tema cos\u00ec importante. Pluralit\u00e0 e comunit\u00e0 sono le sfide del nostro tempo\u201d.<\/em><\/p>\n<p><a href=\"https:\/\/www.con-vivere.it\/programma-festival\" target=\"_blank\" rel=\"noopener\">Nelle varie giornate che seguiranno <\/a>le conferenze, i dialoghi e gli spettacoli di parola svilupperanno <strong>quattro piste tematiche principali:<\/strong> le azioni e i fattori cognitivi, etici ed affettivi necessari per costruire la dimensione plurale; come educare alla pluralit\u00e0 le nuove generazioni; identit\u00e0 e differenze e l\u2019agire politico capace di tutelarli; biodiversit\u00e0 e sfera artificiale alla prova dello sviluppo scientifico e tecnologico. Domenica 14 settembre il festival chiuder\u00e0 con il consueto appuntamento con la lirica alle 20.30 e con lo spettacolo finale alle 21.45 in piazza Alberica, il concerto di Eugenio Bennato e Taranta power.<\/p>\n<p><strong>Tra le mostre<\/strong> in particolare gioved\u00ec 5 settembre verr\u00e0 inaugurata <strong>\u2018Micorrize Urbane. Trame invisibili dell\u2019autenticit\u00e0 umana\u2019,<\/strong> curata da Anna Paola Macrina con Street Levels Gallery, che \u00e8 intervenuta durante la conferenza stampa per presentare la rassegna che coinvolge quattro artisti affermati nell\u2019ambito dell\u2019arte urbana e due giovani emergenti. Saranno molte anche<strong> le occasioni di partecipazione delle scuole: <\/strong>oltre al progetto \u201cmagliette arancioni\u201d, che coinvolge i giovani nelle giornate di con-vivere, in programma la terza edizione del concorso, quest\u2019anno dal titolo \u201cI like. I legami di amicizia oggi\u201d.<\/p>\n","protected":false},"excerpt":{"rendered":"<p>Dall\u201911 al 14 settembre appuntamento con la kermesse che avr\u00e0 tra gli ospiti anche Maura Gancitano, Stefano Allievi, Stefano Mancuso e Eugenio Bennato<\/p>\n","protected":false},"author":525,"featured_media":392003,"comment_status":"open","ping_status":"open","sticky":false,"template":"","format":"standard","meta":{"_acf_changed":false,"footnotes":""},"categories":[493],"tags":[268,4753,4474],"class_list":["post-392000","post","type-post","status-publish","format-standard","has-post-thumbnail","hentry","category-cultura","tag-carrara","tag-consiglio-regionale-della-toscana","tag-eventi"],"acf":[],"yoast_head":"<!-- This site is optimized with the Yoast SEO Premium plugin v24.2 (Yoast SEO v25.6) - https:\/\/yoast.com\/wordpress\/plugins\/seo\/ -->\n<title>Con-vivere Carrara Festival compie vent&#039;anni: da Galimberti a Saviano incontri e spettacoli per riflettere sul concetto di &quot;plurale&quot; - intoscana<\/title>\n<meta name=\"robots\" content=\"index, follow, max-snippet:-1, max-image-preview:large, max-video-preview:-1\" \/>\n<link rel=\"canonical\" href=\"https:\/\/www.intoscana.it\/it\/con-vivere-carrara-festival-compie-ventanni-da-galimberti-a-saviano-incontri-e-spettacoli-per-riflettere-sul-concetto-di-plurale\/\" \/>\n<meta property=\"og:locale\" content=\"it_IT\" \/>\n<meta property=\"og:type\" content=\"article\" \/>\n<meta property=\"og:title\" content=\"Con-vivere Carrara Festival compie vent&#039;anni: da Galimberti a Saviano incontri e spettacoli per riflettere sul concetto di &quot;plurale&quot;\" \/>\n<meta property=\"og:description\" content=\"Dall\u201911 al 14 settembre appuntamento con la kermesse che avr\u00e0 tra gli ospiti anche Maura Gancitano, Stefano Allievi, Stefano Mancuso e Eugenio Bennato\" \/>\n<meta property=\"og:url\" content=\"https:\/\/www.intoscana.it\/it\/con-vivere-carrara-festival-compie-ventanni-da-galimberti-a-saviano-incontri-e-spettacoli-per-riflettere-sul-concetto-di-plurale\/\" \/>\n<meta property=\"og:site_name\" content=\"intoscana\" \/>\n<meta property=\"article:publisher\" content=\"https:\/\/www.facebook.com\/intoscana.it\" \/>\n<meta property=\"article:published_time\" content=\"2025-07-08T13:34:42+00:00\" \/>\n<meta property=\"article:modified_time\" content=\"2025-07-08T13:35:07+00:00\" \/>\n<meta property=\"og:image\" content=\"https:\/\/www.intoscana.it\/wp-content\/uploads\/Presentazione-con-vivere-2025-6.jpg\" \/>\n\t<meta property=\"og:image:width\" content=\"1600\" \/>\n\t<meta property=\"og:image:height\" content=\"1200\" \/>\n\t<meta property=\"og:image:type\" content=\"image\/jpeg\" \/>\n<meta name=\"author\" content=\"Redazione\" \/>\n<meta name=\"twitter:card\" content=\"summary_large_image\" \/>\n<meta name=\"twitter:creator\" content=\"@intoscana\" \/>\n<meta name=\"twitter:site\" content=\"@intoscana\" \/>\n<meta name=\"twitter:label1\" content=\"Written by\" \/>\n\t<meta name=\"twitter:data1\" content=\"Redazione\" \/>\n\t<meta name=\"twitter:label2\" content=\"Est. reading time\" \/>\n\t<meta name=\"twitter:data2\" content=\"5 minuti\" \/>\n<script type=\"application\/ld+json\" class=\"yoast-schema-graph\">{\"@context\":\"https:\/\/schema.org\",\"@graph\":[{\"@type\":\"WebPage\",\"@id\":\"https:\/\/www.intoscana.it\/it\/con-vivere-carrara-festival-compie-ventanni-da-galimberti-a-saviano-incontri-e-spettacoli-per-riflettere-sul-concetto-di-plurale\/\",\"url\":\"https:\/\/www.intoscana.it\/it\/con-vivere-carrara-festival-compie-ventanni-da-galimberti-a-saviano-incontri-e-spettacoli-per-riflettere-sul-concetto-di-plurale\/\",\"name\":\"Con-vivere Carrara Festival compie vent'anni: da Galimberti a Saviano incontri e spettacoli per riflettere sul concetto di \\\"plurale\\\" - intoscana\",\"isPartOf\":{\"@id\":\"https:\/\/www.intoscana.it\/it\/#website\"},\"primaryImageOfPage\":{\"@id\":\"https:\/\/www.intoscana.it\/it\/con-vivere-carrara-festival-compie-ventanni-da-galimberti-a-saviano-incontri-e-spettacoli-per-riflettere-sul-concetto-di-plurale\/#primaryimage\"},\"image\":{\"@id\":\"https:\/\/www.intoscana.it\/it\/con-vivere-carrara-festival-compie-ventanni-da-galimberti-a-saviano-incontri-e-spettacoli-per-riflettere-sul-concetto-di-plurale\/#primaryimage\"},\"thumbnailUrl\":\"https:\/\/www.intoscana.it\/wp-content\/uploads\/Presentazione-con-vivere-2025-6.jpg\",\"datePublished\":\"2025-07-08T13:34:42+00:00\",\"dateModified\":\"2025-07-08T13:35:07+00:00\",\"author\":{\"@id\":\"https:\/\/www.intoscana.it\/it\/#\/schema\/person\/9223810753230f20bd670fdd322661f8\"},\"breadcrumb\":{\"@id\":\"https:\/\/www.intoscana.it\/it\/con-vivere-carrara-festival-compie-ventanni-da-galimberti-a-saviano-incontri-e-spettacoli-per-riflettere-sul-concetto-di-plurale\/#breadcrumb\"},\"inLanguage\":\"it-IT\",\"potentialAction\":[{\"@type\":\"ReadAction\",\"target\":[\"https:\/\/www.intoscana.it\/it\/con-vivere-carrara-festival-compie-ventanni-da-galimberti-a-saviano-incontri-e-spettacoli-per-riflettere-sul-concetto-di-plurale\/\"]}]},{\"@type\":\"ImageObject\",\"inLanguage\":\"it-IT\",\"@id\":\"https:\/\/www.intoscana.it\/it\/con-vivere-carrara-festival-compie-ventanni-da-galimberti-a-saviano-incontri-e-spettacoli-per-riflettere-sul-concetto-di-plurale\/#primaryimage\",\"url\":\"https:\/\/www.intoscana.it\/wp-content\/uploads\/Presentazione-con-vivere-2025-6.jpg\",\"contentUrl\":\"https:\/\/www.intoscana.it\/wp-content\/uploads\/Presentazione-con-vivere-2025-6.jpg\",\"width\":1600,\"height\":1200},{\"@type\":\"BreadcrumbList\",\"@id\":\"https:\/\/www.intoscana.it\/it\/con-vivere-carrara-festival-compie-ventanni-da-galimberti-a-saviano-incontri-e-spettacoli-per-riflettere-sul-concetto-di-plurale\/#breadcrumb\",\"itemListElement\":[{\"@type\":\"ListItem\",\"position\":1,\"name\":\"Home\",\"item\":\"https:\/\/www.intoscana.it\/it\/\"},{\"@type\":\"ListItem\",\"position\":2,\"name\":\"Con-vivere Carrara Festival compie vent&#8217;anni: da Galimberti a Saviano incontri e spettacoli per riflettere sul concetto di &#8220;plurale&#8221;\"}]},{\"@type\":\"WebSite\",\"@id\":\"https:\/\/www.intoscana.it\/it\/#website\",\"url\":\"https:\/\/www.intoscana.it\/it\/\",\"name\":\"intoscana\",\"description\":\"\",\"potentialAction\":[{\"@type\":\"SearchAction\",\"target\":{\"@type\":\"EntryPoint\",\"urlTemplate\":\"https:\/\/www.intoscana.it\/it\/?s={search_term_string}\"},\"query-input\":{\"@type\":\"PropertyValueSpecification\",\"valueRequired\":true,\"valueName\":\"search_term_string\"}}],\"inLanguage\":\"it-IT\"},{\"@type\":\"Person\",\"@id\":\"https:\/\/www.intoscana.it\/it\/#\/schema\/person\/9223810753230f20bd670fdd322661f8\",\"name\":\"Redazione\",\"url\":\"https:\/\/www.intoscana.it\/it\/author\/redazione\/\"}]}<\/script>\n<!-- \/ Yoast SEO Premium plugin. -->","yoast_head_json":{"title":"Con-vivere Carrara Festival compie vent'anni: da Galimberti a Saviano incontri e spettacoli per riflettere sul concetto di \"plurale\" - intoscana","robots":{"index":"index","follow":"follow","max-snippet":"max-snippet:-1","max-image-preview":"max-image-preview:large","max-video-preview":"max-video-preview:-1"},"canonical":"https:\/\/www.intoscana.it\/it\/con-vivere-carrara-festival-compie-ventanni-da-galimberti-a-saviano-incontri-e-spettacoli-per-riflettere-sul-concetto-di-plurale\/","og_locale":"it_IT","og_type":"article","og_title":"Con-vivere Carrara Festival compie vent'anni: da Galimberti a Saviano incontri e spettacoli per riflettere sul concetto di \"plurale\"","og_description":"Dall\u201911 al 14 settembre appuntamento con la kermesse che avr\u00e0 tra gli ospiti anche Maura Gancitano, Stefano Allievi, Stefano Mancuso e Eugenio Bennato","og_url":"https:\/\/www.intoscana.it\/it\/con-vivere-carrara-festival-compie-ventanni-da-galimberti-a-saviano-incontri-e-spettacoli-per-riflettere-sul-concetto-di-plurale\/","og_site_name":"intoscana","article_publisher":"https:\/\/www.facebook.com\/intoscana.it","article_published_time":"2025-07-08T13:34:42+00:00","article_modified_time":"2025-07-08T13:35:07+00:00","og_image":[{"width":1600,"height":1200,"url":"https:\/\/www.intoscana.it\/wp-content\/uploads\/Presentazione-con-vivere-2025-6.jpg","type":"image\/jpeg"}],"author":"Redazione","twitter_card":"summary_large_image","twitter_creator":"@intoscana","twitter_site":"@intoscana","twitter_misc":{"Written by":"Redazione","Est. reading time":"5 minuti"},"schema":{"@context":"https:\/\/schema.org","@graph":[{"@type":"WebPage","@id":"https:\/\/www.intoscana.it\/it\/con-vivere-carrara-festival-compie-ventanni-da-galimberti-a-saviano-incontri-e-spettacoli-per-riflettere-sul-concetto-di-plurale\/","url":"https:\/\/www.intoscana.it\/it\/con-vivere-carrara-festival-compie-ventanni-da-galimberti-a-saviano-incontri-e-spettacoli-per-riflettere-sul-concetto-di-plurale\/","name":"Con-vivere Carrara Festival compie vent'anni: da Galimberti a Saviano incontri e spettacoli per riflettere sul concetto di \"plurale\" - intoscana","isPartOf":{"@id":"https:\/\/www.intoscana.it\/it\/#website"},"primaryImageOfPage":{"@id":"https:\/\/www.intoscana.it\/it\/con-vivere-carrara-festival-compie-ventanni-da-galimberti-a-saviano-incontri-e-spettacoli-per-riflettere-sul-concetto-di-plurale\/#primaryimage"},"image":{"@id":"https:\/\/www.intoscana.it\/it\/con-vivere-carrara-festival-compie-ventanni-da-galimberti-a-saviano-incontri-e-spettacoli-per-riflettere-sul-concetto-di-plurale\/#primaryimage"},"thumbnailUrl":"https:\/\/www.intoscana.it\/wp-content\/uploads\/Presentazione-con-vivere-2025-6.jpg","datePublished":"2025-07-08T13:34:42+00:00","dateModified":"2025-07-08T13:35:07+00:00","author":{"@id":"https:\/\/www.intoscana.it\/it\/#\/schema\/person\/9223810753230f20bd670fdd322661f8"},"breadcrumb":{"@id":"https:\/\/www.intoscana.it\/it\/con-vivere-carrara-festival-compie-ventanni-da-galimberti-a-saviano-incontri-e-spettacoli-per-riflettere-sul-concetto-di-plurale\/#breadcrumb"},"inLanguage":"it-IT","potentialAction":[{"@type":"ReadAction","target":["https:\/\/www.intoscana.it\/it\/con-vivere-carrara-festival-compie-ventanni-da-galimberti-a-saviano-incontri-e-spettacoli-per-riflettere-sul-concetto-di-plurale\/"]}]},{"@type":"ImageObject","inLanguage":"it-IT","@id":"https:\/\/www.intoscana.it\/it\/con-vivere-carrara-festival-compie-ventanni-da-galimberti-a-saviano-incontri-e-spettacoli-per-riflettere-sul-concetto-di-plurale\/#primaryimage","url":"https:\/\/www.intoscana.it\/wp-content\/uploads\/Presentazione-con-vivere-2025-6.jpg","contentUrl":"https:\/\/www.intoscana.it\/wp-content\/uploads\/Presentazione-con-vivere-2025-6.jpg","width":1600,"height":1200},{"@type":"BreadcrumbList","@id":"https:\/\/www.intoscana.it\/it\/con-vivere-carrara-festival-compie-ventanni-da-galimberti-a-saviano-incontri-e-spettacoli-per-riflettere-sul-concetto-di-plurale\/#breadcrumb","itemListElement":[{"@type":"ListItem","position":1,"name":"Home","item":"https:\/\/www.intoscana.it\/it\/"},{"@type":"ListItem","position":2,"name":"Con-vivere Carrara Festival compie vent&#8217;anni: da Galimberti a Saviano incontri e spettacoli per riflettere sul concetto di &#8220;plurale&#8221;"}]},{"@type":"WebSite","@id":"https:\/\/www.intoscana.it\/it\/#website","url":"https:\/\/www.intoscana.it\/it\/","name":"intoscana","description":"","potentialAction":[{"@type":"SearchAction","target":{"@type":"EntryPoint","urlTemplate":"https:\/\/www.intoscana.it\/it\/?s={search_term_string}"},"query-input":{"@type":"PropertyValueSpecification","valueRequired":true,"valueName":"search_term_string"}}],"inLanguage":"it-IT"},{"@type":"Person","@id":"https:\/\/www.intoscana.it\/it\/#\/schema\/person\/9223810753230f20bd670fdd322661f8","name":"Redazione","url":"https:\/\/www.intoscana.it\/it\/author\/redazione\/"}]}},"_links":{"self":[{"href":"https:\/\/www.intoscana.it\/it\/wp-json\/wp\/v2\/posts\/392000","targetHints":{"allow":["GET"]}}],"collection":[{"href":"https:\/\/www.intoscana.it\/it\/wp-json\/wp\/v2\/posts"}],"about":[{"href":"https:\/\/www.intoscana.it\/it\/wp-json\/wp\/v2\/types\/post"}],"author":[{"embeddable":true,"href":"https:\/\/www.intoscana.it\/it\/wp-json\/wp\/v2\/users\/525"}],"replies":[{"embeddable":true,"href":"https:\/\/www.intoscana.it\/it\/wp-json\/wp\/v2\/comments?post=392000"}],"version-history":[{"count":4,"href":"https:\/\/www.intoscana.it\/it\/wp-json\/wp\/v2\/posts\/392000\/revisions"}],"predecessor-version":[{"id":392016,"href":"https:\/\/www.intoscana.it\/it\/wp-json\/wp\/v2\/posts\/392000\/revisions\/392016"}],"wp:featuredmedia":[{"embeddable":true,"href":"https:\/\/www.intoscana.it\/it\/wp-json\/wp\/v2\/media\/392003"}],"wp:attachment":[{"href":"https:\/\/www.intoscana.it\/it\/wp-json\/wp\/v2\/media?parent=392000"}],"wp:term":[{"taxonomy":"category","embeddable":true,"href":"https:\/\/www.intoscana.it\/it\/wp-json\/wp\/v2\/categories?post=392000"},{"taxonomy":"post_tag","embeddable":true,"href":"https:\/\/www.intoscana.it\/it\/wp-json\/wp\/v2\/tags?post=392000"}],"curies":[{"name":"wp","href":"https:\/\/api.w.org\/{rel}","templated":true}]}}