{"id":392027,"date":"2025-07-08T16:22:24","date_gmt":"2025-07-08T14:22:24","guid":{"rendered":"https:\/\/www.intoscana.it\/it\/?p=392027"},"modified":"2025-07-10T15:15:26","modified_gmt":"2025-07-10T13:15:26","slug":"25-comuni-candidati-come-capitale-della-cultura-2028-dalla-toscana-fiesole-colle-di-val-delsa-massa","status":"publish","type":"post","link":"https:\/\/www.intoscana.it\/it\/25-comuni-candidati-come-capitale-della-cultura-2028-dalla-toscana-fiesole-colle-di-val-delsa-massa\/","title":{"rendered":"25 Comuni candidati come Capitale della Cultura 2028, dalla Toscana: Fiesole, Colle di Val d&#8217;Elsa, Massa"},"content":{"rendered":"<p><strong>Citt\u00e0 d&#8217;arte o aree interne, borghi e aggregazioni di Comuni,<\/strong> da Anagni a Vieste, passando, tra gli altri, da Ancora, Benevento o Catania:<strong> sono 25 i Comuni italiani<\/strong> che hanno ufficialmente manifestato il proprio interesse a candidarsi al titolo di <strong>Capitale italiana della Cultura per l&#8217;anno 2028<\/strong> rispondendo all&#8217;avviso.<\/p>\n<p><em>&#8220;Un primo passo che conferma la vitalit\u00e0 dei territori e la volont\u00e0 diffusa di investire nella cultura come motore di sviluppo, coesione sociale e rigenerazione urbana&#8221;<\/em> commenta il <strong>Ministero della Cultura.<\/strong><\/p>\n<p><strong>Le candidature provengono da tutto il territorio nazionale<\/strong> e rappresentano un ampio spettro di realt\u00e0 urbane, storiche e culturali. Con questa prima fase <strong>si apre ufficialmente il percorso verso la designazione<\/strong> della Capitale Italiana della Cultura 2028.<\/p>\n<p>I Comuni che hanno presentato manifestazione di interesse saranno ora chiamati a<strong> formalizzare la loro candidatura predisponendo, entro il 25 settembre 2025,<\/strong> un dossier di candidatura contenente il progetto culturale, le strategie di sviluppo territoriale, i soggetti coinvolti, il piano di sostenibilit\u00e0 economica e gli obiettivi attesi.<\/p>\n<p>Successivamente, una Giuria di esperti nominata con decreto ministeriale, selezioner\u00e0<strong> la citt\u00e0 vincitrice che sar\u00e0 proclamata entro marzo del 2026.<\/strong><\/p>\n<h3>Capitale italiana della Cultura: un titolo importante<\/h3>\n<p>Il titolo di <strong><em>&#8220;Capitale italiana della Cultura&#8221;<\/em><\/strong> ha lo scopo di valorizzare il patrimonio culturale e creativo delle citt\u00e0 italiane e di promuovere politiche pubbliche innovative basate sulla cultura come leva di crescita, inclusione e attrattivit\u00e0.<\/p>\n<p>Nel corso degli anni, numerose citt\u00e0 hanno beneficiato di questa opportunit\u00e0, avviando processi di trasformazione e sviluppo. Dopo le esperienze di <strong>Matera<\/strong> (2019 come Capitale Europea), <strong>Parma<\/strong> (2020-21)<strong>, Procida<\/strong> (2022),<strong> Bergamo e Brescia<\/strong> (2023), <strong>Pesaro<\/strong> (2024) e<strong> Agrigento<\/strong> (2025), il titolo per il 2026 \u00e8 stato assegnato a<strong> L&#8217;Aquila<\/strong> e per il 2027 a <strong>Pordenone.<\/strong><\/p>\n<h3><strong>L&#8217;elenco delle candidature<\/strong><\/h3>\n<p>1.Anagni (Frosinone) &#8211; Lazio<br \/>\n2.Ancona &#8211; Marche<br \/>\n3.Bacoli (Napoli) &#8211; Campania<br \/>\n4.Benevento &#8211; Campania<br \/>\n5.Catania &#8211; Sicilia<br \/>\n<strong>6.Colle di Val d&#8217;Elsa (Siena) &#8211; Toscana<\/strong><br \/>\n<strong>7.Fiesole (Firenze) &#8211; Toscana<\/strong><br \/>\n8.Forl\u00ec &#8211; Emilia-Romagna<br \/>\n9.Galatina (Lecce) &#8211; Puglia<br \/>\n10.Gioia Tauro (Reggio Calabria) &#8211; Calabria<br \/>\n11.Gravina in Puglia (Bari) &#8211; Puglia<br \/>\n<strong>12.Massa &#8211; Toscana<br \/>\n<\/strong>13.Melfi (Potenza) &#8211; Basilicata<br \/>\n14.Mirabella Eclano (Avellino) &#8211; Campania<br \/>\n15.Moncalieri (Torino) &#8211; Piemonte<br \/>\n16.Pieve di Soligo (Treviso) &#8211; Veneto<br \/>\n17.Pomezia (Roma) &#8211; Lazio<br \/>\n18.Rozzano (Milano) &#8211; Lombardia<br \/>\n19.Sala Consilina (Salerno) &#8211; Campania<br \/>\n20.Sarzana (La Spezia) &#8211; Liguria<br \/>\n21.Sessa Aurunca (Caserta) &#8211; Campania<br \/>\n22.Tarquinia (Viterbo) &#8211; Lazio<br \/>\n23.Unione dei comuni &#8220;Citt\u00e0 Caudina&#8221; &#8211; Campania<br \/>\n24.Valeggio sul Mincio (Verona) &#8211; Veneto<br \/>\n25.Vieste (Foggia) &#8211; Puglia<\/p>\n<p>&nbsp;<\/p>\n","protected":false},"excerpt":{"rendered":"<p>Le candidature provengono da tutto il territorio nazionale e rappresentano un ampio spettro di realt\u00e0 urbane, storiche e culturali: dalle citt\u00e0 d&#8217;arte alle aree interne, dai borghi alle aggregazioni di Comuni<\/p>\n","protected":false},"author":525,"featured_media":180499,"comment_status":"open","ping_status":"open","sticky":false,"template":"","format":"standard","meta":{"_acf_changed":false,"footnotes":""},"categories":[493],"tags":[5598],"class_list":["post-392027","post","type-post","status-publish","format-standard","has-post-thumbnail","hentry","category-cultura","tag-capitale-cultura"],"acf":[],"yoast_head":"<!-- This site is optimized with the Yoast SEO Premium plugin v24.2 (Yoast SEO v25.6) - https:\/\/yoast.com\/wordpress\/plugins\/seo\/ -->\n<title>25 Comuni candidati come Capitale della Cultura 2028, dalla Toscana: Fiesole, Colle di Val d&#039;Elsa, Massa - intoscana<\/title>\n<meta name=\"description\" content=\"Le candidature provengono da tutto il territorio nazionale e rappresentano un ampio spettro di realt\u00e0 urbane, storiche e culturali\" \/>\n<meta name=\"robots\" content=\"index, follow, max-snippet:-1, max-image-preview:large, max-video-preview:-1\" \/>\n<link rel=\"canonical\" href=\"https:\/\/www.intoscana.it\/it\/25-comuni-candidati-come-capitale-della-cultura-2028-dalla-toscana-fiesole-colle-di-val-delsa-massa\/\" \/>\n<meta property=\"og:locale\" content=\"it_IT\" \/>\n<meta property=\"og:type\" content=\"article\" \/>\n<meta property=\"og:title\" content=\"25 Comuni candidati come Capitale della Cultura 2028, dalla Toscana: Fiesole, Colle di Val d&#039;Elsa, Massa\" \/>\n<meta property=\"og:description\" content=\"Le candidature provengono da tutto il territorio nazionale e rappresentano un ampio spettro di realt\u00e0 urbane, storiche e culturali\" \/>\n<meta property=\"og:url\" content=\"https:\/\/www.intoscana.it\/it\/25-comuni-candidati-come-capitale-della-cultura-2028-dalla-toscana-fiesole-colle-di-val-delsa-massa\/\" \/>\n<meta property=\"og:site_name\" content=\"intoscana\" \/>\n<meta property=\"article:publisher\" content=\"https:\/\/www.facebook.com\/intoscana.it\" \/>\n<meta property=\"article:published_time\" content=\"2025-07-08T14:22:24+00:00\" \/>\n<meta property=\"article:modified_time\" content=\"2025-07-10T13:15:26+00:00\" \/>\n<meta property=\"og:image\" content=\"https:\/\/www.intoscana.it\/wp-content\/uploads\/area-archeologica-fiesole-2d-10-500x333.jpg\" \/>\n\t<meta property=\"og:image:width\" content=\"500\" \/>\n\t<meta property=\"og:image:height\" content=\"333\" \/>\n\t<meta property=\"og:image:type\" content=\"image\/jpeg\" \/>\n<meta name=\"author\" content=\"Redazione\" \/>\n<meta name=\"twitter:card\" content=\"summary_large_image\" \/>\n<meta name=\"twitter:creator\" content=\"@intoscana\" \/>\n<meta name=\"twitter:site\" content=\"@intoscana\" \/>\n<meta name=\"twitter:label1\" content=\"Written by\" \/>\n\t<meta name=\"twitter:data1\" content=\"Redazione\" \/>\n\t<meta name=\"twitter:label2\" content=\"Est. reading time\" \/>\n\t<meta name=\"twitter:data2\" content=\"3 minuti\" \/>\n<script type=\"application\/ld+json\" class=\"yoast-schema-graph\">{\"@context\":\"https:\/\/schema.org\",\"@graph\":[{\"@type\":\"WebPage\",\"@id\":\"https:\/\/www.intoscana.it\/it\/25-comuni-candidati-come-capitale-della-cultura-2028-dalla-toscana-fiesole-colle-di-val-delsa-massa\/\",\"url\":\"https:\/\/www.intoscana.it\/it\/25-comuni-candidati-come-capitale-della-cultura-2028-dalla-toscana-fiesole-colle-di-val-delsa-massa\/\",\"name\":\"25 Comuni candidati come Capitale della Cultura 2028, dalla Toscana: Fiesole, Colle di Val d'Elsa, Massa - intoscana\",\"isPartOf\":{\"@id\":\"https:\/\/www.intoscana.it\/it\/#website\"},\"primaryImageOfPage\":{\"@id\":\"https:\/\/www.intoscana.it\/it\/25-comuni-candidati-come-capitale-della-cultura-2028-dalla-toscana-fiesole-colle-di-val-delsa-massa\/#primaryimage\"},\"image\":{\"@id\":\"https:\/\/www.intoscana.it\/it\/25-comuni-candidati-come-capitale-della-cultura-2028-dalla-toscana-fiesole-colle-di-val-delsa-massa\/#primaryimage\"},\"thumbnailUrl\":\"https:\/\/www.intoscana.it\/wp-content\/uploads\/area-archeologica-fiesole-2d-10.jpg\",\"datePublished\":\"2025-07-08T14:22:24+00:00\",\"dateModified\":\"2025-07-10T13:15:26+00:00\",\"author\":{\"@id\":\"https:\/\/www.intoscana.it\/it\/#\/schema\/person\/9223810753230f20bd670fdd322661f8\"},\"description\":\"Le candidature provengono da tutto il territorio nazionale e rappresentano un ampio spettro di realt\u00e0 urbane, storiche e culturali\",\"breadcrumb\":{\"@id\":\"https:\/\/www.intoscana.it\/it\/25-comuni-candidati-come-capitale-della-cultura-2028-dalla-toscana-fiesole-colle-di-val-delsa-massa\/#breadcrumb\"},\"inLanguage\":\"it-IT\",\"potentialAction\":[{\"@type\":\"ReadAction\",\"target\":[\"https:\/\/www.intoscana.it\/it\/25-comuni-candidati-come-capitale-della-cultura-2028-dalla-toscana-fiesole-colle-di-val-delsa-massa\/\"]}]},{\"@type\":\"ImageObject\",\"inLanguage\":\"it-IT\",\"@id\":\"https:\/\/www.intoscana.it\/it\/25-comuni-candidati-come-capitale-della-cultura-2028-dalla-toscana-fiesole-colle-di-val-delsa-massa\/#primaryimage\",\"url\":\"https:\/\/www.intoscana.it\/wp-content\/uploads\/area-archeologica-fiesole-2d-10.jpg\",\"contentUrl\":\"https:\/\/www.intoscana.it\/wp-content\/uploads\/area-archeologica-fiesole-2d-10.jpg\",\"width\":6720,\"height\":4480},{\"@type\":\"BreadcrumbList\",\"@id\":\"https:\/\/www.intoscana.it\/it\/25-comuni-candidati-come-capitale-della-cultura-2028-dalla-toscana-fiesole-colle-di-val-delsa-massa\/#breadcrumb\",\"itemListElement\":[{\"@type\":\"ListItem\",\"position\":1,\"name\":\"Home\",\"item\":\"https:\/\/www.intoscana.it\/it\/\"},{\"@type\":\"ListItem\",\"position\":2,\"name\":\"25 Comuni candidati come Capitale della Cultura 2028, dalla Toscana: Fiesole, Colle di Val d&#8217;Elsa, Massa\"}]},{\"@type\":\"WebSite\",\"@id\":\"https:\/\/www.intoscana.it\/it\/#website\",\"url\":\"https:\/\/www.intoscana.it\/it\/\",\"name\":\"intoscana\",\"description\":\"\",\"potentialAction\":[{\"@type\":\"SearchAction\",\"target\":{\"@type\":\"EntryPoint\",\"urlTemplate\":\"https:\/\/www.intoscana.it\/it\/?s={search_term_string}\"},\"query-input\":{\"@type\":\"PropertyValueSpecification\",\"valueRequired\":true,\"valueName\":\"search_term_string\"}}],\"inLanguage\":\"it-IT\"},{\"@type\":\"Person\",\"@id\":\"https:\/\/www.intoscana.it\/it\/#\/schema\/person\/9223810753230f20bd670fdd322661f8\",\"name\":\"Redazione\",\"url\":\"https:\/\/www.intoscana.it\/it\/author\/redazione\/\"}]}<\/script>\n<!-- \/ Yoast SEO Premium plugin. -->","yoast_head_json":{"title":"25 Comuni candidati come Capitale della Cultura 2028, dalla Toscana: Fiesole, Colle di Val d'Elsa, Massa - intoscana","description":"Le candidature provengono da tutto il territorio nazionale e rappresentano un ampio spettro di realt\u00e0 urbane, storiche e culturali","robots":{"index":"index","follow":"follow","max-snippet":"max-snippet:-1","max-image-preview":"max-image-preview:large","max-video-preview":"max-video-preview:-1"},"canonical":"https:\/\/www.intoscana.it\/it\/25-comuni-candidati-come-capitale-della-cultura-2028-dalla-toscana-fiesole-colle-di-val-delsa-massa\/","og_locale":"it_IT","og_type":"article","og_title":"25 Comuni candidati come Capitale della Cultura 2028, dalla Toscana: Fiesole, Colle di Val d'Elsa, Massa","og_description":"Le candidature provengono da tutto il territorio nazionale e rappresentano un ampio spettro di realt\u00e0 urbane, storiche e culturali","og_url":"https:\/\/www.intoscana.it\/it\/25-comuni-candidati-come-capitale-della-cultura-2028-dalla-toscana-fiesole-colle-di-val-delsa-massa\/","og_site_name":"intoscana","article_publisher":"https:\/\/www.facebook.com\/intoscana.it","article_published_time":"2025-07-08T14:22:24+00:00","article_modified_time":"2025-07-10T13:15:26+00:00","og_image":[{"width":500,"height":333,"url":"https:\/\/www.intoscana.it\/wp-content\/uploads\/area-archeologica-fiesole-2d-10-500x333.jpg","type":"image\/jpeg"}],"author":"Redazione","twitter_card":"summary_large_image","twitter_creator":"@intoscana","twitter_site":"@intoscana","twitter_misc":{"Written by":"Redazione","Est. reading time":"3 minuti"},"schema":{"@context":"https:\/\/schema.org","@graph":[{"@type":"WebPage","@id":"https:\/\/www.intoscana.it\/it\/25-comuni-candidati-come-capitale-della-cultura-2028-dalla-toscana-fiesole-colle-di-val-delsa-massa\/","url":"https:\/\/www.intoscana.it\/it\/25-comuni-candidati-come-capitale-della-cultura-2028-dalla-toscana-fiesole-colle-di-val-delsa-massa\/","name":"25 Comuni candidati come Capitale della Cultura 2028, dalla Toscana: Fiesole, Colle di Val d'Elsa, Massa - intoscana","isPartOf":{"@id":"https:\/\/www.intoscana.it\/it\/#website"},"primaryImageOfPage":{"@id":"https:\/\/www.intoscana.it\/it\/25-comuni-candidati-come-capitale-della-cultura-2028-dalla-toscana-fiesole-colle-di-val-delsa-massa\/#primaryimage"},"image":{"@id":"https:\/\/www.intoscana.it\/it\/25-comuni-candidati-come-capitale-della-cultura-2028-dalla-toscana-fiesole-colle-di-val-delsa-massa\/#primaryimage"},"thumbnailUrl":"https:\/\/www.intoscana.it\/wp-content\/uploads\/area-archeologica-fiesole-2d-10.jpg","datePublished":"2025-07-08T14:22:24+00:00","dateModified":"2025-07-10T13:15:26+00:00","author":{"@id":"https:\/\/www.intoscana.it\/it\/#\/schema\/person\/9223810753230f20bd670fdd322661f8"},"description":"Le candidature provengono da tutto il territorio nazionale e rappresentano un ampio spettro di realt\u00e0 urbane, storiche e culturali","breadcrumb":{"@id":"https:\/\/www.intoscana.it\/it\/25-comuni-candidati-come-capitale-della-cultura-2028-dalla-toscana-fiesole-colle-di-val-delsa-massa\/#breadcrumb"},"inLanguage":"it-IT","potentialAction":[{"@type":"ReadAction","target":["https:\/\/www.intoscana.it\/it\/25-comuni-candidati-come-capitale-della-cultura-2028-dalla-toscana-fiesole-colle-di-val-delsa-massa\/"]}]},{"@type":"ImageObject","inLanguage":"it-IT","@id":"https:\/\/www.intoscana.it\/it\/25-comuni-candidati-come-capitale-della-cultura-2028-dalla-toscana-fiesole-colle-di-val-delsa-massa\/#primaryimage","url":"https:\/\/www.intoscana.it\/wp-content\/uploads\/area-archeologica-fiesole-2d-10.jpg","contentUrl":"https:\/\/www.intoscana.it\/wp-content\/uploads\/area-archeologica-fiesole-2d-10.jpg","width":6720,"height":4480},{"@type":"BreadcrumbList","@id":"https:\/\/www.intoscana.it\/it\/25-comuni-candidati-come-capitale-della-cultura-2028-dalla-toscana-fiesole-colle-di-val-delsa-massa\/#breadcrumb","itemListElement":[{"@type":"ListItem","position":1,"name":"Home","item":"https:\/\/www.intoscana.it\/it\/"},{"@type":"ListItem","position":2,"name":"25 Comuni candidati come Capitale della Cultura 2028, dalla Toscana: Fiesole, Colle di Val d&#8217;Elsa, Massa"}]},{"@type":"WebSite","@id":"https:\/\/www.intoscana.it\/it\/#website","url":"https:\/\/www.intoscana.it\/it\/","name":"intoscana","description":"","potentialAction":[{"@type":"SearchAction","target":{"@type":"EntryPoint","urlTemplate":"https:\/\/www.intoscana.it\/it\/?s={search_term_string}"},"query-input":{"@type":"PropertyValueSpecification","valueRequired":true,"valueName":"search_term_string"}}],"inLanguage":"it-IT"},{"@type":"Person","@id":"https:\/\/www.intoscana.it\/it\/#\/schema\/person\/9223810753230f20bd670fdd322661f8","name":"Redazione","url":"https:\/\/www.intoscana.it\/it\/author\/redazione\/"}]}},"_links":{"self":[{"href":"https:\/\/www.intoscana.it\/it\/wp-json\/wp\/v2\/posts\/392027","targetHints":{"allow":["GET"]}}],"collection":[{"href":"https:\/\/www.intoscana.it\/it\/wp-json\/wp\/v2\/posts"}],"about":[{"href":"https:\/\/www.intoscana.it\/it\/wp-json\/wp\/v2\/types\/post"}],"author":[{"embeddable":true,"href":"https:\/\/www.intoscana.it\/it\/wp-json\/wp\/v2\/users\/525"}],"replies":[{"embeddable":true,"href":"https:\/\/www.intoscana.it\/it\/wp-json\/wp\/v2\/comments?post=392027"}],"version-history":[{"count":5,"href":"https:\/\/www.intoscana.it\/it\/wp-json\/wp\/v2\/posts\/392027\/revisions"}],"predecessor-version":[{"id":392032,"href":"https:\/\/www.intoscana.it\/it\/wp-json\/wp\/v2\/posts\/392027\/revisions\/392032"}],"wp:featuredmedia":[{"embeddable":true,"href":"https:\/\/www.intoscana.it\/it\/wp-json\/wp\/v2\/media\/180499"}],"wp:attachment":[{"href":"https:\/\/www.intoscana.it\/it\/wp-json\/wp\/v2\/media?parent=392027"}],"wp:term":[{"taxonomy":"category","embeddable":true,"href":"https:\/\/www.intoscana.it\/it\/wp-json\/wp\/v2\/categories?post=392027"},{"taxonomy":"post_tag","embeddable":true,"href":"https:\/\/www.intoscana.it\/it\/wp-json\/wp\/v2\/tags?post=392027"}],"curies":[{"name":"wp","href":"https:\/\/api.w.org\/{rel}","templated":true}]}}