{"id":392044,"date":"2025-07-08T17:04:42","date_gmt":"2025-07-08T15:04:42","guid":{"rendered":"https:\/\/www.intoscana.it\/it\/?p=392044"},"modified":"2025-07-09T09:33:46","modified_gmt":"2025-07-09T07:33:46","slug":"montecatini-terme-capitale-degli-esports-arrivano-le-finali-italiane-di-league-of-legends","status":"publish","type":"post","link":"https:\/\/www.intoscana.it\/it\/montecatini-terme-capitale-degli-esports-arrivano-le-finali-italiane-di-league-of-legends\/","title":{"rendered":"Montecatini Terme capitale degli esports: arrivano le finali italiane di League of Legends"},"content":{"rendered":"<p><strong>Montecatini Terme<\/strong> si prepara a diventare il nuovo punto di riferimento per il mondo degli esports in Italia. Dal <strong>12 al 14 settembre 2025<\/strong>, la citt\u00e0 ospiter\u00e0 le semifinali e finali del Campionato Italiano di <strong>League of Legends<\/strong> (LIT \u2013 League of Legends Italian Tournament), massima competizione nazionale dedicata al celebre videogioco targato <strong>Riot Games<\/strong>.<\/p>\n<p>L\u2019iniziativa nasce nell\u2019ambito di <strong>Lucca 365<\/strong>, il progetto di Lucca Comics &amp; Games che punta a espandere la proposta culturale del festival durante tutto l\u2019anno, attraverso eventi, mostre, progetti educativi e residenze artistiche. In questo contesto prende vita una collaborazione inedita tra <strong>Lucca Comics &amp; Games, PG Esports e il Comune di Montecatini Terme<\/strong>, che punta a rilanciare il patrimonio urbano della citt\u00e0 attraverso nuovi linguaggi, coinvolgendo le giovani generazioni.<\/p>\n<p>&#8220;<em>Con questo progetto vogliamo ridare vita agli spazi della citt\u00e0, raccontarli attraverso linguaggi contemporanei e costruire un legame duraturo tra territorio e nuove comunit\u00e0 \u2013 <\/em>ha dichiarato il sindaco Claudio Del Rosso <em>\u2013 Montecatini ha tutte le carte in regola per diventare una destinazione innovativa, giovane e culturalmente vivace<\/em>&#8220;.<\/p>\n<figure id=\"post-392048 media-392048\" class=\"align-none\"><img decoding=\"async\" src=\"https:\/\/www.intoscana.it\/wp-content\/uploads\/1000006980.jpg\" alt=\"\" \/><\/figure>\n<div class=\"titleimg\"><\/div>\n<p>Dopo aver toccato sedi prestigiose come il Teatro Ciak di Milano, il Teatro Olimpico e Cinecitt\u00e0 World di Roma e la Mostra d\u2019Oltremare di Napoli, la competizione approda nel cuore della Toscana, portando con s\u00e9 un format coinvolgente, accessibile e innovativo.<\/p>\n<p>Per tre giorni, Montecatini si trasformer\u00e0 in un <strong>vero hub del gaming competitivo<\/strong>, con eventi dal vivo, attivit\u00e0 interattive, una fan zone dedicata, e iniziative pensate per un pubblico trasversale: dai gamer pi\u00f9 esperti fino alle famiglie e ai semplici curiosi. Luoghi simbolici della citt\u00e0 come il Teatro e il complesso termale diventeranno palcoscenici di un evento che unisce cultura pop, innovazione digitale e valorizzazione urbana.<\/p>\n<figure id=\"post-392047 media-392047\" class=\"align-none\"><img decoding=\"async\" src=\"https:\/\/www.intoscana.it\/wp-content\/uploads\/esport-2.jpg\" alt=\"\" \/><\/figure>\n<div class=\"titleimg\"><\/div>\n<p>Le finali del Campionato Italiano di League of Legends, giunto all\u2019ottava edizione e seguito da milioni di spettatori, offriranno un\u2019esperienza immersiva grazie anche a una gaming area aperta a tutti gli appassionati, dove il gioco diventa occasione di incontro e condivisione.<\/p>\n<p>&#8220;<em>Siamo onorati di essere ospiti di Montecatini Terme<\/em> \u2013 ha commentato Pier Luigi Parnofiello, CEO &amp; Founder di PG Esports \u2013 <em>grazie al supporto di Lucca Comics &amp; Games offriremo un\u2019esperienza innovativa, capace di <strong>valorizzare il territorio e coinvolgere un pubblico giovane e dinamico<\/strong>&#8220;<\/em>.<\/p>\n<figure id=\"post-392046 media-392046\" class=\"align-none\"><img decoding=\"async\" src=\"https:\/\/www.intoscana.it\/wp-content\/uploads\/esport-1.jpg\" alt=\"\" \/><\/figure>\n<div class=\"titleimg\"><\/div>\n<p>Per<strong> Emanuele Vietina<\/strong>, direttore di Lucca Comics &amp; Games, Lucca 365 rappresenta &#8220;<em>una dichiarazione di intenti, un ponte tra territori e industrie creative. Le finali LIT a Montecatini uniranno streaming, eventi dal vivo e welfare culturale, valorizzando una citt\u00e0 simbolo del turismo italiano attraverso le pi\u00f9 moderne forme di storytelling<\/em>&#8220;.<\/p>\n<p>Per tutte le informazioni e gli aggiornamenti: <a href=\"https:\/\/pge.gg\/lit\/\" target=\"_blank\" rel=\"noopener\">https:\/\/pge.gg\/lit\/<\/a><\/p>\n","protected":false},"excerpt":{"rendered":"<p>La citt\u00e0 toscana ospiter\u00e0 dal 12 al 14 settembre le semifinali e finali del Campionato Italiano di League of Legends, in collaborazione con Lucca Comics &amp; Games e PG Esports<\/p>\n","protected":false},"author":507,"featured_media":392045,"comment_status":"open","ping_status":"open","sticky":false,"template":"","format":"standard","meta":{"_acf_changed":false,"footnotes":""},"categories":[494],"tags":[6859,170,4539,4935],"class_list":["post-392044","post","type-post","status-publish","format-standard","has-post-thumbnail","hentry","category-attualita","tag-esport","tag-lucca","tag-lucca-comics","tag-montecatini-terme"],"acf":[],"yoast_head":"<!-- This site is optimized with the Yoast SEO Premium plugin v24.2 (Yoast SEO v25.6) - https:\/\/yoast.com\/wordpress\/plugins\/seo\/ -->\n<title>Montecatini Terme capitale degli esports: arrivano le finali italiane di League of Legends - intoscana<\/title>\n<meta name=\"robots\" content=\"index, follow, max-snippet:-1, max-image-preview:large, max-video-preview:-1\" \/>\n<link rel=\"canonical\" href=\"https:\/\/www.intoscana.it\/it\/montecatini-terme-capitale-degli-esports-arrivano-le-finali-italiane-di-league-of-legends\/\" \/>\n<meta property=\"og:locale\" content=\"it_IT\" \/>\n<meta property=\"og:type\" content=\"article\" \/>\n<meta property=\"og:title\" content=\"Montecatini Terme capitale degli esports: arrivano le finali italiane di League of Legends\" \/>\n<meta property=\"og:description\" content=\"La citt\u00e0 toscana ospiter\u00e0 dal 12 al 14 settembre le semifinali e finali del Campionato Italiano di League of Legends, in collaborazione con Lucca Comics &amp; Games e PG Esports\" \/>\n<meta property=\"og:url\" content=\"https:\/\/www.intoscana.it\/it\/montecatini-terme-capitale-degli-esports-arrivano-le-finali-italiane-di-league-of-legends\/\" \/>\n<meta property=\"og:site_name\" content=\"intoscana\" \/>\n<meta property=\"article:publisher\" content=\"https:\/\/www.facebook.com\/intoscana.it\" \/>\n<meta property=\"article:published_time\" content=\"2025-07-08T15:04:42+00:00\" \/>\n<meta property=\"article:modified_time\" content=\"2025-07-09T07:33:46+00:00\" \/>\n<meta property=\"og:image\" content=\"https:\/\/www.intoscana.it\/wp-content\/uploads\/league-of-legends.jpg\" \/>\n\t<meta property=\"og:image:width\" content=\"2048\" \/>\n\t<meta property=\"og:image:height\" content=\"1208\" \/>\n\t<meta property=\"og:image:type\" content=\"image\/jpeg\" \/>\n<meta name=\"author\" content=\"Chiara Bianchini\" \/>\n<meta name=\"twitter:card\" content=\"summary_large_image\" \/>\n<meta name=\"twitter:creator\" content=\"@intoscana\" \/>\n<meta name=\"twitter:site\" content=\"@intoscana\" \/>\n<meta name=\"twitter:label1\" content=\"Written by\" \/>\n\t<meta name=\"twitter:data1\" content=\"Chiara Bianchini\" \/>\n\t<meta name=\"twitter:label2\" content=\"Est. reading time\" \/>\n\t<meta name=\"twitter:data2\" content=\"4 minuti\" \/>\n<script type=\"application\/ld+json\" class=\"yoast-schema-graph\">{\"@context\":\"https:\/\/schema.org\",\"@graph\":[{\"@type\":\"WebPage\",\"@id\":\"https:\/\/www.intoscana.it\/it\/montecatini-terme-capitale-degli-esports-arrivano-le-finali-italiane-di-league-of-legends\/\",\"url\":\"https:\/\/www.intoscana.it\/it\/montecatini-terme-capitale-degli-esports-arrivano-le-finali-italiane-di-league-of-legends\/\",\"name\":\"Montecatini Terme capitale degli esports: arrivano le finali italiane di League of Legends - intoscana\",\"isPartOf\":{\"@id\":\"https:\/\/www.intoscana.it\/it\/#website\"},\"primaryImageOfPage\":{\"@id\":\"https:\/\/www.intoscana.it\/it\/montecatini-terme-capitale-degli-esports-arrivano-le-finali-italiane-di-league-of-legends\/#primaryimage\"},\"image\":{\"@id\":\"https:\/\/www.intoscana.it\/it\/montecatini-terme-capitale-degli-esports-arrivano-le-finali-italiane-di-league-of-legends\/#primaryimage\"},\"thumbnailUrl\":\"https:\/\/www.intoscana.it\/wp-content\/uploads\/league-of-legends.jpg\",\"datePublished\":\"2025-07-08T15:04:42+00:00\",\"dateModified\":\"2025-07-09T07:33:46+00:00\",\"author\":{\"@id\":\"https:\/\/www.intoscana.it\/it\/#\/schema\/person\/010af92117f50561886339ad5b873a41\"},\"breadcrumb\":{\"@id\":\"https:\/\/www.intoscana.it\/it\/montecatini-terme-capitale-degli-esports-arrivano-le-finali-italiane-di-league-of-legends\/#breadcrumb\"},\"inLanguage\":\"it-IT\",\"potentialAction\":[{\"@type\":\"ReadAction\",\"target\":[\"https:\/\/www.intoscana.it\/it\/montecatini-terme-capitale-degli-esports-arrivano-le-finali-italiane-di-league-of-legends\/\"]}]},{\"@type\":\"ImageObject\",\"inLanguage\":\"it-IT\",\"@id\":\"https:\/\/www.intoscana.it\/it\/montecatini-terme-capitale-degli-esports-arrivano-le-finali-italiane-di-league-of-legends\/#primaryimage\",\"url\":\"https:\/\/www.intoscana.it\/wp-content\/uploads\/league-of-legends.jpg\",\"contentUrl\":\"https:\/\/www.intoscana.it\/wp-content\/uploads\/league-of-legends.jpg\",\"width\":2048,\"height\":1208},{\"@type\":\"BreadcrumbList\",\"@id\":\"https:\/\/www.intoscana.it\/it\/montecatini-terme-capitale-degli-esports-arrivano-le-finali-italiane-di-league-of-legends\/#breadcrumb\",\"itemListElement\":[{\"@type\":\"ListItem\",\"position\":1,\"name\":\"Home\",\"item\":\"https:\/\/www.intoscana.it\/it\/\"},{\"@type\":\"ListItem\",\"position\":2,\"name\":\"Montecatini Terme capitale degli esports: arrivano le finali italiane di League of Legends\"}]},{\"@type\":\"WebSite\",\"@id\":\"https:\/\/www.intoscana.it\/it\/#website\",\"url\":\"https:\/\/www.intoscana.it\/it\/\",\"name\":\"intoscana\",\"description\":\"\",\"potentialAction\":[{\"@type\":\"SearchAction\",\"target\":{\"@type\":\"EntryPoint\",\"urlTemplate\":\"https:\/\/www.intoscana.it\/it\/?s={search_term_string}\"},\"query-input\":{\"@type\":\"PropertyValueSpecification\",\"valueRequired\":true,\"valueName\":\"search_term_string\"}}],\"inLanguage\":\"it-IT\"},{\"@type\":\"Person\",\"@id\":\"https:\/\/www.intoscana.it\/it\/#\/schema\/person\/010af92117f50561886339ad5b873a41\",\"name\":\"Chiara Bianchini\",\"sameAs\":[\"c.bianchini@fst.it\"],\"url\":\"https:\/\/www.intoscana.it\/it\/author\/chiara-bianchini\/\"}]}<\/script>\n<!-- \/ Yoast SEO Premium plugin. -->","yoast_head_json":{"title":"Montecatini Terme capitale degli esports: arrivano le finali italiane di League of Legends - intoscana","robots":{"index":"index","follow":"follow","max-snippet":"max-snippet:-1","max-image-preview":"max-image-preview:large","max-video-preview":"max-video-preview:-1"},"canonical":"https:\/\/www.intoscana.it\/it\/montecatini-terme-capitale-degli-esports-arrivano-le-finali-italiane-di-league-of-legends\/","og_locale":"it_IT","og_type":"article","og_title":"Montecatini Terme capitale degli esports: arrivano le finali italiane di League of Legends","og_description":"La citt\u00e0 toscana ospiter\u00e0 dal 12 al 14 settembre le semifinali e finali del Campionato Italiano di League of Legends, in collaborazione con Lucca Comics &amp; Games e PG Esports","og_url":"https:\/\/www.intoscana.it\/it\/montecatini-terme-capitale-degli-esports-arrivano-le-finali-italiane-di-league-of-legends\/","og_site_name":"intoscana","article_publisher":"https:\/\/www.facebook.com\/intoscana.it","article_published_time":"2025-07-08T15:04:42+00:00","article_modified_time":"2025-07-09T07:33:46+00:00","og_image":[{"width":2048,"height":1208,"url":"https:\/\/www.intoscana.it\/wp-content\/uploads\/league-of-legends.jpg","type":"image\/jpeg"}],"author":"Chiara Bianchini","twitter_card":"summary_large_image","twitter_creator":"@intoscana","twitter_site":"@intoscana","twitter_misc":{"Written by":"Chiara Bianchini","Est. reading time":"4 minuti"},"schema":{"@context":"https:\/\/schema.org","@graph":[{"@type":"WebPage","@id":"https:\/\/www.intoscana.it\/it\/montecatini-terme-capitale-degli-esports-arrivano-le-finali-italiane-di-league-of-legends\/","url":"https:\/\/www.intoscana.it\/it\/montecatini-terme-capitale-degli-esports-arrivano-le-finali-italiane-di-league-of-legends\/","name":"Montecatini Terme capitale degli esports: arrivano le finali italiane di League of Legends - intoscana","isPartOf":{"@id":"https:\/\/www.intoscana.it\/it\/#website"},"primaryImageOfPage":{"@id":"https:\/\/www.intoscana.it\/it\/montecatini-terme-capitale-degli-esports-arrivano-le-finali-italiane-di-league-of-legends\/#primaryimage"},"image":{"@id":"https:\/\/www.intoscana.it\/it\/montecatini-terme-capitale-degli-esports-arrivano-le-finali-italiane-di-league-of-legends\/#primaryimage"},"thumbnailUrl":"https:\/\/www.intoscana.it\/wp-content\/uploads\/league-of-legends.jpg","datePublished":"2025-07-08T15:04:42+00:00","dateModified":"2025-07-09T07:33:46+00:00","author":{"@id":"https:\/\/www.intoscana.it\/it\/#\/schema\/person\/010af92117f50561886339ad5b873a41"},"breadcrumb":{"@id":"https:\/\/www.intoscana.it\/it\/montecatini-terme-capitale-degli-esports-arrivano-le-finali-italiane-di-league-of-legends\/#breadcrumb"},"inLanguage":"it-IT","potentialAction":[{"@type":"ReadAction","target":["https:\/\/www.intoscana.it\/it\/montecatini-terme-capitale-degli-esports-arrivano-le-finali-italiane-di-league-of-legends\/"]}]},{"@type":"ImageObject","inLanguage":"it-IT","@id":"https:\/\/www.intoscana.it\/it\/montecatini-terme-capitale-degli-esports-arrivano-le-finali-italiane-di-league-of-legends\/#primaryimage","url":"https:\/\/www.intoscana.it\/wp-content\/uploads\/league-of-legends.jpg","contentUrl":"https:\/\/www.intoscana.it\/wp-content\/uploads\/league-of-legends.jpg","width":2048,"height":1208},{"@type":"BreadcrumbList","@id":"https:\/\/www.intoscana.it\/it\/montecatini-terme-capitale-degli-esports-arrivano-le-finali-italiane-di-league-of-legends\/#breadcrumb","itemListElement":[{"@type":"ListItem","position":1,"name":"Home","item":"https:\/\/www.intoscana.it\/it\/"},{"@type":"ListItem","position":2,"name":"Montecatini Terme capitale degli esports: arrivano le finali italiane di League of Legends"}]},{"@type":"WebSite","@id":"https:\/\/www.intoscana.it\/it\/#website","url":"https:\/\/www.intoscana.it\/it\/","name":"intoscana","description":"","potentialAction":[{"@type":"SearchAction","target":{"@type":"EntryPoint","urlTemplate":"https:\/\/www.intoscana.it\/it\/?s={search_term_string}"},"query-input":{"@type":"PropertyValueSpecification","valueRequired":true,"valueName":"search_term_string"}}],"inLanguage":"it-IT"},{"@type":"Person","@id":"https:\/\/www.intoscana.it\/it\/#\/schema\/person\/010af92117f50561886339ad5b873a41","name":"Chiara Bianchini","sameAs":["c.bianchini@fst.it"],"url":"https:\/\/www.intoscana.it\/it\/author\/chiara-bianchini\/"}]}},"_links":{"self":[{"href":"https:\/\/www.intoscana.it\/it\/wp-json\/wp\/v2\/posts\/392044","targetHints":{"allow":["GET"]}}],"collection":[{"href":"https:\/\/www.intoscana.it\/it\/wp-json\/wp\/v2\/posts"}],"about":[{"href":"https:\/\/www.intoscana.it\/it\/wp-json\/wp\/v2\/types\/post"}],"author":[{"embeddable":true,"href":"https:\/\/www.intoscana.it\/it\/wp-json\/wp\/v2\/users\/507"}],"replies":[{"embeddable":true,"href":"https:\/\/www.intoscana.it\/it\/wp-json\/wp\/v2\/comments?post=392044"}],"version-history":[{"count":2,"href":"https:\/\/www.intoscana.it\/it\/wp-json\/wp\/v2\/posts\/392044\/revisions"}],"predecessor-version":[{"id":392061,"href":"https:\/\/www.intoscana.it\/it\/wp-json\/wp\/v2\/posts\/392044\/revisions\/392061"}],"wp:featuredmedia":[{"embeddable":true,"href":"https:\/\/www.intoscana.it\/it\/wp-json\/wp\/v2\/media\/392045"}],"wp:attachment":[{"href":"https:\/\/www.intoscana.it\/it\/wp-json\/wp\/v2\/media?parent=392044"}],"wp:term":[{"taxonomy":"category","embeddable":true,"href":"https:\/\/www.intoscana.it\/it\/wp-json\/wp\/v2\/categories?post=392044"},{"taxonomy":"post_tag","embeddable":true,"href":"https:\/\/www.intoscana.it\/it\/wp-json\/wp\/v2\/tags?post=392044"}],"curies":[{"name":"wp","href":"https:\/\/api.w.org\/{rel}","templated":true}]}}