{"id":392267,"date":"2025-07-10T16:26:00","date_gmt":"2025-07-10T14:26:00","guid":{"rendered":"https:\/\/www.intoscana.it\/it\/?p=392267"},"modified":"2025-07-11T09:32:31","modified_gmt":"2025-07-11T07:32:31","slug":"faentina-il-presidente-giani-in-visita-nei-cantieri-impegno-concreto-per-il-territorio","status":"publish","type":"post","link":"https:\/\/www.intoscana.it\/it\/faentina-il-presidente-giani-in-visita-nei-cantieri-impegno-concreto-per-il-territorio\/","title":{"rendered":"Faentina, il presidente Giani in visita nei cantieri: \u201cImpegno concreto per il territorio\u201d"},"content":{"rendered":"<p data-start=\"284\" data-end=\"789\">Un sopralluogo a bordo del carrello tecnico delle Ferrovie per verificare lo stato dei lavori lungo <strong>la linea Faentina<\/strong>, interrotta tra Ronta e Crespino a causa dell\u2019ondata di maltempo del <strong>14 e 15 marzo<\/strong>. \u00c8 quello che si \u00e8 svolto oggi, con il presidente della <strong>Regione Toscana Eugenio Giani<\/strong> presente sul tracciato per fare il punto sul cantiere di RFI, che avanza senza sosta per restituire il collegamento ferroviario a uno dei territori pi\u00f9 colpiti dagli eventi calamitosi degli ultimi anni.<\/p>\n<p data-start=\"791\" data-end=\"1076\">Sono <strong>20 i cantieri attivi<\/strong> nel tratto tra Ronta e Marradi, con interventi per <strong>10 milioni di euro, di cui 5 milioni gi\u00e0 spesi<\/strong>. A questi si aggiungono gli altri cantieri in corso tra Marradi e Faenza, finanziati con ulteriori risorse per sanare i danni provocati dalle alluvioni del 2023.<\/p>\n<p data-start=\"1078\" data-end=\"1357\">\u201cD<em>opo il ripristino delle strade, il nostro impegno \u00e8 ora sul fronte ferroviario, anch\u2019esso <strong>essenziale per la mobilit\u00e0 di questa parte di Toscana<\/strong> \u2013 <\/em>ha dichiarato Giani<em> \u2013. Lo sforzo \u00e8 visibile metro dopo metro, criticit\u00e0 dopo criticit\u00e0. Una ferrovia come non l\u2019avevamo mai vista<\/em>.\u201d<\/p>\n<p data-start=\"1359\" data-end=\"1731\" data-is-last-node=\"\" data-is-only-node=\"\">Il presidente ha voluto ringraziare i tecnici, le maestranze, i sindaci e tutti coloro che stanno lavorando per non lasciare sola una terra \u201cmeravigliosa ma fragile\u201d, simbolo della Toscana diffusa. Un\u2019alleanza tra istituzioni, enti gestori e comunit\u00e0 locali per riportare normalit\u00e0 e collegamenti in un\u2019area duramente provata, ma che continua a reagire con determinazione.<\/p>\n<p data-start=\"1359\" data-end=\"1731\" data-is-last-node=\"\" data-is-only-node=\"\">\u201c<em>Abbiamo effettuato il sopralluogo grazie ai RFI con il sindaco di Marradi Tommaso Triberti tra Borgo San Lorenzo e Marradi. Con un carrello ferroviario attrezzato siamo potuti passare lungo la ferrovia per constatare la grande mole di opere che sono state effettuate<\/em>. &#8211; ha detto il presidente Giani- <em>Si tratta di interventi che la tratta Marradi-Faenza <strong>arriveranno a 60 milioni di euro<\/strong> di impegno e che potranno portare a ripristinare la linea ferroviaria da Crespino del Lamone fino a Ronta, quindi alle porte di Borgo San Lorenzo, tra la fine di settembre e i primi giorni di ottobre. Per il tratto successivo verso Marradi ci sono due ponti che ancora presentano debolezze, probabilmente dovr\u00e0 essere realizzato un ponte nuovo, quindi ancora in autunno quei 10 chilometri dovranno essere percorsi con mezzi sostitutivi pubblici. Ma possiamo dire che n<strong>el punto pi\u00f9 delicato dell\u2019attraversamento dell\u2019Appennino la Faentina potr\u00e0 ripartire da inizio ottobre e forse gi\u00e0 a fine settembre<\/strong>. <\/em><em>E\u2019 importantissimo<\/em> &#8211; ha concluso Giani- <em>vedere che dopo l\u2019alluvione del 14 e 15 marzo, attraverso i fondi commissariali, la capacit\u00e0 che abbiamo impresso all\u2019attivit\u00e0 sta portando ad un rapido ripristino dei luoghi, prima con la strada e poi con la ferrovia. Ringrazio i sindaci del territorio e tutti coloro che stanno lavorando incessantemente .Questa \u00e8 la Toscana che reagisce alle calamit\u00e0 e che anche qui nell\u2019Alto Mugello sta mostrando questa forza<\/em>\u201d ha concluso il presidente.<\/p>\n","protected":false},"excerpt":{"rendered":"<p>Il presidente Giani in visita sulla linea interrotta tra Ronta e Marradi: gi\u00e0 eseguiti lavori per 5 milioni. La Regione al fianco di RFI per il completo ripristino.<\/p>\n","protected":false},"author":525,"featured_media":392269,"comment_status":"open","ping_status":"open","sticky":false,"template":"","format":"standard","meta":{"_acf_changed":false,"footnotes":""},"categories":[494],"tags":[158,1577,5671],"class_list":["post-392267","post","type-post","status-publish","format-standard","has-post-thumbnail","hentry","category-attualita","tag-eugenio-giani","tag-muoversi-in-toscana","tag-rfi"],"acf":[],"yoast_head":"<!-- This site is optimized with the Yoast SEO Premium plugin v24.2 (Yoast SEO v25.6) - https:\/\/yoast.com\/wordpress\/plugins\/seo\/ -->\n<title>Faentina, il presidente Giani in visita nei cantieri: \u201cImpegno concreto per il territorio\u201d - intoscana<\/title>\n<meta name=\"robots\" content=\"index, follow, max-snippet:-1, max-image-preview:large, max-video-preview:-1\" \/>\n<link rel=\"canonical\" href=\"https:\/\/www.intoscana.it\/it\/faentina-il-presidente-giani-in-visita-nei-cantieri-impegno-concreto-per-il-territorio\/\" \/>\n<meta property=\"og:locale\" content=\"it_IT\" \/>\n<meta property=\"og:type\" content=\"article\" \/>\n<meta property=\"og:title\" content=\"Faentina, il presidente Giani in visita nei cantieri: \u201cImpegno concreto per il territorio\u201d\" \/>\n<meta property=\"og:description\" content=\"Il presidente Giani in visita sulla linea interrotta tra Ronta e Marradi: gi\u00e0 eseguiti lavori per 5 milioni. La Regione al fianco di RFI per il completo ripristino.\" \/>\n<meta property=\"og:url\" content=\"https:\/\/www.intoscana.it\/it\/faentina-il-presidente-giani-in-visita-nei-cantieri-impegno-concreto-per-il-territorio\/\" \/>\n<meta property=\"og:site_name\" content=\"intoscana\" \/>\n<meta property=\"article:publisher\" content=\"https:\/\/www.facebook.com\/intoscana.it\" \/>\n<meta property=\"article:published_time\" content=\"2025-07-10T14:26:00+00:00\" \/>\n<meta property=\"article:modified_time\" content=\"2025-07-11T07:32:31+00:00\" \/>\n<meta property=\"og:image\" content=\"https:\/\/www.intoscana.it\/wp-content\/uploads\/sopralluogo-giani-crespino-rfi-5.jpg\" \/>\n\t<meta property=\"og:image:width\" content=\"1280\" \/>\n\t<meta property=\"og:image:height\" content=\"853\" \/>\n\t<meta property=\"og:image:type\" content=\"image\/jpeg\" \/>\n<meta name=\"author\" content=\"Redazione\" \/>\n<meta name=\"twitter:card\" content=\"summary_large_image\" \/>\n<meta name=\"twitter:creator\" content=\"@intoscana\" \/>\n<meta name=\"twitter:site\" content=\"@intoscana\" \/>\n<meta name=\"twitter:label1\" content=\"Written by\" \/>\n\t<meta name=\"twitter:data1\" content=\"Redazione\" \/>\n\t<meta name=\"twitter:label2\" content=\"Est. reading time\" \/>\n\t<meta name=\"twitter:data2\" content=\"3 minuti\" \/>\n<script type=\"application\/ld+json\" class=\"yoast-schema-graph\">{\"@context\":\"https:\/\/schema.org\",\"@graph\":[{\"@type\":\"WebPage\",\"@id\":\"https:\/\/www.intoscana.it\/it\/faentina-il-presidente-giani-in-visita-nei-cantieri-impegno-concreto-per-il-territorio\/\",\"url\":\"https:\/\/www.intoscana.it\/it\/faentina-il-presidente-giani-in-visita-nei-cantieri-impegno-concreto-per-il-territorio\/\",\"name\":\"Faentina, il presidente Giani in visita nei cantieri: \u201cImpegno concreto per il territorio\u201d - intoscana\",\"isPartOf\":{\"@id\":\"https:\/\/www.intoscana.it\/it\/#website\"},\"primaryImageOfPage\":{\"@id\":\"https:\/\/www.intoscana.it\/it\/faentina-il-presidente-giani-in-visita-nei-cantieri-impegno-concreto-per-il-territorio\/#primaryimage\"},\"image\":{\"@id\":\"https:\/\/www.intoscana.it\/it\/faentina-il-presidente-giani-in-visita-nei-cantieri-impegno-concreto-per-il-territorio\/#primaryimage\"},\"thumbnailUrl\":\"https:\/\/www.intoscana.it\/wp-content\/uploads\/sopralluogo-giani-crespino-rfi-5.jpg\",\"datePublished\":\"2025-07-10T14:26:00+00:00\",\"dateModified\":\"2025-07-11T07:32:31+00:00\",\"author\":{\"@id\":\"https:\/\/www.intoscana.it\/it\/#\/schema\/person\/9223810753230f20bd670fdd322661f8\"},\"breadcrumb\":{\"@id\":\"https:\/\/www.intoscana.it\/it\/faentina-il-presidente-giani-in-visita-nei-cantieri-impegno-concreto-per-il-territorio\/#breadcrumb\"},\"inLanguage\":\"it-IT\",\"potentialAction\":[{\"@type\":\"ReadAction\",\"target\":[\"https:\/\/www.intoscana.it\/it\/faentina-il-presidente-giani-in-visita-nei-cantieri-impegno-concreto-per-il-territorio\/\"]}]},{\"@type\":\"ImageObject\",\"inLanguage\":\"it-IT\",\"@id\":\"https:\/\/www.intoscana.it\/it\/faentina-il-presidente-giani-in-visita-nei-cantieri-impegno-concreto-per-il-territorio\/#primaryimage\",\"url\":\"https:\/\/www.intoscana.it\/wp-content\/uploads\/sopralluogo-giani-crespino-rfi-5.jpg\",\"contentUrl\":\"https:\/\/www.intoscana.it\/wp-content\/uploads\/sopralluogo-giani-crespino-rfi-5.jpg\",\"width\":1280,\"height\":853},{\"@type\":\"BreadcrumbList\",\"@id\":\"https:\/\/www.intoscana.it\/it\/faentina-il-presidente-giani-in-visita-nei-cantieri-impegno-concreto-per-il-territorio\/#breadcrumb\",\"itemListElement\":[{\"@type\":\"ListItem\",\"position\":1,\"name\":\"Home\",\"item\":\"https:\/\/www.intoscana.it\/it\/\"},{\"@type\":\"ListItem\",\"position\":2,\"name\":\"Faentina, il presidente Giani in visita nei cantieri: \u201cImpegno concreto per il territorio\u201d\"}]},{\"@type\":\"WebSite\",\"@id\":\"https:\/\/www.intoscana.it\/it\/#website\",\"url\":\"https:\/\/www.intoscana.it\/it\/\",\"name\":\"intoscana\",\"description\":\"\",\"potentialAction\":[{\"@type\":\"SearchAction\",\"target\":{\"@type\":\"EntryPoint\",\"urlTemplate\":\"https:\/\/www.intoscana.it\/it\/?s={search_term_string}\"},\"query-input\":{\"@type\":\"PropertyValueSpecification\",\"valueRequired\":true,\"valueName\":\"search_term_string\"}}],\"inLanguage\":\"it-IT\"},{\"@type\":\"Person\",\"@id\":\"https:\/\/www.intoscana.it\/it\/#\/schema\/person\/9223810753230f20bd670fdd322661f8\",\"name\":\"Redazione\",\"url\":\"https:\/\/www.intoscana.it\/it\/author\/redazione\/\"}]}<\/script>\n<!-- \/ Yoast SEO Premium plugin. -->","yoast_head_json":{"title":"Faentina, il presidente Giani in visita nei cantieri: \u201cImpegno concreto per il territorio\u201d - intoscana","robots":{"index":"index","follow":"follow","max-snippet":"max-snippet:-1","max-image-preview":"max-image-preview:large","max-video-preview":"max-video-preview:-1"},"canonical":"https:\/\/www.intoscana.it\/it\/faentina-il-presidente-giani-in-visita-nei-cantieri-impegno-concreto-per-il-territorio\/","og_locale":"it_IT","og_type":"article","og_title":"Faentina, il presidente Giani in visita nei cantieri: \u201cImpegno concreto per il territorio\u201d","og_description":"Il presidente Giani in visita sulla linea interrotta tra Ronta e Marradi: gi\u00e0 eseguiti lavori per 5 milioni. La Regione al fianco di RFI per il completo ripristino.","og_url":"https:\/\/www.intoscana.it\/it\/faentina-il-presidente-giani-in-visita-nei-cantieri-impegno-concreto-per-il-territorio\/","og_site_name":"intoscana","article_publisher":"https:\/\/www.facebook.com\/intoscana.it","article_published_time":"2025-07-10T14:26:00+00:00","article_modified_time":"2025-07-11T07:32:31+00:00","og_image":[{"width":1280,"height":853,"url":"https:\/\/www.intoscana.it\/wp-content\/uploads\/sopralluogo-giani-crespino-rfi-5.jpg","type":"image\/jpeg"}],"author":"Redazione","twitter_card":"summary_large_image","twitter_creator":"@intoscana","twitter_site":"@intoscana","twitter_misc":{"Written by":"Redazione","Est. reading time":"3 minuti"},"schema":{"@context":"https:\/\/schema.org","@graph":[{"@type":"WebPage","@id":"https:\/\/www.intoscana.it\/it\/faentina-il-presidente-giani-in-visita-nei-cantieri-impegno-concreto-per-il-territorio\/","url":"https:\/\/www.intoscana.it\/it\/faentina-il-presidente-giani-in-visita-nei-cantieri-impegno-concreto-per-il-territorio\/","name":"Faentina, il presidente Giani in visita nei cantieri: \u201cImpegno concreto per il territorio\u201d - intoscana","isPartOf":{"@id":"https:\/\/www.intoscana.it\/it\/#website"},"primaryImageOfPage":{"@id":"https:\/\/www.intoscana.it\/it\/faentina-il-presidente-giani-in-visita-nei-cantieri-impegno-concreto-per-il-territorio\/#primaryimage"},"image":{"@id":"https:\/\/www.intoscana.it\/it\/faentina-il-presidente-giani-in-visita-nei-cantieri-impegno-concreto-per-il-territorio\/#primaryimage"},"thumbnailUrl":"https:\/\/www.intoscana.it\/wp-content\/uploads\/sopralluogo-giani-crespino-rfi-5.jpg","datePublished":"2025-07-10T14:26:00+00:00","dateModified":"2025-07-11T07:32:31+00:00","author":{"@id":"https:\/\/www.intoscana.it\/it\/#\/schema\/person\/9223810753230f20bd670fdd322661f8"},"breadcrumb":{"@id":"https:\/\/www.intoscana.it\/it\/faentina-il-presidente-giani-in-visita-nei-cantieri-impegno-concreto-per-il-territorio\/#breadcrumb"},"inLanguage":"it-IT","potentialAction":[{"@type":"ReadAction","target":["https:\/\/www.intoscana.it\/it\/faentina-il-presidente-giani-in-visita-nei-cantieri-impegno-concreto-per-il-territorio\/"]}]},{"@type":"ImageObject","inLanguage":"it-IT","@id":"https:\/\/www.intoscana.it\/it\/faentina-il-presidente-giani-in-visita-nei-cantieri-impegno-concreto-per-il-territorio\/#primaryimage","url":"https:\/\/www.intoscana.it\/wp-content\/uploads\/sopralluogo-giani-crespino-rfi-5.jpg","contentUrl":"https:\/\/www.intoscana.it\/wp-content\/uploads\/sopralluogo-giani-crespino-rfi-5.jpg","width":1280,"height":853},{"@type":"BreadcrumbList","@id":"https:\/\/www.intoscana.it\/it\/faentina-il-presidente-giani-in-visita-nei-cantieri-impegno-concreto-per-il-territorio\/#breadcrumb","itemListElement":[{"@type":"ListItem","position":1,"name":"Home","item":"https:\/\/www.intoscana.it\/it\/"},{"@type":"ListItem","position":2,"name":"Faentina, il presidente Giani in visita nei cantieri: \u201cImpegno concreto per il territorio\u201d"}]},{"@type":"WebSite","@id":"https:\/\/www.intoscana.it\/it\/#website","url":"https:\/\/www.intoscana.it\/it\/","name":"intoscana","description":"","potentialAction":[{"@type":"SearchAction","target":{"@type":"EntryPoint","urlTemplate":"https:\/\/www.intoscana.it\/it\/?s={search_term_string}"},"query-input":{"@type":"PropertyValueSpecification","valueRequired":true,"valueName":"search_term_string"}}],"inLanguage":"it-IT"},{"@type":"Person","@id":"https:\/\/www.intoscana.it\/it\/#\/schema\/person\/9223810753230f20bd670fdd322661f8","name":"Redazione","url":"https:\/\/www.intoscana.it\/it\/author\/redazione\/"}]}},"_links":{"self":[{"href":"https:\/\/www.intoscana.it\/it\/wp-json\/wp\/v2\/posts\/392267","targetHints":{"allow":["GET"]}}],"collection":[{"href":"https:\/\/www.intoscana.it\/it\/wp-json\/wp\/v2\/posts"}],"about":[{"href":"https:\/\/www.intoscana.it\/it\/wp-json\/wp\/v2\/types\/post"}],"author":[{"embeddable":true,"href":"https:\/\/www.intoscana.it\/it\/wp-json\/wp\/v2\/users\/525"}],"replies":[{"embeddable":true,"href":"https:\/\/www.intoscana.it\/it\/wp-json\/wp\/v2\/comments?post=392267"}],"version-history":[{"count":3,"href":"https:\/\/www.intoscana.it\/it\/wp-json\/wp\/v2\/posts\/392267\/revisions"}],"predecessor-version":[{"id":392286,"href":"https:\/\/www.intoscana.it\/it\/wp-json\/wp\/v2\/posts\/392267\/revisions\/392286"}],"wp:featuredmedia":[{"embeddable":true,"href":"https:\/\/www.intoscana.it\/it\/wp-json\/wp\/v2\/media\/392269"}],"wp:attachment":[{"href":"https:\/\/www.intoscana.it\/it\/wp-json\/wp\/v2\/media?parent=392267"}],"wp:term":[{"taxonomy":"category","embeddable":true,"href":"https:\/\/www.intoscana.it\/it\/wp-json\/wp\/v2\/categories?post=392267"},{"taxonomy":"post_tag","embeddable":true,"href":"https:\/\/www.intoscana.it\/it\/wp-json\/wp\/v2\/tags?post=392267"}],"curies":[{"name":"wp","href":"https:\/\/api.w.org\/{rel}","templated":true}]}}