{"id":392744,"date":"2025-07-16T09:02:52","date_gmt":"2025-07-16T07:02:52","guid":{"rendered":"https:\/\/www.intoscana.it\/it\/?p=392744"},"modified":"2025-07-16T15:10:37","modified_gmt":"2025-07-16T13:10:37","slug":"lavoro-in-lunigiana-unequipe-multidisciplinare-al-centro-per-limpego-per-includere-persone-fragili","status":"publish","type":"post","link":"https:\/\/www.intoscana.it\/it\/lavoro-in-lunigiana-unequipe-multidisciplinare-al-centro-per-limpego-per-includere-persone-fragili\/","title":{"rendered":"Lavoro, in Lunigiana un&#8217;\u00e9quipe multidisciplinare al Centro per l&#8217;impiego per includere persone fragili"},"content":{"rendered":"<p><strong>Marted\u00ec 15 luglio<\/strong> \u00e8 stato siglato ad Aulla (Massa Carrara) da <strong>Societ\u00e0 della salute e l&#8217;agenzia Arti<\/strong> un <strong>protocollo d&#8217;intesa<\/strong> che rende permanente il <strong>servizio integrato inclusione e lavoro<\/strong> (Siil), dando veste formale a una buona pratica gi\u00e0 avviata nei mesi scorsi.<\/p>\n<p>Per la firma erano presenti<strong> l&#8217;assessora regionale alla formazione professionale e al lavoro Alessandra Nardini, la dirigente di Arti Stefania Dini, il sindaco di Aulla e presidente della Sds Lunigiana Roberto Valettini<\/strong>, e il direttore della stessa Sds Marco Formato. L&#8217;assessora regionale alle politiche sociali <strong>Serena Spinelli<\/strong> ha partecipato in videocollegamento.<\/p>\n<p>Dopo le intese con le Sds <strong>Valdinievole, Valli Estrusche e Valdarno<\/strong>, il Protocollo sottoscritto consolider\u00e0<strong> anche in Lunigiana l&#8217;\u00e9quipe multidisciplinare<\/strong> che elaborer\u00e0 e seguir\u00e0 nella Zona distretto <strong>percorsi personalizzati di inclusione lavorativa e cittadinanza<\/strong> calibrati sulle esigenze e i particolari bisogni complessi di <strong>persone gi\u00e0 seguite dai servizi sociali.<\/strong><\/p>\n<p><strong>Per Nardini e Spinelli<\/strong> &#8220;<em>prosegue l&#8217;impegno per rendere pi\u00f9 strutturata una presa in carico unica e integrata grazie ad una sempre maggiore collaborazione sempre tra sociale e servizi pubblici per l&#8217;impiego. L&#8217;\u00e9quipe sar\u00e0 composta da personale dedicato e potr\u00e0 farsi carico a 360 gradi dei bisogni delle persone che vivono situazioni di svantaggio multidimensionale, povert\u00e0 ed esclusione sociale, e presentano bisogni complessi che richiedono un approccio unitario e multidisciplinare favorendo dunque una reale inclusione sociale e lavorativa&#8221;. <\/em><\/p>\n<p>La firma del protocollo \u00e8 un ulteriore passo avanti nel percorso che la <strong>Regione Toscana<\/strong> sta portando avanti verso una sempre pi\u00f9 stretta interazione tra servizi sociali e del lavoro in tutti i suoi territori.<\/p>\n","protected":false},"excerpt":{"rendered":"<p>Anche in Lunigiana, servizi sociali e centri per l&#8217;impiego fanno \u00a0squadra per accompagnare nel mondo del lavoro le persone in condizioni di vulnerabilit\u00e0 e fragilit\u00e0 sociale<\/p>\n","protected":false},"author":525,"featured_media":298627,"comment_status":"open","ping_status":"open","sticky":false,"template":"","format":"standard","meta":{"_acf_changed":false,"footnotes":""},"categories":[494],"tags":[406,260,4509,151],"class_list":["post-392744","post","type-post","status-publish","format-standard","has-post-thumbnail","hentry","category-attualita","tag-disabilita","tag-lavoro","tag-lunigiana","tag-regione-toscana"],"acf":[],"yoast_head":"<!-- This site is optimized with the Yoast SEO Premium plugin v24.2 (Yoast SEO v25.6) - https:\/\/yoast.com\/wordpress\/plugins\/seo\/ -->\n<title>Lavoro, in Lunigiana un&#039;\u00e9quipe multidisciplinare al Centro per l&#039;impiego per includere persone fragili - intoscana<\/title>\n<meta name=\"description\" content=\"Anche in Lunigiana servizi sociali e centri per l&#039;impiego fanno \u00a0squadra per accompagnare nel mondo del lavoro le persone fragili\" \/>\n<meta name=\"robots\" content=\"index, follow, max-snippet:-1, max-image-preview:large, max-video-preview:-1\" \/>\n<link rel=\"canonical\" href=\"https:\/\/www.intoscana.it\/it\/lavoro-in-lunigiana-unequipe-multidisciplinare-al-centro-per-limpego-per-includere-persone-fragili\/\" \/>\n<meta property=\"og:locale\" content=\"it_IT\" \/>\n<meta property=\"og:type\" content=\"article\" \/>\n<meta property=\"og:title\" content=\"Lavoro, in Lunigiana un&#039;\u00e9quipe multidisciplinare al Centro per l&#039;impiego per includere persone fragili\" \/>\n<meta property=\"og:description\" content=\"Anche in Lunigiana servizi sociali e centri per l&#039;impiego fanno \u00a0squadra per accompagnare nel mondo del lavoro le persone fragili\" \/>\n<meta property=\"og:url\" content=\"https:\/\/www.intoscana.it\/it\/lavoro-in-lunigiana-unequipe-multidisciplinare-al-centro-per-limpego-per-includere-persone-fragili\/\" \/>\n<meta property=\"og:site_name\" content=\"intoscana\" \/>\n<meta property=\"article:publisher\" content=\"https:\/\/www.facebook.com\/intoscana.it\" \/>\n<meta property=\"article:published_time\" content=\"2025-07-16T07:02:52+00:00\" \/>\n<meta property=\"article:modified_time\" content=\"2025-07-16T13:10:37+00:00\" \/>\n<meta property=\"og:image\" content=\"https:\/\/www.intoscana.it\/wp-content\/uploads\/Lavoro-e-disabilita\u0300.jpeg\" \/>\n\t<meta property=\"og:image:width\" content=\"800\" \/>\n\t<meta property=\"og:image:height\" content=\"534\" \/>\n\t<meta property=\"og:image:type\" content=\"image\/jpeg\" \/>\n<meta name=\"author\" content=\"Redazione\" \/>\n<meta name=\"twitter:card\" content=\"summary_large_image\" \/>\n<meta name=\"twitter:creator\" content=\"@intoscana\" \/>\n<meta name=\"twitter:site\" content=\"@intoscana\" \/>\n<meta name=\"twitter:label1\" content=\"Written by\" \/>\n\t<meta name=\"twitter:data1\" content=\"Redazione\" \/>\n\t<meta name=\"twitter:label2\" content=\"Est. reading time\" \/>\n\t<meta name=\"twitter:data2\" content=\"2 minuti\" \/>\n<script type=\"application\/ld+json\" class=\"yoast-schema-graph\">{\"@context\":\"https:\/\/schema.org\",\"@graph\":[{\"@type\":\"WebPage\",\"@id\":\"https:\/\/www.intoscana.it\/it\/lavoro-in-lunigiana-unequipe-multidisciplinare-al-centro-per-limpego-per-includere-persone-fragili\/\",\"url\":\"https:\/\/www.intoscana.it\/it\/lavoro-in-lunigiana-unequipe-multidisciplinare-al-centro-per-limpego-per-includere-persone-fragili\/\",\"name\":\"Lavoro, in Lunigiana un'\u00e9quipe multidisciplinare al Centro per l'impiego per includere persone fragili - intoscana\",\"isPartOf\":{\"@id\":\"https:\/\/www.intoscana.it\/it\/#website\"},\"primaryImageOfPage\":{\"@id\":\"https:\/\/www.intoscana.it\/it\/lavoro-in-lunigiana-unequipe-multidisciplinare-al-centro-per-limpego-per-includere-persone-fragili\/#primaryimage\"},\"image\":{\"@id\":\"https:\/\/www.intoscana.it\/it\/lavoro-in-lunigiana-unequipe-multidisciplinare-al-centro-per-limpego-per-includere-persone-fragili\/#primaryimage\"},\"thumbnailUrl\":\"https:\/\/www.intoscana.it\/wp-content\/uploads\/Lavoro-e-disabilita\u0300.jpeg\",\"datePublished\":\"2025-07-16T07:02:52+00:00\",\"dateModified\":\"2025-07-16T13:10:37+00:00\",\"author\":{\"@id\":\"https:\/\/www.intoscana.it\/it\/#\/schema\/person\/9223810753230f20bd670fdd322661f8\"},\"description\":\"Anche in Lunigiana servizi sociali e centri per l'impiego fanno \u00a0squadra per accompagnare nel mondo del lavoro le persone fragili\",\"breadcrumb\":{\"@id\":\"https:\/\/www.intoscana.it\/it\/lavoro-in-lunigiana-unequipe-multidisciplinare-al-centro-per-limpego-per-includere-persone-fragili\/#breadcrumb\"},\"inLanguage\":\"it-IT\",\"potentialAction\":[{\"@type\":\"ReadAction\",\"target\":[\"https:\/\/www.intoscana.it\/it\/lavoro-in-lunigiana-unequipe-multidisciplinare-al-centro-per-limpego-per-includere-persone-fragili\/\"]}]},{\"@type\":\"ImageObject\",\"inLanguage\":\"it-IT\",\"@id\":\"https:\/\/www.intoscana.it\/it\/lavoro-in-lunigiana-unequipe-multidisciplinare-al-centro-per-limpego-per-includere-persone-fragili\/#primaryimage\",\"url\":\"https:\/\/www.intoscana.it\/wp-content\/uploads\/Lavoro-e-disabilita\u0300.jpeg\",\"contentUrl\":\"https:\/\/www.intoscana.it\/wp-content\/uploads\/Lavoro-e-disabilita\u0300.jpeg\",\"width\":800,\"height\":534,\"caption\":\"Lavoro e disabilita\u0300\"},{\"@type\":\"BreadcrumbList\",\"@id\":\"https:\/\/www.intoscana.it\/it\/lavoro-in-lunigiana-unequipe-multidisciplinare-al-centro-per-limpego-per-includere-persone-fragili\/#breadcrumb\",\"itemListElement\":[{\"@type\":\"ListItem\",\"position\":1,\"name\":\"Home\",\"item\":\"https:\/\/www.intoscana.it\/it\/\"},{\"@type\":\"ListItem\",\"position\":2,\"name\":\"Lavoro, in Lunigiana un&#8217;\u00e9quipe multidisciplinare al Centro per l&#8217;impiego per includere persone fragili\"}]},{\"@type\":\"WebSite\",\"@id\":\"https:\/\/www.intoscana.it\/it\/#website\",\"url\":\"https:\/\/www.intoscana.it\/it\/\",\"name\":\"intoscana\",\"description\":\"\",\"potentialAction\":[{\"@type\":\"SearchAction\",\"target\":{\"@type\":\"EntryPoint\",\"urlTemplate\":\"https:\/\/www.intoscana.it\/it\/?s={search_term_string}\"},\"query-input\":{\"@type\":\"PropertyValueSpecification\",\"valueRequired\":true,\"valueName\":\"search_term_string\"}}],\"inLanguage\":\"it-IT\"},{\"@type\":\"Person\",\"@id\":\"https:\/\/www.intoscana.it\/it\/#\/schema\/person\/9223810753230f20bd670fdd322661f8\",\"name\":\"Redazione\",\"url\":\"https:\/\/www.intoscana.it\/it\/author\/redazione\/\"}]}<\/script>\n<!-- \/ Yoast SEO Premium plugin. -->","yoast_head_json":{"title":"Lavoro, in Lunigiana un'\u00e9quipe multidisciplinare al Centro per l'impiego per includere persone fragili - intoscana","description":"Anche in Lunigiana servizi sociali e centri per l'impiego fanno \u00a0squadra per accompagnare nel mondo del lavoro le persone fragili","robots":{"index":"index","follow":"follow","max-snippet":"max-snippet:-1","max-image-preview":"max-image-preview:large","max-video-preview":"max-video-preview:-1"},"canonical":"https:\/\/www.intoscana.it\/it\/lavoro-in-lunigiana-unequipe-multidisciplinare-al-centro-per-limpego-per-includere-persone-fragili\/","og_locale":"it_IT","og_type":"article","og_title":"Lavoro, in Lunigiana un'\u00e9quipe multidisciplinare al Centro per l'impiego per includere persone fragili","og_description":"Anche in Lunigiana servizi sociali e centri per l'impiego fanno \u00a0squadra per accompagnare nel mondo del lavoro le persone fragili","og_url":"https:\/\/www.intoscana.it\/it\/lavoro-in-lunigiana-unequipe-multidisciplinare-al-centro-per-limpego-per-includere-persone-fragili\/","og_site_name":"intoscana","article_publisher":"https:\/\/www.facebook.com\/intoscana.it","article_published_time":"2025-07-16T07:02:52+00:00","article_modified_time":"2025-07-16T13:10:37+00:00","og_image":[{"width":800,"height":534,"url":"https:\/\/www.intoscana.it\/wp-content\/uploads\/Lavoro-e-disabilita\u0300.jpeg","type":"image\/jpeg"}],"author":"Redazione","twitter_card":"summary_large_image","twitter_creator":"@intoscana","twitter_site":"@intoscana","twitter_misc":{"Written by":"Redazione","Est. reading time":"2 minuti"},"schema":{"@context":"https:\/\/schema.org","@graph":[{"@type":"WebPage","@id":"https:\/\/www.intoscana.it\/it\/lavoro-in-lunigiana-unequipe-multidisciplinare-al-centro-per-limpego-per-includere-persone-fragili\/","url":"https:\/\/www.intoscana.it\/it\/lavoro-in-lunigiana-unequipe-multidisciplinare-al-centro-per-limpego-per-includere-persone-fragili\/","name":"Lavoro, in Lunigiana un'\u00e9quipe multidisciplinare al Centro per l'impiego per includere persone fragili - intoscana","isPartOf":{"@id":"https:\/\/www.intoscana.it\/it\/#website"},"primaryImageOfPage":{"@id":"https:\/\/www.intoscana.it\/it\/lavoro-in-lunigiana-unequipe-multidisciplinare-al-centro-per-limpego-per-includere-persone-fragili\/#primaryimage"},"image":{"@id":"https:\/\/www.intoscana.it\/it\/lavoro-in-lunigiana-unequipe-multidisciplinare-al-centro-per-limpego-per-includere-persone-fragili\/#primaryimage"},"thumbnailUrl":"https:\/\/www.intoscana.it\/wp-content\/uploads\/Lavoro-e-disabilita\u0300.jpeg","datePublished":"2025-07-16T07:02:52+00:00","dateModified":"2025-07-16T13:10:37+00:00","author":{"@id":"https:\/\/www.intoscana.it\/it\/#\/schema\/person\/9223810753230f20bd670fdd322661f8"},"description":"Anche in Lunigiana servizi sociali e centri per l'impiego fanno \u00a0squadra per accompagnare nel mondo del lavoro le persone fragili","breadcrumb":{"@id":"https:\/\/www.intoscana.it\/it\/lavoro-in-lunigiana-unequipe-multidisciplinare-al-centro-per-limpego-per-includere-persone-fragili\/#breadcrumb"},"inLanguage":"it-IT","potentialAction":[{"@type":"ReadAction","target":["https:\/\/www.intoscana.it\/it\/lavoro-in-lunigiana-unequipe-multidisciplinare-al-centro-per-limpego-per-includere-persone-fragili\/"]}]},{"@type":"ImageObject","inLanguage":"it-IT","@id":"https:\/\/www.intoscana.it\/it\/lavoro-in-lunigiana-unequipe-multidisciplinare-al-centro-per-limpego-per-includere-persone-fragili\/#primaryimage","url":"https:\/\/www.intoscana.it\/wp-content\/uploads\/Lavoro-e-disabilita\u0300.jpeg","contentUrl":"https:\/\/www.intoscana.it\/wp-content\/uploads\/Lavoro-e-disabilita\u0300.jpeg","width":800,"height":534,"caption":"Lavoro e disabilita\u0300"},{"@type":"BreadcrumbList","@id":"https:\/\/www.intoscana.it\/it\/lavoro-in-lunigiana-unequipe-multidisciplinare-al-centro-per-limpego-per-includere-persone-fragili\/#breadcrumb","itemListElement":[{"@type":"ListItem","position":1,"name":"Home","item":"https:\/\/www.intoscana.it\/it\/"},{"@type":"ListItem","position":2,"name":"Lavoro, in Lunigiana un&#8217;\u00e9quipe multidisciplinare al Centro per l&#8217;impiego per includere persone fragili"}]},{"@type":"WebSite","@id":"https:\/\/www.intoscana.it\/it\/#website","url":"https:\/\/www.intoscana.it\/it\/","name":"intoscana","description":"","potentialAction":[{"@type":"SearchAction","target":{"@type":"EntryPoint","urlTemplate":"https:\/\/www.intoscana.it\/it\/?s={search_term_string}"},"query-input":{"@type":"PropertyValueSpecification","valueRequired":true,"valueName":"search_term_string"}}],"inLanguage":"it-IT"},{"@type":"Person","@id":"https:\/\/www.intoscana.it\/it\/#\/schema\/person\/9223810753230f20bd670fdd322661f8","name":"Redazione","url":"https:\/\/www.intoscana.it\/it\/author\/redazione\/"}]}},"_links":{"self":[{"href":"https:\/\/www.intoscana.it\/it\/wp-json\/wp\/v2\/posts\/392744","targetHints":{"allow":["GET"]}}],"collection":[{"href":"https:\/\/www.intoscana.it\/it\/wp-json\/wp\/v2\/posts"}],"about":[{"href":"https:\/\/www.intoscana.it\/it\/wp-json\/wp\/v2\/types\/post"}],"author":[{"embeddable":true,"href":"https:\/\/www.intoscana.it\/it\/wp-json\/wp\/v2\/users\/525"}],"replies":[{"embeddable":true,"href":"https:\/\/www.intoscana.it\/it\/wp-json\/wp\/v2\/comments?post=392744"}],"version-history":[{"count":5,"href":"https:\/\/www.intoscana.it\/it\/wp-json\/wp\/v2\/posts\/392744\/revisions"}],"predecessor-version":[{"id":392883,"href":"https:\/\/www.intoscana.it\/it\/wp-json\/wp\/v2\/posts\/392744\/revisions\/392883"}],"wp:featuredmedia":[{"embeddable":true,"href":"https:\/\/www.intoscana.it\/it\/wp-json\/wp\/v2\/media\/298627"}],"wp:attachment":[{"href":"https:\/\/www.intoscana.it\/it\/wp-json\/wp\/v2\/media?parent=392744"}],"wp:term":[{"taxonomy":"category","embeddable":true,"href":"https:\/\/www.intoscana.it\/it\/wp-json\/wp\/v2\/categories?post=392744"},{"taxonomy":"post_tag","embeddable":true,"href":"https:\/\/www.intoscana.it\/it\/wp-json\/wp\/v2\/tags?post=392744"}],"curies":[{"name":"wp","href":"https:\/\/api.w.org\/{rel}","templated":true}]}}