{"id":392746,"date":"2025-07-16T15:50:16","date_gmt":"2025-07-16T13:50:16","guid":{"rendered":"https:\/\/www.intoscana.it\/it\/?p=392746"},"modified":"2025-07-16T16:04:00","modified_gmt":"2025-07-16T14:04:00","slug":"in-nomadic-musica-arte-e-scienza-celebrano-la-diversita-maroccolo-questo-pianeta-non-e-nato-per-essere-diviso","status":"publish","type":"post","link":"https:\/\/www.intoscana.it\/it\/in-nomadic-musica-arte-e-scienza-celebrano-la-diversita-maroccolo-questo-pianeta-non-e-nato-per-essere-diviso\/","title":{"rendered":"In &#8220;Nomadic&#8221; musica, arte e scienza celebrano la diversit\u00e0, Maroccolo: &#8220;Questo pianeta non \u00e8 nato per essere diviso&#8221;"},"content":{"rendered":"<p><strong>Domenica 27 luglio<\/strong> nel <strong>Parco della Maremma ad Alberese<\/strong> (e il prossimo 20 novembre al Teatro Politeama di Prato) va in scena &#8220;<strong><em>Nomadic \u2013 Canto per la Biodiversit\u00e0&#8221;,<\/em><\/strong> spettacolo ideato dall&#8217;<strong>evoluzionista e filosofo Telmo Pievani e da Gianni Maroccolo,<\/strong> promosso dal <strong><a href=\"https:\/\/www.nbfc.it\" target=\"_blank\" rel=\"noopener\">National Biodiversity Future Center<\/a> e da <a href=\"https:\/\/internationalmusic.it\" target=\"_blank\" rel=\"noopener\">IMARTS.<\/a><\/strong><\/p>\n<p>Un progetto che unisce <strong>musica, divulgazione scientifica e arte visiva<\/strong> per riflettere sulle grandi sfide del nostro tempo: <strong>migrazioni, evoluzione e crisi ambientale. <\/strong>Un invito a superare<strong> barriere culturali e biologiche, <\/strong>in un&#8217;epoca segnata da<strong> crisi ambientali e geopolitiche.<\/strong><\/p>\n<p>Sul palco, accanto a Pievani e Maroccolo, un cast d\u2019eccezione con <strong>Angela Baraldi, Andrea Chimenti, <a href=\"https:\/\/www.youtube.com\/watch?v=2w1DLdwGkRc&amp;t\" target=\"_blank\" rel=\"noopener\">Antonio Aiazzi<\/a>, Simone Beneventi e Simone Filippi.<\/strong> La regia \u00e8 firmata da <strong>Mariano De Tassis,<\/strong> con visual di <strong>Marco Cazzato e Michele Bernardi.<\/strong><\/p>\n<p>Attraverso musiche di <strong>C.S.I., Philip Glass, Battiato, Litfiba, Marlene Kuntz<\/strong> e altri, Nomadic propone <strong>un viaggio sonoro e visivo che esplora la biodiversit\u00e0 come valore imprescindibile<\/strong> e la <strong>migrazione come condizione universale<\/strong>, comune a esseri umani e animali.<\/p>\n<p><strong><em>&#8220;Nomadic&#8221;<\/em><\/strong>\u00e8 molto pi\u00f9 di uno spettacolo: \u00e8 <strong>un manifesto poetico e politico<\/strong> che unisce arte, musica e scienza per<strong> risvegliare coscienze<\/strong> e celebrare la<strong> biodiversit\u00e0 come fonte di resilienza e speranza.<\/strong><\/p>\n<figure id=\"post-392624 media-392624\" class=\"align-none\"><img decoding=\"async\" src=\"https:\/\/www.intoscana.it\/wp-content\/uploads\/M-pacini-scaled.jpeg\" alt=\"\" \/><\/figure>\n<div class=\"titleimg\">Nomadic &#8211; \u00a9 Marco Pacini<\/div>\n<h3>Ecco la nostra intervista a Gianni Maroccolo<\/h3>\n<p><strong>Ciao Gianni come vi siete conosciuti te e Telmo Pievani?<\/strong><\/p>\n<p>Io e Telmo ci siamo conosciuti durante uno dei capitoli del progetto condiviso dei <a href=\"https:\/\/deproducers.com\/\" target=\"_blank\" rel=\"noopener\"><strong><em>&#8220;Deproducers&#8221;<\/em> <\/strong><\/a>che si occupa di fare quello che abbiamo definito &#8220;<strong>musica per conferenze scientifiche<\/strong>&#8221; cio\u00e8 spettacoli in cui si unisce la scienza alla musica. Nell&#8217;ultimo capitolo che si intitolava &#8220;<em><strong>D.N.A.&#8221;<\/strong><\/em> abbiamo collaborato proprio con <a href=\"https:\/\/www.telmopievani.com\/\" target=\"_blank\" rel=\"noopener\"><strong>Telmo Pievani<\/strong><\/a>. Durante quell&#8217;esperienza dopo un po&#8217; di repliche ci siamo conosciuti meglio. Io avevo un po&#8217; di timore reverenziale all&#8217;inizio, ma poi <strong>Telmo mi ha detto che \u00e8 cresciuto con i dischi dei CSI<\/strong>. Cos\u00ec quando mi ha proposto di lavorare insieme a questo nuovo spettacolo ho detto subito di s\u00ec. Lui aveva nel cassetto questo <strong>progetto di raccontare la storia dell&#8217;umanit\u00e0 attraverso le migrazioni <\/strong>degli esseri umani e degli animali.<\/p>\n<p><strong>Come avete lavorato insieme?<\/strong><\/p>\n<p>Telmo ha scritto il primo testo di quello che sarebbe poi diventato<strong><em> &#8220;Nomadic&#8221;<\/em><\/strong> ispirandosi ad alcune parti del percorso dei CSI. Abbiamo lavorato insieme: lui ai testi, io alla scelta delle musiche e agli arrangiamenti. Poi alla fine ci siamo trovati per una quindicina di giorni al <a href=\"https:\/\/www.facebook.com\/profile.php?id=100057592234058\" target=\"_blank\" rel=\"noopener\"><strong>Teatro Marchionneschi di Guardistallo<\/strong> <\/a>per una residenza, un periodo in cui lo spettacolo \u00e8 cresciuto e si \u00e8 strutturato giorno dopo giorno. Sono arrivati il regista <strong>Mariano de Tassis<\/strong> e la parte video a cura di <strong>Marco Cazzato e Michele Bernardi<\/strong>. Abbiamo cercato di creare un linguaggio unico che narrasse la storia dell&#8217;umanit\u00e0 in maniera poetica. Si sono aggiunti i musicisti e il contraltare femminile di <strong>Angela Baraldi.<\/strong><p><span class=\"citazione\">Questo pianeta non \u00e8 nato per essere sporzionato e diviso in stati con confini, regole e leggi diverse. Ci sono mutazioni epocali dell&#8217;umanit\u00e0 che non sono controllabili, ci sono poi tentativi di bloccarle, prevaricazioni contro il nomadismo, il viaggio, ma credo che questi fenomeni risulteranno sempre pi\u00f9 forti<\/span><\/p><\/p>\n<p><strong>Oltre alle canzoni dei CSI ci sono anche brani di Battiato, Philip Glass, Marlene Kuntz, Litfiba. Come li hai scelti? Sono legati a dei momenti della narrazione o \u00e8 pi\u00f9 un filo emotivo?<\/strong><\/p>\n<p>Diciamo che l&#8217;aspetto emozionale viene di conseguenza, io<strong> ho cercato di seguire e ispirarmi alla narrazione di Telmo<\/strong>. Per esempio quando si parla di uccelli, si accenna strumentalmente a <strong><em>Uccelli<\/em> di Franco Battiato<\/strong>. Oppure quando si parla degli animali ho pensato potesse starci bene un brano che ho scritto con <strong>Iosonouncane<\/strong> <strong><em>&#8220;Tundra&#8221;.<\/em> <\/strong>Ovviamente tutto riportato a uno stile molto minimale, lo spettacolo non \u00e8 fragoroso, fondamentalmente la musica \u00e8 un accompagnamento che si va a incastrare con gli altri linguaggi narrativi, <strong>per rendere pi\u00f9 chiaro e forte il messaggio<\/strong>.<\/p>\n<p><strong>In Nomadic si racconta che la migrazione \u00e8 un fenomeno che ha caretterizzato la vita degli esseri umani e degli animali fin dalla preistoria. Perch\u00e9 oggi le migrazioni vengono cos\u00ec osteggiate, si cotruiscono muri, si cerca di impedire alle persone di spostarsi?<\/strong><\/p>\n<p>Sono tentativi spesso violenti e umanamente discutibili. <strong>Questo pianeta non \u00e8 nato per essere sporzionato e diviso in stati<\/strong> con confini, regole e leggi diverse. <strong>Ci sono mutazioni epocali dell&#8217;umanit\u00e0 che non sono controllabili, ci sono poi tentativi di bloccarle<\/strong>, prevaricazioni contro il nomadismo, il viaggio, ma credo che <strong>questi fenomeni risulteranno sempre pi\u00f9 forti delle leggi, delle tagliole, delle regole e dei confini.<\/strong> Credo che sia un momento di mutazione in cui si va verso un nuovo tipo di societ\u00e0 e organizzazione della vita del pianeta. Con il nostro spettacolo cerchiamo di far passare il messaggio che <strong>l&#8217;umanit\u00e0 ha la possibilit\u00e0 di evolversi e migliorare solo attraverso la cooperazione e il confronto tra popoli. Le differenze sono un valore aggiunto. <\/strong>Purtroppo in questo momento storico una piccolissima parte di esseri umani gestiscono la ricchezza del pianeta e dettano le regole.<\/p>\n<p><strong>Tutto \u00e8 paradossale se pensiamo che vivamo in un momento storico in cui tutto \u00e8 contaminato e si mescola, i popoli, l&#8217;arte e anche la musica, tutto \u00e8 globale<\/strong><\/p>\n<p>Esattamente, ma infatti <strong>\u00e8 infantile e violento il comportamento di chi vuole tenere sotto controllo un fenomeno di questo tipo<\/strong>. Non puoi bloccare questi fenomeni, <strong>l&#8217;evoluzione dell&#8217;individuo passa proprio attraverso l&#8217;incontro,<\/strong> il mischiare, la valorizzazione delle differenze non rimarcandole.<\/p>\n<h3>Le prossime date di &#8220;Nomadic&#8221;<\/h3>\n<p><strong>27 luglio \u2013 Alberese (GR), Parco della Maremma (Festival nel Parco)<\/strong><br \/>\n6 settembre \u2013 Torino, MITO Settembre Musica<br \/>\n11 ottobre \u2013 Russi (RA), Teatro Comunale<br \/>\n<strong>20 novembre \u2013 Prato, Teatro Politeama<\/strong><\/p>\n<figure id=\"post-392627 media-392627\" class=\"align-none\"><img decoding=\"async\" src=\"https:\/\/www.intoscana.it\/wp-content\/uploads\/Marco-Pacini2-scaled.jpeg\" alt=\"\" \/><\/figure>\n<div class=\"titleimg\">Nomadic &#8211; \u00a9 Marco Pacini<\/div>\n<p>&nbsp;<\/p>\n","protected":false},"excerpt":{"rendered":"<p>Lo spettacolo di Telmo Pievani e Gianni Maroccolo andr\u00e0 in scena domenica 27 luglio nel Parco della Maremma ad Alberese e il prossimo 20 novembre sar\u00e0 al Teatro Politeama di Prato. Sul palco anche: Angela Baraldi, Andrea Chimenti, Antonio Aiazzi, Simone Beneventi e Simone Filippi. Ecco la nostra intervista<\/p>\n","protected":false},"author":518,"featured_media":392630,"comment_status":"open","ping_status":"open","sticky":false,"template":"","format":"standard","meta":{"_acf_changed":false,"footnotes":""},"categories":[14],"tags":[177,5041,216,235,4474,5245],"class_list":["post-392746","post","type-post","status-publish","format-standard","has-post-thumbnail","hentry","category-musica","tag-ambiente","tag-biodiversita","tag-concerti","tag-estate","tag-eventi","tag-gianni-maroccolo"],"acf":[],"yoast_head":"<!-- This site is optimized with the Yoast SEO Premium plugin v24.2 (Yoast SEO v25.6) - https:\/\/yoast.com\/wordpress\/plugins\/seo\/ -->\n<title>In &quot;Nomadic&quot; musica, arte e scienza celebrano la diversit\u00e0, Maroccolo: &quot;Questo pianeta non \u00e8 nato per essere diviso&quot; - intoscana<\/title>\n<meta name=\"description\" content=\"Lo spettacolo di Telmo Pievani e Gianni Maroccolo andr\u00e0 in scena domenica 27 luglio nel Parco della Maremma ad Alberese\" \/>\n<meta name=\"robots\" content=\"index, follow, max-snippet:-1, max-image-preview:large, max-video-preview:-1\" \/>\n<link rel=\"canonical\" href=\"https:\/\/www.intoscana.it\/it\/in-nomadic-musica-arte-e-scienza-celebrano-la-diversita-maroccolo-questo-pianeta-non-e-nato-per-essere-diviso\/\" \/>\n<meta property=\"og:locale\" content=\"it_IT\" \/>\n<meta property=\"og:type\" content=\"article\" \/>\n<meta property=\"og:title\" content=\"In &quot;Nomadic&quot; musica, arte e scienza celebrano la diversit\u00e0, Maroccolo: &quot;Questo pianeta non \u00e8 nato per essere diviso&quot;\" \/>\n<meta property=\"og:description\" content=\"Lo spettacolo di Telmo Pievani e Gianni Maroccolo andr\u00e0 in scena domenica 27 luglio nel Parco della Maremma ad Alberese\" \/>\n<meta property=\"og:url\" content=\"https:\/\/www.intoscana.it\/it\/in-nomadic-musica-arte-e-scienza-celebrano-la-diversita-maroccolo-questo-pianeta-non-e-nato-per-essere-diviso\/\" \/>\n<meta property=\"og:site_name\" content=\"intoscana\" \/>\n<meta property=\"article:publisher\" content=\"https:\/\/www.facebook.com\/intoscana.it\" \/>\n<meta property=\"article:published_time\" content=\"2025-07-16T13:50:16+00:00\" \/>\n<meta property=\"article:modified_time\" content=\"2025-07-16T14:04:00+00:00\" \/>\n<meta property=\"og:image\" content=\"https:\/\/www.intoscana.it\/wp-content\/uploads\/Pacini-2-scaled-e1752669745615.jpeg\" \/>\n\t<meta property=\"og:image:width\" content=\"2017\" \/>\n\t<meta property=\"og:image:height\" content=\"1040\" \/>\n\t<meta property=\"og:image:type\" content=\"image\/jpeg\" \/>\n<meta name=\"author\" content=\"Costanza Baldini\" \/>\n<meta name=\"twitter:card\" content=\"summary_large_image\" \/>\n<meta name=\"twitter:creator\" content=\"@intoscana\" \/>\n<meta name=\"twitter:site\" content=\"@intoscana\" \/>\n<meta name=\"twitter:label1\" content=\"Written by\" \/>\n\t<meta name=\"twitter:data1\" content=\"Costanza Baldini\" \/>\n\t<meta name=\"twitter:label2\" content=\"Est. reading time\" \/>\n\t<meta name=\"twitter:data2\" content=\"6 minuti\" \/>\n<script type=\"application\/ld+json\" class=\"yoast-schema-graph\">{\"@context\":\"https:\/\/schema.org\",\"@graph\":[{\"@type\":\"WebPage\",\"@id\":\"https:\/\/www.intoscana.it\/it\/in-nomadic-musica-arte-e-scienza-celebrano-la-diversita-maroccolo-questo-pianeta-non-e-nato-per-essere-diviso\/\",\"url\":\"https:\/\/www.intoscana.it\/it\/in-nomadic-musica-arte-e-scienza-celebrano-la-diversita-maroccolo-questo-pianeta-non-e-nato-per-essere-diviso\/\",\"name\":\"In \\\"Nomadic\\\" musica, arte e scienza celebrano la diversit\u00e0, Maroccolo: \\\"Questo pianeta non \u00e8 nato per essere diviso\\\" - intoscana\",\"isPartOf\":{\"@id\":\"https:\/\/www.intoscana.it\/it\/#website\"},\"primaryImageOfPage\":{\"@id\":\"https:\/\/www.intoscana.it\/it\/in-nomadic-musica-arte-e-scienza-celebrano-la-diversita-maroccolo-questo-pianeta-non-e-nato-per-essere-diviso\/#primaryimage\"},\"image\":{\"@id\":\"https:\/\/www.intoscana.it\/it\/in-nomadic-musica-arte-e-scienza-celebrano-la-diversita-maroccolo-questo-pianeta-non-e-nato-per-essere-diviso\/#primaryimage\"},\"thumbnailUrl\":\"https:\/\/www.intoscana.it\/wp-content\/uploads\/Pacini-2-scaled-e1752669745615.jpeg\",\"datePublished\":\"2025-07-16T13:50:16+00:00\",\"dateModified\":\"2025-07-16T14:04:00+00:00\",\"author\":{\"@id\":\"https:\/\/www.intoscana.it\/it\/#\/schema\/person\/d469f35f09739bdf00bf5dd3f0647a82\"},\"description\":\"Lo spettacolo di Telmo Pievani e Gianni Maroccolo andr\u00e0 in scena domenica 27 luglio nel Parco della Maremma ad Alberese\",\"breadcrumb\":{\"@id\":\"https:\/\/www.intoscana.it\/it\/in-nomadic-musica-arte-e-scienza-celebrano-la-diversita-maroccolo-questo-pianeta-non-e-nato-per-essere-diviso\/#breadcrumb\"},\"inLanguage\":\"it-IT\",\"potentialAction\":[{\"@type\":\"ReadAction\",\"target\":[\"https:\/\/www.intoscana.it\/it\/in-nomadic-musica-arte-e-scienza-celebrano-la-diversita-maroccolo-questo-pianeta-non-e-nato-per-essere-diviso\/\"]}]},{\"@type\":\"ImageObject\",\"inLanguage\":\"it-IT\",\"@id\":\"https:\/\/www.intoscana.it\/it\/in-nomadic-musica-arte-e-scienza-celebrano-la-diversita-maroccolo-questo-pianeta-non-e-nato-per-essere-diviso\/#primaryimage\",\"url\":\"https:\/\/www.intoscana.it\/wp-content\/uploads\/Pacini-2-scaled-e1752669745615.jpeg\",\"contentUrl\":\"https:\/\/www.intoscana.it\/wp-content\/uploads\/Pacini-2-scaled-e1752669745615.jpeg\",\"width\":2017,\"height\":1040,\"caption\":\"Nomadic\"},{\"@type\":\"BreadcrumbList\",\"@id\":\"https:\/\/www.intoscana.it\/it\/in-nomadic-musica-arte-e-scienza-celebrano-la-diversita-maroccolo-questo-pianeta-non-e-nato-per-essere-diviso\/#breadcrumb\",\"itemListElement\":[{\"@type\":\"ListItem\",\"position\":1,\"name\":\"Home\",\"item\":\"https:\/\/www.intoscana.it\/it\/\"},{\"@type\":\"ListItem\",\"position\":2,\"name\":\"In &#8220;Nomadic&#8221; musica, arte e scienza celebrano la diversit\u00e0, Maroccolo: &#8220;Questo pianeta non \u00e8 nato per essere diviso&#8221;\"}]},{\"@type\":\"WebSite\",\"@id\":\"https:\/\/www.intoscana.it\/it\/#website\",\"url\":\"https:\/\/www.intoscana.it\/it\/\",\"name\":\"intoscana\",\"description\":\"\",\"potentialAction\":[{\"@type\":\"SearchAction\",\"target\":{\"@type\":\"EntryPoint\",\"urlTemplate\":\"https:\/\/www.intoscana.it\/it\/?s={search_term_string}\"},\"query-input\":{\"@type\":\"PropertyValueSpecification\",\"valueRequired\":true,\"valueName\":\"search_term_string\"}}],\"inLanguage\":\"it-IT\"},{\"@type\":\"Person\",\"@id\":\"https:\/\/www.intoscana.it\/it\/#\/schema\/person\/d469f35f09739bdf00bf5dd3f0647a82\",\"name\":\"Costanza Baldini\",\"url\":\"https:\/\/www.intoscana.it\/it\/author\/costanza-baldini\/\"}]}<\/script>\n<!-- \/ Yoast SEO Premium plugin. -->","yoast_head_json":{"title":"In \"Nomadic\" musica, arte e scienza celebrano la diversit\u00e0, Maroccolo: \"Questo pianeta non \u00e8 nato per essere diviso\" - intoscana","description":"Lo spettacolo di Telmo Pievani e Gianni Maroccolo andr\u00e0 in scena domenica 27 luglio nel Parco della Maremma ad Alberese","robots":{"index":"index","follow":"follow","max-snippet":"max-snippet:-1","max-image-preview":"max-image-preview:large","max-video-preview":"max-video-preview:-1"},"canonical":"https:\/\/www.intoscana.it\/it\/in-nomadic-musica-arte-e-scienza-celebrano-la-diversita-maroccolo-questo-pianeta-non-e-nato-per-essere-diviso\/","og_locale":"it_IT","og_type":"article","og_title":"In \"Nomadic\" musica, arte e scienza celebrano la diversit\u00e0, Maroccolo: \"Questo pianeta non \u00e8 nato per essere diviso\"","og_description":"Lo spettacolo di Telmo Pievani e Gianni Maroccolo andr\u00e0 in scena domenica 27 luglio nel Parco della Maremma ad Alberese","og_url":"https:\/\/www.intoscana.it\/it\/in-nomadic-musica-arte-e-scienza-celebrano-la-diversita-maroccolo-questo-pianeta-non-e-nato-per-essere-diviso\/","og_site_name":"intoscana","article_publisher":"https:\/\/www.facebook.com\/intoscana.it","article_published_time":"2025-07-16T13:50:16+00:00","article_modified_time":"2025-07-16T14:04:00+00:00","og_image":[{"width":2017,"height":1040,"url":"https:\/\/www.intoscana.it\/wp-content\/uploads\/Pacini-2-scaled-e1752669745615.jpeg","type":"image\/jpeg"}],"author":"Costanza Baldini","twitter_card":"summary_large_image","twitter_creator":"@intoscana","twitter_site":"@intoscana","twitter_misc":{"Written by":"Costanza Baldini","Est. reading time":"6 minuti"},"schema":{"@context":"https:\/\/schema.org","@graph":[{"@type":"WebPage","@id":"https:\/\/www.intoscana.it\/it\/in-nomadic-musica-arte-e-scienza-celebrano-la-diversita-maroccolo-questo-pianeta-non-e-nato-per-essere-diviso\/","url":"https:\/\/www.intoscana.it\/it\/in-nomadic-musica-arte-e-scienza-celebrano-la-diversita-maroccolo-questo-pianeta-non-e-nato-per-essere-diviso\/","name":"In \"Nomadic\" musica, arte e scienza celebrano la diversit\u00e0, Maroccolo: \"Questo pianeta non \u00e8 nato per essere diviso\" - intoscana","isPartOf":{"@id":"https:\/\/www.intoscana.it\/it\/#website"},"primaryImageOfPage":{"@id":"https:\/\/www.intoscana.it\/it\/in-nomadic-musica-arte-e-scienza-celebrano-la-diversita-maroccolo-questo-pianeta-non-e-nato-per-essere-diviso\/#primaryimage"},"image":{"@id":"https:\/\/www.intoscana.it\/it\/in-nomadic-musica-arte-e-scienza-celebrano-la-diversita-maroccolo-questo-pianeta-non-e-nato-per-essere-diviso\/#primaryimage"},"thumbnailUrl":"https:\/\/www.intoscana.it\/wp-content\/uploads\/Pacini-2-scaled-e1752669745615.jpeg","datePublished":"2025-07-16T13:50:16+00:00","dateModified":"2025-07-16T14:04:00+00:00","author":{"@id":"https:\/\/www.intoscana.it\/it\/#\/schema\/person\/d469f35f09739bdf00bf5dd3f0647a82"},"description":"Lo spettacolo di Telmo Pievani e Gianni Maroccolo andr\u00e0 in scena domenica 27 luglio nel Parco della Maremma ad Alberese","breadcrumb":{"@id":"https:\/\/www.intoscana.it\/it\/in-nomadic-musica-arte-e-scienza-celebrano-la-diversita-maroccolo-questo-pianeta-non-e-nato-per-essere-diviso\/#breadcrumb"},"inLanguage":"it-IT","potentialAction":[{"@type":"ReadAction","target":["https:\/\/www.intoscana.it\/it\/in-nomadic-musica-arte-e-scienza-celebrano-la-diversita-maroccolo-questo-pianeta-non-e-nato-per-essere-diviso\/"]}]},{"@type":"ImageObject","inLanguage":"it-IT","@id":"https:\/\/www.intoscana.it\/it\/in-nomadic-musica-arte-e-scienza-celebrano-la-diversita-maroccolo-questo-pianeta-non-e-nato-per-essere-diviso\/#primaryimage","url":"https:\/\/www.intoscana.it\/wp-content\/uploads\/Pacini-2-scaled-e1752669745615.jpeg","contentUrl":"https:\/\/www.intoscana.it\/wp-content\/uploads\/Pacini-2-scaled-e1752669745615.jpeg","width":2017,"height":1040,"caption":"Nomadic"},{"@type":"BreadcrumbList","@id":"https:\/\/www.intoscana.it\/it\/in-nomadic-musica-arte-e-scienza-celebrano-la-diversita-maroccolo-questo-pianeta-non-e-nato-per-essere-diviso\/#breadcrumb","itemListElement":[{"@type":"ListItem","position":1,"name":"Home","item":"https:\/\/www.intoscana.it\/it\/"},{"@type":"ListItem","position":2,"name":"In &#8220;Nomadic&#8221; musica, arte e scienza celebrano la diversit\u00e0, Maroccolo: &#8220;Questo pianeta non \u00e8 nato per essere diviso&#8221;"}]},{"@type":"WebSite","@id":"https:\/\/www.intoscana.it\/it\/#website","url":"https:\/\/www.intoscana.it\/it\/","name":"intoscana","description":"","potentialAction":[{"@type":"SearchAction","target":{"@type":"EntryPoint","urlTemplate":"https:\/\/www.intoscana.it\/it\/?s={search_term_string}"},"query-input":{"@type":"PropertyValueSpecification","valueRequired":true,"valueName":"search_term_string"}}],"inLanguage":"it-IT"},{"@type":"Person","@id":"https:\/\/www.intoscana.it\/it\/#\/schema\/person\/d469f35f09739bdf00bf5dd3f0647a82","name":"Costanza Baldini","url":"https:\/\/www.intoscana.it\/it\/author\/costanza-baldini\/"}]}},"_links":{"self":[{"href":"https:\/\/www.intoscana.it\/it\/wp-json\/wp\/v2\/posts\/392746","targetHints":{"allow":["GET"]}}],"collection":[{"href":"https:\/\/www.intoscana.it\/it\/wp-json\/wp\/v2\/posts"}],"about":[{"href":"https:\/\/www.intoscana.it\/it\/wp-json\/wp\/v2\/types\/post"}],"author":[{"embeddable":true,"href":"https:\/\/www.intoscana.it\/it\/wp-json\/wp\/v2\/users\/518"}],"replies":[{"embeddable":true,"href":"https:\/\/www.intoscana.it\/it\/wp-json\/wp\/v2\/comments?post=392746"}],"version-history":[{"count":5,"href":"https:\/\/www.intoscana.it\/it\/wp-json\/wp\/v2\/posts\/392746\/revisions"}],"predecessor-version":[{"id":392910,"href":"https:\/\/www.intoscana.it\/it\/wp-json\/wp\/v2\/posts\/392746\/revisions\/392910"}],"wp:featuredmedia":[{"embeddable":true,"href":"https:\/\/www.intoscana.it\/it\/wp-json\/wp\/v2\/media\/392630"}],"wp:attachment":[{"href":"https:\/\/www.intoscana.it\/it\/wp-json\/wp\/v2\/media?parent=392746"}],"wp:term":[{"taxonomy":"category","embeddable":true,"href":"https:\/\/www.intoscana.it\/it\/wp-json\/wp\/v2\/categories?post=392746"},{"taxonomy":"post_tag","embeddable":true,"href":"https:\/\/www.intoscana.it\/it\/wp-json\/wp\/v2\/tags?post=392746"}],"curies":[{"name":"wp","href":"https:\/\/api.w.org\/{rel}","templated":true}]}}