{"id":393697,"date":"2025-07-23T09:12:36","date_gmt":"2025-07-23T07:12:36","guid":{"rendered":"https:\/\/www.intoscana.it\/it\/?p=393697"},"modified":"2025-07-23T09:12:36","modified_gmt":"2025-07-23T07:12:36","slug":"fermata-ferroviaria-guidoni-la-regione-la-dichiara-strategica-e-chiede-integrazioni-al-progetto","status":"publish","type":"post","link":"https:\/\/www.intoscana.it\/it\/fermata-ferroviaria-guidoni-la-regione-la-dichiara-strategica-e-chiede-integrazioni-al-progetto\/","title":{"rendered":"Fermata ferroviaria Guidoni: la Regione la dichiara strategica e chiede integrazioni al progetto"},"content":{"rendered":"<p data-start=\"172\" data-end=\"646\">La Giunta regionale della Toscana ha approvato una delibera che riconosce come<strong> strategica la nuova fermata ferroviaria di Firenze Guidoni,<\/strong> prevista lungo la linea Firenze-Pisa. Il progetto, destinato a migliorare i collegamenti tra Firenze e Siena e a servire i flussi di traffico da e per citt\u00e0 come Empoli, Pisa, Livorno, La Spezia e Pontremoli, dovr\u00e0 per\u00f2 essere integrato da<strong> Rete Ferroviaria Italiana<\/strong> (RFI) per ottenere il via libera definitivo.<\/p>\n<p data-start=\"648\" data-end=\"1097\">&#8220;<em>La nuova fermata rientra nella nostra visione di potenziamento dell\u2019infrastruttura ferroviaria regionale<\/em> \u2013 ha spiegato il presidente della Regione <strong>Eugenio Giani<\/strong> \u2013 <em>per aumentare l\u2019accessibilit\u00e0 al nodo di Firenze e ridurre il traffico su gomma, in linea con il Piano regionale delle infrastrutture e mobilit\u00e0 (Priim). Ma per essere approvata, RFI dovr\u00e0 integrare il progetto secondo le indicazioni tecniche e ambientali fornite dai nostri uffici&#8221;<\/em>.<\/p>\n<p data-start=\"1099\" data-end=\"1517\">Secondo l\u2019assessore regionale ai trasporti,<strong> Stefano Baccelli<\/strong>, la fermata sar\u00e0 collocata in un punto altamente strategico: &#8220;<em>Si inserisce in un hub gi\u00e0 servito da stazione bus, tranvia e aeroporto a Peretola. Il grande valore aggiunto sar\u00e0 l\u2019interscambio diretto tra la linea ferroviaria pisana e la rete tranviaria fiorentina, con importanti ricadute in termini di efficienza e flessibilit\u00e0 per la mobilit\u00e0 pubblica<\/em>&#8220;.<\/p>\n<p data-start=\"1519\" data-end=\"1828\">La Regione, pur riconoscendo il valore dell\u2019opera, ha chiarito che l\u2019iter autorizzativo non potr\u00e0 proseguire senza il parere favorevole degli uffici competenti. Parere che sar\u00e0 possibile esprimere solo a seguito della presentazione della documentazione integrativa e delle successive valutazioni ambientali.<\/p>\n<p data-start=\"1830\" data-end=\"1995\" data-is-last-node=\"\" data-is-only-node=\"\">La nuova fermata ferroviaria di Guidoni, quindi, si conferma una priorit\u00e0 per la Toscana, ma resta vincolata a un percorso tecnico e ambientale ancora da completare.<\/p>\n","protected":false},"excerpt":{"rendered":"<p>La nuova stazione dovr\u00e0 essere realizzata sulla linea Firenze \u2013 Pisa per il collegamento tra Firenze e Siena, a servizio dei flussi di traffico da e per Siena, Empoli, Pisa, Livorno, La Spezia e Pontremoli<\/p>\n","protected":false},"author":525,"featured_media":393698,"comment_status":"open","ping_status":"open","sticky":false,"template":"","format":"standard","meta":{"_acf_changed":false,"footnotes":""},"categories":[494],"tags":[158,4418,1577,4818],"class_list":["post-393697","post","type-post","status-publish","format-standard","has-post-thumbnail","hentry","category-attualita","tag-eugenio-giani","tag-infrastrutture","tag-muoversi-in-toscana","tag-stefano-baccelli"],"acf":[],"yoast_head":"<!-- This site is optimized with the Yoast SEO Premium plugin v24.2 (Yoast SEO v25.6) - https:\/\/yoast.com\/wordpress\/plugins\/seo\/ -->\n<title>Fermata ferroviaria Guidoni: la Regione la dichiara strategica e chiede integrazioni al progetto - intoscana<\/title>\n<meta name=\"robots\" content=\"index, follow, max-snippet:-1, max-image-preview:large, max-video-preview:-1\" \/>\n<link rel=\"canonical\" href=\"https:\/\/www.intoscana.it\/it\/fermata-ferroviaria-guidoni-la-regione-la-dichiara-strategica-e-chiede-integrazioni-al-progetto\/\" \/>\n<meta property=\"og:locale\" content=\"it_IT\" \/>\n<meta property=\"og:type\" content=\"article\" \/>\n<meta property=\"og:title\" content=\"Fermata ferroviaria Guidoni: la Regione la dichiara strategica e chiede integrazioni al progetto\" \/>\n<meta property=\"og:description\" content=\"La nuova stazione dovr\u00e0 essere realizzata sulla linea Firenze \u2013 Pisa per il collegamento tra Firenze e Siena, a servizio dei flussi di traffico da e per Siena, Empoli, Pisa, Livorno, La Spezia e Pontremoli\" \/>\n<meta property=\"og:url\" content=\"https:\/\/www.intoscana.it\/it\/fermata-ferroviaria-guidoni-la-regione-la-dichiara-strategica-e-chiede-integrazioni-al-progetto\/\" \/>\n<meta property=\"og:site_name\" content=\"intoscana\" \/>\n<meta property=\"article:publisher\" content=\"https:\/\/www.facebook.com\/intoscana.it\" \/>\n<meta property=\"article:published_time\" content=\"2025-07-23T07:12:36+00:00\" \/>\n<meta property=\"og:image\" content=\"https:\/\/www.intoscana.it\/wp-content\/uploads\/fermata-ferroviaria-guidoni.jpeg\" \/>\n\t<meta property=\"og:image:width\" content=\"1280\" \/>\n\t<meta property=\"og:image:height\" content=\"773\" \/>\n\t<meta property=\"og:image:type\" content=\"image\/jpeg\" \/>\n<meta name=\"author\" content=\"Redazione\" \/>\n<meta name=\"twitter:card\" content=\"summary_large_image\" \/>\n<meta name=\"twitter:creator\" content=\"@intoscana\" \/>\n<meta name=\"twitter:site\" content=\"@intoscana\" \/>\n<meta name=\"twitter:label1\" content=\"Written by\" \/>\n\t<meta name=\"twitter:data1\" content=\"Redazione\" \/>\n\t<meta name=\"twitter:label2\" content=\"Est. reading time\" \/>\n\t<meta name=\"twitter:data2\" content=\"2 minuti\" \/>\n<script type=\"application\/ld+json\" class=\"yoast-schema-graph\">{\"@context\":\"https:\/\/schema.org\",\"@graph\":[{\"@type\":\"WebPage\",\"@id\":\"https:\/\/www.intoscana.it\/it\/fermata-ferroviaria-guidoni-la-regione-la-dichiara-strategica-e-chiede-integrazioni-al-progetto\/\",\"url\":\"https:\/\/www.intoscana.it\/it\/fermata-ferroviaria-guidoni-la-regione-la-dichiara-strategica-e-chiede-integrazioni-al-progetto\/\",\"name\":\"Fermata ferroviaria Guidoni: la Regione la dichiara strategica e chiede integrazioni al progetto - intoscana\",\"isPartOf\":{\"@id\":\"https:\/\/www.intoscana.it\/it\/#website\"},\"primaryImageOfPage\":{\"@id\":\"https:\/\/www.intoscana.it\/it\/fermata-ferroviaria-guidoni-la-regione-la-dichiara-strategica-e-chiede-integrazioni-al-progetto\/#primaryimage\"},\"image\":{\"@id\":\"https:\/\/www.intoscana.it\/it\/fermata-ferroviaria-guidoni-la-regione-la-dichiara-strategica-e-chiede-integrazioni-al-progetto\/#primaryimage\"},\"thumbnailUrl\":\"https:\/\/www.intoscana.it\/wp-content\/uploads\/fermata-ferroviaria-guidoni.jpeg\",\"datePublished\":\"2025-07-23T07:12:36+00:00\",\"author\":{\"@id\":\"https:\/\/www.intoscana.it\/it\/#\/schema\/person\/9223810753230f20bd670fdd322661f8\"},\"breadcrumb\":{\"@id\":\"https:\/\/www.intoscana.it\/it\/fermata-ferroviaria-guidoni-la-regione-la-dichiara-strategica-e-chiede-integrazioni-al-progetto\/#breadcrumb\"},\"inLanguage\":\"it-IT\",\"potentialAction\":[{\"@type\":\"ReadAction\",\"target\":[\"https:\/\/www.intoscana.it\/it\/fermata-ferroviaria-guidoni-la-regione-la-dichiara-strategica-e-chiede-integrazioni-al-progetto\/\"]}]},{\"@type\":\"ImageObject\",\"inLanguage\":\"it-IT\",\"@id\":\"https:\/\/www.intoscana.it\/it\/fermata-ferroviaria-guidoni-la-regione-la-dichiara-strategica-e-chiede-integrazioni-al-progetto\/#primaryimage\",\"url\":\"https:\/\/www.intoscana.it\/wp-content\/uploads\/fermata-ferroviaria-guidoni.jpeg\",\"contentUrl\":\"https:\/\/www.intoscana.it\/wp-content\/uploads\/fermata-ferroviaria-guidoni.jpeg\",\"width\":1280,\"height\":773,\"caption\":\"Screenshot\"},{\"@type\":\"BreadcrumbList\",\"@id\":\"https:\/\/www.intoscana.it\/it\/fermata-ferroviaria-guidoni-la-regione-la-dichiara-strategica-e-chiede-integrazioni-al-progetto\/#breadcrumb\",\"itemListElement\":[{\"@type\":\"ListItem\",\"position\":1,\"name\":\"Home\",\"item\":\"https:\/\/www.intoscana.it\/it\/\"},{\"@type\":\"ListItem\",\"position\":2,\"name\":\"Fermata ferroviaria Guidoni: la Regione la dichiara strategica e chiede integrazioni al progetto\"}]},{\"@type\":\"WebSite\",\"@id\":\"https:\/\/www.intoscana.it\/it\/#website\",\"url\":\"https:\/\/www.intoscana.it\/it\/\",\"name\":\"intoscana\",\"description\":\"\",\"potentialAction\":[{\"@type\":\"SearchAction\",\"target\":{\"@type\":\"EntryPoint\",\"urlTemplate\":\"https:\/\/www.intoscana.it\/it\/?s={search_term_string}\"},\"query-input\":{\"@type\":\"PropertyValueSpecification\",\"valueRequired\":true,\"valueName\":\"search_term_string\"}}],\"inLanguage\":\"it-IT\"},{\"@type\":\"Person\",\"@id\":\"https:\/\/www.intoscana.it\/it\/#\/schema\/person\/9223810753230f20bd670fdd322661f8\",\"name\":\"Redazione\",\"url\":\"https:\/\/www.intoscana.it\/it\/author\/redazione\/\"}]}<\/script>\n<!-- \/ Yoast SEO Premium plugin. -->","yoast_head_json":{"title":"Fermata ferroviaria Guidoni: la Regione la dichiara strategica e chiede integrazioni al progetto - intoscana","robots":{"index":"index","follow":"follow","max-snippet":"max-snippet:-1","max-image-preview":"max-image-preview:large","max-video-preview":"max-video-preview:-1"},"canonical":"https:\/\/www.intoscana.it\/it\/fermata-ferroviaria-guidoni-la-regione-la-dichiara-strategica-e-chiede-integrazioni-al-progetto\/","og_locale":"it_IT","og_type":"article","og_title":"Fermata ferroviaria Guidoni: la Regione la dichiara strategica e chiede integrazioni al progetto","og_description":"La nuova stazione dovr\u00e0 essere realizzata sulla linea Firenze \u2013 Pisa per il collegamento tra Firenze e Siena, a servizio dei flussi di traffico da e per Siena, Empoli, Pisa, Livorno, La Spezia e Pontremoli","og_url":"https:\/\/www.intoscana.it\/it\/fermata-ferroviaria-guidoni-la-regione-la-dichiara-strategica-e-chiede-integrazioni-al-progetto\/","og_site_name":"intoscana","article_publisher":"https:\/\/www.facebook.com\/intoscana.it","article_published_time":"2025-07-23T07:12:36+00:00","og_image":[{"width":1280,"height":773,"url":"https:\/\/www.intoscana.it\/wp-content\/uploads\/fermata-ferroviaria-guidoni.jpeg","type":"image\/jpeg"}],"author":"Redazione","twitter_card":"summary_large_image","twitter_creator":"@intoscana","twitter_site":"@intoscana","twitter_misc":{"Written by":"Redazione","Est. reading time":"2 minuti"},"schema":{"@context":"https:\/\/schema.org","@graph":[{"@type":"WebPage","@id":"https:\/\/www.intoscana.it\/it\/fermata-ferroviaria-guidoni-la-regione-la-dichiara-strategica-e-chiede-integrazioni-al-progetto\/","url":"https:\/\/www.intoscana.it\/it\/fermata-ferroviaria-guidoni-la-regione-la-dichiara-strategica-e-chiede-integrazioni-al-progetto\/","name":"Fermata ferroviaria Guidoni: la Regione la dichiara strategica e chiede integrazioni al progetto - intoscana","isPartOf":{"@id":"https:\/\/www.intoscana.it\/it\/#website"},"primaryImageOfPage":{"@id":"https:\/\/www.intoscana.it\/it\/fermata-ferroviaria-guidoni-la-regione-la-dichiara-strategica-e-chiede-integrazioni-al-progetto\/#primaryimage"},"image":{"@id":"https:\/\/www.intoscana.it\/it\/fermata-ferroviaria-guidoni-la-regione-la-dichiara-strategica-e-chiede-integrazioni-al-progetto\/#primaryimage"},"thumbnailUrl":"https:\/\/www.intoscana.it\/wp-content\/uploads\/fermata-ferroviaria-guidoni.jpeg","datePublished":"2025-07-23T07:12:36+00:00","author":{"@id":"https:\/\/www.intoscana.it\/it\/#\/schema\/person\/9223810753230f20bd670fdd322661f8"},"breadcrumb":{"@id":"https:\/\/www.intoscana.it\/it\/fermata-ferroviaria-guidoni-la-regione-la-dichiara-strategica-e-chiede-integrazioni-al-progetto\/#breadcrumb"},"inLanguage":"it-IT","potentialAction":[{"@type":"ReadAction","target":["https:\/\/www.intoscana.it\/it\/fermata-ferroviaria-guidoni-la-regione-la-dichiara-strategica-e-chiede-integrazioni-al-progetto\/"]}]},{"@type":"ImageObject","inLanguage":"it-IT","@id":"https:\/\/www.intoscana.it\/it\/fermata-ferroviaria-guidoni-la-regione-la-dichiara-strategica-e-chiede-integrazioni-al-progetto\/#primaryimage","url":"https:\/\/www.intoscana.it\/wp-content\/uploads\/fermata-ferroviaria-guidoni.jpeg","contentUrl":"https:\/\/www.intoscana.it\/wp-content\/uploads\/fermata-ferroviaria-guidoni.jpeg","width":1280,"height":773,"caption":"Screenshot"},{"@type":"BreadcrumbList","@id":"https:\/\/www.intoscana.it\/it\/fermata-ferroviaria-guidoni-la-regione-la-dichiara-strategica-e-chiede-integrazioni-al-progetto\/#breadcrumb","itemListElement":[{"@type":"ListItem","position":1,"name":"Home","item":"https:\/\/www.intoscana.it\/it\/"},{"@type":"ListItem","position":2,"name":"Fermata ferroviaria Guidoni: la Regione la dichiara strategica e chiede integrazioni al progetto"}]},{"@type":"WebSite","@id":"https:\/\/www.intoscana.it\/it\/#website","url":"https:\/\/www.intoscana.it\/it\/","name":"intoscana","description":"","potentialAction":[{"@type":"SearchAction","target":{"@type":"EntryPoint","urlTemplate":"https:\/\/www.intoscana.it\/it\/?s={search_term_string}"},"query-input":{"@type":"PropertyValueSpecification","valueRequired":true,"valueName":"search_term_string"}}],"inLanguage":"it-IT"},{"@type":"Person","@id":"https:\/\/www.intoscana.it\/it\/#\/schema\/person\/9223810753230f20bd670fdd322661f8","name":"Redazione","url":"https:\/\/www.intoscana.it\/it\/author\/redazione\/"}]}},"_links":{"self":[{"href":"https:\/\/www.intoscana.it\/it\/wp-json\/wp\/v2\/posts\/393697","targetHints":{"allow":["GET"]}}],"collection":[{"href":"https:\/\/www.intoscana.it\/it\/wp-json\/wp\/v2\/posts"}],"about":[{"href":"https:\/\/www.intoscana.it\/it\/wp-json\/wp\/v2\/types\/post"}],"author":[{"embeddable":true,"href":"https:\/\/www.intoscana.it\/it\/wp-json\/wp\/v2\/users\/525"}],"replies":[{"embeddable":true,"href":"https:\/\/www.intoscana.it\/it\/wp-json\/wp\/v2\/comments?post=393697"}],"version-history":[{"count":1,"href":"https:\/\/www.intoscana.it\/it\/wp-json\/wp\/v2\/posts\/393697\/revisions"}],"predecessor-version":[{"id":393700,"href":"https:\/\/www.intoscana.it\/it\/wp-json\/wp\/v2\/posts\/393697\/revisions\/393700"}],"wp:featuredmedia":[{"embeddable":true,"href":"https:\/\/www.intoscana.it\/it\/wp-json\/wp\/v2\/media\/393698"}],"wp:attachment":[{"href":"https:\/\/www.intoscana.it\/it\/wp-json\/wp\/v2\/media?parent=393697"}],"wp:term":[{"taxonomy":"category","embeddable":true,"href":"https:\/\/www.intoscana.it\/it\/wp-json\/wp\/v2\/categories?post=393697"},{"taxonomy":"post_tag","embeddable":true,"href":"https:\/\/www.intoscana.it\/it\/wp-json\/wp\/v2\/tags?post=393697"}],"curies":[{"name":"wp","href":"https:\/\/api.w.org\/{rel}","templated":true}]}}