{"id":394228,"date":"2025-07-26T15:11:57","date_gmt":"2025-07-26T13:11:57","guid":{"rendered":"https:\/\/www.intoscana.it\/it\/?p=394228"},"modified":"2025-07-26T15:11:57","modified_gmt":"2025-07-26T13:11:57","slug":"comunicato-sindacale-fnsi-rinnovo","status":"publish","type":"post","link":"https:\/\/www.intoscana.it\/it\/comunicato-sindacale-fnsi-rinnovo\/","title":{"rendered":"Giornalisti, contratto fermo dal 2016 ma agli editori 240 milioni di finanziamenti"},"content":{"rendered":"<p>Negli ultimi 9 anni gli <strong>stipendi<\/strong> degli italiani sono stati erosi dal 19,3% di <strong>inflazione<\/strong> certificata dall\u2019Istat. In questi stessi anni diversi contratti di lavoro nazionali sono stati rinnovati: non quello dei <strong>giornalisti<\/strong>, fermo al 2016. Gli <strong>editori<\/strong>, per\u00f2, nel frattempo hanno incassato almeno <strong>240 milioni di euro<\/strong> in aiuti dallo Stato e hanno alleggerito le redazioni (meno 15% di giornalisti regolarmente assunti), aumentando il lavoro precario e sottopagato: un articolo viene retribuito in media 10 euro lordi. Un meccanismo che ha garantito alla stragrande maggioranza degli editori di macinare utili.<\/p>\n<p>Da 15 mesi la <strong>Federazione nazionale della Stampa italiana<\/strong> si sta confrontando con la Federazione Italiana Editori Giornali per rinnovare il contratto nazionale di lavoro giornalistico, chiedendo aumenti dignitosi per il recupero del potere d\u2019acquisto, investimenti sui giovani, linee guida per governare la trasformazione digitale, a partire dall\u2019intelligenza artificiale, idee e progetti per modernizzare l\u2019editoria italiana con l\u2019obiettivo di alzare la qualit\u00e0 del giornalismo e contrastare la disinformazione e le fake news.<\/p>\n<p>La Costituzione sancisce il diritto di ogni lavoratore a una <strong>giusta retribuzione<\/strong> che, per i giornalisti, \u00e8 anche una garanzia di libert\u00e0 e per i lettori una certezza di qualit\u00e0: solo retribuzioni adeguate possono assicurare un lavoro professionale attento e profondo e, quindi, un\u2019informazione certa e a difesa dei cittadini. Tutto questo non sembra interessare agli editori, pi\u00f9 concentrati sul taglio dei costi e sul prossimo giro di valzer per chiedere altri soldi al Governo piuttosto che sulle numerose sfide imposte dalla rivoluzione digitale per cercare, insieme ai giornalisti, la strada per superare una crisi devastante. Non hanno voluto confrontarsi sull\u2019uso dell\u2019Ai, sul rapporto coi giganti del web che condizionano sempre di pi\u00f9 l\u2019informazione (omologandola), sulle prospettive occupazionali, rimandando a chiss\u00e0 quando ogni discussione. Con un evidente problema: rinviare ancora nel caso dell&#8217;editoria significa soccombere, portare il settore a morte certa.<\/p>\n<p>Ma anche quando si \u00e8 provato a trattare un accordo ponte solo per il <strong>rinnovo economico<\/strong>, lo schema si \u00e8 ripetuto. Il recupero dell\u2019inflazione \u00e8 la linea di demarcazione di tutto il mondo del lavoro del nostro paese. L\u2019offerta della Fieg, invece, \u00e8 di gran lunga inferiore rispetto ai rinnovi contrattuali degli altri lavoratori del nostro paese i cui redditi reali sotto l\u2019impulso delle organizzazioni sindacali si sono rafforzati.<\/p>\n<p>Non solo: mentre da tempo \u00e8 in atto una progressiva destrutturazione del <strong>Contratto Nazionale di Lavoro<\/strong>, gli editori al tavolo hanno chiesto per i nuovi assunti un nuovo salario d&#8217;ingresso al ribasso. Un ulteriore sconto sulle assunzioni obbligatorie per legge in seguito a prepensionamenti (che per gli editori, dal 2022, sono completamente gratuiti) e per questo inaccettabile.<\/p>\n<p>Come giornalisti continueremo a fare il nostro dovere di <strong>informare i cittadini<\/strong> con coscienza e impegno, ma siamo anche pronti a mobilitarci per difendere i nostri <strong>diritti di lavoratori<\/strong>.<\/p>\n<p>&nbsp;<\/p>\n<article id=\"post-322559\" class=\"post-322559 post type-post status-publish format-standard has-post-thumbnail hentry category-attualita\">\n<div class=\"contentpage container articolo triple\">\n<div class=\"bodyarticolo\">\n<div class=\"textarticolo\">\n<div class=\"entry-content text\">\n<p><i>Federazione nazionale della stampa (FNSI)<\/i><\/p>\n<\/div>\n<\/div>\n<\/div>\n<\/div>\n<\/article>\n","protected":false},"excerpt":{"rendered":"<p>Il comunicato sindacale della Federazione Nazionale della Stampa Italiana relativo alla trattativa del rinnovo del principale contratto di lavoro giornalistico nazionale<\/p>\n","protected":false},"author":525,"featured_media":394232,"comment_status":"open","ping_status":"open","sticky":false,"template":"","format":"standard","meta":{"_acf_changed":false,"footnotes":""},"categories":[494],"tags":[6641],"class_list":["post-394228","post","type-post","status-publish","format-standard","has-post-thumbnail","hentry","category-attualita","tag-giornalisti"],"acf":[],"yoast_head":"<!-- This site is optimized with the Yoast SEO Premium plugin v24.2 (Yoast SEO v25.6) - https:\/\/yoast.com\/wordpress\/plugins\/seo\/ -->\n<title>Giornalisti, contratto fermo dal 2016 ma agli editori 240 milioni di finanziamenti - intoscana<\/title>\n<meta name=\"description\" content=\"Il comunicato sindacale della Federazione Nazionale della Stampa Italiana relativo alla trattativa del rinnovo del principale contratto di lavoro giornalistico nazionale\" \/>\n<meta name=\"robots\" content=\"index, follow, max-snippet:-1, max-image-preview:large, max-video-preview:-1\" \/>\n<link rel=\"canonical\" href=\"https:\/\/www.intoscana.it\/it\/comunicato-sindacale-fnsi-rinnovo\/\" \/>\n<meta property=\"og:locale\" content=\"it_IT\" \/>\n<meta property=\"og:type\" content=\"article\" \/>\n<meta property=\"og:title\" content=\"Giornalisti, contratto fermo dal 2016 ma agli editori 240 milioni di finanziamenti\" \/>\n<meta property=\"og:description\" content=\"Il comunicato sindacale della Federazione Nazionale della Stampa Italiana relativo alla trattativa del rinnovo del principale contratto di lavoro giornalistico nazionale\" \/>\n<meta property=\"og:url\" content=\"https:\/\/www.intoscana.it\/it\/comunicato-sindacale-fnsi-rinnovo\/\" \/>\n<meta property=\"og:site_name\" content=\"intoscana\" \/>\n<meta property=\"article:publisher\" content=\"https:\/\/www.facebook.com\/intoscana.it\" \/>\n<meta property=\"article:published_time\" content=\"2025-07-26T13:11:57+00:00\" \/>\n<meta property=\"og:image\" content=\"https:\/\/www.intoscana.it\/wp-content\/uploads\/the-climate-reality-project-Hb6uWq0i4MI-unsplash-scaled.jpg\" \/>\n\t<meta property=\"og:image:width\" content=\"2048\" \/>\n\t<meta property=\"og:image:height\" content=\"1365\" \/>\n\t<meta property=\"og:image:type\" content=\"image\/jpeg\" \/>\n<meta name=\"author\" content=\"Redazione\" \/>\n<meta name=\"twitter:card\" content=\"summary_large_image\" \/>\n<meta name=\"twitter:creator\" content=\"@intoscana\" \/>\n<meta name=\"twitter:site\" content=\"@intoscana\" \/>\n<meta name=\"twitter:label1\" content=\"Written by\" \/>\n\t<meta name=\"twitter:data1\" content=\"Redazione\" \/>\n\t<meta name=\"twitter:label2\" content=\"Est. reading time\" \/>\n\t<meta name=\"twitter:data2\" content=\"3 minuti\" \/>\n<script type=\"application\/ld+json\" class=\"yoast-schema-graph\">{\"@context\":\"https:\/\/schema.org\",\"@graph\":[{\"@type\":\"WebPage\",\"@id\":\"https:\/\/www.intoscana.it\/it\/comunicato-sindacale-fnsi-rinnovo\/\",\"url\":\"https:\/\/www.intoscana.it\/it\/comunicato-sindacale-fnsi-rinnovo\/\",\"name\":\"Giornalisti, contratto fermo dal 2016 ma agli editori 240 milioni di finanziamenti - intoscana\",\"isPartOf\":{\"@id\":\"https:\/\/www.intoscana.it\/it\/#website\"},\"primaryImageOfPage\":{\"@id\":\"https:\/\/www.intoscana.it\/it\/comunicato-sindacale-fnsi-rinnovo\/#primaryimage\"},\"image\":{\"@id\":\"https:\/\/www.intoscana.it\/it\/comunicato-sindacale-fnsi-rinnovo\/#primaryimage\"},\"thumbnailUrl\":\"https:\/\/www.intoscana.it\/wp-content\/uploads\/the-climate-reality-project-Hb6uWq0i4MI-unsplash-scaled.jpg\",\"datePublished\":\"2025-07-26T13:11:57+00:00\",\"author\":{\"@id\":\"https:\/\/www.intoscana.it\/it\/#\/schema\/person\/9223810753230f20bd670fdd322661f8\"},\"description\":\"Il comunicato sindacale della Federazione Nazionale della Stampa Italiana relativo alla trattativa del rinnovo del principale contratto di lavoro giornalistico nazionale\",\"breadcrumb\":{\"@id\":\"https:\/\/www.intoscana.it\/it\/comunicato-sindacale-fnsi-rinnovo\/#breadcrumb\"},\"inLanguage\":\"it-IT\",\"potentialAction\":[{\"@type\":\"ReadAction\",\"target\":[\"https:\/\/www.intoscana.it\/it\/comunicato-sindacale-fnsi-rinnovo\/\"]}]},{\"@type\":\"ImageObject\",\"inLanguage\":\"it-IT\",\"@id\":\"https:\/\/www.intoscana.it\/it\/comunicato-sindacale-fnsi-rinnovo\/#primaryimage\",\"url\":\"https:\/\/www.intoscana.it\/wp-content\/uploads\/the-climate-reality-project-Hb6uWq0i4MI-unsplash-scaled.jpg\",\"contentUrl\":\"https:\/\/www.intoscana.it\/wp-content\/uploads\/the-climate-reality-project-Hb6uWq0i4MI-unsplash-scaled.jpg\",\"width\":2048,\"height\":1365,\"caption\":\"Giornalisti, giornalismo, stampa, press, conferenza stampa\"},{\"@type\":\"BreadcrumbList\",\"@id\":\"https:\/\/www.intoscana.it\/it\/comunicato-sindacale-fnsi-rinnovo\/#breadcrumb\",\"itemListElement\":[{\"@type\":\"ListItem\",\"position\":1,\"name\":\"Home\",\"item\":\"https:\/\/www.intoscana.it\/it\/\"},{\"@type\":\"ListItem\",\"position\":2,\"name\":\"Giornalisti, contratto fermo dal 2016 ma agli editori 240 milioni di finanziamenti\"}]},{\"@type\":\"WebSite\",\"@id\":\"https:\/\/www.intoscana.it\/it\/#website\",\"url\":\"https:\/\/www.intoscana.it\/it\/\",\"name\":\"intoscana\",\"description\":\"\",\"potentialAction\":[{\"@type\":\"SearchAction\",\"target\":{\"@type\":\"EntryPoint\",\"urlTemplate\":\"https:\/\/www.intoscana.it\/it\/?s={search_term_string}\"},\"query-input\":{\"@type\":\"PropertyValueSpecification\",\"valueRequired\":true,\"valueName\":\"search_term_string\"}}],\"inLanguage\":\"it-IT\"},{\"@type\":\"Person\",\"@id\":\"https:\/\/www.intoscana.it\/it\/#\/schema\/person\/9223810753230f20bd670fdd322661f8\",\"name\":\"Redazione\",\"url\":\"https:\/\/www.intoscana.it\/it\/author\/redazione\/\"}]}<\/script>\n<!-- \/ Yoast SEO Premium plugin. -->","yoast_head_json":{"title":"Giornalisti, contratto fermo dal 2016 ma agli editori 240 milioni di finanziamenti - intoscana","description":"Il comunicato sindacale della Federazione Nazionale della Stampa Italiana relativo alla trattativa del rinnovo del principale contratto di lavoro giornalistico nazionale","robots":{"index":"index","follow":"follow","max-snippet":"max-snippet:-1","max-image-preview":"max-image-preview:large","max-video-preview":"max-video-preview:-1"},"canonical":"https:\/\/www.intoscana.it\/it\/comunicato-sindacale-fnsi-rinnovo\/","og_locale":"it_IT","og_type":"article","og_title":"Giornalisti, contratto fermo dal 2016 ma agli editori 240 milioni di finanziamenti","og_description":"Il comunicato sindacale della Federazione Nazionale della Stampa Italiana relativo alla trattativa del rinnovo del principale contratto di lavoro giornalistico nazionale","og_url":"https:\/\/www.intoscana.it\/it\/comunicato-sindacale-fnsi-rinnovo\/","og_site_name":"intoscana","article_publisher":"https:\/\/www.facebook.com\/intoscana.it","article_published_time":"2025-07-26T13:11:57+00:00","og_image":[{"width":2048,"height":1365,"url":"https:\/\/www.intoscana.it\/wp-content\/uploads\/the-climate-reality-project-Hb6uWq0i4MI-unsplash-scaled.jpg","type":"image\/jpeg"}],"author":"Redazione","twitter_card":"summary_large_image","twitter_creator":"@intoscana","twitter_site":"@intoscana","twitter_misc":{"Written by":"Redazione","Est. reading time":"3 minuti"},"schema":{"@context":"https:\/\/schema.org","@graph":[{"@type":"WebPage","@id":"https:\/\/www.intoscana.it\/it\/comunicato-sindacale-fnsi-rinnovo\/","url":"https:\/\/www.intoscana.it\/it\/comunicato-sindacale-fnsi-rinnovo\/","name":"Giornalisti, contratto fermo dal 2016 ma agli editori 240 milioni di finanziamenti - intoscana","isPartOf":{"@id":"https:\/\/www.intoscana.it\/it\/#website"},"primaryImageOfPage":{"@id":"https:\/\/www.intoscana.it\/it\/comunicato-sindacale-fnsi-rinnovo\/#primaryimage"},"image":{"@id":"https:\/\/www.intoscana.it\/it\/comunicato-sindacale-fnsi-rinnovo\/#primaryimage"},"thumbnailUrl":"https:\/\/www.intoscana.it\/wp-content\/uploads\/the-climate-reality-project-Hb6uWq0i4MI-unsplash-scaled.jpg","datePublished":"2025-07-26T13:11:57+00:00","author":{"@id":"https:\/\/www.intoscana.it\/it\/#\/schema\/person\/9223810753230f20bd670fdd322661f8"},"description":"Il comunicato sindacale della Federazione Nazionale della Stampa Italiana relativo alla trattativa del rinnovo del principale contratto di lavoro giornalistico nazionale","breadcrumb":{"@id":"https:\/\/www.intoscana.it\/it\/comunicato-sindacale-fnsi-rinnovo\/#breadcrumb"},"inLanguage":"it-IT","potentialAction":[{"@type":"ReadAction","target":["https:\/\/www.intoscana.it\/it\/comunicato-sindacale-fnsi-rinnovo\/"]}]},{"@type":"ImageObject","inLanguage":"it-IT","@id":"https:\/\/www.intoscana.it\/it\/comunicato-sindacale-fnsi-rinnovo\/#primaryimage","url":"https:\/\/www.intoscana.it\/wp-content\/uploads\/the-climate-reality-project-Hb6uWq0i4MI-unsplash-scaled.jpg","contentUrl":"https:\/\/www.intoscana.it\/wp-content\/uploads\/the-climate-reality-project-Hb6uWq0i4MI-unsplash-scaled.jpg","width":2048,"height":1365,"caption":"Giornalisti, giornalismo, stampa, press, conferenza stampa"},{"@type":"BreadcrumbList","@id":"https:\/\/www.intoscana.it\/it\/comunicato-sindacale-fnsi-rinnovo\/#breadcrumb","itemListElement":[{"@type":"ListItem","position":1,"name":"Home","item":"https:\/\/www.intoscana.it\/it\/"},{"@type":"ListItem","position":2,"name":"Giornalisti, contratto fermo dal 2016 ma agli editori 240 milioni di finanziamenti"}]},{"@type":"WebSite","@id":"https:\/\/www.intoscana.it\/it\/#website","url":"https:\/\/www.intoscana.it\/it\/","name":"intoscana","description":"","potentialAction":[{"@type":"SearchAction","target":{"@type":"EntryPoint","urlTemplate":"https:\/\/www.intoscana.it\/it\/?s={search_term_string}"},"query-input":{"@type":"PropertyValueSpecification","valueRequired":true,"valueName":"search_term_string"}}],"inLanguage":"it-IT"},{"@type":"Person","@id":"https:\/\/www.intoscana.it\/it\/#\/schema\/person\/9223810753230f20bd670fdd322661f8","name":"Redazione","url":"https:\/\/www.intoscana.it\/it\/author\/redazione\/"}]}},"_links":{"self":[{"href":"https:\/\/www.intoscana.it\/it\/wp-json\/wp\/v2\/posts\/394228","targetHints":{"allow":["GET"]}}],"collection":[{"href":"https:\/\/www.intoscana.it\/it\/wp-json\/wp\/v2\/posts"}],"about":[{"href":"https:\/\/www.intoscana.it\/it\/wp-json\/wp\/v2\/types\/post"}],"author":[{"embeddable":true,"href":"https:\/\/www.intoscana.it\/it\/wp-json\/wp\/v2\/users\/525"}],"replies":[{"embeddable":true,"href":"https:\/\/www.intoscana.it\/it\/wp-json\/wp\/v2\/comments?post=394228"}],"version-history":[{"count":5,"href":"https:\/\/www.intoscana.it\/it\/wp-json\/wp\/v2\/posts\/394228\/revisions"}],"predecessor-version":[{"id":394235,"href":"https:\/\/www.intoscana.it\/it\/wp-json\/wp\/v2\/posts\/394228\/revisions\/394235"}],"wp:featuredmedia":[{"embeddable":true,"href":"https:\/\/www.intoscana.it\/it\/wp-json\/wp\/v2\/media\/394232"}],"wp:attachment":[{"href":"https:\/\/www.intoscana.it\/it\/wp-json\/wp\/v2\/media?parent=394228"}],"wp:term":[{"taxonomy":"category","embeddable":true,"href":"https:\/\/www.intoscana.it\/it\/wp-json\/wp\/v2\/categories?post=394228"},{"taxonomy":"post_tag","embeddable":true,"href":"https:\/\/www.intoscana.it\/it\/wp-json\/wp\/v2\/tags?post=394228"}],"curies":[{"name":"wp","href":"https:\/\/api.w.org\/{rel}","templated":true}]}}