{"id":394322,"date":"2025-08-27T17:02:07","date_gmt":"2025-08-27T15:02:07","guid":{"rendered":"https:\/\/www.intoscana.it\/it\/?p=394322"},"modified":"2025-08-27T17:02:07","modified_gmt":"2025-08-27T15:02:07","slug":"andrea-galanti-dalla-bottega-di-famiglia-alle-lezioni-in-bocconi-nel-segno-del-vino","status":"publish","type":"post","link":"https:\/\/www.intoscana.it\/it\/andrea-galanti-dalla-bottega-di-famiglia-alle-lezioni-in-bocconi-nel-segno-del-vino\/","title":{"rendered":"Andrea Galanti, dalla bottega di famiglia alle lezioni in Bocconi nel segno del vino"},"content":{"rendered":"<p>Sono passati dieci anni esatti da quando <strong>Andrea Galanti<\/strong>, classe 1984, veniva eletto il <strong>miglior sommelier Ais d&#8217;Italia<\/strong>. Per il professionista fiorentino <strong>il 2015<\/strong> ha segnato <strong>l&#8217;anno della svolta<\/strong> sia a livello di vita che soprattutto di carriera. Quella vittoria ha messo le ali al suo percorso lavorativo e rappresentato, in prospettiva, un salto di qualit\u00e0 anche per la storica <strong>attivit\u00e0 di famiglia<\/strong> in piazza della Libert\u00e0 a Firenze.<\/p>\n<p><em>&#8220;La vincita dei campionati italiani \u00e8 stata una soddisfazione doppia. Ha dato ancora pi\u00f9 valore a quello che ho fatto, al mio percorso e ha portato a tante altre esperienze: consulenze, manifestazioni, degustazioni, masterclass e perfino lezioni alla Bocconi, dandomi la gioia di raccontare e condividere le mie esperienze&#8221;<\/em> racconta il diretto interessato. Che al compimento dei quarant&#8217;anni ha deciso di riportare in azienda.<\/p>\n<p>&#8220;<em>Un modo per dare sempre maggiore professionalit\u00e0 alla mia attivit\u00e0<\/em>&#8221; sottolinea Galanti. La gastronomia fondata dal <strong>nonno Aldo<\/strong> nel 1960 \u00e8 cresciuta sempre di pi\u00f9 con il <strong>potenziamento dell&#8217;enoteca<\/strong>. Oggi a Firenze si va da Galanti per trovare <strong>un vino particolare<\/strong>, magari riservato a un momento speciale con la consapevolezza che si verr\u00e0 consigliati per il meglio. La carta dei vini dagli anni Settanta a oggi e la presenza di <strong>etichette <\/strong>particolare, talvolta<strong> anche rare<\/strong> rendono la cantina dell&#8217;attivit\u00e0 un riferimento prezioso per i <strong>wine lovers<\/strong>.<\/p>\n<figure id=\"post-394325 media-394325\" class=\"align-none\"><img decoding=\"async\" src=\"https:\/\/www.intoscana.it\/wp-content\/uploads\/image0-4.jpeg\" alt=\"\" \/><\/figure>\n<div class=\"titleimg\">Andrea Galanti miglior sommelier Ais d\u2019Italia nel 2015<\/div>\n<h3>Come comunicare il mondo del vino<\/h3>\n<p>La scelta di tornare a concentrarsi sull&#8217;attivit\u00e0 di famiglia per <strong>Andrea Galanti<\/strong> \u00e8 stata una naturale evoluzione di un percorso ricco di <strong>soddisfazioni, esperienze<\/strong> e <strong>incontri speciali<\/strong>. Dove i risultati, anche quelli all&#8217;apparenza pi\u00f9 piccoli, hanno un significato. Galanti ama ricordare ad esempio la storia di due suoi clienti che si sono appassionati a tal punto da diventare essi stessi sommelier.<\/p>\n<p>&#8220;<em>Quando si parla di un vino \u00e8 fondamentale trovare le parole pi\u00f9 semplici e appropriate, toccare i tasti giusti per scatenare magari un desiderio latente<\/em> -sottolinea-.<em> Il vino \u00e8 un momento di condivisione, \u00e8 un piacere della tavola che si vive con altre persone. Il sommelier deve essere un buon comunicatore: \u00e8 l&#8217;ultimo anello tra aziende del territorio, produttori, etichette e consumatori. \u00c8 sempre pi\u00f9 necessaria la presenza di figure di collegamento come questa&#8221;.<\/em><\/p>\n<h3>I campioni della Toscana<\/h3>\n<p>Galanti sottolinea come l\u2019<strong>Ais in Toscana<\/strong> negli ultimi decenni abbiamo potuto contare su tanti <strong>grandi talenti<\/strong> che hanno dato e danno del filo da torcere a molti: \u201c<em>Da Luca Martini, che \u00e8 stato eletto migliore sommelier del mondo nel 2013 ed \u00e8 stato mio mentore e i migliori sommelier d\u2019Italia: Andrea Ballerini (2013), Simone Loguercio (2018) e Valentino Tesi (2019). In Toscana sono tanti i bravi professionisti, tanti i ragazzi giovani che si stanno affermando e che divulgano il verbo e tengono alta la bandiera della Toscana\u201d<\/em>.<\/p>\n<p>Galanti ricorda il ruolo prezioso di <strong>Cristiano Cini<\/strong> che lo ha formato per i concorsi e sottolinea come Ais sia una scuola di <strong>grandi relatori e maestri<\/strong>. \u201c<em>Spero di essere stato d\u2019esempio anche io. Nono sono mai stato invidioso e quando vedo persone che raggiungono i loro obiettivi questo mi rende felice<\/em>\u201d ribadisce.<\/p>\n<h3>L&#8217;impegno all&#8217;interno dell&#8217;Ais<\/h3>\n<p>Dopo la <strong>conquista del titolo<\/strong> per Galanti e le tante esperienze fuori casa, il ritorno a Firenze ha visto da parte sua anche un maggiore impegno all&#8217;interno dell&#8217;Ais, l&#8217;associazione che gli ha permesso di costruirsi giorno dopo giorno un futuro lavorativo e professionale.<\/p>\n<p>&#8220;<em>Fare un percorso da sommelier con obiettivi chiari \u00e8 un valore aggiunto, a prescindere dai concorsi o meno, dai un valore tecnico e professionale alla formazione. \u00c8 un percorso che ti pu\u00f2 aprire opportunit\u00e0, permette di coltivare la propria passione e avere un&#8217;alternativa lavorativa&#8221;<\/em> conclude Galanti. Insomma una carta da giocarsi per i giovani, sognando un futuro lavorativo nel mondo del vino.<\/p>\n","protected":false},"excerpt":{"rendered":"<p>L&#8217;imprenditore fiorentino conquist\u00f2 il titolo del miglior sommelier d&#8217;Italia con Ais nel 2015: un traguardo che gli ha aperto nuovi orizzonti<\/p>\n","protected":false},"author":554,"featured_media":394326,"comment_status":"open","ping_status":"open","sticky":false,"template":"","format":"standard","meta":{"_acf_changed":false,"footnotes":""},"categories":[4],"tags":[6864,6865,224],"class_list":["post-394322","post","type-post","status-publish","format-standard","has-post-thumbnail","hentry","category-storie","tag-ais","tag-sommelier","tag-vino"],"acf":[],"yoast_head":"<!-- This site is optimized with the Yoast SEO Premium plugin v24.2 (Yoast SEO v25.6) - https:\/\/yoast.com\/wordpress\/plugins\/seo\/ -->\n<title>Andrea Galanti, dalla bottega di famiglia alle lezioni in Bocconi nel segno del vino - intoscana<\/title>\n<meta name=\"description\" content=\"L&#039;imprenditore fiorentino conquist\u00f2 il titolo del miglior sommelier d&#039;Italia con Ais nel 2015: un traguardo che gli ha aperto nuovi orizzonti\" \/>\n<meta name=\"robots\" content=\"index, follow, max-snippet:-1, max-image-preview:large, max-video-preview:-1\" \/>\n<link rel=\"canonical\" href=\"https:\/\/www.intoscana.it\/it\/andrea-galanti-dalla-bottega-di-famiglia-alle-lezioni-in-bocconi-nel-segno-del-vino\/\" \/>\n<meta property=\"og:locale\" content=\"it_IT\" \/>\n<meta property=\"og:type\" content=\"article\" \/>\n<meta property=\"og:title\" content=\"Andrea Galanti, dalla bottega di famiglia alle lezioni in Bocconi nel segno del vino\" \/>\n<meta property=\"og:description\" content=\"L&#039;imprenditore fiorentino conquist\u00f2 il titolo del miglior sommelier d&#039;Italia con Ais nel 2015: un traguardo che gli ha aperto nuovi orizzonti\" \/>\n<meta property=\"og:url\" content=\"https:\/\/www.intoscana.it\/it\/andrea-galanti-dalla-bottega-di-famiglia-alle-lezioni-in-bocconi-nel-segno-del-vino\/\" \/>\n<meta property=\"og:site_name\" content=\"intoscana\" \/>\n<meta property=\"article:publisher\" content=\"https:\/\/www.facebook.com\/intoscana.it\" \/>\n<meta property=\"article:published_time\" content=\"2025-08-27T15:02:07+00:00\" \/>\n<meta property=\"og:image\" content=\"https:\/\/www.intoscana.it\/wp-content\/uploads\/image1-2.jpeg\" \/>\n\t<meta property=\"og:image:width\" content=\"640\" \/>\n\t<meta property=\"og:image:height\" content=\"640\" \/>\n\t<meta property=\"og:image:type\" content=\"image\/jpeg\" \/>\n<meta name=\"author\" content=\"Raffaella Galamini\" \/>\n<meta name=\"twitter:card\" content=\"summary_large_image\" \/>\n<meta name=\"twitter:creator\" content=\"@orio\" \/>\n<meta name=\"twitter:site\" content=\"@intoscana\" \/>\n<meta name=\"twitter:label1\" content=\"Written by\" \/>\n\t<meta name=\"twitter:data1\" content=\"Raffaella Galamini\" \/>\n\t<meta name=\"twitter:label2\" content=\"Est. reading time\" \/>\n\t<meta name=\"twitter:data2\" content=\"4 minuti\" \/>\n<script type=\"application\/ld+json\" class=\"yoast-schema-graph\">{\"@context\":\"https:\/\/schema.org\",\"@graph\":[{\"@type\":\"WebPage\",\"@id\":\"https:\/\/www.intoscana.it\/it\/andrea-galanti-dalla-bottega-di-famiglia-alle-lezioni-in-bocconi-nel-segno-del-vino\/\",\"url\":\"https:\/\/www.intoscana.it\/it\/andrea-galanti-dalla-bottega-di-famiglia-alle-lezioni-in-bocconi-nel-segno-del-vino\/\",\"name\":\"Andrea Galanti, dalla bottega di famiglia alle lezioni in Bocconi nel segno del vino - intoscana\",\"isPartOf\":{\"@id\":\"https:\/\/www.intoscana.it\/it\/#website\"},\"primaryImageOfPage\":{\"@id\":\"https:\/\/www.intoscana.it\/it\/andrea-galanti-dalla-bottega-di-famiglia-alle-lezioni-in-bocconi-nel-segno-del-vino\/#primaryimage\"},\"image\":{\"@id\":\"https:\/\/www.intoscana.it\/it\/andrea-galanti-dalla-bottega-di-famiglia-alle-lezioni-in-bocconi-nel-segno-del-vino\/#primaryimage\"},\"thumbnailUrl\":\"https:\/\/www.intoscana.it\/wp-content\/uploads\/image1-2.jpeg\",\"datePublished\":\"2025-08-27T15:02:07+00:00\",\"author\":{\"@id\":\"https:\/\/www.intoscana.it\/it\/#\/schema\/person\/9eb9daa846a49fe51af39a73d9d1986b\"},\"description\":\"L'imprenditore fiorentino conquist\u00f2 il titolo del miglior sommelier d'Italia con Ais nel 2015: un traguardo che gli ha aperto nuovi orizzonti\",\"breadcrumb\":{\"@id\":\"https:\/\/www.intoscana.it\/it\/andrea-galanti-dalla-bottega-di-famiglia-alle-lezioni-in-bocconi-nel-segno-del-vino\/#breadcrumb\"},\"inLanguage\":\"it-IT\",\"potentialAction\":[{\"@type\":\"ReadAction\",\"target\":[\"https:\/\/www.intoscana.it\/it\/andrea-galanti-dalla-bottega-di-famiglia-alle-lezioni-in-bocconi-nel-segno-del-vino\/\"]}]},{\"@type\":\"ImageObject\",\"inLanguage\":\"it-IT\",\"@id\":\"https:\/\/www.intoscana.it\/it\/andrea-galanti-dalla-bottega-di-famiglia-alle-lezioni-in-bocconi-nel-segno-del-vino\/#primaryimage\",\"url\":\"https:\/\/www.intoscana.it\/wp-content\/uploads\/image1-2.jpeg\",\"contentUrl\":\"https:\/\/www.intoscana.it\/wp-content\/uploads\/image1-2.jpeg\",\"width\":640,\"height\":640,\"caption\":\"Andrea Galanti\"},{\"@type\":\"BreadcrumbList\",\"@id\":\"https:\/\/www.intoscana.it\/it\/andrea-galanti-dalla-bottega-di-famiglia-alle-lezioni-in-bocconi-nel-segno-del-vino\/#breadcrumb\",\"itemListElement\":[{\"@type\":\"ListItem\",\"position\":1,\"name\":\"Home\",\"item\":\"https:\/\/www.intoscana.it\/it\/\"},{\"@type\":\"ListItem\",\"position\":2,\"name\":\"Andrea Galanti, dalla bottega di famiglia alle lezioni in Bocconi nel segno del vino\"}]},{\"@type\":\"WebSite\",\"@id\":\"https:\/\/www.intoscana.it\/it\/#website\",\"url\":\"https:\/\/www.intoscana.it\/it\/\",\"name\":\"intoscana\",\"description\":\"\",\"potentialAction\":[{\"@type\":\"SearchAction\",\"target\":{\"@type\":\"EntryPoint\",\"urlTemplate\":\"https:\/\/www.intoscana.it\/it\/?s={search_term_string}\"},\"query-input\":{\"@type\":\"PropertyValueSpecification\",\"valueRequired\":true,\"valueName\":\"search_term_string\"}}],\"inLanguage\":\"it-IT\"},{\"@type\":\"Person\",\"@id\":\"https:\/\/www.intoscana.it\/it\/#\/schema\/person\/9eb9daa846a49fe51af39a73d9d1986b\",\"name\":\"Raffaella Galamini\",\"sameAs\":[\"https:\/\/x.com\/orio\"],\"url\":\"https:\/\/www.intoscana.it\/it\/author\/r-galamini\/\"}]}<\/script>\n<!-- \/ Yoast SEO Premium plugin. -->","yoast_head_json":{"title":"Andrea Galanti, dalla bottega di famiglia alle lezioni in Bocconi nel segno del vino - intoscana","description":"L'imprenditore fiorentino conquist\u00f2 il titolo del miglior sommelier d'Italia con Ais nel 2015: un traguardo che gli ha aperto nuovi orizzonti","robots":{"index":"index","follow":"follow","max-snippet":"max-snippet:-1","max-image-preview":"max-image-preview:large","max-video-preview":"max-video-preview:-1"},"canonical":"https:\/\/www.intoscana.it\/it\/andrea-galanti-dalla-bottega-di-famiglia-alle-lezioni-in-bocconi-nel-segno-del-vino\/","og_locale":"it_IT","og_type":"article","og_title":"Andrea Galanti, dalla bottega di famiglia alle lezioni in Bocconi nel segno del vino","og_description":"L'imprenditore fiorentino conquist\u00f2 il titolo del miglior sommelier d'Italia con Ais nel 2015: un traguardo che gli ha aperto nuovi orizzonti","og_url":"https:\/\/www.intoscana.it\/it\/andrea-galanti-dalla-bottega-di-famiglia-alle-lezioni-in-bocconi-nel-segno-del-vino\/","og_site_name":"intoscana","article_publisher":"https:\/\/www.facebook.com\/intoscana.it","article_published_time":"2025-08-27T15:02:07+00:00","og_image":[{"width":640,"height":640,"url":"https:\/\/www.intoscana.it\/wp-content\/uploads\/image1-2.jpeg","type":"image\/jpeg"}],"author":"Raffaella Galamini","twitter_card":"summary_large_image","twitter_creator":"@orio","twitter_site":"@intoscana","twitter_misc":{"Written by":"Raffaella Galamini","Est. reading time":"4 minuti"},"schema":{"@context":"https:\/\/schema.org","@graph":[{"@type":"WebPage","@id":"https:\/\/www.intoscana.it\/it\/andrea-galanti-dalla-bottega-di-famiglia-alle-lezioni-in-bocconi-nel-segno-del-vino\/","url":"https:\/\/www.intoscana.it\/it\/andrea-galanti-dalla-bottega-di-famiglia-alle-lezioni-in-bocconi-nel-segno-del-vino\/","name":"Andrea Galanti, dalla bottega di famiglia alle lezioni in Bocconi nel segno del vino - intoscana","isPartOf":{"@id":"https:\/\/www.intoscana.it\/it\/#website"},"primaryImageOfPage":{"@id":"https:\/\/www.intoscana.it\/it\/andrea-galanti-dalla-bottega-di-famiglia-alle-lezioni-in-bocconi-nel-segno-del-vino\/#primaryimage"},"image":{"@id":"https:\/\/www.intoscana.it\/it\/andrea-galanti-dalla-bottega-di-famiglia-alle-lezioni-in-bocconi-nel-segno-del-vino\/#primaryimage"},"thumbnailUrl":"https:\/\/www.intoscana.it\/wp-content\/uploads\/image1-2.jpeg","datePublished":"2025-08-27T15:02:07+00:00","author":{"@id":"https:\/\/www.intoscana.it\/it\/#\/schema\/person\/9eb9daa846a49fe51af39a73d9d1986b"},"description":"L'imprenditore fiorentino conquist\u00f2 il titolo del miglior sommelier d'Italia con Ais nel 2015: un traguardo che gli ha aperto nuovi orizzonti","breadcrumb":{"@id":"https:\/\/www.intoscana.it\/it\/andrea-galanti-dalla-bottega-di-famiglia-alle-lezioni-in-bocconi-nel-segno-del-vino\/#breadcrumb"},"inLanguage":"it-IT","potentialAction":[{"@type":"ReadAction","target":["https:\/\/www.intoscana.it\/it\/andrea-galanti-dalla-bottega-di-famiglia-alle-lezioni-in-bocconi-nel-segno-del-vino\/"]}]},{"@type":"ImageObject","inLanguage":"it-IT","@id":"https:\/\/www.intoscana.it\/it\/andrea-galanti-dalla-bottega-di-famiglia-alle-lezioni-in-bocconi-nel-segno-del-vino\/#primaryimage","url":"https:\/\/www.intoscana.it\/wp-content\/uploads\/image1-2.jpeg","contentUrl":"https:\/\/www.intoscana.it\/wp-content\/uploads\/image1-2.jpeg","width":640,"height":640,"caption":"Andrea Galanti"},{"@type":"BreadcrumbList","@id":"https:\/\/www.intoscana.it\/it\/andrea-galanti-dalla-bottega-di-famiglia-alle-lezioni-in-bocconi-nel-segno-del-vino\/#breadcrumb","itemListElement":[{"@type":"ListItem","position":1,"name":"Home","item":"https:\/\/www.intoscana.it\/it\/"},{"@type":"ListItem","position":2,"name":"Andrea Galanti, dalla bottega di famiglia alle lezioni in Bocconi nel segno del vino"}]},{"@type":"WebSite","@id":"https:\/\/www.intoscana.it\/it\/#website","url":"https:\/\/www.intoscana.it\/it\/","name":"intoscana","description":"","potentialAction":[{"@type":"SearchAction","target":{"@type":"EntryPoint","urlTemplate":"https:\/\/www.intoscana.it\/it\/?s={search_term_string}"},"query-input":{"@type":"PropertyValueSpecification","valueRequired":true,"valueName":"search_term_string"}}],"inLanguage":"it-IT"},{"@type":"Person","@id":"https:\/\/www.intoscana.it\/it\/#\/schema\/person\/9eb9daa846a49fe51af39a73d9d1986b","name":"Raffaella Galamini","sameAs":["https:\/\/x.com\/orio"],"url":"https:\/\/www.intoscana.it\/it\/author\/r-galamini\/"}]}},"_links":{"self":[{"href":"https:\/\/www.intoscana.it\/it\/wp-json\/wp\/v2\/posts\/394322","targetHints":{"allow":["GET"]}}],"collection":[{"href":"https:\/\/www.intoscana.it\/it\/wp-json\/wp\/v2\/posts"}],"about":[{"href":"https:\/\/www.intoscana.it\/it\/wp-json\/wp\/v2\/types\/post"}],"author":[{"embeddable":true,"href":"https:\/\/www.intoscana.it\/it\/wp-json\/wp\/v2\/users\/554"}],"replies":[{"embeddable":true,"href":"https:\/\/www.intoscana.it\/it\/wp-json\/wp\/v2\/comments?post=394322"}],"version-history":[{"count":5,"href":"https:\/\/www.intoscana.it\/it\/wp-json\/wp\/v2\/posts\/394322\/revisions"}],"predecessor-version":[{"id":397232,"href":"https:\/\/www.intoscana.it\/it\/wp-json\/wp\/v2\/posts\/394322\/revisions\/397232"}],"wp:featuredmedia":[{"embeddable":true,"href":"https:\/\/www.intoscana.it\/it\/wp-json\/wp\/v2\/media\/394326"}],"wp:attachment":[{"href":"https:\/\/www.intoscana.it\/it\/wp-json\/wp\/v2\/media?parent=394322"}],"wp:term":[{"taxonomy":"category","embeddable":true,"href":"https:\/\/www.intoscana.it\/it\/wp-json\/wp\/v2\/categories?post=394322"},{"taxonomy":"post_tag","embeddable":true,"href":"https:\/\/www.intoscana.it\/it\/wp-json\/wp\/v2\/tags?post=394322"}],"curies":[{"name":"wp","href":"https:\/\/api.w.org\/{rel}","templated":true}]}}