{"id":394603,"date":"2025-07-30T14:45:01","date_gmt":"2025-07-30T12:45:01","guid":{"rendered":"https:\/\/www.intoscana.it\/it\/?p=394603"},"modified":"2025-07-30T14:51:30","modified_gmt":"2025-07-30T12:51:30","slug":"a-pisa-rimosso-un-tumore-al-pancreas-giudicato-inoperabile","status":"publish","type":"post","link":"https:\/\/www.intoscana.it\/it\/a-pisa-rimosso-un-tumore-al-pancreas-giudicato-inoperabile\/","title":{"rendered":"A Pisa rimosso un tumore al pancreas giudicato inoperabile"},"content":{"rendered":"<p>Un <strong>paziente di 74 anni<\/strong> affetto da un tumore della testa del pancreas, <strong>dichiarato inoperabile<\/strong> due anni fa in un centro fuori dalla Toscana a causa della <strong>cirrosi epatica<\/strong> &#8211; e da allora sottoposto solo a cure finalizzate a contenere la malattia -, \u00e8 stato operato con successo nei giorni scorsi a Pisa con <strong>asportazione radicale<\/strong> della neoplasia. Ora il paziente pu\u00f2 affrontare il percorso di cura con una prospettiva completamente diversa.<\/p>\n<p>La vicenda \u00e8 stata resa nota dall&#8217;<strong>Azienda ospedaliero universitaria pisana<\/strong> (Aoup) che sottolinea come la storia clinica abbia preso una piega differente rispetto alla prima indicazione. Quando il paziente si \u00e8 rivolto all&#8217;<strong>ospedale di Livorno<\/strong> (Asl Toscana Nord ovest) per un&#8217;altra problematica, \u00e8 partita la richiesta di una nuova <strong>valutazione chirurgica<\/strong>.<\/p>\n<p>Valutazione che ha deciso di effettuare stavolta <strong>a Pisa, all&#8217;Aoup<\/strong>, nella Sezione dipartimentale di Chirurgia generale diretta da <strong>Luca Morelli<\/strong>, che ha ritenuto, spiega l&#8217;Aoup in una nota, &#8220;<em>ancora potenzialmente operabile il suo caso studiandolo accuratamente e discutendone in sede di Gom, Gruppo oncologico multidisciplinare con gli specialisti di epatologia, oncologia e radiologia per un parere collegiale, i quali hanno condiviso l&#8217;analisi del chirurgo<\/em>&#8220;.<\/p>\n<p>L&#8217;intervento \u00e8 stato eseguito da Morelli stesso e dalla sua \u00e8quipe, &#8220;<em>con il supporto dell&#8217;Unit\u00e0 operativa di Anestesia e rianimazione trapianti. E il tumore \u00e8 stato rimosso radicalmente con un decorso post-operatorio regolare <\/em>-afferma l&#8217;Aoup &#8211; <em>Oggi il paziente pu\u00f2 affrontare il suo percorso di cura con una possibilit\u00e0 di guarigione<\/em>&#8220;.<\/p>\n<p><em>&#8220;Un paziente di 74 anni, rifiutato da altri ospedali fuori regione, \u00e8 stato operato con successo all&#8217;Aou Pisana da un&#8217;\u00e9quipe guidata dal professor Luca Morelli<\/em> &#8211; commenta sui social il presidente della Toscana, <strong>Eugenio Giani<\/strong> &#8211; <em>Il tumore al pancreas \u00e8 stato rimosso radicalmente grazie a un complesso intervento eseguito dalle donne e uomini del nostro sistema sanitario&#8221; e &#8220;oggi affronta la vita con una prospettiva completamente diversa: non pi\u00f9 solo terapie palliative, ma la possibilit\u00e0 concreta di guarire&#8221;. &#8220;Ecco<\/em> &#8211; sottolinea Giani &#8211;<em> il valore della sanit\u00e0 pubblica della Toscana che difendiamo ogni giorno: cure per tutti, anche quando sembrano impossibili&#8221;.<\/em><\/p>\n","protected":false},"excerpt":{"rendered":"<p>Paziente di 74 anni, dopo il brillante intervento, pu\u00f2 affrontare il percorso di cura con una prospettiva completamente diversa<\/p>\n","protected":false},"author":525,"featured_media":394604,"comment_status":"open","ping_status":"open","sticky":false,"template":"","format":"standard","meta":{"_acf_changed":false,"footnotes":""},"categories":[4],"tags":[158,203,349],"class_list":["post-394603","post","type-post","status-publish","format-standard","has-post-thumbnail","hentry","category-storie","tag-eugenio-giani","tag-pisa","tag-sanita"],"acf":[],"yoast_head":"<!-- This site is optimized with the Yoast SEO Premium plugin v24.2 (Yoast SEO v25.6) - https:\/\/yoast.com\/wordpress\/plugins\/seo\/ -->\n<title>A Pisa rimosso un tumore al pancreas giudicato inoperabile - intoscana<\/title>\n<meta name=\"description\" content=\"Paziente di 74 anni, dopo il brillante intervento, pu\u00f2 affrontare il percorso di cura con una prospettiva completamente diversa\" \/>\n<meta name=\"robots\" content=\"index, follow, max-snippet:-1, max-image-preview:large, max-video-preview:-1\" \/>\n<link rel=\"canonical\" href=\"https:\/\/www.intoscana.it\/it\/a-pisa-rimosso-un-tumore-al-pancreas-giudicato-inoperabile\/\" \/>\n<meta property=\"og:locale\" content=\"it_IT\" \/>\n<meta property=\"og:type\" content=\"article\" \/>\n<meta property=\"og:title\" content=\"A Pisa rimosso un tumore al pancreas giudicato inoperabile\" \/>\n<meta property=\"og:description\" content=\"Paziente di 74 anni, dopo il brillante intervento, pu\u00f2 affrontare il percorso di cura con una prospettiva completamente diversa\" \/>\n<meta property=\"og:url\" content=\"https:\/\/www.intoscana.it\/it\/a-pisa-rimosso-un-tumore-al-pancreas-giudicato-inoperabile\/\" \/>\n<meta property=\"og:site_name\" content=\"intoscana\" \/>\n<meta property=\"article:publisher\" content=\"https:\/\/www.facebook.com\/intoscana.it\" \/>\n<meta property=\"article:published_time\" content=\"2025-07-30T12:45:01+00:00\" \/>\n<meta property=\"article:modified_time\" content=\"2025-07-30T12:51:30+00:00\" \/>\n<meta property=\"og:image\" content=\"https:\/\/www.intoscana.it\/wp-content\/uploads\/gruppo_Luca_Morelli_2025.jpg\" \/>\n\t<meta property=\"og:image:width\" content=\"659\" \/>\n\t<meta property=\"og:image:height\" content=\"376\" \/>\n\t<meta property=\"og:image:type\" content=\"image\/jpeg\" \/>\n<meta name=\"author\" content=\"Redazione\" \/>\n<meta name=\"twitter:card\" content=\"summary_large_image\" \/>\n<meta name=\"twitter:creator\" content=\"@intoscana\" \/>\n<meta name=\"twitter:site\" content=\"@intoscana\" \/>\n<meta name=\"twitter:label1\" content=\"Written by\" \/>\n\t<meta name=\"twitter:data1\" content=\"Redazione\" \/>\n\t<meta name=\"twitter:label2\" content=\"Est. reading time\" \/>\n\t<meta name=\"twitter:data2\" content=\"2 minuti\" \/>\n<script type=\"application\/ld+json\" class=\"yoast-schema-graph\">{\"@context\":\"https:\/\/schema.org\",\"@graph\":[{\"@type\":\"WebPage\",\"@id\":\"https:\/\/www.intoscana.it\/it\/a-pisa-rimosso-un-tumore-al-pancreas-giudicato-inoperabile\/\",\"url\":\"https:\/\/www.intoscana.it\/it\/a-pisa-rimosso-un-tumore-al-pancreas-giudicato-inoperabile\/\",\"name\":\"A Pisa rimosso un tumore al pancreas giudicato inoperabile - intoscana\",\"isPartOf\":{\"@id\":\"https:\/\/www.intoscana.it\/it\/#website\"},\"primaryImageOfPage\":{\"@id\":\"https:\/\/www.intoscana.it\/it\/a-pisa-rimosso-un-tumore-al-pancreas-giudicato-inoperabile\/#primaryimage\"},\"image\":{\"@id\":\"https:\/\/www.intoscana.it\/it\/a-pisa-rimosso-un-tumore-al-pancreas-giudicato-inoperabile\/#primaryimage\"},\"thumbnailUrl\":\"https:\/\/www.intoscana.it\/wp-content\/uploads\/gruppo_Luca_Morelli_2025.jpg\",\"datePublished\":\"2025-07-30T12:45:01+00:00\",\"dateModified\":\"2025-07-30T12:51:30+00:00\",\"author\":{\"@id\":\"https:\/\/www.intoscana.it\/it\/#\/schema\/person\/9223810753230f20bd670fdd322661f8\"},\"description\":\"Paziente di 74 anni, dopo il brillante intervento, pu\u00f2 affrontare il percorso di cura con una prospettiva completamente diversa\",\"breadcrumb\":{\"@id\":\"https:\/\/www.intoscana.it\/it\/a-pisa-rimosso-un-tumore-al-pancreas-giudicato-inoperabile\/#breadcrumb\"},\"inLanguage\":\"it-IT\",\"potentialAction\":[{\"@type\":\"ReadAction\",\"target\":[\"https:\/\/www.intoscana.it\/it\/a-pisa-rimosso-un-tumore-al-pancreas-giudicato-inoperabile\/\"]}]},{\"@type\":\"ImageObject\",\"inLanguage\":\"it-IT\",\"@id\":\"https:\/\/www.intoscana.it\/it\/a-pisa-rimosso-un-tumore-al-pancreas-giudicato-inoperabile\/#primaryimage\",\"url\":\"https:\/\/www.intoscana.it\/wp-content\/uploads\/gruppo_Luca_Morelli_2025.jpg\",\"contentUrl\":\"https:\/\/www.intoscana.it\/wp-content\/uploads\/gruppo_Luca_Morelli_2025.jpg\",\"width\":659,\"height\":376,\"caption\":\"Lo staff della Chirurgia generale diretta da Luca Morelli\"},{\"@type\":\"BreadcrumbList\",\"@id\":\"https:\/\/www.intoscana.it\/it\/a-pisa-rimosso-un-tumore-al-pancreas-giudicato-inoperabile\/#breadcrumb\",\"itemListElement\":[{\"@type\":\"ListItem\",\"position\":1,\"name\":\"Home\",\"item\":\"https:\/\/www.intoscana.it\/it\/\"},{\"@type\":\"ListItem\",\"position\":2,\"name\":\"A Pisa rimosso un tumore al pancreas giudicato inoperabile\"}]},{\"@type\":\"WebSite\",\"@id\":\"https:\/\/www.intoscana.it\/it\/#website\",\"url\":\"https:\/\/www.intoscana.it\/it\/\",\"name\":\"intoscana\",\"description\":\"\",\"potentialAction\":[{\"@type\":\"SearchAction\",\"target\":{\"@type\":\"EntryPoint\",\"urlTemplate\":\"https:\/\/www.intoscana.it\/it\/?s={search_term_string}\"},\"query-input\":{\"@type\":\"PropertyValueSpecification\",\"valueRequired\":true,\"valueName\":\"search_term_string\"}}],\"inLanguage\":\"it-IT\"},{\"@type\":\"Person\",\"@id\":\"https:\/\/www.intoscana.it\/it\/#\/schema\/person\/9223810753230f20bd670fdd322661f8\",\"name\":\"Redazione\",\"url\":\"https:\/\/www.intoscana.it\/it\/author\/redazione\/\"}]}<\/script>\n<!-- \/ Yoast SEO Premium plugin. -->","yoast_head_json":{"title":"A Pisa rimosso un tumore al pancreas giudicato inoperabile - intoscana","description":"Paziente di 74 anni, dopo il brillante intervento, pu\u00f2 affrontare il percorso di cura con una prospettiva completamente diversa","robots":{"index":"index","follow":"follow","max-snippet":"max-snippet:-1","max-image-preview":"max-image-preview:large","max-video-preview":"max-video-preview:-1"},"canonical":"https:\/\/www.intoscana.it\/it\/a-pisa-rimosso-un-tumore-al-pancreas-giudicato-inoperabile\/","og_locale":"it_IT","og_type":"article","og_title":"A Pisa rimosso un tumore al pancreas giudicato inoperabile","og_description":"Paziente di 74 anni, dopo il brillante intervento, pu\u00f2 affrontare il percorso di cura con una prospettiva completamente diversa","og_url":"https:\/\/www.intoscana.it\/it\/a-pisa-rimosso-un-tumore-al-pancreas-giudicato-inoperabile\/","og_site_name":"intoscana","article_publisher":"https:\/\/www.facebook.com\/intoscana.it","article_published_time":"2025-07-30T12:45:01+00:00","article_modified_time":"2025-07-30T12:51:30+00:00","og_image":[{"width":659,"height":376,"url":"https:\/\/www.intoscana.it\/wp-content\/uploads\/gruppo_Luca_Morelli_2025.jpg","type":"image\/jpeg"}],"author":"Redazione","twitter_card":"summary_large_image","twitter_creator":"@intoscana","twitter_site":"@intoscana","twitter_misc":{"Written by":"Redazione","Est. reading time":"2 minuti"},"schema":{"@context":"https:\/\/schema.org","@graph":[{"@type":"WebPage","@id":"https:\/\/www.intoscana.it\/it\/a-pisa-rimosso-un-tumore-al-pancreas-giudicato-inoperabile\/","url":"https:\/\/www.intoscana.it\/it\/a-pisa-rimosso-un-tumore-al-pancreas-giudicato-inoperabile\/","name":"A Pisa rimosso un tumore al pancreas giudicato inoperabile - intoscana","isPartOf":{"@id":"https:\/\/www.intoscana.it\/it\/#website"},"primaryImageOfPage":{"@id":"https:\/\/www.intoscana.it\/it\/a-pisa-rimosso-un-tumore-al-pancreas-giudicato-inoperabile\/#primaryimage"},"image":{"@id":"https:\/\/www.intoscana.it\/it\/a-pisa-rimosso-un-tumore-al-pancreas-giudicato-inoperabile\/#primaryimage"},"thumbnailUrl":"https:\/\/www.intoscana.it\/wp-content\/uploads\/gruppo_Luca_Morelli_2025.jpg","datePublished":"2025-07-30T12:45:01+00:00","dateModified":"2025-07-30T12:51:30+00:00","author":{"@id":"https:\/\/www.intoscana.it\/it\/#\/schema\/person\/9223810753230f20bd670fdd322661f8"},"description":"Paziente di 74 anni, dopo il brillante intervento, pu\u00f2 affrontare il percorso di cura con una prospettiva completamente diversa","breadcrumb":{"@id":"https:\/\/www.intoscana.it\/it\/a-pisa-rimosso-un-tumore-al-pancreas-giudicato-inoperabile\/#breadcrumb"},"inLanguage":"it-IT","potentialAction":[{"@type":"ReadAction","target":["https:\/\/www.intoscana.it\/it\/a-pisa-rimosso-un-tumore-al-pancreas-giudicato-inoperabile\/"]}]},{"@type":"ImageObject","inLanguage":"it-IT","@id":"https:\/\/www.intoscana.it\/it\/a-pisa-rimosso-un-tumore-al-pancreas-giudicato-inoperabile\/#primaryimage","url":"https:\/\/www.intoscana.it\/wp-content\/uploads\/gruppo_Luca_Morelli_2025.jpg","contentUrl":"https:\/\/www.intoscana.it\/wp-content\/uploads\/gruppo_Luca_Morelli_2025.jpg","width":659,"height":376,"caption":"Lo staff della Chirurgia generale diretta da Luca Morelli"},{"@type":"BreadcrumbList","@id":"https:\/\/www.intoscana.it\/it\/a-pisa-rimosso-un-tumore-al-pancreas-giudicato-inoperabile\/#breadcrumb","itemListElement":[{"@type":"ListItem","position":1,"name":"Home","item":"https:\/\/www.intoscana.it\/it\/"},{"@type":"ListItem","position":2,"name":"A Pisa rimosso un tumore al pancreas giudicato inoperabile"}]},{"@type":"WebSite","@id":"https:\/\/www.intoscana.it\/it\/#website","url":"https:\/\/www.intoscana.it\/it\/","name":"intoscana","description":"","potentialAction":[{"@type":"SearchAction","target":{"@type":"EntryPoint","urlTemplate":"https:\/\/www.intoscana.it\/it\/?s={search_term_string}"},"query-input":{"@type":"PropertyValueSpecification","valueRequired":true,"valueName":"search_term_string"}}],"inLanguage":"it-IT"},{"@type":"Person","@id":"https:\/\/www.intoscana.it\/it\/#\/schema\/person\/9223810753230f20bd670fdd322661f8","name":"Redazione","url":"https:\/\/www.intoscana.it\/it\/author\/redazione\/"}]}},"_links":{"self":[{"href":"https:\/\/www.intoscana.it\/it\/wp-json\/wp\/v2\/posts\/394603","targetHints":{"allow":["GET"]}}],"collection":[{"href":"https:\/\/www.intoscana.it\/it\/wp-json\/wp\/v2\/posts"}],"about":[{"href":"https:\/\/www.intoscana.it\/it\/wp-json\/wp\/v2\/types\/post"}],"author":[{"embeddable":true,"href":"https:\/\/www.intoscana.it\/it\/wp-json\/wp\/v2\/users\/525"}],"replies":[{"embeddable":true,"href":"https:\/\/www.intoscana.it\/it\/wp-json\/wp\/v2\/comments?post=394603"}],"version-history":[{"count":5,"href":"https:\/\/www.intoscana.it\/it\/wp-json\/wp\/v2\/posts\/394603\/revisions"}],"predecessor-version":[{"id":394618,"href":"https:\/\/www.intoscana.it\/it\/wp-json\/wp\/v2\/posts\/394603\/revisions\/394618"}],"wp:featuredmedia":[{"embeddable":true,"href":"https:\/\/www.intoscana.it\/it\/wp-json\/wp\/v2\/media\/394604"}],"wp:attachment":[{"href":"https:\/\/www.intoscana.it\/it\/wp-json\/wp\/v2\/media?parent=394603"}],"wp:term":[{"taxonomy":"category","embeddable":true,"href":"https:\/\/www.intoscana.it\/it\/wp-json\/wp\/v2\/categories?post=394603"},{"taxonomy":"post_tag","embeddable":true,"href":"https:\/\/www.intoscana.it\/it\/wp-json\/wp\/v2\/tags?post=394603"}],"curies":[{"name":"wp","href":"https:\/\/api.w.org\/{rel}","templated":true}]}}