{"id":394615,"date":"2025-07-30T18:40:14","date_gmt":"2025-07-30T16:40:14","guid":{"rendered":"https:\/\/www.intoscana.it\/it\/?p=394615"},"modified":"2025-07-30T18:44:17","modified_gmt":"2025-07-30T16:44:17","slug":"murabilia-le-rarita-botaniche-da-tutto-il-mondo-approdano-a-lucca","status":"publish","type":"post","link":"https:\/\/www.intoscana.it\/it\/murabilia-le-rarita-botaniche-da-tutto-il-mondo-approdano-a-lucca\/","title":{"rendered":"Murabilia, le rarit\u00e0 botaniche da tutto il mondo approdano a Lucca"},"content":{"rendered":"<p style=\"font-weight: 400;\"><strong>Fiori<\/strong>, piante, <strong>rarit\u00e0 botaniche<\/strong> e soprattutto un tripudio di <strong>lagerstroemie<\/strong> scelte per rappresentare con i loro colori l&#8217;edizione n. 24. Si presenta cos\u00ec <strong>Murabilia <\/strong>in programma venerd\u00ec 5, sabato 6 e domenica 7 settembre sulle Mura di Lucca con i migliori espositori ed esperti da tutto il mondo.<\/p>\n<p style=\"font-weight: 400;\"><strong>Murabilia\u00a0<\/strong>\u00e8 la <mark>mostra mercato del giardinaggio di qualit\u00e0 e della <strong>cultura del verde<\/strong> pi\u00f9 importante della Toscana<\/mark> e fra le prime in Italia, inserita nel calendario fieristico nazionale. Organizzata da\u00a0<strong>Lucca Crea<\/strong>\u00a0(societ\u00e0 che ogni anno realizza il Festival Lucca Comics &amp; Games) insieme al\u00a0<strong>Comune di Lucca<\/strong> Murabilia porta a Lucca il meglio del giardinaggio internazionale con oltre <strong>200 espositori<\/strong>.<\/p>\n<p style=\"font-weight: 400;\"><mark>Vivaisti, artigiani e settore gastronomia, con banchi in arrivo da tutta Italia e dall\u2019estero, in particolare Francia, Slovenia e Germania<\/mark>, sapranno offrire al pubblico<strong>\u00a0rarit\u00e0 botaniche<\/strong>, novit\u00e0 e riconferme di specie e variet\u00e0 ormai note a chi ha il pollice verde.<\/p>\n<figure id=\"post-394642 media-394642\" class=\"align-none\"><img decoding=\"async\" src=\"https:\/\/www.intoscana.it\/wp-content\/uploads\/Benedetti-Pisano-Dogliotti-Lucchesi.jpg\" alt=\"\" \/><\/figure>\n<div class=\"titleimg\">Benedetti, Pisano, Dogliotti e Lucchesi alla presentazione di Murabilia<\/div>\n<h3>Arrampicare per una kermesse di 50 eventi<\/h3>\n<p style=\"font-weight: 400;\"><strong>Mostre<\/strong>, esposizioni tematiche e\u00a0<strong>laboratori <\/strong>dedicati ai bambini e agli adulti. Oltre\u00a0<strong>50 appuntamenti in tre giorni\u00a0<\/strong>tra incontri e novit\u00e0 editoriali. Si aggiungono poi <strong>visite guidate<\/strong>, dimostrazioni dal vivo e workshop con esperti e protagonisti del verde italiano e internazionale e la possibilit\u00e0 di visitare l&#8217;<strong>Orto Botanico di Lucca<\/strong>\u00a0che<strong>\u00a0<\/strong>ha<strong>\u00a0<\/strong>superato i<strong>\u00a0200 anni d\u2019et\u00e0.<\/strong><\/p>\n<p style=\"font-weight: 400;\">Il\u00a0tema di quest&#8217;anno sar\u00e0 <em>\u201cArrampicare\u201d <\/em>inteso come <strong>piante rampicanti ed epifite<\/strong>, ma anche come sviluppo e conquista dello spazio coltivabile verso l\u2019alto. I rampicanti come primo approccio per ricreare, come la natura insegna, una <strong>stratificazione del verde<\/strong>, in giardino, sui terrazzi o dentro casa.<\/p>\n<p style=\"font-weight: 400;\"><strong>La pian<\/strong><strong>ta simbolo <\/strong>di questa edizione \u00e8 la<strong> Lagerstroemia,<\/strong> diventata in un decennio protagonista assoluta del verde urbano e privato. Merito delle sue incredibili <strong>fioriture estive<\/strong>, disponibile in un gran numero di variet\u00e0 diverse per forma e colori del fiore e del fogliame. Di facile coltivazione, versatile, e in grado di regalare incredibili soddisfazioni anche ai neofiti.<\/p>\n<h3>Murabilia, un giardino d&#8217;Europa<\/h3>\n<p style=\"font-weight: 400;\">Murabilia \u00e8 <strong>un viaggio botanico<\/strong> attraverso il continente, grazie a tesori unici e insoliti, frutto di anni di ricerca e passione: merito dei vivaisti provenienti da tutta Europa. Una presenza cresciuta anno dopo anno: <em>\u201cRifnik garden &amp; plants\u201d <\/em>arriva dalla<strong>\u00a0<\/strong>Slovenia; <em>\u201cP\u00e9pini\u00e8re botanique de Vaugine\u201d, \u201cPerigord Plantes\u201d; \u201cLumen Plantes Vivaces\u201d, \u201cPellizzaro Dino P\u00e9pini\u00e9re\u201d\u00a0<\/em>portano il meglio dalla Francia;<em>\u201cUhlig Kakteen\u201d\u00a0\u00a0e \u201cFrenzel Orchideen\u201d\u00a0<\/em>arrivano invece dalla Germania ed <em>\u201cEpric Foundation\u201d<\/em> dai Paesi Bassi.<\/p>\n<h3>Un parterre di ospiti internazionali<\/h3>\n<p style=\"font-weight: 400;\">Ricchissimo il programma di incontri con il maestro giardiniere <strong>Carlo Pagani\u00a0<\/strong>volto noto per le sue trasmissioni tv, l\u2019architetto progettista\u00a0<strong>Maurizio Usai<\/strong>, l\u2019esperto di bulbi\u00a0<strong>Davide Pacifico<\/strong>. E ancora <strong>Paolo Gullino<\/strong>\u00a0di Piante Innovative,\u00a0<strong>Simone Caratozzolo<\/strong>\u00a0esperto di giardini a bassa manutenzione;\u00a0<strong>Francesco Diliddo<\/strong>\u00a0blogger de \u201c<em>Il Balcone Fiorito\u201d<\/em>,\u00a0<strong>Alessandra Vinciguerra<\/strong>, direttrice dei <em>Giardini La Mortella<\/em> a Ischia,\u00a0<strong>Silvia Ghirelli<\/strong>, nota paesaggista.<\/p>\n<p style=\"font-weight: 400;\">Molti i nomi stranieri, impegnati in talk di livello internazionale con un respiro e una visione che va ben oltre i nostri confini a partire da \u201c<em>Wisteria, endless possibilities &#8211; glicini, possibilit\u00e0 infinite<\/em>\u201d il tema che ha scelto <strong>Abraham Rammeloo<\/strong>, direttore dell&#8217;<em>Arboretum Kalmthout<\/em>, celebre giardino botanico di Kalmthout in Belgio.<\/p>\n<p style=\"font-weight: 400;\"><strong>Olivier Colin<\/strong>, francese, botanico e collezionista di piante, illustrer\u00e0 il viaggio compiuto nella parte nord orientale del Vietnam, nell\u2019incontro: \u201c<em>A glimpse of the karstic flora of N.E. Vietnam &#8211; Uno sguardo alla flora carsica del Nord Est del Vietnam<\/em>\u201d. A Lucca anche <strong>John Grimshaw<\/strong>, britannico, botanico, giardiniere, autore di fama, gi\u00e0 direttore dello <em>Yorkshire Arboretum<\/em> dal 2012 al 2024 interverr\u00e0 affrontando il tema delle <strong>piante rampicanti<\/strong>, striscianti e sarmentose.<\/p>\n<h3 style=\"font-weight: 400;\"><strong>Gli espositori e le variet\u00e0 presenti a Lucca<\/strong><\/h3>\n<p style=\"font-weight: 400;\">Fra i tantissimi, qualificati espositori <strong>Floricoltura Lari\u00a0<\/strong>che porta la rosa \u2018<em>Murabilia\u2019<\/em>, premiata ad Euroflora, dedicata alla manifestazione e offre anche una vasta gamma di <strong>agrumi, piccoli frutti<\/strong>, ortensie e\u00a0 agapanthus. \u201c<strong>Il peccato vegetale\u201d\u00a0<\/strong>\u00e8 il vivaio di riferimento nel campo delle <strong>erbacee perenni<\/strong> per la gamma varietale e di specie, attento alle novit\u00e0 e alle esigenze di un giardino a bassa richiesta idrica.<\/p>\n<p style=\"font-weight: 400;\">\u201c<strong>Water Nursery\u201d<\/strong>\u00a0propone non solo <strong>ninfee <\/strong>ma anche tutte le altre piante che servono per fare di un laghetto o di un mini pond, un mondo verde a s\u00e9 stante. Grande attenzione quest\u2019anno alle <strong>ninfee min<\/strong>i, coltivabili perfino in una tazza da t\u00e9. <strong>Central Park\u00a0<\/strong>\u00e8 il vivaio dove \u00e8 possibile incontrare e conoscere <strong>piante viste<\/strong> soltanto<strong> sulle riviste, in orti botanici<\/strong> o presso collezionisti di livello.<\/p>\n<p style=\"font-weight: 400;\">Il vivaio <strong>Tamoflor<\/strong>, leader indiscusso in Italia per la coltivazione della <strong>bougainvillea<\/strong>, propone una ricchissima scelta dai colori sorprendenti. <strong>Area Palustre\u00a0<\/strong>\u00e8 un invece vivaio dedicato agli appassionati delle <strong>piante acquatiche e di ripa<\/strong>, a chi vuole creare un mondo dedicato, con grande attenzione, al particolare e al ricercato.<\/p>\n<p style=\"font-weight: 400;\"><strong>\u201cLe Essenze di Lea\u201d\u00a0<\/strong>\u00e8 una sosta obbligata per gli <strong>amanti delle salvie<\/strong>, piante generose e resistenti, ma anche adatte a condizioni climatiche sempre pi\u00f9 calde ed asciutte. Dal <strong>Vivaio Corazza<\/strong> si possono scoprire piante insolite, strane e poco conosciute. <strong>\u201cUn angolo di deserto\u201d<\/strong>\u00a0con la ricca offerta di <strong>piante carnivore<\/strong>, \u00e8 conosciuto per la insuperabile <strong>collezione di sarracenia<\/strong>, ibridate e selezionate personalmente. <strong>D\u2019Aleo<\/strong>, invece, \u00e8 specialista delle <strong>passiflora<\/strong>.<\/p>\n<h3>Un appuntamento per le nuove generazioni<\/h3>\n<p style=\"font-weight: 400;\"><strong>Per famiglie <\/strong>e giovani \u00e8 stato predisposto un programma dedicato allo <strong>Young Gardening<\/strong>. L\u2019attenzione riservata alle nuove generazioni si esprime con uno <strong>spazio dedicato<\/strong> alle bambine e ai bambini, per avvicinarli alla tutela e al rispetto della natura. Tantissime\u00a0<strong>attivit\u00e0 laboratoriali, <\/strong>realizzate in collaborazione con le realt\u00e0 del territorio. I giovani andranno a scoprire i segreti della crescita e della cura delle piante, grazie a <strong>Food Family Hub<\/strong>\u00a0e\u00a0<strong>Artebambini<\/strong>.<\/p>\n<p style=\"font-weight: 400;\">Speciali attivit\u00e0 creative e laboratori saranno poi preparati dagli operatori di <strong><a href=\"http:\/\/a.di.pa\/\" data-saferedirecturl=\"https:\/\/www.google.com\/url?q=http:\/\/A.DI.PA&amp;source=gmail&amp;ust=1753965927209000&amp;usg=AOvVaw3ordbDtmP_UtSpPmxlSGzQ\">A.DI.PA<\/a>.<\/strong>.\u00a0<strong>Michele Ratti<\/strong>\u00a0sveler\u00e0 invece i segreti delle creature pi\u00f9 piccole e utili in giardino,\u00a0<strong>dai ragni agli insetti<\/strong>. E ancora l&#8217;<strong>Orange Team LUG<\/strong> per far &#8220;crescere&#8221; piante&#8230; con i <strong>mattoncini Lego<\/strong>.<\/p>\n<h3 style=\"font-weight: 400;\"><strong>Le mostre da scoprire durante Murabilia<\/strong><\/h3>\n<p style=\"font-weight: 400;\">L\u2019esposizione <em>\u201cLa rivoluzione &#8216;verde&#8217; di Elisa, a Lucca. Botanici, agricoltori e giardinieri nell&#8217;Europa napoleonica\u201d<strong> \u00e8 stata <\/strong><\/em>prorogata fino al 21 settembre nel sotterraneo del baluardo Regolo.\u00a0Grandissima attesa per il giardino dimostrativo di\u00a0<strong>Central Park,\u00a0<\/strong>curato da\u00a0<strong>Mario Mariani\u00a0<\/strong>e\u00a0<strong>Matteo Boccardo<\/strong>. <em>\u201cIl Giardino Rampante \u2013 Un Giardino insolito di rampicanti, felci e graminacee intrecciate in un sodalizio estetico\u201d<\/em>\u00a0 \u00e8 il titolo della realizzazione verde dove il pubblico potr\u00e0 sostare.<\/p>\n<p style=\"font-weight: 400;\">Compie 20 anni invece<strong>\u00a0Botalia<\/strong>, la mostra<strong>\u00a0<\/strong>ospitata nella serra grande dell\u2019Orto Botanico, dedicata all\u2019illustrazione botanica con gli acquerelli di\u00a0<strong>Marina Ubertini<\/strong>, autrice del poster di questa edizione. I collezionisti\u00a0<strong>Luca Recchiuti\u00a0<\/strong>e\u00a0<strong>Filippo Bodini<\/strong>\u00a0presenteranno, il primo, una scelta di <strong>rampicanti rari<\/strong> o rarissimi, difficili da trovare nel nostro paese e, il secondo, oltre 40 <strong>variet\u00e0 di colocasie<\/strong>, pianta esotica.<\/p>\n<p style=\"font-weight: 400;\">I\u00a0<strong>Fiori della Barisella<\/strong>, anche quest\u2019anno, presenta una grande collezione di\u00a0<strong>dalie\u00a0<\/strong>con variet\u00e0 storiche, inusuali e a fiore semplice. Magnifica anche la <strong>mostra pomologica <\/strong>a cura di Equa, che fa capo all&#8217;agronomo <strong>Mauro Carboni <\/strong>con <strong>frutti antichi<\/strong>, in parte dimenticati e recuperati. Quest&#8217;anno trover\u00e0 spazio sulle Mura <strong>una scelta di viti storiche e ritrovate<\/strong>.<\/p>\n<p style=\"font-weight: 400;\"><strong>Filippo Petrucci di Evoplant\u00a0<\/strong>presenta <em>\u201cIn senso verticale\u201d<\/em>: un\u2019esposizione di rampicanti tropicali. Immancabile, nella serra piccola dell\u2019Orto Botanico <em>\u201cUn Mondo di Orchidee\u201d<\/em> la mostra espositiva delle <strong>orchidee dei collezionisti e soci AIO<\/strong>.<\/p>\n<p style=\"font-weight: 400;\">Con il\u00a0<strong>Genio Verde<\/strong>\u00a0e la\u00a0<strong>Mostra Piante Segnalate<\/strong> Murabilia incoraggia e promuove i vivai che operano una ricerca di nuove piante frutto di <strong>incroci<\/strong>\u00a0e <strong>semine<\/strong>. \u201c<em>Il Genio Verde \u2013 La Creativit\u00e0 del Vivaismo Italiano<\/em>\u201d \u00e8 progetto nato a Murabilia grazie al supporto della rivista <strong>Gardenia, media partner\u00a0<\/strong>dell\u2019evento.<\/p>\n<h3 style=\"font-weight: 400;\"><strong>Arriva il Piantastop! per gli acquisti<\/strong><\/h3>\n<p style=\"font-weight: 400;\">Tra le novit\u00e0 il <strong>\u201cPiantastop!\u201d<\/strong> <mark>l&#8217;autostop delle piante: un servizio per i visitatori che acquistano numerose piante o piante voluminose che ha avuto grande gradimento<\/mark>. Gli acquisti verranno trasportati dagli ingressi della manifestazione fino a un parcheggio comodamente raggiungibile con la propria auto, in collaborazione con Eco-City Transport.<\/p>\n<p style=\"font-weight: 400;\"><strong>\u00a0<\/strong>Torna anche\u00a0<strong>\u201cGarden Solution\u201d<\/strong>: un vero servizio di consulenza gratuita per tutti coloro che vorranno sottoporre domande sul verde, a cura di Andrea Arrighi Bertolani e Francesco Diliddo. Si conferma la collaborazione con\u00a0<strong>Villa Reale di Marlia:\u00a0<\/strong>con la possibilit\u00e0 di entrare ai giardini e ai musei con biglietto ridotto, presentando il biglietto di Murabilia e viceversa.<\/p>\n<h3 style=\"font-weight: 400;\"><strong>Punti ristoro per gli amanti della Toscana<\/strong><\/h3>\n<p style=\"font-weight: 400;\"><strong>D<\/strong><strong style=\"font-weight: 400;\">ue i punti ristoro <\/strong>dove gustare i\u00a0<strong style=\"font-weight: 400;\">sapori genuini della Toscana<\/strong>, con piatti realizzati con\u00a0<strong style=\"font-weight: 400;\">ingredienti locali e a chilometro zero<\/strong>. Un&#8217;esperienza culinaria per <strong style=\"font-weight: 400;\">ogni esigenza alimentare<\/strong>: opzioni <strong style=\"font-weight: 400;\">senza allergeni<\/strong>\u00a0per gli intolleranti e un&#8217;ampia scelta di piatti\u00a0<strong style=\"font-weight: 400;\">vegetariani e vegani<\/strong>.<\/p>\n<p style=\"font-weight: 400;\">Annunciata la collaborazione con <strong style=\"font-weight: 400;\">Il Necciaio<\/strong>, un&#8217;eccellenza riconosciuta dall&#8217;Associazione Italiana Celiachia (AIC), per un&#8217;alimentazione senza glutine. Birre artigianali di due <strong style=\"font-weight: 400;\">birrifici locali\u00a0<\/strong>d&#8217;eccellenza,<strong style=\"font-weight: 400;\">\u00a0La Collina e Radical Brewery<\/strong>. Non mancheranno <strong style=\"font-weight: 400;\">alternative no alcool<\/strong>, come il vino analcolico.<\/p>\n<h3 style=\"font-weight: 400;\"><b>Dove e quando acquistare i biglietti<\/b><\/h3>\n<p>Gi\u00e0 disponibile la\u00a0<strong>prevendita on line <\/strong>dei biglietti per evitare file alla cassa, attraverso il portale web<a href=\"http:\/\/www.murabilia.com\/\" data-saferedirecturl=\"https:\/\/www.google.com\/url?q=http:\/\/www.murabilia.com\/&amp;source=gmail&amp;ust=1753965927209000&amp;usg=AOvVaw3zBbzcfhdwbPK3_P3wpm8B\">\u00a0<\/a><a href=\"http:\/\/www.murabilia.com\/\" data-saferedirecturl=\"https:\/\/www.google.com\/url?q=http:\/\/www.murabilia.com&amp;source=gmail&amp;ust=1753965927209000&amp;usg=AOvVaw0FD6iZrHPm05f9QavB9-Uc\">www.murabilia.com<\/a>. Una novit\u00e0 di quest&#8217;anno \u00e8 il <strong>biglietto a data aperta <\/strong>acquistabile direttamente online, fino a un massimo di 2.000 titoli di accesso. Ci sar\u00e0 cos\u00ec la libert\u00e0 di scegliere il giorno migliore per visitare la manifestazione, senza vincoli. E\u2019 stata potenziata la vendita online dei biglietti che godranno di un <strong>forte sconto <\/strong>rispetto al prezzo intero in cassa.<\/p>\n<p>Per i <strong>ragazzi fino ai 14 anni<\/strong> non compiuti (sempre accompagnati da un adulto) ingresso libero fino e biglietto ridotto sino a <strong>18 anni non compiuti<\/strong> e<strong> over 65<\/strong>. Infine, gli adulti che accompagnano bambini e bambine sotto i 14 anni potranno beneficiare di un biglietto a prezzo ridotto.<\/p>\n<p style=\"font-weight: 400;\"><strong>Il programma dettagliato <\/strong>di tutti gli eventi sul sito<strong><a href=\"http:\/\/www.murabilia.com\/\" data-saferedirecturl=\"https:\/\/www.google.com\/url?q=http:\/\/www.murabilia.com&amp;source=gmail&amp;ust=1753965927209000&amp;usg=AOvVaw0FD6iZrHPm05f9QavB9-Uc\">www.murabilia.com<\/a>. Orario<\/strong>: venerd\u00ec 5 settembre (10\/19) &#8211; sabato 6 e domenica 7 settembre (9.30 \/19).<\/p>\n","protected":false},"excerpt":{"rendered":"<p>Oltre 50 eventi e 200 espositori da venerd\u00ec 5 a domenica 7 settembre per chi ha il pollice verde e cerca piante e fiori straordinari<\/p>\n","protected":false},"author":554,"featured_media":80168,"comment_status":"open","ping_status":"open","sticky":false,"template":"","format":"standard","meta":{"_acf_changed":false,"footnotes":""},"categories":[6],"tags":[395,170,5631],"class_list":["post-394615","post","type-post","status-publish","format-standard","has-post-thumbnail","hentry","category-viaggi","tag-eventi-in-toscana","tag-lucca","tag-piante"],"acf":[],"yoast_head":"<!-- This site is optimized with the Yoast SEO Premium plugin v24.2 (Yoast SEO v25.6) - https:\/\/yoast.com\/wordpress\/plugins\/seo\/ -->\n<title>Murabilia, le rarit\u00e0 botaniche da tutto il mondo approdano a Lucca - intoscana<\/title>\n<meta name=\"description\" content=\"Oltre 50 eventi e 200 espositori da venerd\u00ec 5 a domenica 7 settembre per chi ha il pollice verde e cerca piante e fiori straordinari\" \/>\n<meta name=\"robots\" content=\"index, follow, max-snippet:-1, max-image-preview:large, max-video-preview:-1\" \/>\n<link rel=\"canonical\" href=\"https:\/\/www.intoscana.it\/it\/murabilia-le-rarita-botaniche-da-tutto-il-mondo-approdano-a-lucca\/\" \/>\n<meta property=\"og:locale\" content=\"it_IT\" \/>\n<meta property=\"og:type\" content=\"article\" \/>\n<meta property=\"og:title\" content=\"Murabilia, le rarit\u00e0 botaniche da tutto il mondo approdano a Lucca\" \/>\n<meta property=\"og:description\" content=\"Oltre 50 eventi e 200 espositori da venerd\u00ec 5 a domenica 7 settembre per chi ha il pollice verde e cerca piante e fiori straordinari\" \/>\n<meta property=\"og:url\" content=\"https:\/\/www.intoscana.it\/it\/murabilia-le-rarita-botaniche-da-tutto-il-mondo-approdano-a-lucca\/\" \/>\n<meta property=\"og:site_name\" content=\"intoscana\" \/>\n<meta property=\"article:publisher\" content=\"https:\/\/www.facebook.com\/intoscana.it\" \/>\n<meta property=\"article:published_time\" content=\"2025-07-30T16:40:14+00:00\" \/>\n<meta property=\"article:modified_time\" content=\"2025-07-30T16:44:17+00:00\" \/>\n<meta property=\"og:image\" content=\"https:\/\/www.intoscana.it\/wp-content\/uploads\/murabilia-2018-baluardo.jpg\" \/>\n\t<meta property=\"og:image:width\" content=\"960\" \/>\n\t<meta property=\"og:image:height\" content=\"639\" \/>\n\t<meta property=\"og:image:type\" content=\"image\/jpeg\" \/>\n<meta name=\"author\" content=\"Raffaella Galamini\" \/>\n<meta name=\"twitter:card\" content=\"summary_large_image\" \/>\n<meta name=\"twitter:creator\" content=\"@orio\" \/>\n<meta name=\"twitter:site\" content=\"@intoscana\" \/>\n<meta name=\"twitter:label1\" content=\"Written by\" \/>\n\t<meta name=\"twitter:data1\" content=\"Raffaella Galamini\" \/>\n\t<meta name=\"twitter:label2\" content=\"Est. reading time\" \/>\n\t<meta name=\"twitter:data2\" content=\"9 minuti\" \/>\n<script type=\"application\/ld+json\" class=\"yoast-schema-graph\">{\"@context\":\"https:\/\/schema.org\",\"@graph\":[{\"@type\":\"WebPage\",\"@id\":\"https:\/\/www.intoscana.it\/it\/murabilia-le-rarita-botaniche-da-tutto-il-mondo-approdano-a-lucca\/\",\"url\":\"https:\/\/www.intoscana.it\/it\/murabilia-le-rarita-botaniche-da-tutto-il-mondo-approdano-a-lucca\/\",\"name\":\"Murabilia, le rarit\u00e0 botaniche da tutto il mondo approdano a Lucca - intoscana\",\"isPartOf\":{\"@id\":\"https:\/\/www.intoscana.it\/it\/#website\"},\"primaryImageOfPage\":{\"@id\":\"https:\/\/www.intoscana.it\/it\/murabilia-le-rarita-botaniche-da-tutto-il-mondo-approdano-a-lucca\/#primaryimage\"},\"image\":{\"@id\":\"https:\/\/www.intoscana.it\/it\/murabilia-le-rarita-botaniche-da-tutto-il-mondo-approdano-a-lucca\/#primaryimage\"},\"thumbnailUrl\":\"https:\/\/www.intoscana.it\/wp-content\/uploads\/murabilia-2018-baluardo.jpg\",\"datePublished\":\"2025-07-30T16:40:14+00:00\",\"dateModified\":\"2025-07-30T16:44:17+00:00\",\"author\":{\"@id\":\"https:\/\/www.intoscana.it\/it\/#\/schema\/person\/9eb9daa846a49fe51af39a73d9d1986b\"},\"description\":\"Oltre 50 eventi e 200 espositori da venerd\u00ec 5 a domenica 7 settembre per chi ha il pollice verde e cerca piante e fiori straordinari\",\"breadcrumb\":{\"@id\":\"https:\/\/www.intoscana.it\/it\/murabilia-le-rarita-botaniche-da-tutto-il-mondo-approdano-a-lucca\/#breadcrumb\"},\"inLanguage\":\"it-IT\",\"potentialAction\":[{\"@type\":\"ReadAction\",\"target\":[\"https:\/\/www.intoscana.it\/it\/murabilia-le-rarita-botaniche-da-tutto-il-mondo-approdano-a-lucca\/\"]}]},{\"@type\":\"ImageObject\",\"inLanguage\":\"it-IT\",\"@id\":\"https:\/\/www.intoscana.it\/it\/murabilia-le-rarita-botaniche-da-tutto-il-mondo-approdano-a-lucca\/#primaryimage\",\"url\":\"https:\/\/www.intoscana.it\/wp-content\/uploads\/murabilia-2018-baluardo.jpg\",\"contentUrl\":\"https:\/\/www.intoscana.it\/wp-content\/uploads\/murabilia-2018-baluardo.jpg\",\"width\":960,\"height\":639,\"caption\":\"Murabilia\"},{\"@type\":\"BreadcrumbList\",\"@id\":\"https:\/\/www.intoscana.it\/it\/murabilia-le-rarita-botaniche-da-tutto-il-mondo-approdano-a-lucca\/#breadcrumb\",\"itemListElement\":[{\"@type\":\"ListItem\",\"position\":1,\"name\":\"Home\",\"item\":\"https:\/\/www.intoscana.it\/it\/\"},{\"@type\":\"ListItem\",\"position\":2,\"name\":\"Murabilia, le rarit\u00e0 botaniche da tutto il mondo approdano a Lucca\"}]},{\"@type\":\"WebSite\",\"@id\":\"https:\/\/www.intoscana.it\/it\/#website\",\"url\":\"https:\/\/www.intoscana.it\/it\/\",\"name\":\"intoscana\",\"description\":\"\",\"potentialAction\":[{\"@type\":\"SearchAction\",\"target\":{\"@type\":\"EntryPoint\",\"urlTemplate\":\"https:\/\/www.intoscana.it\/it\/?s={search_term_string}\"},\"query-input\":{\"@type\":\"PropertyValueSpecification\",\"valueRequired\":true,\"valueName\":\"search_term_string\"}}],\"inLanguage\":\"it-IT\"},{\"@type\":\"Person\",\"@id\":\"https:\/\/www.intoscana.it\/it\/#\/schema\/person\/9eb9daa846a49fe51af39a73d9d1986b\",\"name\":\"Raffaella Galamini\",\"sameAs\":[\"https:\/\/x.com\/orio\"],\"url\":\"https:\/\/www.intoscana.it\/it\/author\/r-galamini\/\"}]}<\/script>\n<!-- \/ Yoast SEO Premium plugin. -->","yoast_head_json":{"title":"Murabilia, le rarit\u00e0 botaniche da tutto il mondo approdano a Lucca - intoscana","description":"Oltre 50 eventi e 200 espositori da venerd\u00ec 5 a domenica 7 settembre per chi ha il pollice verde e cerca piante e fiori straordinari","robots":{"index":"index","follow":"follow","max-snippet":"max-snippet:-1","max-image-preview":"max-image-preview:large","max-video-preview":"max-video-preview:-1"},"canonical":"https:\/\/www.intoscana.it\/it\/murabilia-le-rarita-botaniche-da-tutto-il-mondo-approdano-a-lucca\/","og_locale":"it_IT","og_type":"article","og_title":"Murabilia, le rarit\u00e0 botaniche da tutto il mondo approdano a Lucca","og_description":"Oltre 50 eventi e 200 espositori da venerd\u00ec 5 a domenica 7 settembre per chi ha il pollice verde e cerca piante e fiori straordinari","og_url":"https:\/\/www.intoscana.it\/it\/murabilia-le-rarita-botaniche-da-tutto-il-mondo-approdano-a-lucca\/","og_site_name":"intoscana","article_publisher":"https:\/\/www.facebook.com\/intoscana.it","article_published_time":"2025-07-30T16:40:14+00:00","article_modified_time":"2025-07-30T16:44:17+00:00","og_image":[{"width":960,"height":639,"url":"https:\/\/www.intoscana.it\/wp-content\/uploads\/murabilia-2018-baluardo.jpg","type":"image\/jpeg"}],"author":"Raffaella Galamini","twitter_card":"summary_large_image","twitter_creator":"@orio","twitter_site":"@intoscana","twitter_misc":{"Written by":"Raffaella Galamini","Est. reading time":"9 minuti"},"schema":{"@context":"https:\/\/schema.org","@graph":[{"@type":"WebPage","@id":"https:\/\/www.intoscana.it\/it\/murabilia-le-rarita-botaniche-da-tutto-il-mondo-approdano-a-lucca\/","url":"https:\/\/www.intoscana.it\/it\/murabilia-le-rarita-botaniche-da-tutto-il-mondo-approdano-a-lucca\/","name":"Murabilia, le rarit\u00e0 botaniche da tutto il mondo approdano a Lucca - intoscana","isPartOf":{"@id":"https:\/\/www.intoscana.it\/it\/#website"},"primaryImageOfPage":{"@id":"https:\/\/www.intoscana.it\/it\/murabilia-le-rarita-botaniche-da-tutto-il-mondo-approdano-a-lucca\/#primaryimage"},"image":{"@id":"https:\/\/www.intoscana.it\/it\/murabilia-le-rarita-botaniche-da-tutto-il-mondo-approdano-a-lucca\/#primaryimage"},"thumbnailUrl":"https:\/\/www.intoscana.it\/wp-content\/uploads\/murabilia-2018-baluardo.jpg","datePublished":"2025-07-30T16:40:14+00:00","dateModified":"2025-07-30T16:44:17+00:00","author":{"@id":"https:\/\/www.intoscana.it\/it\/#\/schema\/person\/9eb9daa846a49fe51af39a73d9d1986b"},"description":"Oltre 50 eventi e 200 espositori da venerd\u00ec 5 a domenica 7 settembre per chi ha il pollice verde e cerca piante e fiori straordinari","breadcrumb":{"@id":"https:\/\/www.intoscana.it\/it\/murabilia-le-rarita-botaniche-da-tutto-il-mondo-approdano-a-lucca\/#breadcrumb"},"inLanguage":"it-IT","potentialAction":[{"@type":"ReadAction","target":["https:\/\/www.intoscana.it\/it\/murabilia-le-rarita-botaniche-da-tutto-il-mondo-approdano-a-lucca\/"]}]},{"@type":"ImageObject","inLanguage":"it-IT","@id":"https:\/\/www.intoscana.it\/it\/murabilia-le-rarita-botaniche-da-tutto-il-mondo-approdano-a-lucca\/#primaryimage","url":"https:\/\/www.intoscana.it\/wp-content\/uploads\/murabilia-2018-baluardo.jpg","contentUrl":"https:\/\/www.intoscana.it\/wp-content\/uploads\/murabilia-2018-baluardo.jpg","width":960,"height":639,"caption":"Murabilia"},{"@type":"BreadcrumbList","@id":"https:\/\/www.intoscana.it\/it\/murabilia-le-rarita-botaniche-da-tutto-il-mondo-approdano-a-lucca\/#breadcrumb","itemListElement":[{"@type":"ListItem","position":1,"name":"Home","item":"https:\/\/www.intoscana.it\/it\/"},{"@type":"ListItem","position":2,"name":"Murabilia, le rarit\u00e0 botaniche da tutto il mondo approdano a Lucca"}]},{"@type":"WebSite","@id":"https:\/\/www.intoscana.it\/it\/#website","url":"https:\/\/www.intoscana.it\/it\/","name":"intoscana","description":"","potentialAction":[{"@type":"SearchAction","target":{"@type":"EntryPoint","urlTemplate":"https:\/\/www.intoscana.it\/it\/?s={search_term_string}"},"query-input":{"@type":"PropertyValueSpecification","valueRequired":true,"valueName":"search_term_string"}}],"inLanguage":"it-IT"},{"@type":"Person","@id":"https:\/\/www.intoscana.it\/it\/#\/schema\/person\/9eb9daa846a49fe51af39a73d9d1986b","name":"Raffaella Galamini","sameAs":["https:\/\/x.com\/orio"],"url":"https:\/\/www.intoscana.it\/it\/author\/r-galamini\/"}]}},"_links":{"self":[{"href":"https:\/\/www.intoscana.it\/it\/wp-json\/wp\/v2\/posts\/394615","targetHints":{"allow":["GET"]}}],"collection":[{"href":"https:\/\/www.intoscana.it\/it\/wp-json\/wp\/v2\/posts"}],"about":[{"href":"https:\/\/www.intoscana.it\/it\/wp-json\/wp\/v2\/types\/post"}],"author":[{"embeddable":true,"href":"https:\/\/www.intoscana.it\/it\/wp-json\/wp\/v2\/users\/554"}],"replies":[{"embeddable":true,"href":"https:\/\/www.intoscana.it\/it\/wp-json\/wp\/v2\/comments?post=394615"}],"version-history":[{"count":5,"href":"https:\/\/www.intoscana.it\/it\/wp-json\/wp\/v2\/posts\/394615\/revisions"}],"predecessor-version":[{"id":394646,"href":"https:\/\/www.intoscana.it\/it\/wp-json\/wp\/v2\/posts\/394615\/revisions\/394646"}],"wp:featuredmedia":[{"embeddable":true,"href":"https:\/\/www.intoscana.it\/it\/wp-json\/wp\/v2\/media\/80168"}],"wp:attachment":[{"href":"https:\/\/www.intoscana.it\/it\/wp-json\/wp\/v2\/media?parent=394615"}],"wp:term":[{"taxonomy":"category","embeddable":true,"href":"https:\/\/www.intoscana.it\/it\/wp-json\/wp\/v2\/categories?post=394615"},{"taxonomy":"post_tag","embeddable":true,"href":"https:\/\/www.intoscana.it\/it\/wp-json\/wp\/v2\/tags?post=394615"}],"curies":[{"name":"wp","href":"https:\/\/api.w.org\/{rel}","templated":true}]}}