{"id":394966,"date":"2025-08-04T15:25:35","date_gmt":"2025-08-04T13:25:35","guid":{"rendered":"https:\/\/www.intoscana.it\/it\/?p=394966"},"modified":"2025-08-04T15:25:35","modified_gmt":"2025-08-04T13:25:35","slug":"firenze-rende-omaggio-a-giovanni-spadolini-a-31-anni-dalla-scomparsa","status":"publish","type":"post","link":"https:\/\/www.intoscana.it\/it\/firenze-rende-omaggio-a-giovanni-spadolini-a-31-anni-dalla-scomparsa\/","title":{"rendered":"Firenze rende omaggio a Giovanni Spadolini a 31 anni dalla scomparsa"},"content":{"rendered":"<p>Si \u00e8 svolta questa mattina nella Basilica di San Miniato al Monte a Firenze la cerimonia di commemorazione del 31\u00b0 anniversario della scomparsa di <strong>Giovanni Spadolini<\/strong>. Le celebrazioni si sono aperte alle 8.45 con la messa officiata dall\u2019abate Padre Bernardo Francesco Gianni, seguita alle 10 dalla deposizione di una <strong>corona del Comune di Firenze sulla tomba dello statista,<\/strong> nel cimitero monumentale antistante la basilica, alla presenza del presidente della Regione Toscana Eugenio Giani, delle assessore comunali Caterina Biti e Benedetta Albanese, di autorit\u00e0 civili e militari, del presidente della Fondazione Spadolini Nuova Antologia Cosimo Ceccuti e del suo staff, oltre che da Donata Spadolini, in rappresentanza della famiglia.<\/p>\n<h3>Il ricordo di Spadolini<\/h3>\n<p><em>\u201cIl 2025<\/em> \u2013 ha commentato il professor Ceccuti &#8211;<em> \u00e8 anche l\u2019anno del centenario della nascita del nostro compianto Professore.<\/em><br \/>\n<em>Al di l\u00e0 delle straordinarie qualit\u00e0 di storico, giornalista e di studioso, restano vivi ed attuali i suoi valori, la sua cristallina onest\u00e0, il senso delle istituzioni e della legalit\u00e0, la costante ricerca dell&#8217;interesse generale del Paese, del dialogo, del libero confronto delle idee nel rispetto degli altri, nella fedelt\u00e0 all&#8217;Italia della ragione, opposta a ogni forma di fanatismo e di intolleranza.&#8221;<\/em><\/p>\n<p><strong>Il presidente Giani ha ricordato l\u2019impronta nazionale di Spadolini:<\/strong> &#8220;<em>Il 4 di agosto rappresenta un punto di riferimento per la citt\u00e0 e la Regione, per lo spessore morale ed <\/em><mark><em>il valore di una persona cos\u00ec profondamente elevata, fortemente radicata nella sua Firenze,<\/em><\/mark><em> ma dal respiro intenzionale. Spadolini ha lasciato segni fortissimi in qualsiasi ambito attraversato nel corso della sua carriera e della sua vita, come professore universitario alla Cesare Alfieri di Firenze, come scrittore, giornalista, direttore di giornale. Non di meno come uomo delle istituzioni, quando La Malfa lo coinvolse in un ruolo politico di rilievo. Uomo di cultura, fece la differenza quando fu chiamato alla guida del governo, perch\u00e9 non si comport\u00f2 da semplice testimone della cultura repubblicana, ma si dimostr\u00f2 leader nell&#8217;unica volta della storia in cui il Partito Repubblicano super\u00f2 il 5% di preferenze alle elezioni. Spadolini vive i suoi ruoli pi\u00f9 alti nello Stato durante il periodo difficile della P2, dimostrando una personalit\u00e0 di eccellenza. Firenze fa bene a ricordare la lezione morale che ci ha lasciato e il suo senso del servizio, che dovrebbe sempre essere condiviso da quanti esercitano la politica&#8221;.<\/em><\/p>\n<h3>Il progetto educativo per gli studenti<\/h3>\n<p>La cerimonia \u00e8 stata anche l\u2019occasione per lanciare <strong>un\u2019importante iniziativa dedicata ai pi\u00f9 giovani<\/strong>, come ha annunciato l\u2019assessora Benedetta Albanese: &#8220;<em>Quest&#8217;anno rinnoviamo l&#8217;impegno dell&#8217;amministrazione nei confronti di una ricorrenza cos\u00ec importante, all&#8217;insegna di un patrimonio di valori comuni che ha unito Spadolini alla citt\u00e0 di Firenze. Oggi per\u00f2 lo vogliamo ricordare con l&#8217;impegno ad un&#8217;azione concreta, un nuovo progetto dedicato ai giovani che il Comune di Firenze condivider\u00e0 con la Fondazione Spadolini ed inserir\u00e0 nelle Chiavi della citt\u00e0.<strong> Un progetto che sapr\u00e0 interessare studenti di tutti i livelli, dalle elementari, alle medie e alle superiori,<\/strong> immaginando che il giovane Spadolini li stia accompagnando per mano in un percorso di formazione pi\u00f9 completo.&#8221;<\/em><\/p>\n<p>Il progetto \u2013 che sar\u00e0 inserito nel catalogo \u201cChiavi della Citt\u00e0\u201d per l\u2019anno scolastico 2025\/2026 \u2013 verr\u00e0 sviluppato congiuntamente dal Comune di Firenze e dalla Fondazione Spadolini Nuova Antologia, proponendo p<strong>ercorsi didattici, laboratori e visite guidate alla Casa Museo Spadolini<\/strong> per trasmettere ai ragazzi il valore della cittadinanza attiva e della tutela del patrimonio culturale.<\/p>\n","protected":false},"excerpt":{"rendered":"<p>Alla presenza del presidente della Regione Eugenio Giani \u00e8 stato presentato il progetto educativo che sar\u00e0 realizzato dal Comune di Firenze e dalla Fondazione Spadolini Nuova Antologia per coinvolgere gli studenti nel lascito dello statista<\/p>\n","protected":false},"author":525,"featured_media":394968,"comment_status":"open","ping_status":"open","sticky":false,"template":"","format":"standard","meta":{"_acf_changed":false,"footnotes":""},"categories":[494],"tags":[202],"class_list":["post-394966","post","type-post","status-publish","format-standard","has-post-thumbnail","hentry","category-attualita","tag-firenze"],"acf":[],"yoast_head":"<!-- This site is optimized with the Yoast SEO Premium plugin v24.2 (Yoast SEO v25.6) - https:\/\/yoast.com\/wordpress\/plugins\/seo\/ -->\n<title>Firenze rende omaggio a Giovanni Spadolini a 31 anni dalla scomparsa - intoscana<\/title>\n<meta name=\"robots\" content=\"index, follow, max-snippet:-1, max-image-preview:large, max-video-preview:-1\" \/>\n<link rel=\"canonical\" href=\"https:\/\/www.intoscana.it\/it\/firenze-rende-omaggio-a-giovanni-spadolini-a-31-anni-dalla-scomparsa\/\" \/>\n<meta property=\"og:locale\" content=\"it_IT\" \/>\n<meta property=\"og:type\" content=\"article\" \/>\n<meta property=\"og:title\" content=\"Firenze rende omaggio a Giovanni Spadolini a 31 anni dalla scomparsa\" \/>\n<meta property=\"og:description\" content=\"Alla presenza del presidente della Regione Eugenio Giani \u00e8 stato presentato il progetto educativo che sar\u00e0 realizzato dal Comune di Firenze e dalla Fondazione Spadolini Nuova Antologia per coinvolgere gli studenti nel lascito dello statista\" \/>\n<meta property=\"og:url\" content=\"https:\/\/www.intoscana.it\/it\/firenze-rende-omaggio-a-giovanni-spadolini-a-31-anni-dalla-scomparsa\/\" \/>\n<meta property=\"og:site_name\" content=\"intoscana\" \/>\n<meta property=\"article:publisher\" content=\"https:\/\/www.facebook.com\/intoscana.it\" \/>\n<meta property=\"article:published_time\" content=\"2025-08-04T13:25:35+00:00\" \/>\n<meta property=\"og:image\" content=\"https:\/\/www.intoscana.it\/wp-content\/uploads\/Andrea-Ruggeri-Fotografo.jpg\" \/>\n\t<meta property=\"og:image:width\" content=\"1920\" \/>\n\t<meta property=\"og:image:height\" content=\"1278\" \/>\n\t<meta property=\"og:image:type\" content=\"image\/jpeg\" \/>\n<meta name=\"author\" content=\"Redazione\" \/>\n<meta name=\"twitter:card\" content=\"summary_large_image\" \/>\n<meta name=\"twitter:creator\" content=\"@intoscana\" \/>\n<meta name=\"twitter:site\" content=\"@intoscana\" \/>\n<meta name=\"twitter:label1\" content=\"Written by\" \/>\n\t<meta name=\"twitter:data1\" content=\"Redazione\" \/>\n\t<meta name=\"twitter:label2\" content=\"Est. reading time\" \/>\n\t<meta name=\"twitter:data2\" content=\"4 minuti\" \/>\n<script type=\"application\/ld+json\" class=\"yoast-schema-graph\">{\"@context\":\"https:\/\/schema.org\",\"@graph\":[{\"@type\":\"WebPage\",\"@id\":\"https:\/\/www.intoscana.it\/it\/firenze-rende-omaggio-a-giovanni-spadolini-a-31-anni-dalla-scomparsa\/\",\"url\":\"https:\/\/www.intoscana.it\/it\/firenze-rende-omaggio-a-giovanni-spadolini-a-31-anni-dalla-scomparsa\/\",\"name\":\"Firenze rende omaggio a Giovanni Spadolini a 31 anni dalla scomparsa - intoscana\",\"isPartOf\":{\"@id\":\"https:\/\/www.intoscana.it\/it\/#website\"},\"primaryImageOfPage\":{\"@id\":\"https:\/\/www.intoscana.it\/it\/firenze-rende-omaggio-a-giovanni-spadolini-a-31-anni-dalla-scomparsa\/#primaryimage\"},\"image\":{\"@id\":\"https:\/\/www.intoscana.it\/it\/firenze-rende-omaggio-a-giovanni-spadolini-a-31-anni-dalla-scomparsa\/#primaryimage\"},\"thumbnailUrl\":\"https:\/\/www.intoscana.it\/wp-content\/uploads\/Andrea-Ruggeri-Fotografo.jpg\",\"datePublished\":\"2025-08-04T13:25:35+00:00\",\"author\":{\"@id\":\"https:\/\/www.intoscana.it\/it\/#\/schema\/person\/9223810753230f20bd670fdd322661f8\"},\"breadcrumb\":{\"@id\":\"https:\/\/www.intoscana.it\/it\/firenze-rende-omaggio-a-giovanni-spadolini-a-31-anni-dalla-scomparsa\/#breadcrumb\"},\"inLanguage\":\"it-IT\",\"potentialAction\":[{\"@type\":\"ReadAction\",\"target\":[\"https:\/\/www.intoscana.it\/it\/firenze-rende-omaggio-a-giovanni-spadolini-a-31-anni-dalla-scomparsa\/\"]}]},{\"@type\":\"ImageObject\",\"inLanguage\":\"it-IT\",\"@id\":\"https:\/\/www.intoscana.it\/it\/firenze-rende-omaggio-a-giovanni-spadolini-a-31-anni-dalla-scomparsa\/#primaryimage\",\"url\":\"https:\/\/www.intoscana.it\/wp-content\/uploads\/Andrea-Ruggeri-Fotografo.jpg\",\"contentUrl\":\"https:\/\/www.intoscana.it\/wp-content\/uploads\/Andrea-Ruggeri-Fotografo.jpg\",\"width\":1920,\"height\":1278,\"caption\":\"La commemorazione per Giovanni Spadolini\"},{\"@type\":\"BreadcrumbList\",\"@id\":\"https:\/\/www.intoscana.it\/it\/firenze-rende-omaggio-a-giovanni-spadolini-a-31-anni-dalla-scomparsa\/#breadcrumb\",\"itemListElement\":[{\"@type\":\"ListItem\",\"position\":1,\"name\":\"Home\",\"item\":\"https:\/\/www.intoscana.it\/it\/\"},{\"@type\":\"ListItem\",\"position\":2,\"name\":\"Firenze rende omaggio a Giovanni Spadolini a 31 anni dalla scomparsa\"}]},{\"@type\":\"WebSite\",\"@id\":\"https:\/\/www.intoscana.it\/it\/#website\",\"url\":\"https:\/\/www.intoscana.it\/it\/\",\"name\":\"intoscana\",\"description\":\"\",\"potentialAction\":[{\"@type\":\"SearchAction\",\"target\":{\"@type\":\"EntryPoint\",\"urlTemplate\":\"https:\/\/www.intoscana.it\/it\/?s={search_term_string}\"},\"query-input\":{\"@type\":\"PropertyValueSpecification\",\"valueRequired\":true,\"valueName\":\"search_term_string\"}}],\"inLanguage\":\"it-IT\"},{\"@type\":\"Person\",\"@id\":\"https:\/\/www.intoscana.it\/it\/#\/schema\/person\/9223810753230f20bd670fdd322661f8\",\"name\":\"Redazione\",\"url\":\"https:\/\/www.intoscana.it\/it\/author\/redazione\/\"}]}<\/script>\n<!-- \/ Yoast SEO Premium plugin. -->","yoast_head_json":{"title":"Firenze rende omaggio a Giovanni Spadolini a 31 anni dalla scomparsa - intoscana","robots":{"index":"index","follow":"follow","max-snippet":"max-snippet:-1","max-image-preview":"max-image-preview:large","max-video-preview":"max-video-preview:-1"},"canonical":"https:\/\/www.intoscana.it\/it\/firenze-rende-omaggio-a-giovanni-spadolini-a-31-anni-dalla-scomparsa\/","og_locale":"it_IT","og_type":"article","og_title":"Firenze rende omaggio a Giovanni Spadolini a 31 anni dalla scomparsa","og_description":"Alla presenza del presidente della Regione Eugenio Giani \u00e8 stato presentato il progetto educativo che sar\u00e0 realizzato dal Comune di Firenze e dalla Fondazione Spadolini Nuova Antologia per coinvolgere gli studenti nel lascito dello statista","og_url":"https:\/\/www.intoscana.it\/it\/firenze-rende-omaggio-a-giovanni-spadolini-a-31-anni-dalla-scomparsa\/","og_site_name":"intoscana","article_publisher":"https:\/\/www.facebook.com\/intoscana.it","article_published_time":"2025-08-04T13:25:35+00:00","og_image":[{"width":1920,"height":1278,"url":"https:\/\/www.intoscana.it\/wp-content\/uploads\/Andrea-Ruggeri-Fotografo.jpg","type":"image\/jpeg"}],"author":"Redazione","twitter_card":"summary_large_image","twitter_creator":"@intoscana","twitter_site":"@intoscana","twitter_misc":{"Written by":"Redazione","Est. reading time":"4 minuti"},"schema":{"@context":"https:\/\/schema.org","@graph":[{"@type":"WebPage","@id":"https:\/\/www.intoscana.it\/it\/firenze-rende-omaggio-a-giovanni-spadolini-a-31-anni-dalla-scomparsa\/","url":"https:\/\/www.intoscana.it\/it\/firenze-rende-omaggio-a-giovanni-spadolini-a-31-anni-dalla-scomparsa\/","name":"Firenze rende omaggio a Giovanni Spadolini a 31 anni dalla scomparsa - intoscana","isPartOf":{"@id":"https:\/\/www.intoscana.it\/it\/#website"},"primaryImageOfPage":{"@id":"https:\/\/www.intoscana.it\/it\/firenze-rende-omaggio-a-giovanni-spadolini-a-31-anni-dalla-scomparsa\/#primaryimage"},"image":{"@id":"https:\/\/www.intoscana.it\/it\/firenze-rende-omaggio-a-giovanni-spadolini-a-31-anni-dalla-scomparsa\/#primaryimage"},"thumbnailUrl":"https:\/\/www.intoscana.it\/wp-content\/uploads\/Andrea-Ruggeri-Fotografo.jpg","datePublished":"2025-08-04T13:25:35+00:00","author":{"@id":"https:\/\/www.intoscana.it\/it\/#\/schema\/person\/9223810753230f20bd670fdd322661f8"},"breadcrumb":{"@id":"https:\/\/www.intoscana.it\/it\/firenze-rende-omaggio-a-giovanni-spadolini-a-31-anni-dalla-scomparsa\/#breadcrumb"},"inLanguage":"it-IT","potentialAction":[{"@type":"ReadAction","target":["https:\/\/www.intoscana.it\/it\/firenze-rende-omaggio-a-giovanni-spadolini-a-31-anni-dalla-scomparsa\/"]}]},{"@type":"ImageObject","inLanguage":"it-IT","@id":"https:\/\/www.intoscana.it\/it\/firenze-rende-omaggio-a-giovanni-spadolini-a-31-anni-dalla-scomparsa\/#primaryimage","url":"https:\/\/www.intoscana.it\/wp-content\/uploads\/Andrea-Ruggeri-Fotografo.jpg","contentUrl":"https:\/\/www.intoscana.it\/wp-content\/uploads\/Andrea-Ruggeri-Fotografo.jpg","width":1920,"height":1278,"caption":"La commemorazione per Giovanni Spadolini"},{"@type":"BreadcrumbList","@id":"https:\/\/www.intoscana.it\/it\/firenze-rende-omaggio-a-giovanni-spadolini-a-31-anni-dalla-scomparsa\/#breadcrumb","itemListElement":[{"@type":"ListItem","position":1,"name":"Home","item":"https:\/\/www.intoscana.it\/it\/"},{"@type":"ListItem","position":2,"name":"Firenze rende omaggio a Giovanni Spadolini a 31 anni dalla scomparsa"}]},{"@type":"WebSite","@id":"https:\/\/www.intoscana.it\/it\/#website","url":"https:\/\/www.intoscana.it\/it\/","name":"intoscana","description":"","potentialAction":[{"@type":"SearchAction","target":{"@type":"EntryPoint","urlTemplate":"https:\/\/www.intoscana.it\/it\/?s={search_term_string}"},"query-input":{"@type":"PropertyValueSpecification","valueRequired":true,"valueName":"search_term_string"}}],"inLanguage":"it-IT"},{"@type":"Person","@id":"https:\/\/www.intoscana.it\/it\/#\/schema\/person\/9223810753230f20bd670fdd322661f8","name":"Redazione","url":"https:\/\/www.intoscana.it\/it\/author\/redazione\/"}]}},"_links":{"self":[{"href":"https:\/\/www.intoscana.it\/it\/wp-json\/wp\/v2\/posts\/394966","targetHints":{"allow":["GET"]}}],"collection":[{"href":"https:\/\/www.intoscana.it\/it\/wp-json\/wp\/v2\/posts"}],"about":[{"href":"https:\/\/www.intoscana.it\/it\/wp-json\/wp\/v2\/types\/post"}],"author":[{"embeddable":true,"href":"https:\/\/www.intoscana.it\/it\/wp-json\/wp\/v2\/users\/525"}],"replies":[{"embeddable":true,"href":"https:\/\/www.intoscana.it\/it\/wp-json\/wp\/v2\/comments?post=394966"}],"version-history":[{"count":3,"href":"https:\/\/www.intoscana.it\/it\/wp-json\/wp\/v2\/posts\/394966\/revisions"}],"predecessor-version":[{"id":394970,"href":"https:\/\/www.intoscana.it\/it\/wp-json\/wp\/v2\/posts\/394966\/revisions\/394970"}],"wp:featuredmedia":[{"embeddable":true,"href":"https:\/\/www.intoscana.it\/it\/wp-json\/wp\/v2\/media\/394968"}],"wp:attachment":[{"href":"https:\/\/www.intoscana.it\/it\/wp-json\/wp\/v2\/media?parent=394966"}],"wp:term":[{"taxonomy":"category","embeddable":true,"href":"https:\/\/www.intoscana.it\/it\/wp-json\/wp\/v2\/categories?post=394966"},{"taxonomy":"post_tag","embeddable":true,"href":"https:\/\/www.intoscana.it\/it\/wp-json\/wp\/v2\/tags?post=394966"}],"curies":[{"name":"wp","href":"https:\/\/api.w.org\/{rel}","templated":true}]}}