{"id":394973,"date":"2025-08-04T16:06:56","date_gmt":"2025-08-04T14:06:56","guid":{"rendered":"https:\/\/www.intoscana.it\/it\/?p=394973"},"modified":"2025-08-04T16:12:41","modified_gmt":"2025-08-04T14:12:41","slug":"parte-il-cantiere-tra-signa-e-lastra-a-signa-giani-unopera-strategica-per-lintera-area-metropolitana","status":"publish","type":"post","link":"https:\/\/www.intoscana.it\/it\/parte-il-cantiere-tra-signa-e-lastra-a-signa-giani-unopera-strategica-per-lintera-area-metropolitana\/","title":{"rendered":"Parte il cantiere tra Signa e Lastra a Signa, Giani: \u201cUn\u2019opera strategica per l\u2019intera area metropolitana\u201d"},"content":{"rendered":"<p>Via libera al nuovo <strong>ponte sull\u2019Arno tra Signa e Lastra a Signa<\/strong>. Si \u00e8 conclusa il 25 luglio la conferenza dei servizi, con l\u2019approvazione del progetto definitivo del primo lotto e la dichiarazione di pubblica utilit\u00e0 dell\u2019opera. Un passaggio chiave che permette ora di procedere con l\u2019aggiudicazione efficace dell\u2019appalto e, a seguire, con la firma del contratto. L\u2019avvio dei lavori veri e propri \u00e8 previsto per la <strong>primavera 2026<\/strong>.<\/p>\n<p>Intanto, sono gi\u00e0 partiti i lavori preparatori: lo scorso 28 luglio \u00e8 iniziato l\u2019allestimento del cantiere lato Lastra a Signa, con le prime operazioni di bonifica bellica e movimentazione terra. Questa mattina il presidente della Regione <strong>Eugenio Giani<\/strong>, insieme all\u2019assessore alle infrastrutture<strong> Stefano Baccelli<\/strong>, ha effettuato un sopralluogo nell\u2019area, alla presenza anche del sindaco di Lastra a Signa <strong>Emanuele Caporaso<\/strong> e dell\u2019assessore ai lavori pubblici di Signa <strong>Andrea Di Natale<\/strong>.<\/p>\n<p>&#8220;<em>Si tratta dell\u2019opera pi\u00f9 importante della legislatura<\/em> \u2013 ha dichiarato Giani \u2013 <em>sia per la sua valenza strategica, sia perch\u00e9 \u00e8 il primo grande intervento infrastrutturale realizzato direttamente dalla Regione Toscana, con un appalto <strong>da oltre 72 milioni di euro<\/strong><\/em>&#8220;. Il ponte, ha spiegato il presidente, contribuir\u00e0 a snellire il traffico tra le due sponde dell\u2019Arno, oggi congestionato, e rappresenta un\u2019alternativa concreta agli attuali percorsi, inadeguati a sostenere il traffico pesante.<\/p>\n<p>L\u2019appalto \u00e8 stato aggiudicato a un consorzio di imprese toscane. &#8220;<em>Oggi inizia una fase decisiva<\/em> \u2013 ha aggiunto Giani \u2013: <em>siamo davanti a un <strong>cambiamento concreto per la mobilit\u00e0 dell\u2019area metropolitana<\/strong> e per tutta la Toscana<\/em>&#8220;.<\/p>\n<p>A sottolineare il valore strategico dell\u2019infrastruttura anche l\u2019assessore Baccelli: &#8220;<em>\u00c8 l\u2019opera <strong>pi\u00f9 rilevante mai gestita dalla Regione<\/strong>. Un investimento da oltre 71 milioni, frutto di una scelta precisa di potenziare il settore delle infrastrutture. Il ponte non solo migliorer\u00e0 la viabilit\u00e0 e ridurr\u00e0 il traffico nei centri abitati, ma avr\u00e0 un impatto anche sulla sicurezza idraulica lungo il fiume Arno&#8221;<\/em>. I lavori veri e propri, una volta concluse le bonifiche, sono attesi per marzo 2026, con un cronoprogramma che prevede la conclusione entro tre anni.<\/p>\n<figure id=\"post-394974 media-394974\" class=\"align-none\"><img decoding=\"async\" src=\"https:\/\/www.intoscana.it\/wp-content\/uploads\/sopralluogo-ponte-signa-lastra-.jpg\" alt=\"\" \/><\/figure>\n<div class=\"titleimg\"><\/div>\n<p>Durante la conferenza dei servizi \u00e8 stata definita la suddivisione in due lotti. La maggior parte dei fondi proviene dal Fondo di Sviluppo e Coesione e da risorse regionali. L\u2019intervento prevede la realizzazione di un <strong>tracciato lungo 2.750 metri, di cui 900 su viadotto<\/strong>, con una campata centrale in acciaio di oltre 140 metri.<\/p>\n<p>Il nuovo ponte collegher\u00e0 l&#8217;uscita della Fipili di Lastra a Signa al Parco dei Renai, superando anche la linea ferroviaria Firenze\u2013Pisa. \u00c8 previsto inoltre un <strong>percorso ciclopedonale<\/strong> tra il Parco Fluviale di Lastra a Signa e il Parco dei Renai, oltre a interventi di compensazione ambientale, tra cui l\u2019acquisizione del Lago di Borgioli e azioni di rinaturalizzazione.<\/p>\n<p>Soddisfatti i rappresentanti delle amministrazioni locali. &#8220;<em>\u00c8 un\u2019opera attesa <strong>da oltre 30 anni<\/strong><\/em> \u2013 ha detto il sindaco Caporaso \u2013 <em>e sar\u00e0 a servizio non solo dei nostri comuni ma di tutta la Piana fiorentina, con effetti positivi anche sull\u2019uscita della Firenze-Pisa-Livorno&#8221;<\/em>.<\/p>\n<p>Per il sindaco di Signa Giampiero Fossi e l\u2019assessore Andrea Di Natale si tratta di una \u201csvolta storica\u201d per la mobilit\u00e0 e lo sviluppo sostenibile del territorio. &#8220;<em>Dal 2019 abbiamo lavorato insieme alla Regione per sostenere una soluzione progettuale concreta, realizzabile e sostenibile. Oggi<\/em> \u2013 hanno detto \u2013 <em>il ponte non \u00e8 pi\u00f9 un\u2019ipotesi: \u00e8 una <strong>realt\u00e0<\/strong><\/em>&#8220;.<\/p>\n","protected":false},"excerpt":{"rendered":"<p>Conferenza dei servizi conclusa, partiti i lavori preliminari. L\u2019infrastruttura sar\u00e0 lunga 2,7 km e migliorer\u00e0 la viabilit\u00e0 in tutta l\u2019area metropolitana<\/p>\n","protected":false},"author":525,"featured_media":228490,"comment_status":"open","ping_status":"open","sticky":false,"template":"","format":"standard","meta":{"_acf_changed":false,"footnotes":""},"categories":[494],"tags":[158,6090,1577,6468],"class_list":["post-394973","post","type-post","status-publish","format-standard","has-post-thumbnail","hentry","category-attualita","tag-eugenio-giani","tag-lastra-a-signa","tag-muoversi-in-toscana","tag-signa"],"acf":[],"yoast_head":"<!-- This site is optimized with the Yoast SEO Premium plugin v24.2 (Yoast SEO v25.6) - https:\/\/yoast.com\/wordpress\/plugins\/seo\/ -->\n<title>Parte il cantiere tra Signa e Lastra a Signa, Giani: \u201cUn\u2019opera strategica per l\u2019intera area metropolitana\u201d - intoscana<\/title>\n<meta name=\"robots\" content=\"index, follow, max-snippet:-1, max-image-preview:large, max-video-preview:-1\" \/>\n<link rel=\"canonical\" href=\"https:\/\/www.intoscana.it\/it\/parte-il-cantiere-tra-signa-e-lastra-a-signa-giani-unopera-strategica-per-lintera-area-metropolitana\/\" \/>\n<meta property=\"og:locale\" content=\"it_IT\" \/>\n<meta property=\"og:type\" content=\"article\" \/>\n<meta property=\"og:title\" content=\"Parte il cantiere tra Signa e Lastra a Signa, Giani: \u201cUn\u2019opera strategica per l\u2019intera area metropolitana\u201d\" \/>\n<meta property=\"og:description\" content=\"Conferenza dei servizi conclusa, partiti i lavori preliminari. L\u2019infrastruttura sar\u00e0 lunga 2,7 km e migliorer\u00e0 la viabilit\u00e0 in tutta l\u2019area metropolitana\" \/>\n<meta property=\"og:url\" content=\"https:\/\/www.intoscana.it\/it\/parte-il-cantiere-tra-signa-e-lastra-a-signa-giani-unopera-strategica-per-lintera-area-metropolitana\/\" \/>\n<meta property=\"og:site_name\" content=\"intoscana\" \/>\n<meta property=\"article:publisher\" content=\"https:\/\/www.facebook.com\/intoscana.it\" \/>\n<meta property=\"article:published_time\" content=\"2025-08-04T14:06:56+00:00\" \/>\n<meta property=\"article:modified_time\" content=\"2025-08-04T14:12:41+00:00\" \/>\n<meta property=\"og:image\" content=\"https:\/\/www.intoscana.it\/wp-content\/uploads\/ponte-1-1-scaled.jpg\" \/>\n\t<meta property=\"og:image:width\" content=\"2048\" \/>\n\t<meta property=\"og:image:height\" content=\"1501\" \/>\n\t<meta property=\"og:image:type\" content=\"image\/jpeg\" \/>\n<meta name=\"author\" content=\"Redazione\" \/>\n<meta name=\"twitter:card\" content=\"summary_large_image\" \/>\n<meta name=\"twitter:creator\" content=\"@intoscana\" \/>\n<meta name=\"twitter:site\" content=\"@intoscana\" \/>\n<meta name=\"twitter:label1\" content=\"Written by\" \/>\n\t<meta name=\"twitter:data1\" content=\"Redazione\" \/>\n\t<meta name=\"twitter:label2\" content=\"Est. reading time\" \/>\n\t<meta name=\"twitter:data2\" content=\"4 minuti\" \/>\n<script type=\"application\/ld+json\" class=\"yoast-schema-graph\">{\"@context\":\"https:\/\/schema.org\",\"@graph\":[{\"@type\":\"WebPage\",\"@id\":\"https:\/\/www.intoscana.it\/it\/parte-il-cantiere-tra-signa-e-lastra-a-signa-giani-unopera-strategica-per-lintera-area-metropolitana\/\",\"url\":\"https:\/\/www.intoscana.it\/it\/parte-il-cantiere-tra-signa-e-lastra-a-signa-giani-unopera-strategica-per-lintera-area-metropolitana\/\",\"name\":\"Parte il cantiere tra Signa e Lastra a Signa, Giani: \u201cUn\u2019opera strategica per l\u2019intera area metropolitana\u201d - intoscana\",\"isPartOf\":{\"@id\":\"https:\/\/www.intoscana.it\/it\/#website\"},\"primaryImageOfPage\":{\"@id\":\"https:\/\/www.intoscana.it\/it\/parte-il-cantiere-tra-signa-e-lastra-a-signa-giani-unopera-strategica-per-lintera-area-metropolitana\/#primaryimage\"},\"image\":{\"@id\":\"https:\/\/www.intoscana.it\/it\/parte-il-cantiere-tra-signa-e-lastra-a-signa-giani-unopera-strategica-per-lintera-area-metropolitana\/#primaryimage\"},\"thumbnailUrl\":\"https:\/\/www.intoscana.it\/wp-content\/uploads\/ponte-1-1-scaled.jpg\",\"datePublished\":\"2025-08-04T14:06:56+00:00\",\"dateModified\":\"2025-08-04T14:12:41+00:00\",\"author\":{\"@id\":\"https:\/\/www.intoscana.it\/it\/#\/schema\/person\/9223810753230f20bd670fdd322661f8\"},\"breadcrumb\":{\"@id\":\"https:\/\/www.intoscana.it\/it\/parte-il-cantiere-tra-signa-e-lastra-a-signa-giani-unopera-strategica-per-lintera-area-metropolitana\/#breadcrumb\"},\"inLanguage\":\"it-IT\",\"potentialAction\":[{\"@type\":\"ReadAction\",\"target\":[\"https:\/\/www.intoscana.it\/it\/parte-il-cantiere-tra-signa-e-lastra-a-signa-giani-unopera-strategica-per-lintera-area-metropolitana\/\"]}]},{\"@type\":\"ImageObject\",\"inLanguage\":\"it-IT\",\"@id\":\"https:\/\/www.intoscana.it\/it\/parte-il-cantiere-tra-signa-e-lastra-a-signa-giani-unopera-strategica-per-lintera-area-metropolitana\/#primaryimage\",\"url\":\"https:\/\/www.intoscana.it\/wp-content\/uploads\/ponte-1-1-scaled.jpg\",\"contentUrl\":\"https:\/\/www.intoscana.it\/wp-content\/uploads\/ponte-1-1-scaled.jpg\",\"width\":2048,\"height\":1501,\"caption\":\"rendering ponte Signa-Lastra a Signa\"},{\"@type\":\"BreadcrumbList\",\"@id\":\"https:\/\/www.intoscana.it\/it\/parte-il-cantiere-tra-signa-e-lastra-a-signa-giani-unopera-strategica-per-lintera-area-metropolitana\/#breadcrumb\",\"itemListElement\":[{\"@type\":\"ListItem\",\"position\":1,\"name\":\"Home\",\"item\":\"https:\/\/www.intoscana.it\/it\/\"},{\"@type\":\"ListItem\",\"position\":2,\"name\":\"Parte il cantiere tra Signa e Lastra a Signa, Giani: \u201cUn\u2019opera strategica per l\u2019intera area metropolitana\u201d\"}]},{\"@type\":\"WebSite\",\"@id\":\"https:\/\/www.intoscana.it\/it\/#website\",\"url\":\"https:\/\/www.intoscana.it\/it\/\",\"name\":\"intoscana\",\"description\":\"\",\"potentialAction\":[{\"@type\":\"SearchAction\",\"target\":{\"@type\":\"EntryPoint\",\"urlTemplate\":\"https:\/\/www.intoscana.it\/it\/?s={search_term_string}\"},\"query-input\":{\"@type\":\"PropertyValueSpecification\",\"valueRequired\":true,\"valueName\":\"search_term_string\"}}],\"inLanguage\":\"it-IT\"},{\"@type\":\"Person\",\"@id\":\"https:\/\/www.intoscana.it\/it\/#\/schema\/person\/9223810753230f20bd670fdd322661f8\",\"name\":\"Redazione\",\"url\":\"https:\/\/www.intoscana.it\/it\/author\/redazione\/\"}]}<\/script>\n<!-- \/ Yoast SEO Premium plugin. -->","yoast_head_json":{"title":"Parte il cantiere tra Signa e Lastra a Signa, Giani: \u201cUn\u2019opera strategica per l\u2019intera area metropolitana\u201d - intoscana","robots":{"index":"index","follow":"follow","max-snippet":"max-snippet:-1","max-image-preview":"max-image-preview:large","max-video-preview":"max-video-preview:-1"},"canonical":"https:\/\/www.intoscana.it\/it\/parte-il-cantiere-tra-signa-e-lastra-a-signa-giani-unopera-strategica-per-lintera-area-metropolitana\/","og_locale":"it_IT","og_type":"article","og_title":"Parte il cantiere tra Signa e Lastra a Signa, Giani: \u201cUn\u2019opera strategica per l\u2019intera area metropolitana\u201d","og_description":"Conferenza dei servizi conclusa, partiti i lavori preliminari. L\u2019infrastruttura sar\u00e0 lunga 2,7 km e migliorer\u00e0 la viabilit\u00e0 in tutta l\u2019area metropolitana","og_url":"https:\/\/www.intoscana.it\/it\/parte-il-cantiere-tra-signa-e-lastra-a-signa-giani-unopera-strategica-per-lintera-area-metropolitana\/","og_site_name":"intoscana","article_publisher":"https:\/\/www.facebook.com\/intoscana.it","article_published_time":"2025-08-04T14:06:56+00:00","article_modified_time":"2025-08-04T14:12:41+00:00","og_image":[{"width":2048,"height":1501,"url":"https:\/\/www.intoscana.it\/wp-content\/uploads\/ponte-1-1-scaled.jpg","type":"image\/jpeg"}],"author":"Redazione","twitter_card":"summary_large_image","twitter_creator":"@intoscana","twitter_site":"@intoscana","twitter_misc":{"Written by":"Redazione","Est. reading time":"4 minuti"},"schema":{"@context":"https:\/\/schema.org","@graph":[{"@type":"WebPage","@id":"https:\/\/www.intoscana.it\/it\/parte-il-cantiere-tra-signa-e-lastra-a-signa-giani-unopera-strategica-per-lintera-area-metropolitana\/","url":"https:\/\/www.intoscana.it\/it\/parte-il-cantiere-tra-signa-e-lastra-a-signa-giani-unopera-strategica-per-lintera-area-metropolitana\/","name":"Parte il cantiere tra Signa e Lastra a Signa, Giani: \u201cUn\u2019opera strategica per l\u2019intera area metropolitana\u201d - intoscana","isPartOf":{"@id":"https:\/\/www.intoscana.it\/it\/#website"},"primaryImageOfPage":{"@id":"https:\/\/www.intoscana.it\/it\/parte-il-cantiere-tra-signa-e-lastra-a-signa-giani-unopera-strategica-per-lintera-area-metropolitana\/#primaryimage"},"image":{"@id":"https:\/\/www.intoscana.it\/it\/parte-il-cantiere-tra-signa-e-lastra-a-signa-giani-unopera-strategica-per-lintera-area-metropolitana\/#primaryimage"},"thumbnailUrl":"https:\/\/www.intoscana.it\/wp-content\/uploads\/ponte-1-1-scaled.jpg","datePublished":"2025-08-04T14:06:56+00:00","dateModified":"2025-08-04T14:12:41+00:00","author":{"@id":"https:\/\/www.intoscana.it\/it\/#\/schema\/person\/9223810753230f20bd670fdd322661f8"},"breadcrumb":{"@id":"https:\/\/www.intoscana.it\/it\/parte-il-cantiere-tra-signa-e-lastra-a-signa-giani-unopera-strategica-per-lintera-area-metropolitana\/#breadcrumb"},"inLanguage":"it-IT","potentialAction":[{"@type":"ReadAction","target":["https:\/\/www.intoscana.it\/it\/parte-il-cantiere-tra-signa-e-lastra-a-signa-giani-unopera-strategica-per-lintera-area-metropolitana\/"]}]},{"@type":"ImageObject","inLanguage":"it-IT","@id":"https:\/\/www.intoscana.it\/it\/parte-il-cantiere-tra-signa-e-lastra-a-signa-giani-unopera-strategica-per-lintera-area-metropolitana\/#primaryimage","url":"https:\/\/www.intoscana.it\/wp-content\/uploads\/ponte-1-1-scaled.jpg","contentUrl":"https:\/\/www.intoscana.it\/wp-content\/uploads\/ponte-1-1-scaled.jpg","width":2048,"height":1501,"caption":"rendering ponte Signa-Lastra a Signa"},{"@type":"BreadcrumbList","@id":"https:\/\/www.intoscana.it\/it\/parte-il-cantiere-tra-signa-e-lastra-a-signa-giani-unopera-strategica-per-lintera-area-metropolitana\/#breadcrumb","itemListElement":[{"@type":"ListItem","position":1,"name":"Home","item":"https:\/\/www.intoscana.it\/it\/"},{"@type":"ListItem","position":2,"name":"Parte il cantiere tra Signa e Lastra a Signa, Giani: \u201cUn\u2019opera strategica per l\u2019intera area metropolitana\u201d"}]},{"@type":"WebSite","@id":"https:\/\/www.intoscana.it\/it\/#website","url":"https:\/\/www.intoscana.it\/it\/","name":"intoscana","description":"","potentialAction":[{"@type":"SearchAction","target":{"@type":"EntryPoint","urlTemplate":"https:\/\/www.intoscana.it\/it\/?s={search_term_string}"},"query-input":{"@type":"PropertyValueSpecification","valueRequired":true,"valueName":"search_term_string"}}],"inLanguage":"it-IT"},{"@type":"Person","@id":"https:\/\/www.intoscana.it\/it\/#\/schema\/person\/9223810753230f20bd670fdd322661f8","name":"Redazione","url":"https:\/\/www.intoscana.it\/it\/author\/redazione\/"}]}},"_links":{"self":[{"href":"https:\/\/www.intoscana.it\/it\/wp-json\/wp\/v2\/posts\/394973","targetHints":{"allow":["GET"]}}],"collection":[{"href":"https:\/\/www.intoscana.it\/it\/wp-json\/wp\/v2\/posts"}],"about":[{"href":"https:\/\/www.intoscana.it\/it\/wp-json\/wp\/v2\/types\/post"}],"author":[{"embeddable":true,"href":"https:\/\/www.intoscana.it\/it\/wp-json\/wp\/v2\/users\/525"}],"replies":[{"embeddable":true,"href":"https:\/\/www.intoscana.it\/it\/wp-json\/wp\/v2\/comments?post=394973"}],"version-history":[{"count":2,"href":"https:\/\/www.intoscana.it\/it\/wp-json\/wp\/v2\/posts\/394973\/revisions"}],"predecessor-version":[{"id":394978,"href":"https:\/\/www.intoscana.it\/it\/wp-json\/wp\/v2\/posts\/394973\/revisions\/394978"}],"wp:featuredmedia":[{"embeddable":true,"href":"https:\/\/www.intoscana.it\/it\/wp-json\/wp\/v2\/media\/228490"}],"wp:attachment":[{"href":"https:\/\/www.intoscana.it\/it\/wp-json\/wp\/v2\/media?parent=394973"}],"wp:term":[{"taxonomy":"category","embeddable":true,"href":"https:\/\/www.intoscana.it\/it\/wp-json\/wp\/v2\/categories?post=394973"},{"taxonomy":"post_tag","embeddable":true,"href":"https:\/\/www.intoscana.it\/it\/wp-json\/wp\/v2\/tags?post=394973"}],"curies":[{"name":"wp","href":"https:\/\/api.w.org\/{rel}","templated":true}]}}