{"id":395411,"date":"2025-08-09T09:19:34","date_gmt":"2025-08-09T07:19:34","guid":{"rendered":"https:\/\/www.intoscana.it\/it\/?p=395411"},"modified":"2025-08-09T09:19:34","modified_gmt":"2025-08-09T07:19:34","slug":"ferragosto-a-firenze-i-musei-aperti-e-le-attivita-in-programma","status":"publish","type":"post","link":"https:\/\/www.intoscana.it\/it\/ferragosto-a-firenze-i-musei-aperti-e-le-attivita-in-programma\/","title":{"rendered":"Ferragosto a Firenze,  i musei aperti e le attivit\u00e0 in programma"},"content":{"rendered":"<p>Per San Lorenzo e nel weekend che va dal 15 al 18 agosto sar\u00e0 possibile visitare i <strong>Musei Civici Fiorentini<\/strong>\u00a0e\u00a0\u00a0<strong>Palazzo Medici Riccardi<\/strong>.<\/p>\n<p>Il 10 agosto Palazzo Medici Riccardi e la Citt\u00e0 Metropolitana di Firenze partecipano alle celebrazioni di\u00a0<strong>San Lorenzo\u00a0<\/strong>con <mark>l&#8217;apertura prolungata straordinaria del museo fino alle ore 22\u00a0&#8211; ultimo ingresso ore 21 &#8211; e\u00a0ingresso gratuito a partire dalle ore 19 per i residenti della Citt\u00e0 Metropolitana<\/mark> (ingresso a pagamento per i non residenti).<\/p>\n<p>Con l&#8217;occasione i visitatori avranno la possibilit\u00e0 di visitare il primo palazzo della famiglia <strong>Medici<\/strong> oltre alle esposizioni attualmente in corso: Giovan Battista Foggini. Architetto e scultore granducale, in occasione dei trecento anni dalla morte dell\u2019artista, nonch\u00e9 le mostre fotografiche La Firenze di Foggini. Sguardi di Paolo Bacherini, sviluppata in collaborazione con il Kunsthistorisches Institut in Florenz e Ritratti senza tempo. Fotografie di Rossano B. Maniscalchi in dialogo con l\u2019antico, nel Museo dei Marmi di Palazzo Medici Riccardi.<\/p>\n<h3><em>Le aperture a Ferragosto<\/em><\/h3>\n<p>Inoltre, nel weekend di\u00a0<strong>Ferragosto,<\/strong>\u00a0i\u00a0<strong>Musei Civici Fiorentini<\/strong>\u00a0e\u00a0<strong>Palazzo Medici Riccardi<\/strong>\u00a0rimarranno\u00a0visitabili nei consueti orari di apertura\u00a0e offriranno la possibilit\u00e0 di\u00a0prendere parte alle numerose visite guidate per adulti e attivit\u00e0 per famiglie con bambini\u00a0curate da\u00a0Fondazione MUS.E.<\/p>\n<p>Per i\u00a0<strong>bambini e per le loro famiglie<\/strong>\u00a0sono diverse le attivit\u00e0 in programma, fra cui\u00a0La favola della tartaruga con la vela\u00a0e\u00a0Vita di corte\u00a0in\u00a0<strong>Palazzo Vecchio<\/strong>,\u00a0L\u2019arte della scultura\u00a0a\u00a0<strong>Palazzo Medici Riccardi<\/strong>,\u00a0Custodi del verde\u00a0al\u00a0Museo Novecento\u00a0e\u00a0L\u2019arte del vedere,\u00a0Forme di citt\u00e0\u00a0e\u00a0Il mio posto speciale\u00a0presso il Forte Belvedere.<\/p>\n<figure id=\"post-395423 media-395423\" class=\"align-none\"><img decoding=\"async\" src=\"https:\/\/www.intoscana.it\/wp-content\/uploads\/Laboratori_MUS.E.jpg\" alt=\"\" \/><\/figure>\n<div class=\"titleimg\"><\/div>\n<p><strong>Venerd\u00ec 15 agosto<\/strong>,\u00a0in particolare, sar\u00e0 possibile fruire dei\u00a0<strong>percorsi segreti di Palazzo Vecchio<\/strong>, insieme alla stanza del mezzanino, recentemente riaperta al pubblico, con l\u2019affresco staccato de La Cacciata del Duca di Atene dell\u2019Orcagna e altri due capolavori di scultura medievale.\u00a0Sempre nella giornata di Ferragosto si potr\u00e0 apprezzare\u00a0<strong>la storia del Forte Belvedere e dell&#8217;intera citt\u00e0 grazie a Firenze Forma Continua Lab<\/strong>, osservare la citt\u00e0 dall\u2019alto della\u00a0<strong>Torre d\u2019Arnolfo\u00a0e della Torre San Niccol\u00f2<\/strong>, visitare il\u00a0<strong>Memoriale delle Deportazioni<\/strong>, conoscere le collezioni e le mostre temporanee di\u00a0<strong>Palazzo Medici Riccard<\/strong>i e al\u00a0<strong>Museo Novecento<\/strong>.<\/p>\n<p>Alle collezioni civiche si affianca una\u00a0<strong>ricca programmazione di mostre<\/strong>. In\u00a0<strong>Palazzo Medici Riccardi<\/strong>\u00a0\u00e8 possibile visitare la mostra\u00a0Giovan Battista Foggini. Architetto e scultore granducale,\u00a0in occasione dei trecento anni dalla morte dell\u2019artista, nonch\u00e9 le mostre fotografiche\u00a0La Firenze di Foggini. Sguardi di Paolo Bacherini,\u00a0sviluppata in collaborazione con il Kunsthistorisches Institut in Florenz e Ritratti senza tempo. Fotografie di Rossano B. Maniscalchi in dialogo con l\u2019antico, nel Museo dei Marmi di Palazzo Medici Riccardi.<\/p>\n<p>Al\u00a0<strong>Museo Novecento<\/strong> sono attualmente visitabili tre grandi mostre: la monografica Un passo avanti tanti indietro dedicata a Marion Baruch, Siamo Natura dell\u2019artista e attivista Haley Mellin e La Citt\u00e0 delle donne di Lorenzo Bonechi. Sempre al Museo Novecento, <mark>i visitatori potranno accedere al Giardino delle Leopoldine nel chiostro dove \u00e8 possibile disegnare dal vivo richiedendo il materiale in biglietteria o sfogliare uno dei volumi disponibili nella nuova \u201cLibreria Verde\u201d del Museo.<\/mark><\/p>\n<p>Al <strong>Museo Stefano Bardini<\/strong>, aperto dal 16 al 18 agosto, sar\u00e0 possibile vedere il progredire del restauro del San Michele Arcangelo capolavoro di Piero del Pollaiolo, in restauro grazie al sostegno di Friends of Florence.<\/p>\n<p>Per tutta l&#8217;estate \u00e8 inoltre aperto il\u00a0<strong>Forte Belvedere<\/strong>, dove \u00e8 presente Firenze Forma Continua Lab, dedicato all\u2019evoluzione urbana della citt\u00e0\u00a0nella forma di un\u2019installazione-laboratorio, in cui l\u2019apporto del pubblico \u00e8 centrale: qui, tutti i venerd\u00ec, i sabati e le domeniche sono previste attivit\u00e0 per famiglie \u00a0(alle 17) e visite partecipate per giovani e adulti (alle ore 18.30).<\/p>\n<p>Tutti i giorni del mese di agosto \u00e8 inoltre possibile visitare la\u00a0<strong>Torre San Niccol\u00f2<\/strong>\u00a0dalle 17 alle 20, visite guidate ogni 45\u2019 (sospese in caso di pioggia).<\/p>\n<p>Resta aperto alle visite anche in agosto il\u00a0<strong>Memoriale delle Deportazioni<\/strong>\u00a0tutti i venerd\u00ec, i sabati, le domeniche e i luned\u00ec (percorsi guidati gratuiti alle 10 e alle 11.30), con un accento speciale in occasione dell&#8217;anniversario della Liberazione della citt\u00e0, occorso l&#8217;11 agosto 1944.<\/p>\n<figure id=\"post-395422 media-395422\" class=\"align-none\"><img decoding=\"async\" src=\"https:\/\/www.intoscana.it\/wp-content\/uploads\/Il-Centro-di-Firenze-Patrimonio-Mondiale-Unesco-visto-dalla-Torre-San-Niccolo-1.jpg\" alt=\"\" \/><\/figure>\n<div class=\"titleimg\">default<\/div>\n<p>Questi gli <strong>orari di apertura<\/strong> dei musei: Museo di Palazzo Vecchio (orario 9.00\/19.00), Torre di Arnolfo* (orario 9.00\/17.00), Santa Maria Novella (orario 13.00\/17.00), Museo Novecento (orario 11.00\/20.00), Cappella Brancacci in Santa Maria del Carmine (chiusura venerd\u00ec 15, sabato 16 orario 10.00\/17.00, domenica 17 orario 13.00-17.00), Museo del Ciclismo Gino Bartali (orario 10.00\/16.00), Palazzo Medici Riccardi (orario 9.00-19.00), Museo Stefano Bardini (orario 11.00\/17.00 eccezionalmente chiuso venerd\u00ec 15), Forte di Belvedere (orario 10.00\/20.00), torre San Niccol\u00f2 (orario 17.00\/20.00, visite ogni 45 minuti), Memoriale delle deportazioni (orario 10.00\/13.00, visite guidate gratuite alle 10.00 e alle 11.30).<\/p>\n<p>In caso di pioggia la <mark>Torre di Arnolfo e la Torre di San Niccol\u00f2 resteranno chiuse al pubblico per motivi di sicurezza.<\/mark> In Palazzo Vecchio sar\u00e0 accessibile il camminamento di ronda.<\/p>\n","protected":false},"excerpt":{"rendered":"<p>Aperture straordinarie, visite guidate e laboratori per bambini e famiglie: cosa fare in citt\u00e0 nelle giornate di mezza estate<\/p>\n","protected":false},"author":525,"featured_media":395424,"comment_status":"open","ping_status":"open","sticky":false,"template":"","format":"standard","meta":{"_acf_changed":false,"footnotes":""},"categories":[493],"tags":[4405,384],"class_list":["post-395411","post","type-post","status-publish","format-standard","has-post-thumbnail","hentry","category-cultura","tag-ferragosto","tag-musei-firenze"],"acf":[],"yoast_head":"<!-- This site is optimized with the Yoast SEO Premium plugin v24.2 (Yoast SEO v25.6) - https:\/\/yoast.com\/wordpress\/plugins\/seo\/ -->\n<title>Ferragosto a Firenze, i musei aperti e le attivit\u00e0 in programma - intoscana<\/title>\n<meta name=\"description\" content=\"Aperture straordinarie, visite guidate e laboratori per bambini e famiglie: cosa fare in citt\u00e0 nelle giornate di mezza estate\" \/>\n<meta name=\"robots\" content=\"index, follow, max-snippet:-1, max-image-preview:large, max-video-preview:-1\" \/>\n<link rel=\"canonical\" href=\"https:\/\/www.intoscana.it\/it\/ferragosto-a-firenze-i-musei-aperti-e-le-attivita-in-programma\/\" \/>\n<meta property=\"og:locale\" content=\"it_IT\" \/>\n<meta property=\"og:type\" content=\"article\" \/>\n<meta property=\"og:title\" content=\"Ferragosto a Firenze, i musei aperti e le attivit\u00e0 in programma\" \/>\n<meta property=\"og:description\" content=\"Aperture straordinarie, visite guidate e laboratori per bambini e famiglie: cosa fare in citt\u00e0 nelle giornate di mezza estate\" \/>\n<meta property=\"og:url\" content=\"https:\/\/www.intoscana.it\/it\/ferragosto-a-firenze-i-musei-aperti-e-le-attivita-in-programma\/\" \/>\n<meta property=\"og:site_name\" content=\"intoscana\" \/>\n<meta property=\"article:publisher\" content=\"https:\/\/www.facebook.com\/intoscana.it\" \/>\n<meta property=\"article:published_time\" content=\"2025-08-09T07:19:34+00:00\" \/>\n<meta property=\"og:image\" content=\"https:\/\/www.intoscana.it\/wp-content\/uploads\/Palazzo-Medici-Riccardi-Cappella-dei-Magi_-\u00a9NicolaNeri056_web.jpg\" \/>\n\t<meta property=\"og:image:width\" content=\"1200\" \/>\n\t<meta property=\"og:image:height\" content=\"800\" \/>\n\t<meta property=\"og:image:type\" content=\"image\/jpeg\" \/>\n<meta name=\"author\" content=\"Redazione\" \/>\n<meta name=\"twitter:card\" content=\"summary_large_image\" \/>\n<meta name=\"twitter:creator\" content=\"@intoscana\" \/>\n<meta name=\"twitter:site\" content=\"@intoscana\" \/>\n<meta name=\"twitter:label1\" content=\"Written by\" \/>\n\t<meta name=\"twitter:data1\" content=\"Redazione\" \/>\n\t<meta name=\"twitter:label2\" content=\"Est. reading time\" \/>\n\t<meta name=\"twitter:data2\" content=\"5 minuti\" \/>\n<script type=\"application\/ld+json\" class=\"yoast-schema-graph\">{\"@context\":\"https:\/\/schema.org\",\"@graph\":[{\"@type\":\"WebPage\",\"@id\":\"https:\/\/www.intoscana.it\/it\/ferragosto-a-firenze-i-musei-aperti-e-le-attivita-in-programma\/\",\"url\":\"https:\/\/www.intoscana.it\/it\/ferragosto-a-firenze-i-musei-aperti-e-le-attivita-in-programma\/\",\"name\":\"Ferragosto a Firenze, i musei aperti e le attivit\u00e0 in programma - intoscana\",\"isPartOf\":{\"@id\":\"https:\/\/www.intoscana.it\/it\/#website\"},\"primaryImageOfPage\":{\"@id\":\"https:\/\/www.intoscana.it\/it\/ferragosto-a-firenze-i-musei-aperti-e-le-attivita-in-programma\/#primaryimage\"},\"image\":{\"@id\":\"https:\/\/www.intoscana.it\/it\/ferragosto-a-firenze-i-musei-aperti-e-le-attivita-in-programma\/#primaryimage\"},\"thumbnailUrl\":\"https:\/\/www.intoscana.it\/wp-content\/uploads\/Palazzo-Medici-Riccardi-Cappella-dei-Magi_-\u00a9NicolaNeri056_web.jpg\",\"datePublished\":\"2025-08-09T07:19:34+00:00\",\"author\":{\"@id\":\"https:\/\/www.intoscana.it\/it\/#\/schema\/person\/9223810753230f20bd670fdd322661f8\"},\"description\":\"Aperture straordinarie, visite guidate e laboratori per bambini e famiglie: cosa fare in citt\u00e0 nelle giornate di mezza estate\",\"breadcrumb\":{\"@id\":\"https:\/\/www.intoscana.it\/it\/ferragosto-a-firenze-i-musei-aperti-e-le-attivita-in-programma\/#breadcrumb\"},\"inLanguage\":\"it-IT\",\"potentialAction\":[{\"@type\":\"ReadAction\",\"target\":[\"https:\/\/www.intoscana.it\/it\/ferragosto-a-firenze-i-musei-aperti-e-le-attivita-in-programma\/\"]}]},{\"@type\":\"ImageObject\",\"inLanguage\":\"it-IT\",\"@id\":\"https:\/\/www.intoscana.it\/it\/ferragosto-a-firenze-i-musei-aperti-e-le-attivita-in-programma\/#primaryimage\",\"url\":\"https:\/\/www.intoscana.it\/wp-content\/uploads\/Palazzo-Medici-Riccardi-Cappella-dei-Magi_-\u00a9NicolaNeri056_web.jpg\",\"contentUrl\":\"https:\/\/www.intoscana.it\/wp-content\/uploads\/Palazzo-Medici-Riccardi-Cappella-dei-Magi_-\u00a9NicolaNeri056_web.jpg\",\"width\":1200,\"height\":800},{\"@type\":\"BreadcrumbList\",\"@id\":\"https:\/\/www.intoscana.it\/it\/ferragosto-a-firenze-i-musei-aperti-e-le-attivita-in-programma\/#breadcrumb\",\"itemListElement\":[{\"@type\":\"ListItem\",\"position\":1,\"name\":\"Home\",\"item\":\"https:\/\/www.intoscana.it\/it\/\"},{\"@type\":\"ListItem\",\"position\":2,\"name\":\"Ferragosto a Firenze, i musei aperti e le attivit\u00e0 in programma\"}]},{\"@type\":\"WebSite\",\"@id\":\"https:\/\/www.intoscana.it\/it\/#website\",\"url\":\"https:\/\/www.intoscana.it\/it\/\",\"name\":\"intoscana\",\"description\":\"\",\"potentialAction\":[{\"@type\":\"SearchAction\",\"target\":{\"@type\":\"EntryPoint\",\"urlTemplate\":\"https:\/\/www.intoscana.it\/it\/?s={search_term_string}\"},\"query-input\":{\"@type\":\"PropertyValueSpecification\",\"valueRequired\":true,\"valueName\":\"search_term_string\"}}],\"inLanguage\":\"it-IT\"},{\"@type\":\"Person\",\"@id\":\"https:\/\/www.intoscana.it\/it\/#\/schema\/person\/9223810753230f20bd670fdd322661f8\",\"name\":\"Redazione\",\"url\":\"https:\/\/www.intoscana.it\/it\/author\/redazione\/\"}]}<\/script>\n<!-- \/ Yoast SEO Premium plugin. -->","yoast_head_json":{"title":"Ferragosto a Firenze, i musei aperti e le attivit\u00e0 in programma - intoscana","description":"Aperture straordinarie, visite guidate e laboratori per bambini e famiglie: cosa fare in citt\u00e0 nelle giornate di mezza estate","robots":{"index":"index","follow":"follow","max-snippet":"max-snippet:-1","max-image-preview":"max-image-preview:large","max-video-preview":"max-video-preview:-1"},"canonical":"https:\/\/www.intoscana.it\/it\/ferragosto-a-firenze-i-musei-aperti-e-le-attivita-in-programma\/","og_locale":"it_IT","og_type":"article","og_title":"Ferragosto a Firenze, i musei aperti e le attivit\u00e0 in programma","og_description":"Aperture straordinarie, visite guidate e laboratori per bambini e famiglie: cosa fare in citt\u00e0 nelle giornate di mezza estate","og_url":"https:\/\/www.intoscana.it\/it\/ferragosto-a-firenze-i-musei-aperti-e-le-attivita-in-programma\/","og_site_name":"intoscana","article_publisher":"https:\/\/www.facebook.com\/intoscana.it","article_published_time":"2025-08-09T07:19:34+00:00","og_image":[{"width":1200,"height":800,"url":"https:\/\/www.intoscana.it\/wp-content\/uploads\/Palazzo-Medici-Riccardi-Cappella-dei-Magi_-\u00a9NicolaNeri056_web.jpg","type":"image\/jpeg"}],"author":"Redazione","twitter_card":"summary_large_image","twitter_creator":"@intoscana","twitter_site":"@intoscana","twitter_misc":{"Written by":"Redazione","Est. reading time":"5 minuti"},"schema":{"@context":"https:\/\/schema.org","@graph":[{"@type":"WebPage","@id":"https:\/\/www.intoscana.it\/it\/ferragosto-a-firenze-i-musei-aperti-e-le-attivita-in-programma\/","url":"https:\/\/www.intoscana.it\/it\/ferragosto-a-firenze-i-musei-aperti-e-le-attivita-in-programma\/","name":"Ferragosto a Firenze, i musei aperti e le attivit\u00e0 in programma - intoscana","isPartOf":{"@id":"https:\/\/www.intoscana.it\/it\/#website"},"primaryImageOfPage":{"@id":"https:\/\/www.intoscana.it\/it\/ferragosto-a-firenze-i-musei-aperti-e-le-attivita-in-programma\/#primaryimage"},"image":{"@id":"https:\/\/www.intoscana.it\/it\/ferragosto-a-firenze-i-musei-aperti-e-le-attivita-in-programma\/#primaryimage"},"thumbnailUrl":"https:\/\/www.intoscana.it\/wp-content\/uploads\/Palazzo-Medici-Riccardi-Cappella-dei-Magi_-\u00a9NicolaNeri056_web.jpg","datePublished":"2025-08-09T07:19:34+00:00","author":{"@id":"https:\/\/www.intoscana.it\/it\/#\/schema\/person\/9223810753230f20bd670fdd322661f8"},"description":"Aperture straordinarie, visite guidate e laboratori per bambini e famiglie: cosa fare in citt\u00e0 nelle giornate di mezza estate","breadcrumb":{"@id":"https:\/\/www.intoscana.it\/it\/ferragosto-a-firenze-i-musei-aperti-e-le-attivita-in-programma\/#breadcrumb"},"inLanguage":"it-IT","potentialAction":[{"@type":"ReadAction","target":["https:\/\/www.intoscana.it\/it\/ferragosto-a-firenze-i-musei-aperti-e-le-attivita-in-programma\/"]}]},{"@type":"ImageObject","inLanguage":"it-IT","@id":"https:\/\/www.intoscana.it\/it\/ferragosto-a-firenze-i-musei-aperti-e-le-attivita-in-programma\/#primaryimage","url":"https:\/\/www.intoscana.it\/wp-content\/uploads\/Palazzo-Medici-Riccardi-Cappella-dei-Magi_-\u00a9NicolaNeri056_web.jpg","contentUrl":"https:\/\/www.intoscana.it\/wp-content\/uploads\/Palazzo-Medici-Riccardi-Cappella-dei-Magi_-\u00a9NicolaNeri056_web.jpg","width":1200,"height":800},{"@type":"BreadcrumbList","@id":"https:\/\/www.intoscana.it\/it\/ferragosto-a-firenze-i-musei-aperti-e-le-attivita-in-programma\/#breadcrumb","itemListElement":[{"@type":"ListItem","position":1,"name":"Home","item":"https:\/\/www.intoscana.it\/it\/"},{"@type":"ListItem","position":2,"name":"Ferragosto a Firenze, i musei aperti e le attivit\u00e0 in programma"}]},{"@type":"WebSite","@id":"https:\/\/www.intoscana.it\/it\/#website","url":"https:\/\/www.intoscana.it\/it\/","name":"intoscana","description":"","potentialAction":[{"@type":"SearchAction","target":{"@type":"EntryPoint","urlTemplate":"https:\/\/www.intoscana.it\/it\/?s={search_term_string}"},"query-input":{"@type":"PropertyValueSpecification","valueRequired":true,"valueName":"search_term_string"}}],"inLanguage":"it-IT"},{"@type":"Person","@id":"https:\/\/www.intoscana.it\/it\/#\/schema\/person\/9223810753230f20bd670fdd322661f8","name":"Redazione","url":"https:\/\/www.intoscana.it\/it\/author\/redazione\/"}]}},"_links":{"self":[{"href":"https:\/\/www.intoscana.it\/it\/wp-json\/wp\/v2\/posts\/395411","targetHints":{"allow":["GET"]}}],"collection":[{"href":"https:\/\/www.intoscana.it\/it\/wp-json\/wp\/v2\/posts"}],"about":[{"href":"https:\/\/www.intoscana.it\/it\/wp-json\/wp\/v2\/types\/post"}],"author":[{"embeddable":true,"href":"https:\/\/www.intoscana.it\/it\/wp-json\/wp\/v2\/users\/525"}],"replies":[{"embeddable":true,"href":"https:\/\/www.intoscana.it\/it\/wp-json\/wp\/v2\/comments?post=395411"}],"version-history":[{"count":4,"href":"https:\/\/www.intoscana.it\/it\/wp-json\/wp\/v2\/posts\/395411\/revisions"}],"predecessor-version":[{"id":395427,"href":"https:\/\/www.intoscana.it\/it\/wp-json\/wp\/v2\/posts\/395411\/revisions\/395427"}],"wp:featuredmedia":[{"embeddable":true,"href":"https:\/\/www.intoscana.it\/it\/wp-json\/wp\/v2\/media\/395424"}],"wp:attachment":[{"href":"https:\/\/www.intoscana.it\/it\/wp-json\/wp\/v2\/media?parent=395411"}],"wp:term":[{"taxonomy":"category","embeddable":true,"href":"https:\/\/www.intoscana.it\/it\/wp-json\/wp\/v2\/categories?post=395411"},{"taxonomy":"post_tag","embeddable":true,"href":"https:\/\/www.intoscana.it\/it\/wp-json\/wp\/v2\/tags?post=395411"}],"curies":[{"name":"wp","href":"https:\/\/api.w.org\/{rel}","templated":true}]}}