{"id":395799,"date":"2025-08-16T09:53:40","date_gmt":"2025-08-16T07:53:40","guid":{"rendered":"https:\/\/www.intoscana.it\/it\/?p=395799"},"modified":"2025-08-18T10:48:16","modified_gmt":"2025-08-18T08:48:16","slug":"i-50-anni-di-amici-miei-capolavoro-senza-tempo-il-film-cult-che-svelo-la-firenze-piu-autentica","status":"publish","type":"post","link":"https:\/\/www.intoscana.it\/it\/i-50-anni-di-amici-miei-capolavoro-senza-tempo-il-film-cult-che-svelo-la-firenze-piu-autentica\/","title":{"rendered":"I 50 anni di &#8220;Amici miei&#8221;, capolavoro senza tempo: il film cult che svel\u00f2 la Firenze pi\u00f9 autentica"},"content":{"rendered":"<p>Il funerale del <strong>Perozzi<\/strong> in Santo Spirito, gli schiaffi sul treno a Santa Maria Novella e poi la supercazzole al vigile di fronte al <strong>Bar Necchi<\/strong> in San Niccol\u00f2. Firenze si ritrov\u00f2 nella sua immagine pi\u00f9 autentica sul grande schermo quel 15 agosto del 1975, impressa nel capolavoro cinematografico di <strong>Mario Monicelli<\/strong>. &#8220;Amici miei&#8221; \u00e8 sarcastico, dissacrante, malinconico, feroce. Si ride, ma di un riso amaro.<\/p>\n<p>Usc\u00ec a Ferragosto, strano, ma fu un successo graduale e, a conti fatti\u00a0 al botteghino super\u00f2 anche &#8220;Lo Squalo&#8221; di Spielberg. <mark>Dopo un&#8217;anteprima a Taormina accolta tiepidamente dalla critica, nel luglio di quell&#8217;anno, la commissione di censura lo viet\u00f2 ai minori di 14 anni.<\/mark> Un divieto che spinse nelle sale tantissimi curiosi e fu un successo incredibile.<\/p>\n<figure id=\"post-241294 media-241294\" class=\"align-none\"><img decoding=\"async\" src=\"https:\/\/www.intoscana.it\/wp-content\/uploads\/Ugo-Tognazzi-in-Amici-Miei.jpeg\" alt=\"\" \/><\/figure>\n<div class=\"titleimg\">Ugo Tognazzi in Amici Miei<\/div>\n<p>Oggi, dopo mezzo secolo, \u00e8 un pilastro del cinema d&#8217;autore, studiato, citato e ha cambiato anche il nostro vocabolario. <mark>&#8220;Supercazzola&#8221; e &#8220;zingarata&#8221; sono entrate nel lessico comune e nella Treccani.<\/mark><\/p>\n<p>L&#8217;idea fu di <strong>Pietro Germi<\/strong>, che per\u00f2 a causa della malattia abbandon\u00f2 il set. Chiese a <strong>Mario Monicelli<\/strong> di completarlo e consegnarlo alla storia e cos\u00ec fu. La leggenda narra che Germi, al momento di lasciare la troupe, disse salutando: <mark>&#8220;Amici miei, ci vedremo, io me ne vado&#8221;, da qui il titolo.<\/mark><\/p>\n<h3><em>Il cast e i rifiuti eccellenti<\/em><\/h3>\n<p>Per scrivere il film, Germi si ispir\u00f2 a una storia vera degli anni &#8217;30, ambientata a <strong>Castiglioncello<\/strong>: cinque giovani che passavano il tempo a fare scherzi. Erano <mark>Mazzingo Donati, immunologo fiorentino, Ernesto Nelli, architetto, Giorgio Menicanti, nobile, Silvano Nelli, giornalista, e Cesarino Ricci, collaboratore di Silvano.<\/mark><\/p>\n<p>Ad interpretare questo gruppo di toscanacci fu un cast stellare e per nulla toscano. <strong>Ugo Tognazzi<\/strong> \u00e8 il conte Mascetti, <strong>Philippe Noiret<\/strong> \u00e8 il giornalista de La Nazione il Perozzi, <strong>Aldolfo Celi<\/strong> \u00e8 il professor Sassaroli, <strong>Gastone Moschin<\/strong> \u00e8 il Melandri (l&#8217;amante pi\u00f9 sfortunato) e Duilio Del Prete il <strong>Necchi<\/strong>, gestore del bar. Da ricordare anche il Righi (interpretato da Bertrand Blier), l&#8217;ingenuo pensionato che si ritrova vittima di una delle pi\u00f9 feroci zingarate.<\/p>\n<p>A contribuire ad alimentare il mito del film furono anche i no eccellenti. Prima quello di <strong>Mastroianni<\/strong> che rifiut\u00f2 il ruolo del conte Mascetti e poi quello di <strong>Raimondo Vianello<\/strong> che declin\u00f2 perch\u00e9 non voleva perdere nemmeno una partita della nazionale impegnata nei mondiali di calcio.<\/p>\n<h3><em>Zingarate e supercazzole<\/em><\/h3>\n<p>&#8220;Amici miei&#8221; inizia in una Firenze all&#8217;alba, quando il giornalista Perozzi finisce il turno a La Nazione e si incrocia con le anime della notte, baristi e prostitute. <mark>Non vuole dormire, si ribella alla sua vita anonima e prevedibile, criticata, e chiama a raccolta per una zingarata memorabile tutti i suoi amici: Necchi, Mascetti, Melandri, a cui si aggiunge anche il professor Sassaroli.<\/mark> Da qui \u00e8 un crescendo di &#8220;supercazzole&#8221; senza soluzione di continuit\u00e0, che si intreccia con le brutture della vita reale a cui i cinque sfuggono vagabondando nella Toscana negli anni &#8217;70.<\/p>\n<p>Anche la morte diventa una <strong>&#8220;supercazzola&#8221;<\/strong> che si dissacra con una risata, per onorare la vita che si \u00e8 scelto. <mark>Malinconia e cinismo uniscono la genialit\u00e0 di Germi e Monicelli che si concretizza in un capolavoro di umanit\u00e0, senza tempo, che parla ancora di noi.<\/mark><\/p>\n<figure id=\"post-218484 media-218484\" class=\"align-none\"><img decoding=\"async\" src=\"https:\/\/www.intoscana.it\/wp-content\/uploads\/AMICI-MIEI-TOGNAZZI.jpg\" alt=\"\" \/><\/figure>\n<div class=\"titleimg\">Ugo Tognazzi in Amici Miei<\/div>\n<p>Amici miei ha avuto altri due atti. Il secondo fu diretto sette anni dopo sempre da Monicelli, con <strong>Renzo Montagnani<\/strong> (doppiatore di Philippe Noiret) al posto di Del Prete. Per terzo e ultimo episodio si pass\u00f2 invece alla regia di <strong>Nanni Loy<\/strong>.<\/p>\n<p>&nbsp;<\/p>\n","protected":false},"excerpt":{"rendered":"<p>L&#8217;opera cinematografica di Germi e Monicelli usc\u00ec nelle sale il 15 agosto del 1975 e fu un successo incredibile. Indimenticabili zingarate, supercazzole e scherzi feroci consegnano la pellicola alla storia perch\u00e9 racconta di una umanit\u00e0 pi\u00f9 che mai attuale, malinconica e cinica<\/p>\n","protected":false},"author":545,"featured_media":85267,"comment_status":"open","ping_status":"open","sticky":false,"template":"","format":"standard","meta":{"_acf_changed":false,"footnotes":""},"categories":[493],"tags":[6243,188],"class_list":["post-395799","post","type-post","status-publish","format-standard","has-post-thumbnail","hentry","category-cultura","tag-amici-miei","tag-cinema"],"acf":[],"yoast_head":"<!-- This site is optimized with the Yoast SEO Premium plugin v24.2 (Yoast SEO v25.6) - https:\/\/yoast.com\/wordpress\/plugins\/seo\/ -->\n<title>I 50 anni di &quot;Amici miei&quot;, capolavoro senza tempo: il film cult che svel\u00f2 la Firenze pi\u00f9 autentica - intoscana<\/title>\n<meta name=\"description\" content=\"L&#039;opera cinematografica di Germi e Monicelli usc\u00ec nelle sale il 15 agosto del 1975 e fu un successo incredibile. Indimenticabili zingarate, supercazzole e scherzi feroci consegnano la pellicola alla storia perch\u00e9 racconta di una umanit\u00e0 pi\u00f9 che mai attuale, malinconica e cinica\" \/>\n<meta name=\"robots\" content=\"index, follow, max-snippet:-1, max-image-preview:large, max-video-preview:-1\" \/>\n<link rel=\"canonical\" href=\"https:\/\/www.intoscana.it\/it\/i-50-anni-di-amici-miei-capolavoro-senza-tempo-il-film-cult-che-svelo-la-firenze-piu-autentica\/\" \/>\n<meta property=\"og:locale\" content=\"it_IT\" \/>\n<meta property=\"og:type\" content=\"article\" \/>\n<meta property=\"og:title\" content=\"I 50 anni di &quot;Amici miei&quot;, capolavoro senza tempo: il film cult che svel\u00f2 la Firenze pi\u00f9 autentica\" \/>\n<meta property=\"og:description\" content=\"L&#039;opera cinematografica di Germi e Monicelli usc\u00ec nelle sale il 15 agosto del 1975 e fu un successo incredibile. Indimenticabili zingarate, supercazzole e scherzi feroci consegnano la pellicola alla storia perch\u00e9 racconta di una umanit\u00e0 pi\u00f9 che mai attuale, malinconica e cinica\" \/>\n<meta property=\"og:url\" content=\"https:\/\/www.intoscana.it\/it\/i-50-anni-di-amici-miei-capolavoro-senza-tempo-il-film-cult-che-svelo-la-firenze-piu-autentica\/\" \/>\n<meta property=\"og:site_name\" content=\"intoscana\" \/>\n<meta property=\"article:publisher\" content=\"https:\/\/www.facebook.com\/intoscana.it\" \/>\n<meta property=\"article:published_time\" content=\"2025-08-16T07:53:40+00:00\" \/>\n<meta property=\"article:modified_time\" content=\"2025-08-18T08:48:16+00:00\" \/>\n<meta property=\"og:image\" content=\"https:\/\/www.intoscana.it\/wp-content\/uploads\/amici-miei-film-monicelli-e1755506892405.jpg\" \/>\n\t<meta property=\"og:image:width\" content=\"1000\" \/>\n\t<meta property=\"og:image:height\" content=\"442\" \/>\n\t<meta property=\"og:image:type\" content=\"image\/jpeg\" \/>\n<meta name=\"author\" content=\"Clara D&#039;Acunto\" \/>\n<meta name=\"twitter:card\" content=\"summary_large_image\" \/>\n<meta name=\"twitter:creator\" content=\"@intoscana\" \/>\n<meta name=\"twitter:site\" content=\"@intoscana\" \/>\n<meta name=\"twitter:label1\" content=\"Written by\" \/>\n\t<meta name=\"twitter:data1\" content=\"Clara D&#039;Acunto\" \/>\n\t<meta name=\"twitter:label2\" content=\"Est. reading time\" \/>\n\t<meta name=\"twitter:data2\" content=\"4 minuti\" \/>\n<script type=\"application\/ld+json\" class=\"yoast-schema-graph\">{\"@context\":\"https:\/\/schema.org\",\"@graph\":[{\"@type\":\"WebPage\",\"@id\":\"https:\/\/www.intoscana.it\/it\/i-50-anni-di-amici-miei-capolavoro-senza-tempo-il-film-cult-che-svelo-la-firenze-piu-autentica\/\",\"url\":\"https:\/\/www.intoscana.it\/it\/i-50-anni-di-amici-miei-capolavoro-senza-tempo-il-film-cult-che-svelo-la-firenze-piu-autentica\/\",\"name\":\"I 50 anni di \\\"Amici miei\\\", capolavoro senza tempo: il film cult che svel\u00f2 la Firenze pi\u00f9 autentica - intoscana\",\"isPartOf\":{\"@id\":\"https:\/\/www.intoscana.it\/it\/#website\"},\"primaryImageOfPage\":{\"@id\":\"https:\/\/www.intoscana.it\/it\/i-50-anni-di-amici-miei-capolavoro-senza-tempo-il-film-cult-che-svelo-la-firenze-piu-autentica\/#primaryimage\"},\"image\":{\"@id\":\"https:\/\/www.intoscana.it\/it\/i-50-anni-di-amici-miei-capolavoro-senza-tempo-il-film-cult-che-svelo-la-firenze-piu-autentica\/#primaryimage\"},\"thumbnailUrl\":\"https:\/\/www.intoscana.it\/wp-content\/uploads\/amici-miei-film-monicelli-e1755506892405.jpg\",\"datePublished\":\"2025-08-16T07:53:40+00:00\",\"dateModified\":\"2025-08-18T08:48:16+00:00\",\"author\":{\"@id\":\"https:\/\/www.intoscana.it\/it\/#\/schema\/person\/137419af9ef5d385bde52864a841e6ce\"},\"description\":\"L'opera cinematografica di Germi e Monicelli usc\u00ec nelle sale il 15 agosto del 1975 e fu un successo incredibile. Indimenticabili zingarate, supercazzole e scherzi feroci consegnano la pellicola alla storia perch\u00e9 racconta di una umanit\u00e0 pi\u00f9 che mai attuale, malinconica e cinica\",\"breadcrumb\":{\"@id\":\"https:\/\/www.intoscana.it\/it\/i-50-anni-di-amici-miei-capolavoro-senza-tempo-il-film-cult-che-svelo-la-firenze-piu-autentica\/#breadcrumb\"},\"inLanguage\":\"it-IT\",\"potentialAction\":[{\"@type\":\"ReadAction\",\"target\":[\"https:\/\/www.intoscana.it\/it\/i-50-anni-di-amici-miei-capolavoro-senza-tempo-il-film-cult-che-svelo-la-firenze-piu-autentica\/\"]}]},{\"@type\":\"ImageObject\",\"inLanguage\":\"it-IT\",\"@id\":\"https:\/\/www.intoscana.it\/it\/i-50-anni-di-amici-miei-capolavoro-senza-tempo-il-film-cult-che-svelo-la-firenze-piu-autentica\/#primaryimage\",\"url\":\"https:\/\/www.intoscana.it\/wp-content\/uploads\/amici-miei-film-monicelli-e1755506892405.jpg\",\"contentUrl\":\"https:\/\/www.intoscana.it\/wp-content\/uploads\/amici-miei-film-monicelli-e1755506892405.jpg\",\"width\":1000,\"height\":442},{\"@type\":\"BreadcrumbList\",\"@id\":\"https:\/\/www.intoscana.it\/it\/i-50-anni-di-amici-miei-capolavoro-senza-tempo-il-film-cult-che-svelo-la-firenze-piu-autentica\/#breadcrumb\",\"itemListElement\":[{\"@type\":\"ListItem\",\"position\":1,\"name\":\"Home\",\"item\":\"https:\/\/www.intoscana.it\/it\/\"},{\"@type\":\"ListItem\",\"position\":2,\"name\":\"I 50 anni di &#8220;Amici miei&#8221;, capolavoro senza tempo: il film cult che svel\u00f2 la Firenze pi\u00f9 autentica\"}]},{\"@type\":\"WebSite\",\"@id\":\"https:\/\/www.intoscana.it\/it\/#website\",\"url\":\"https:\/\/www.intoscana.it\/it\/\",\"name\":\"intoscana\",\"description\":\"\",\"potentialAction\":[{\"@type\":\"SearchAction\",\"target\":{\"@type\":\"EntryPoint\",\"urlTemplate\":\"https:\/\/www.intoscana.it\/it\/?s={search_term_string}\"},\"query-input\":{\"@type\":\"PropertyValueSpecification\",\"valueRequired\":true,\"valueName\":\"search_term_string\"}}],\"inLanguage\":\"it-IT\"},{\"@type\":\"Person\",\"@id\":\"https:\/\/www.intoscana.it\/it\/#\/schema\/person\/137419af9ef5d385bde52864a841e6ce\",\"name\":\"Clara D'Acunto\",\"url\":\"https:\/\/www.intoscana.it\/it\/author\/clara-d_acunto\/\"}]}<\/script>\n<!-- \/ Yoast SEO Premium plugin. -->","yoast_head_json":{"title":"I 50 anni di \"Amici miei\", capolavoro senza tempo: il film cult che svel\u00f2 la Firenze pi\u00f9 autentica - intoscana","description":"L'opera cinematografica di Germi e Monicelli usc\u00ec nelle sale il 15 agosto del 1975 e fu un successo incredibile. Indimenticabili zingarate, supercazzole e scherzi feroci consegnano la pellicola alla storia perch\u00e9 racconta di una umanit\u00e0 pi\u00f9 che mai attuale, malinconica e cinica","robots":{"index":"index","follow":"follow","max-snippet":"max-snippet:-1","max-image-preview":"max-image-preview:large","max-video-preview":"max-video-preview:-1"},"canonical":"https:\/\/www.intoscana.it\/it\/i-50-anni-di-amici-miei-capolavoro-senza-tempo-il-film-cult-che-svelo-la-firenze-piu-autentica\/","og_locale":"it_IT","og_type":"article","og_title":"I 50 anni di \"Amici miei\", capolavoro senza tempo: il film cult che svel\u00f2 la Firenze pi\u00f9 autentica","og_description":"L'opera cinematografica di Germi e Monicelli usc\u00ec nelle sale il 15 agosto del 1975 e fu un successo incredibile. Indimenticabili zingarate, supercazzole e scherzi feroci consegnano la pellicola alla storia perch\u00e9 racconta di una umanit\u00e0 pi\u00f9 che mai attuale, malinconica e cinica","og_url":"https:\/\/www.intoscana.it\/it\/i-50-anni-di-amici-miei-capolavoro-senza-tempo-il-film-cult-che-svelo-la-firenze-piu-autentica\/","og_site_name":"intoscana","article_publisher":"https:\/\/www.facebook.com\/intoscana.it","article_published_time":"2025-08-16T07:53:40+00:00","article_modified_time":"2025-08-18T08:48:16+00:00","og_image":[{"width":1000,"height":442,"url":"https:\/\/www.intoscana.it\/wp-content\/uploads\/amici-miei-film-monicelli-e1755506892405.jpg","type":"image\/jpeg"}],"author":"Clara D'Acunto","twitter_card":"summary_large_image","twitter_creator":"@intoscana","twitter_site":"@intoscana","twitter_misc":{"Written by":"Clara D'Acunto","Est. reading time":"4 minuti"},"schema":{"@context":"https:\/\/schema.org","@graph":[{"@type":"WebPage","@id":"https:\/\/www.intoscana.it\/it\/i-50-anni-di-amici-miei-capolavoro-senza-tempo-il-film-cult-che-svelo-la-firenze-piu-autentica\/","url":"https:\/\/www.intoscana.it\/it\/i-50-anni-di-amici-miei-capolavoro-senza-tempo-il-film-cult-che-svelo-la-firenze-piu-autentica\/","name":"I 50 anni di \"Amici miei\", capolavoro senza tempo: il film cult che svel\u00f2 la Firenze pi\u00f9 autentica - intoscana","isPartOf":{"@id":"https:\/\/www.intoscana.it\/it\/#website"},"primaryImageOfPage":{"@id":"https:\/\/www.intoscana.it\/it\/i-50-anni-di-amici-miei-capolavoro-senza-tempo-il-film-cult-che-svelo-la-firenze-piu-autentica\/#primaryimage"},"image":{"@id":"https:\/\/www.intoscana.it\/it\/i-50-anni-di-amici-miei-capolavoro-senza-tempo-il-film-cult-che-svelo-la-firenze-piu-autentica\/#primaryimage"},"thumbnailUrl":"https:\/\/www.intoscana.it\/wp-content\/uploads\/amici-miei-film-monicelli-e1755506892405.jpg","datePublished":"2025-08-16T07:53:40+00:00","dateModified":"2025-08-18T08:48:16+00:00","author":{"@id":"https:\/\/www.intoscana.it\/it\/#\/schema\/person\/137419af9ef5d385bde52864a841e6ce"},"description":"L'opera cinematografica di Germi e Monicelli usc\u00ec nelle sale il 15 agosto del 1975 e fu un successo incredibile. Indimenticabili zingarate, supercazzole e scherzi feroci consegnano la pellicola alla storia perch\u00e9 racconta di una umanit\u00e0 pi\u00f9 che mai attuale, malinconica e cinica","breadcrumb":{"@id":"https:\/\/www.intoscana.it\/it\/i-50-anni-di-amici-miei-capolavoro-senza-tempo-il-film-cult-che-svelo-la-firenze-piu-autentica\/#breadcrumb"},"inLanguage":"it-IT","potentialAction":[{"@type":"ReadAction","target":["https:\/\/www.intoscana.it\/it\/i-50-anni-di-amici-miei-capolavoro-senza-tempo-il-film-cult-che-svelo-la-firenze-piu-autentica\/"]}]},{"@type":"ImageObject","inLanguage":"it-IT","@id":"https:\/\/www.intoscana.it\/it\/i-50-anni-di-amici-miei-capolavoro-senza-tempo-il-film-cult-che-svelo-la-firenze-piu-autentica\/#primaryimage","url":"https:\/\/www.intoscana.it\/wp-content\/uploads\/amici-miei-film-monicelli-e1755506892405.jpg","contentUrl":"https:\/\/www.intoscana.it\/wp-content\/uploads\/amici-miei-film-monicelli-e1755506892405.jpg","width":1000,"height":442},{"@type":"BreadcrumbList","@id":"https:\/\/www.intoscana.it\/it\/i-50-anni-di-amici-miei-capolavoro-senza-tempo-il-film-cult-che-svelo-la-firenze-piu-autentica\/#breadcrumb","itemListElement":[{"@type":"ListItem","position":1,"name":"Home","item":"https:\/\/www.intoscana.it\/it\/"},{"@type":"ListItem","position":2,"name":"I 50 anni di &#8220;Amici miei&#8221;, capolavoro senza tempo: il film cult che svel\u00f2 la Firenze pi\u00f9 autentica"}]},{"@type":"WebSite","@id":"https:\/\/www.intoscana.it\/it\/#website","url":"https:\/\/www.intoscana.it\/it\/","name":"intoscana","description":"","potentialAction":[{"@type":"SearchAction","target":{"@type":"EntryPoint","urlTemplate":"https:\/\/www.intoscana.it\/it\/?s={search_term_string}"},"query-input":{"@type":"PropertyValueSpecification","valueRequired":true,"valueName":"search_term_string"}}],"inLanguage":"it-IT"},{"@type":"Person","@id":"https:\/\/www.intoscana.it\/it\/#\/schema\/person\/137419af9ef5d385bde52864a841e6ce","name":"Clara D'Acunto","url":"https:\/\/www.intoscana.it\/it\/author\/clara-d_acunto\/"}]}},"_links":{"self":[{"href":"https:\/\/www.intoscana.it\/it\/wp-json\/wp\/v2\/posts\/395799","targetHints":{"allow":["GET"]}}],"collection":[{"href":"https:\/\/www.intoscana.it\/it\/wp-json\/wp\/v2\/posts"}],"about":[{"href":"https:\/\/www.intoscana.it\/it\/wp-json\/wp\/v2\/types\/post"}],"author":[{"embeddable":true,"href":"https:\/\/www.intoscana.it\/it\/wp-json\/wp\/v2\/users\/545"}],"replies":[{"embeddable":true,"href":"https:\/\/www.intoscana.it\/it\/wp-json\/wp\/v2\/comments?post=395799"}],"version-history":[{"count":5,"href":"https:\/\/www.intoscana.it\/it\/wp-json\/wp\/v2\/posts\/395799\/revisions"}],"predecessor-version":[{"id":395807,"href":"https:\/\/www.intoscana.it\/it\/wp-json\/wp\/v2\/posts\/395799\/revisions\/395807"}],"wp:featuredmedia":[{"embeddable":true,"href":"https:\/\/www.intoscana.it\/it\/wp-json\/wp\/v2\/media\/85267"}],"wp:attachment":[{"href":"https:\/\/www.intoscana.it\/it\/wp-json\/wp\/v2\/media?parent=395799"}],"wp:term":[{"taxonomy":"category","embeddable":true,"href":"https:\/\/www.intoscana.it\/it\/wp-json\/wp\/v2\/categories?post=395799"},{"taxonomy":"post_tag","embeddable":true,"href":"https:\/\/www.intoscana.it\/it\/wp-json\/wp\/v2\/tags?post=395799"}],"curies":[{"name":"wp","href":"https:\/\/api.w.org\/{rel}","templated":true}]}}