{"id":396107,"date":"2025-08-19T12:35:27","date_gmt":"2025-08-19T10:35:27","guid":{"rendered":"https:\/\/www.intoscana.it\/it\/?p=396107"},"modified":"2025-08-19T12:35:27","modified_gmt":"2025-08-19T10:35:27","slug":"cantine-in-piazza-a-montepulciano-torna-la-festa-dedicata-al-nobile","status":"publish","type":"post","link":"https:\/\/www.intoscana.it\/it\/cantine-in-piazza-a-montepulciano-torna-la-festa-dedicata-al-nobile\/","title":{"rendered":"Cantine in Piazza: a Montepulciano torna la festa dedicata al Nobile"},"content":{"rendered":"<p>\u00c8 tutto pronto per il ritorno di<strong> Cantine in Piazza<\/strong>, il grande evento estivo promosso dal<strong> Consorzio del Vino Nobile di Montepulciano<\/strong> in collaborazione con il Magistrato delle Contrade.<\/p>\n<p>Venerd\u00ec 22 agosto, nel cuore del borgo toscano, <mark>Piazza Grande, le cantine del territorio creeranno un cerchio offrendo in degustazione le proprie etichette<\/mark> ai tantissimi turisti e non solo che saranno presenti. Appuntamento a partire dalle ore 19 con l\u2019apertura dei <strong>banchi d\u2019assaggio<\/strong> che saranno affiancati anche da una degustazione di prodotti tipici del territorio e con il sottofondo musicale a cura di Stefano Giannotti.<\/p>\n<h3>Il concorso A Tavola con il Nobile<\/h3>\n<p>L\u2019evento pi\u00f9 atteso dell\u2019anno sar\u00e0 tuttavia come sempre<strong> A Tavola con il Nobile, il premio enogastronomico<\/strong> ideato dal giornalista Bruno Gambacorta, promosso dal Consorzio del Vino Nobile di Montepulciano in collaborazione con il Magistrato delle Contrade del Brav\u00eco delle Botti, la storica corsa per le strade del borgo senese.<\/p>\n<p>Quest\u2019anno il premio, giunto alla sua 23esima edizione, avr\u00e0 come tema \u201c<strong>La pasta fresca e la sua farcia\u201d e si svolger\u00e0 nelle giornate di sabato 23 e domenica 24 agosto.<\/strong> A partire dagli stessi giorni e per tutta la settimana successiva, <mark>all\u2019interno delle otto contrade della citt\u00e0, sar\u00e0 possibile per tutti degustare il piatto in gara abbinato al Vino Nobile di Montepulciano. <\/mark>Un premio, A Tavola con il Nobile, che negli anni ha dato la possibilit\u00e0 di recuperare oltre <strong>220 ricette della tradizione,<\/strong> riportando alla luce il lavoro delle massaie e tramandando la tradizione gastronomica di un tempo. Numerose le pubblicazioni che raccolgono le ricette del premio che negli anni ha assunto un peso antropologico e sociale tanto da attirare l\u2019attenzione di studi sulle tradizioni popolari del territorio.<\/p>\n<p>Tra i giornalisti presenti ci saranno anche il conduttore di Camper su Rai1, Tinto e<strong> Wikipedro<\/strong>, che sui social racconta le mille storie e le tante meraviglie artistiche della Toscana con il piglio ironico e scanzonato tipico dei toscani. A Montepulciano ha gi\u00e0 raccontato qualche anno fa il Brav\u00eco delle Botti e torner\u00e0 per la giuria del premio enogastronomico.<\/p>\n<p>La premiazione del concorso enogastronomico, in concomitanza con la presentazione del Panno del Brav\u00eco delle Botti, \u00e8 in programma <strong>domenica 24 agosto<\/strong> alle ore 15.30 nella cornice del Cortile della Fortezza di Montepulciano.<\/p>\n","protected":false},"excerpt":{"rendered":"<p>Il 22 agosto appuntamento in Piazza Grande con le aziende del territorio e i banchi d&#8217;assaggio, mentre il 23 e 24 agosto si terr\u00e0 il concorso enogastronomico A Tavola con il Nobile<\/p>\n","protected":false},"author":525,"featured_media":396110,"comment_status":"open","ping_status":"open","sticky":false,"template":"","format":"standard","meta":{"_acf_changed":false,"footnotes":""},"categories":[8],"tags":[4452,4415,224],"class_list":["post-396107","post","type-post","status-publish","format-standard","has-post-thumbnail","hentry","category-enogastronomia","tag-montepulciano","tag-nobile-di-montepulciano","tag-vino"],"acf":[],"yoast_head":"<!-- This site is optimized with the Yoast SEO Premium plugin v24.2 (Yoast SEO v25.6) - https:\/\/yoast.com\/wordpress\/plugins\/seo\/ -->\n<title>Cantine in Piazza: a Montepulciano torna la festa dedicata al Nobile - intoscana<\/title>\n<meta name=\"robots\" content=\"index, follow, max-snippet:-1, max-image-preview:large, max-video-preview:-1\" \/>\n<link rel=\"canonical\" href=\"https:\/\/www.intoscana.it\/it\/cantine-in-piazza-a-montepulciano-torna-la-festa-dedicata-al-nobile\/\" \/>\n<meta property=\"og:locale\" content=\"it_IT\" \/>\n<meta property=\"og:type\" content=\"article\" \/>\n<meta property=\"og:title\" content=\"Cantine in Piazza: a Montepulciano torna la festa dedicata al Nobile\" \/>\n<meta property=\"og:description\" content=\"Il 22 agosto appuntamento in Piazza Grande con le aziende del territorio e i banchi d&#039;assaggio, mentre il 23 e 24 agosto si terr\u00e0 il concorso enogastronomico A Tavola con il Nobile\" \/>\n<meta property=\"og:url\" content=\"https:\/\/www.intoscana.it\/it\/cantine-in-piazza-a-montepulciano-torna-la-festa-dedicata-al-nobile\/\" \/>\n<meta property=\"og:site_name\" content=\"intoscana\" \/>\n<meta property=\"article:publisher\" content=\"https:\/\/www.facebook.com\/intoscana.it\" \/>\n<meta property=\"article:published_time\" content=\"2025-08-19T10:35:27+00:00\" \/>\n<meta property=\"og:image\" content=\"https:\/\/www.intoscana.it\/wp-content\/uploads\/Cantine-in-piazza-2.jpg\" \/>\n\t<meta property=\"og:image:width\" content=\"1200\" \/>\n\t<meta property=\"og:image:height\" content=\"658\" \/>\n\t<meta property=\"og:image:type\" content=\"image\/jpeg\" \/>\n<meta name=\"author\" content=\"Redazione\" \/>\n<meta name=\"twitter:card\" content=\"summary_large_image\" \/>\n<meta name=\"twitter:creator\" content=\"@intoscana\" \/>\n<meta name=\"twitter:site\" content=\"@intoscana\" \/>\n<meta name=\"twitter:label1\" content=\"Written by\" \/>\n\t<meta name=\"twitter:data1\" content=\"Redazione\" \/>\n\t<meta name=\"twitter:label2\" content=\"Est. reading time\" \/>\n\t<meta name=\"twitter:data2\" content=\"3 minuti\" \/>\n<script type=\"application\/ld+json\" class=\"yoast-schema-graph\">{\"@context\":\"https:\/\/schema.org\",\"@graph\":[{\"@type\":\"WebPage\",\"@id\":\"https:\/\/www.intoscana.it\/it\/cantine-in-piazza-a-montepulciano-torna-la-festa-dedicata-al-nobile\/\",\"url\":\"https:\/\/www.intoscana.it\/it\/cantine-in-piazza-a-montepulciano-torna-la-festa-dedicata-al-nobile\/\",\"name\":\"Cantine in Piazza: a Montepulciano torna la festa dedicata al Nobile - intoscana\",\"isPartOf\":{\"@id\":\"https:\/\/www.intoscana.it\/it\/#website\"},\"primaryImageOfPage\":{\"@id\":\"https:\/\/www.intoscana.it\/it\/cantine-in-piazza-a-montepulciano-torna-la-festa-dedicata-al-nobile\/#primaryimage\"},\"image\":{\"@id\":\"https:\/\/www.intoscana.it\/it\/cantine-in-piazza-a-montepulciano-torna-la-festa-dedicata-al-nobile\/#primaryimage\"},\"thumbnailUrl\":\"https:\/\/www.intoscana.it\/wp-content\/uploads\/Cantine-in-piazza-2.jpg\",\"datePublished\":\"2025-08-19T10:35:27+00:00\",\"author\":{\"@id\":\"https:\/\/www.intoscana.it\/it\/#\/schema\/person\/9223810753230f20bd670fdd322661f8\"},\"breadcrumb\":{\"@id\":\"https:\/\/www.intoscana.it\/it\/cantine-in-piazza-a-montepulciano-torna-la-festa-dedicata-al-nobile\/#breadcrumb\"},\"inLanguage\":\"it-IT\",\"potentialAction\":[{\"@type\":\"ReadAction\",\"target\":[\"https:\/\/www.intoscana.it\/it\/cantine-in-piazza-a-montepulciano-torna-la-festa-dedicata-al-nobile\/\"]}]},{\"@type\":\"ImageObject\",\"inLanguage\":\"it-IT\",\"@id\":\"https:\/\/www.intoscana.it\/it\/cantine-in-piazza-a-montepulciano-torna-la-festa-dedicata-al-nobile\/#primaryimage\",\"url\":\"https:\/\/www.intoscana.it\/wp-content\/uploads\/Cantine-in-piazza-2.jpg\",\"contentUrl\":\"https:\/\/www.intoscana.it\/wp-content\/uploads\/Cantine-in-piazza-2.jpg\",\"width\":1200,\"height\":658,\"caption\":\"Cantine in piazza a Montepulciano\"},{\"@type\":\"BreadcrumbList\",\"@id\":\"https:\/\/www.intoscana.it\/it\/cantine-in-piazza-a-montepulciano-torna-la-festa-dedicata-al-nobile\/#breadcrumb\",\"itemListElement\":[{\"@type\":\"ListItem\",\"position\":1,\"name\":\"Home\",\"item\":\"https:\/\/www.intoscana.it\/it\/\"},{\"@type\":\"ListItem\",\"position\":2,\"name\":\"Cantine in Piazza: a Montepulciano torna la festa dedicata al Nobile\"}]},{\"@type\":\"WebSite\",\"@id\":\"https:\/\/www.intoscana.it\/it\/#website\",\"url\":\"https:\/\/www.intoscana.it\/it\/\",\"name\":\"intoscana\",\"description\":\"\",\"potentialAction\":[{\"@type\":\"SearchAction\",\"target\":{\"@type\":\"EntryPoint\",\"urlTemplate\":\"https:\/\/www.intoscana.it\/it\/?s={search_term_string}\"},\"query-input\":{\"@type\":\"PropertyValueSpecification\",\"valueRequired\":true,\"valueName\":\"search_term_string\"}}],\"inLanguage\":\"it-IT\"},{\"@type\":\"Person\",\"@id\":\"https:\/\/www.intoscana.it\/it\/#\/schema\/person\/9223810753230f20bd670fdd322661f8\",\"name\":\"Redazione\",\"url\":\"https:\/\/www.intoscana.it\/it\/author\/redazione\/\"}]}<\/script>\n<!-- \/ Yoast SEO Premium plugin. -->","yoast_head_json":{"title":"Cantine in Piazza: a Montepulciano torna la festa dedicata al Nobile - intoscana","robots":{"index":"index","follow":"follow","max-snippet":"max-snippet:-1","max-image-preview":"max-image-preview:large","max-video-preview":"max-video-preview:-1"},"canonical":"https:\/\/www.intoscana.it\/it\/cantine-in-piazza-a-montepulciano-torna-la-festa-dedicata-al-nobile\/","og_locale":"it_IT","og_type":"article","og_title":"Cantine in Piazza: a Montepulciano torna la festa dedicata al Nobile","og_description":"Il 22 agosto appuntamento in Piazza Grande con le aziende del territorio e i banchi d'assaggio, mentre il 23 e 24 agosto si terr\u00e0 il concorso enogastronomico A Tavola con il Nobile","og_url":"https:\/\/www.intoscana.it\/it\/cantine-in-piazza-a-montepulciano-torna-la-festa-dedicata-al-nobile\/","og_site_name":"intoscana","article_publisher":"https:\/\/www.facebook.com\/intoscana.it","article_published_time":"2025-08-19T10:35:27+00:00","og_image":[{"width":1200,"height":658,"url":"https:\/\/www.intoscana.it\/wp-content\/uploads\/Cantine-in-piazza-2.jpg","type":"image\/jpeg"}],"author":"Redazione","twitter_card":"summary_large_image","twitter_creator":"@intoscana","twitter_site":"@intoscana","twitter_misc":{"Written by":"Redazione","Est. reading time":"3 minuti"},"schema":{"@context":"https:\/\/schema.org","@graph":[{"@type":"WebPage","@id":"https:\/\/www.intoscana.it\/it\/cantine-in-piazza-a-montepulciano-torna-la-festa-dedicata-al-nobile\/","url":"https:\/\/www.intoscana.it\/it\/cantine-in-piazza-a-montepulciano-torna-la-festa-dedicata-al-nobile\/","name":"Cantine in Piazza: a Montepulciano torna la festa dedicata al Nobile - intoscana","isPartOf":{"@id":"https:\/\/www.intoscana.it\/it\/#website"},"primaryImageOfPage":{"@id":"https:\/\/www.intoscana.it\/it\/cantine-in-piazza-a-montepulciano-torna-la-festa-dedicata-al-nobile\/#primaryimage"},"image":{"@id":"https:\/\/www.intoscana.it\/it\/cantine-in-piazza-a-montepulciano-torna-la-festa-dedicata-al-nobile\/#primaryimage"},"thumbnailUrl":"https:\/\/www.intoscana.it\/wp-content\/uploads\/Cantine-in-piazza-2.jpg","datePublished":"2025-08-19T10:35:27+00:00","author":{"@id":"https:\/\/www.intoscana.it\/it\/#\/schema\/person\/9223810753230f20bd670fdd322661f8"},"breadcrumb":{"@id":"https:\/\/www.intoscana.it\/it\/cantine-in-piazza-a-montepulciano-torna-la-festa-dedicata-al-nobile\/#breadcrumb"},"inLanguage":"it-IT","potentialAction":[{"@type":"ReadAction","target":["https:\/\/www.intoscana.it\/it\/cantine-in-piazza-a-montepulciano-torna-la-festa-dedicata-al-nobile\/"]}]},{"@type":"ImageObject","inLanguage":"it-IT","@id":"https:\/\/www.intoscana.it\/it\/cantine-in-piazza-a-montepulciano-torna-la-festa-dedicata-al-nobile\/#primaryimage","url":"https:\/\/www.intoscana.it\/wp-content\/uploads\/Cantine-in-piazza-2.jpg","contentUrl":"https:\/\/www.intoscana.it\/wp-content\/uploads\/Cantine-in-piazza-2.jpg","width":1200,"height":658,"caption":"Cantine in piazza a Montepulciano"},{"@type":"BreadcrumbList","@id":"https:\/\/www.intoscana.it\/it\/cantine-in-piazza-a-montepulciano-torna-la-festa-dedicata-al-nobile\/#breadcrumb","itemListElement":[{"@type":"ListItem","position":1,"name":"Home","item":"https:\/\/www.intoscana.it\/it\/"},{"@type":"ListItem","position":2,"name":"Cantine in Piazza: a Montepulciano torna la festa dedicata al Nobile"}]},{"@type":"WebSite","@id":"https:\/\/www.intoscana.it\/it\/#website","url":"https:\/\/www.intoscana.it\/it\/","name":"intoscana","description":"","potentialAction":[{"@type":"SearchAction","target":{"@type":"EntryPoint","urlTemplate":"https:\/\/www.intoscana.it\/it\/?s={search_term_string}"},"query-input":{"@type":"PropertyValueSpecification","valueRequired":true,"valueName":"search_term_string"}}],"inLanguage":"it-IT"},{"@type":"Person","@id":"https:\/\/www.intoscana.it\/it\/#\/schema\/person\/9223810753230f20bd670fdd322661f8","name":"Redazione","url":"https:\/\/www.intoscana.it\/it\/author\/redazione\/"}]}},"_links":{"self":[{"href":"https:\/\/www.intoscana.it\/it\/wp-json\/wp\/v2\/posts\/396107","targetHints":{"allow":["GET"]}}],"collection":[{"href":"https:\/\/www.intoscana.it\/it\/wp-json\/wp\/v2\/posts"}],"about":[{"href":"https:\/\/www.intoscana.it\/it\/wp-json\/wp\/v2\/types\/post"}],"author":[{"embeddable":true,"href":"https:\/\/www.intoscana.it\/it\/wp-json\/wp\/v2\/users\/525"}],"replies":[{"embeddable":true,"href":"https:\/\/www.intoscana.it\/it\/wp-json\/wp\/v2\/comments?post=396107"}],"version-history":[{"count":5,"href":"https:\/\/www.intoscana.it\/it\/wp-json\/wp\/v2\/posts\/396107\/revisions"}],"predecessor-version":[{"id":396118,"href":"https:\/\/www.intoscana.it\/it\/wp-json\/wp\/v2\/posts\/396107\/revisions\/396118"}],"wp:featuredmedia":[{"embeddable":true,"href":"https:\/\/www.intoscana.it\/it\/wp-json\/wp\/v2\/media\/396110"}],"wp:attachment":[{"href":"https:\/\/www.intoscana.it\/it\/wp-json\/wp\/v2\/media?parent=396107"}],"wp:term":[{"taxonomy":"category","embeddable":true,"href":"https:\/\/www.intoscana.it\/it\/wp-json\/wp\/v2\/categories?post=396107"},{"taxonomy":"post_tag","embeddable":true,"href":"https:\/\/www.intoscana.it\/it\/wp-json\/wp\/v2\/tags?post=396107"}],"curies":[{"name":"wp","href":"https:\/\/api.w.org\/{rel}","templated":true}]}}