{"id":396156,"date":"2025-08-19T16:18:59","date_gmt":"2025-08-19T14:18:59","guid":{"rendered":"https:\/\/www.intoscana.it\/it\/?p=396156"},"modified":"2025-08-19T16:19:24","modified_gmt":"2025-08-19T14:19:24","slug":"welfare-nuovo-accordo-regione-anci-per-un-sistema-piu-vicino-ai-cittadini","status":"publish","type":"post","link":"https:\/\/www.intoscana.it\/it\/welfare-nuovo-accordo-regione-anci-per-un-sistema-piu-vicino-ai-cittadini\/","title":{"rendered":"Welfare: nuovo accordo Regione-Anci per un sistema pi\u00f9 vicino ai cittadini"},"content":{"rendered":"<p>Via libera al nuovo accordo di collaborazione sul welfare tra <strong>Regione e Anci Toscana<\/strong>, l&#8217;associazione dei Comuni. L&#8217;intesa biennale partir\u00e0 a gennaio 2026 con l\u2019obiettivo di dare continuit\u00e0 e ulteriore impulso alle azioni congiunte che riguardano <mark>le politiche sociali, le prestazioni sociosanitarie e la sanit\u00e0 territoriale.<\/mark> L\u2019accordo, che ha ricevuto il via libera nell\u2019ultima riunione di agosto dalla giunta regionale, \u00e8 il proseguimento di un <strong>percorso virtuoso gi\u00e0 avviato<\/strong> e che ha permesso di sviluppare azioni strategiche con risultati di cui hanno beneficiato i territori.<\/p>\n<p><em>\u201cFare squadra \u00e8 importante, perch\u00e9 insieme \u00e8 pi\u00f9 semplice trovare soluzioni ad una realt\u00e0 e a problemi che sono complessi. In questo modo si possono mettere a fattore comune sinergie e compentenze diverse\u201d <\/em>ha sottolineato il <strong>presidente della Toscana, Eugenio Giani.<\/strong><\/p>\n<p><em>\u201cEsprimiamo grande soddisfazione per questo accord<\/em>o &#8211; ha aggiunto la presidente di Anci Toscana <em>Susanna Cenni<\/em> &#8211; <em>la collaborazione strutturata con la Regione \u00e8 la via maestra per costruire un <strong>welfare di prossimit\u00e0, equo e sostenibile,<\/strong> capace di non lasciare indietro nessuno e di valorizzare la straordinaria ricchezza del nostro terzo settore\u201d.<\/em><\/p>\n<h3>5 progetti al centro dell&#8217;intesa<\/h3>\n<p>Sono cinque i progetti al centro dell\u2019intesa: dall\u2019amministrazione condivisa all\u2019osservatorio dei fenomeni sociali, monitoraggio ed analisi di impatto del sistema integrato a sostegno delle reti territoriali per <strong>l&#8217;inclusione sociale<\/strong>, la popolazione migrante,<strong> l&#8217;area carcere e il contrasto alla povert\u00e0<\/strong> (oltre ad interventi per l\u2019inclusione delle persone sottoposte a provvedimenti penali), <strong>dall\u2019assistenza sanitaria sul territorio<\/strong> alla promozione della salute e dell\u2019inclusione sociale in carcere, dalla partecipazine delle amministrazioni locali al sistema sanitario, con particolare <strong>attenzione a disabilit\u00e0 e non autosufficienza<\/strong>, alla partecipazione attiva e strutturata della comunit\u00e0 locale, del terzo settore e del volontariato, facendo delle case della comunit\u00e0 luoghi di collaborazione e coprogettazione.<\/p>\n<p><em>\u201cLa cooperazione multilivello tra Regione e amministrazioni locali ha storicamente generato una governance condivisa e coordinata, di supporto allo sviluppo operativo dei sistemi integrati dei servizi territoriali per la salute<\/em> &#8211; ha commentato<strong> l\u2019assessore regionale al diritto alla salute Simone Bezzini<\/strong> &#8211; <em>questa collaborazione si rivela ancora pi\u00f9 essenziale nell\u2019affrontare le complessit\u00e0 attuali e future nella sfida di riorganizzare l\u2019assistenza territoriale per garantire una migliore qualit\u00e0 di vita ai cittadini con un approccio pi\u00f9 vicino alle comunit\u00e0 locali e ai bisogni delle persone<\/em>\u201d.<\/p>\n<p><em>\u201cL\u2019accordo evidenzia la centralit\u00e0 del ruolo e della collaborazione con i Comuni e con gli ambiti territoriali, in cui le politiche di programmazione regionali si incrociano con le competenze dirette degli enti locali, in ambito sociale e sanitario &#8211; <\/em>ha sottolineato<strong> l\u2019assessora alle politiche sociali della Toscana, Serena Spinelli<\/strong> &#8211; <em>i Comuni sono gli enti pi\u00f9 vicini ai bisogni delle comunit\u00e0 e la collaborazione rafforzata tra Regione e Anci Toscana, preziosa anche per l&#8217;attivit\u00e0 dell&#8217;osservatorio sociale regionale, rappresenta un elemento chiave per attuare un\u2019agenda complessa e per proseguire verso un modello di welfare di comunit\u00e0, che metta al centro i bisogni di cura, di protezione sociale, i diritti di tutti e tutte\u201d.<\/em><\/p>\n<p>&nbsp;<\/p>\n","protected":false},"excerpt":{"rendered":"<p>L&#8217;intesa biennale partir\u00e0 a gennaio 2026 e riguarder\u00e0 le politiche sociali, le prestazioni sociosanitarie e la sanit\u00e0 territoriale<\/p>\n","protected":false},"author":525,"featured_media":273131,"comment_status":"open","ping_status":"open","sticky":false,"template":"","format":"standard","meta":{"_acf_changed":false,"footnotes":""},"categories":[494],"tags":[255,151,5394],"class_list":["post-396156","post","type-post","status-publish","format-standard","has-post-thumbnail","hentry","category-attualita","tag-anci","tag-regione-toscana","tag-welfare"],"acf":[],"yoast_head":"<!-- This site is optimized with the Yoast SEO Premium plugin v24.2 (Yoast SEO v25.6) - https:\/\/yoast.com\/wordpress\/plugins\/seo\/ -->\n<title>Welfare: nuovo accordo Regione-Anci per un sistema pi\u00f9 vicino ai cittadini - intoscana<\/title>\n<meta name=\"robots\" content=\"index, follow, max-snippet:-1, max-image-preview:large, max-video-preview:-1\" \/>\n<link rel=\"canonical\" href=\"https:\/\/www.intoscana.it\/it\/welfare-nuovo-accordo-regione-anci-per-un-sistema-piu-vicino-ai-cittadini\/\" \/>\n<meta property=\"og:locale\" content=\"it_IT\" \/>\n<meta property=\"og:type\" content=\"article\" \/>\n<meta property=\"og:title\" content=\"Welfare: nuovo accordo Regione-Anci per un sistema pi\u00f9 vicino ai cittadini\" \/>\n<meta property=\"og:description\" content=\"L&#039;intesa biennale partir\u00e0 a gennaio 2026 e riguarder\u00e0 le politiche sociali, le prestazioni sociosanitarie e la sanit\u00e0 territoriale\" \/>\n<meta property=\"og:url\" content=\"https:\/\/www.intoscana.it\/it\/welfare-nuovo-accordo-regione-anci-per-un-sistema-piu-vicino-ai-cittadini\/\" \/>\n<meta property=\"og:site_name\" content=\"intoscana\" \/>\n<meta property=\"article:publisher\" content=\"https:\/\/www.facebook.com\/intoscana.it\" \/>\n<meta property=\"article:published_time\" content=\"2025-08-19T14:18:59+00:00\" \/>\n<meta property=\"article:modified_time\" content=\"2025-08-19T14:19:24+00:00\" \/>\n<meta property=\"og:image\" content=\"https:\/\/www.intoscana.it\/wp-content\/uploads\/AdobeStock_414592390-scaled.jpeg\" \/>\n\t<meta property=\"og:image:width\" content=\"2048\" \/>\n\t<meta property=\"og:image:height\" content=\"1364\" \/>\n\t<meta property=\"og:image:type\" content=\"image\/jpeg\" \/>\n<meta name=\"author\" content=\"Redazione\" \/>\n<meta name=\"twitter:card\" content=\"summary_large_image\" \/>\n<meta name=\"twitter:creator\" content=\"@intoscana\" \/>\n<meta name=\"twitter:site\" content=\"@intoscana\" \/>\n<meta name=\"twitter:label1\" content=\"Written by\" \/>\n\t<meta name=\"twitter:data1\" content=\"Redazione\" \/>\n\t<meta name=\"twitter:label2\" content=\"Est. reading time\" \/>\n\t<meta name=\"twitter:data2\" content=\"3 minuti\" \/>\n<script type=\"application\/ld+json\" class=\"yoast-schema-graph\">{\"@context\":\"https:\/\/schema.org\",\"@graph\":[{\"@type\":\"WebPage\",\"@id\":\"https:\/\/www.intoscana.it\/it\/welfare-nuovo-accordo-regione-anci-per-un-sistema-piu-vicino-ai-cittadini\/\",\"url\":\"https:\/\/www.intoscana.it\/it\/welfare-nuovo-accordo-regione-anci-per-un-sistema-piu-vicino-ai-cittadini\/\",\"name\":\"Welfare: nuovo accordo Regione-Anci per un sistema pi\u00f9 vicino ai cittadini - intoscana\",\"isPartOf\":{\"@id\":\"https:\/\/www.intoscana.it\/it\/#website\"},\"primaryImageOfPage\":{\"@id\":\"https:\/\/www.intoscana.it\/it\/welfare-nuovo-accordo-regione-anci-per-un-sistema-piu-vicino-ai-cittadini\/#primaryimage\"},\"image\":{\"@id\":\"https:\/\/www.intoscana.it\/it\/welfare-nuovo-accordo-regione-anci-per-un-sistema-piu-vicino-ai-cittadini\/#primaryimage\"},\"thumbnailUrl\":\"https:\/\/www.intoscana.it\/wp-content\/uploads\/AdobeStock_414592390-scaled.jpeg\",\"datePublished\":\"2025-08-19T14:18:59+00:00\",\"dateModified\":\"2025-08-19T14:19:24+00:00\",\"author\":{\"@id\":\"https:\/\/www.intoscana.it\/it\/#\/schema\/person\/9223810753230f20bd670fdd322661f8\"},\"breadcrumb\":{\"@id\":\"https:\/\/www.intoscana.it\/it\/welfare-nuovo-accordo-regione-anci-per-un-sistema-piu-vicino-ai-cittadini\/#breadcrumb\"},\"inLanguage\":\"it-IT\",\"potentialAction\":[{\"@type\":\"ReadAction\",\"target\":[\"https:\/\/www.intoscana.it\/it\/welfare-nuovo-accordo-regione-anci-per-un-sistema-piu-vicino-ai-cittadini\/\"]}]},{\"@type\":\"ImageObject\",\"inLanguage\":\"it-IT\",\"@id\":\"https:\/\/www.intoscana.it\/it\/welfare-nuovo-accordo-regione-anci-per-un-sistema-piu-vicino-ai-cittadini\/#primaryimage\",\"url\":\"https:\/\/www.intoscana.it\/wp-content\/uploads\/AdobeStock_414592390-scaled.jpeg\",\"contentUrl\":\"https:\/\/www.intoscana.it\/wp-content\/uploads\/AdobeStock_414592390-scaled.jpeg\",\"width\":2048,\"height\":1364,\"caption\":\"Medico\"},{\"@type\":\"BreadcrumbList\",\"@id\":\"https:\/\/www.intoscana.it\/it\/welfare-nuovo-accordo-regione-anci-per-un-sistema-piu-vicino-ai-cittadini\/#breadcrumb\",\"itemListElement\":[{\"@type\":\"ListItem\",\"position\":1,\"name\":\"Home\",\"item\":\"https:\/\/www.intoscana.it\/it\/\"},{\"@type\":\"ListItem\",\"position\":2,\"name\":\"Welfare: nuovo accordo Regione-Anci per un sistema pi\u00f9 vicino ai cittadini\"}]},{\"@type\":\"WebSite\",\"@id\":\"https:\/\/www.intoscana.it\/it\/#website\",\"url\":\"https:\/\/www.intoscana.it\/it\/\",\"name\":\"intoscana\",\"description\":\"\",\"potentialAction\":[{\"@type\":\"SearchAction\",\"target\":{\"@type\":\"EntryPoint\",\"urlTemplate\":\"https:\/\/www.intoscana.it\/it\/?s={search_term_string}\"},\"query-input\":{\"@type\":\"PropertyValueSpecification\",\"valueRequired\":true,\"valueName\":\"search_term_string\"}}],\"inLanguage\":\"it-IT\"},{\"@type\":\"Person\",\"@id\":\"https:\/\/www.intoscana.it\/it\/#\/schema\/person\/9223810753230f20bd670fdd322661f8\",\"name\":\"Redazione\",\"url\":\"https:\/\/www.intoscana.it\/it\/author\/redazione\/\"}]}<\/script>\n<!-- \/ Yoast SEO Premium plugin. -->","yoast_head_json":{"title":"Welfare: nuovo accordo Regione-Anci per un sistema pi\u00f9 vicino ai cittadini - intoscana","robots":{"index":"index","follow":"follow","max-snippet":"max-snippet:-1","max-image-preview":"max-image-preview:large","max-video-preview":"max-video-preview:-1"},"canonical":"https:\/\/www.intoscana.it\/it\/welfare-nuovo-accordo-regione-anci-per-un-sistema-piu-vicino-ai-cittadini\/","og_locale":"it_IT","og_type":"article","og_title":"Welfare: nuovo accordo Regione-Anci per un sistema pi\u00f9 vicino ai cittadini","og_description":"L'intesa biennale partir\u00e0 a gennaio 2026 e riguarder\u00e0 le politiche sociali, le prestazioni sociosanitarie e la sanit\u00e0 territoriale","og_url":"https:\/\/www.intoscana.it\/it\/welfare-nuovo-accordo-regione-anci-per-un-sistema-piu-vicino-ai-cittadini\/","og_site_name":"intoscana","article_publisher":"https:\/\/www.facebook.com\/intoscana.it","article_published_time":"2025-08-19T14:18:59+00:00","article_modified_time":"2025-08-19T14:19:24+00:00","og_image":[{"width":2048,"height":1364,"url":"https:\/\/www.intoscana.it\/wp-content\/uploads\/AdobeStock_414592390-scaled.jpeg","type":"image\/jpeg"}],"author":"Redazione","twitter_card":"summary_large_image","twitter_creator":"@intoscana","twitter_site":"@intoscana","twitter_misc":{"Written by":"Redazione","Est. reading time":"3 minuti"},"schema":{"@context":"https:\/\/schema.org","@graph":[{"@type":"WebPage","@id":"https:\/\/www.intoscana.it\/it\/welfare-nuovo-accordo-regione-anci-per-un-sistema-piu-vicino-ai-cittadini\/","url":"https:\/\/www.intoscana.it\/it\/welfare-nuovo-accordo-regione-anci-per-un-sistema-piu-vicino-ai-cittadini\/","name":"Welfare: nuovo accordo Regione-Anci per un sistema pi\u00f9 vicino ai cittadini - intoscana","isPartOf":{"@id":"https:\/\/www.intoscana.it\/it\/#website"},"primaryImageOfPage":{"@id":"https:\/\/www.intoscana.it\/it\/welfare-nuovo-accordo-regione-anci-per-un-sistema-piu-vicino-ai-cittadini\/#primaryimage"},"image":{"@id":"https:\/\/www.intoscana.it\/it\/welfare-nuovo-accordo-regione-anci-per-un-sistema-piu-vicino-ai-cittadini\/#primaryimage"},"thumbnailUrl":"https:\/\/www.intoscana.it\/wp-content\/uploads\/AdobeStock_414592390-scaled.jpeg","datePublished":"2025-08-19T14:18:59+00:00","dateModified":"2025-08-19T14:19:24+00:00","author":{"@id":"https:\/\/www.intoscana.it\/it\/#\/schema\/person\/9223810753230f20bd670fdd322661f8"},"breadcrumb":{"@id":"https:\/\/www.intoscana.it\/it\/welfare-nuovo-accordo-regione-anci-per-un-sistema-piu-vicino-ai-cittadini\/#breadcrumb"},"inLanguage":"it-IT","potentialAction":[{"@type":"ReadAction","target":["https:\/\/www.intoscana.it\/it\/welfare-nuovo-accordo-regione-anci-per-un-sistema-piu-vicino-ai-cittadini\/"]}]},{"@type":"ImageObject","inLanguage":"it-IT","@id":"https:\/\/www.intoscana.it\/it\/welfare-nuovo-accordo-regione-anci-per-un-sistema-piu-vicino-ai-cittadini\/#primaryimage","url":"https:\/\/www.intoscana.it\/wp-content\/uploads\/AdobeStock_414592390-scaled.jpeg","contentUrl":"https:\/\/www.intoscana.it\/wp-content\/uploads\/AdobeStock_414592390-scaled.jpeg","width":2048,"height":1364,"caption":"Medico"},{"@type":"BreadcrumbList","@id":"https:\/\/www.intoscana.it\/it\/welfare-nuovo-accordo-regione-anci-per-un-sistema-piu-vicino-ai-cittadini\/#breadcrumb","itemListElement":[{"@type":"ListItem","position":1,"name":"Home","item":"https:\/\/www.intoscana.it\/it\/"},{"@type":"ListItem","position":2,"name":"Welfare: nuovo accordo Regione-Anci per un sistema pi\u00f9 vicino ai cittadini"}]},{"@type":"WebSite","@id":"https:\/\/www.intoscana.it\/it\/#website","url":"https:\/\/www.intoscana.it\/it\/","name":"intoscana","description":"","potentialAction":[{"@type":"SearchAction","target":{"@type":"EntryPoint","urlTemplate":"https:\/\/www.intoscana.it\/it\/?s={search_term_string}"},"query-input":{"@type":"PropertyValueSpecification","valueRequired":true,"valueName":"search_term_string"}}],"inLanguage":"it-IT"},{"@type":"Person","@id":"https:\/\/www.intoscana.it\/it\/#\/schema\/person\/9223810753230f20bd670fdd322661f8","name":"Redazione","url":"https:\/\/www.intoscana.it\/it\/author\/redazione\/"}]}},"_links":{"self":[{"href":"https:\/\/www.intoscana.it\/it\/wp-json\/wp\/v2\/posts\/396156","targetHints":{"allow":["GET"]}}],"collection":[{"href":"https:\/\/www.intoscana.it\/it\/wp-json\/wp\/v2\/posts"}],"about":[{"href":"https:\/\/www.intoscana.it\/it\/wp-json\/wp\/v2\/types\/post"}],"author":[{"embeddable":true,"href":"https:\/\/www.intoscana.it\/it\/wp-json\/wp\/v2\/users\/525"}],"replies":[{"embeddable":true,"href":"https:\/\/www.intoscana.it\/it\/wp-json\/wp\/v2\/comments?post=396156"}],"version-history":[{"count":5,"href":"https:\/\/www.intoscana.it\/it\/wp-json\/wp\/v2\/posts\/396156\/revisions"}],"predecessor-version":[{"id":396161,"href":"https:\/\/www.intoscana.it\/it\/wp-json\/wp\/v2\/posts\/396156\/revisions\/396161"}],"wp:featuredmedia":[{"embeddable":true,"href":"https:\/\/www.intoscana.it\/it\/wp-json\/wp\/v2\/media\/273131"}],"wp:attachment":[{"href":"https:\/\/www.intoscana.it\/it\/wp-json\/wp\/v2\/media?parent=396156"}],"wp:term":[{"taxonomy":"category","embeddable":true,"href":"https:\/\/www.intoscana.it\/it\/wp-json\/wp\/v2\/categories?post=396156"},{"taxonomy":"post_tag","embeddable":true,"href":"https:\/\/www.intoscana.it\/it\/wp-json\/wp\/v2\/tags?post=396156"}],"curies":[{"name":"wp","href":"https:\/\/api.w.org\/{rel}","templated":true}]}}