{"id":396402,"date":"2025-08-21T14:15:30","date_gmt":"2025-08-21T12:15:30","guid":{"rendered":"https:\/\/www.intoscana.it\/it\/?p=396402"},"modified":"2025-08-21T14:16:00","modified_gmt":"2025-08-21T12:16:00","slug":"maltempo-una-nuova-allerta-gialla-sulla-toscana-centro-occidentale","status":"publish","type":"post","link":"https:\/\/www.intoscana.it\/it\/maltempo-una-nuova-allerta-gialla-sulla-toscana-centro-occidentale\/","title":{"rendered":"Maltempo: una nuova allerta gialla sulla Toscana centro-occidentale"},"content":{"rendered":"<p>Dopo il nubifragio che nella giornata di ieri ha colpito la Toscana, con <a href=\"https:\/\/www.intoscana.it\/it\/maltempo-nubifragi-allelba-e-in-versilia-caduti-109mila-fulmini-in-12-ore\/\" target=\"_blank\" rel=\"noopener\">allagamenti e disagi dalla Versilia al Grossetano<\/a>, \u00e8 ancora allerta meteo sul territorio regionale.<\/p>\n<h3>Codice giallo dalle 20 di oggi alle 8 di domani<\/h3>\n<p>La sala operativa della Protezione civile infatti ha emanato un&#8217;allerta in codice giallo per rischio idrogeologico e temporali forti, che sar\u00e0 valida dalle ore 20 di oggi, gioved\u00ec 21 agosto, fino alle ore 8 di domani venerd\u00ec 22 agosto. L&#8217;avviso vale per la <strong>Toscana centro-occidentale, la costa e l&#8217;Arcipelago.<\/strong><\/p>\n<p>Sono previsti rovesci o brevi temporali sparsi per oggi, peggioramento in serata con fenomeni pi\u00f9 diffusi specie sulla costa e settori occidentali.<\/p>\n<p>Ulteriori dettagli e consigli sui comportamenti da adottare, a seconda del rischio, si trovano all\u2019interno della sezione <a href=\"http:\/\/www.regione.toscana.it\/allertameteo\" target=\"_blank\" rel=\"noopener\">Allerta meteo<\/a> del sito della Regione Toscana.<\/p>\n","protected":false},"excerpt":{"rendered":"<p>L&#8217;allerta \u00e8 valida dalle ore 20 di stasera alle ore 8 del 22 agosto per rischio idrogeologico e temporali forti<\/p>\n","protected":false},"author":525,"featured_media":358794,"comment_status":"open","ping_status":"open","sticky":false,"template":"","format":"standard","meta":{"_acf_changed":false,"footnotes":""},"categories":[494],"tags":[4387,348],"class_list":["post-396402","post","type-post","status-publish","format-standard","has-post-thumbnail","hentry","category-attualita","tag-allerta-meteo","tag-maltempo"],"acf":[],"yoast_head":"<!-- This site is optimized with the Yoast SEO Premium plugin v24.2 (Yoast SEO v25.6) - https:\/\/yoast.com\/wordpress\/plugins\/seo\/ -->\n<title>Maltempo: una nuova allerta gialla sulla Toscana centro-occidentale - intoscana<\/title>\n<meta name=\"robots\" content=\"index, follow, max-snippet:-1, max-image-preview:large, max-video-preview:-1\" \/>\n<link rel=\"canonical\" href=\"https:\/\/www.intoscana.it\/it\/maltempo-una-nuova-allerta-gialla-sulla-toscana-centro-occidentale\/\" \/>\n<meta property=\"og:locale\" content=\"it_IT\" \/>\n<meta property=\"og:type\" content=\"article\" \/>\n<meta property=\"og:title\" content=\"Maltempo: una nuova allerta gialla sulla Toscana centro-occidentale\" \/>\n<meta property=\"og:description\" content=\"L&#039;allerta \u00e8 valida dalle ore 20 di stasera alle ore 8 del 22 agosto per rischio idrogeologico e temporali forti\" \/>\n<meta property=\"og:url\" content=\"https:\/\/www.intoscana.it\/it\/maltempo-una-nuova-allerta-gialla-sulla-toscana-centro-occidentale\/\" \/>\n<meta property=\"og:site_name\" content=\"intoscana\" \/>\n<meta property=\"article:publisher\" content=\"https:\/\/www.facebook.com\/intoscana.it\" \/>\n<meta property=\"article:published_time\" content=\"2025-08-21T12:15:30+00:00\" \/>\n<meta property=\"article:modified_time\" content=\"2025-08-21T12:16:00+00:00\" \/>\n<meta property=\"og:image\" content=\"https:\/\/www.intoscana.it\/wp-content\/uploads\/pioggia-e-temporali.jpg\" \/>\n\t<meta property=\"og:image:width\" content=\"1280\" \/>\n\t<meta property=\"og:image:height\" content=\"857\" \/>\n\t<meta property=\"og:image:type\" content=\"image\/jpeg\" \/>\n<meta name=\"author\" content=\"Redazione\" \/>\n<meta name=\"twitter:card\" content=\"summary_large_image\" \/>\n<meta name=\"twitter:creator\" content=\"@intoscana\" \/>\n<meta name=\"twitter:site\" content=\"@intoscana\" \/>\n<meta name=\"twitter:label1\" content=\"Written by\" \/>\n\t<meta name=\"twitter:data1\" content=\"Redazione\" \/>\n\t<meta name=\"twitter:label2\" content=\"Est. reading time\" \/>\n\t<meta name=\"twitter:data2\" content=\"1 minuto\" \/>\n<script type=\"application\/ld+json\" class=\"yoast-schema-graph\">{\"@context\":\"https:\/\/schema.org\",\"@graph\":[{\"@type\":\"WebPage\",\"@id\":\"https:\/\/www.intoscana.it\/it\/maltempo-una-nuova-allerta-gialla-sulla-toscana-centro-occidentale\/\",\"url\":\"https:\/\/www.intoscana.it\/it\/maltempo-una-nuova-allerta-gialla-sulla-toscana-centro-occidentale\/\",\"name\":\"Maltempo: una nuova allerta gialla sulla Toscana centro-occidentale - intoscana\",\"isPartOf\":{\"@id\":\"https:\/\/www.intoscana.it\/it\/#website\"},\"primaryImageOfPage\":{\"@id\":\"https:\/\/www.intoscana.it\/it\/maltempo-una-nuova-allerta-gialla-sulla-toscana-centro-occidentale\/#primaryimage\"},\"image\":{\"@id\":\"https:\/\/www.intoscana.it\/it\/maltempo-una-nuova-allerta-gialla-sulla-toscana-centro-occidentale\/#primaryimage\"},\"thumbnailUrl\":\"https:\/\/www.intoscana.it\/wp-content\/uploads\/pioggia-e-temporali.jpg\",\"datePublished\":\"2025-08-21T12:15:30+00:00\",\"dateModified\":\"2025-08-21T12:16:00+00:00\",\"author\":{\"@id\":\"https:\/\/www.intoscana.it\/it\/#\/schema\/person\/9223810753230f20bd670fdd322661f8\"},\"breadcrumb\":{\"@id\":\"https:\/\/www.intoscana.it\/it\/maltempo-una-nuova-allerta-gialla-sulla-toscana-centro-occidentale\/#breadcrumb\"},\"inLanguage\":\"it-IT\",\"potentialAction\":[{\"@type\":\"ReadAction\",\"target\":[\"https:\/\/www.intoscana.it\/it\/maltempo-una-nuova-allerta-gialla-sulla-toscana-centro-occidentale\/\"]}]},{\"@type\":\"ImageObject\",\"inLanguage\":\"it-IT\",\"@id\":\"https:\/\/www.intoscana.it\/it\/maltempo-una-nuova-allerta-gialla-sulla-toscana-centro-occidentale\/#primaryimage\",\"url\":\"https:\/\/www.intoscana.it\/wp-content\/uploads\/pioggia-e-temporali.jpg\",\"contentUrl\":\"https:\/\/www.intoscana.it\/wp-content\/uploads\/pioggia-e-temporali.jpg\",\"width\":1280,\"height\":857,\"caption\":\"Pioggia e temporali\"},{\"@type\":\"BreadcrumbList\",\"@id\":\"https:\/\/www.intoscana.it\/it\/maltempo-una-nuova-allerta-gialla-sulla-toscana-centro-occidentale\/#breadcrumb\",\"itemListElement\":[{\"@type\":\"ListItem\",\"position\":1,\"name\":\"Home\",\"item\":\"https:\/\/www.intoscana.it\/it\/\"},{\"@type\":\"ListItem\",\"position\":2,\"name\":\"Maltempo: una nuova allerta gialla sulla Toscana centro-occidentale\"}]},{\"@type\":\"WebSite\",\"@id\":\"https:\/\/www.intoscana.it\/it\/#website\",\"url\":\"https:\/\/www.intoscana.it\/it\/\",\"name\":\"intoscana\",\"description\":\"\",\"potentialAction\":[{\"@type\":\"SearchAction\",\"target\":{\"@type\":\"EntryPoint\",\"urlTemplate\":\"https:\/\/www.intoscana.it\/it\/?s={search_term_string}\"},\"query-input\":{\"@type\":\"PropertyValueSpecification\",\"valueRequired\":true,\"valueName\":\"search_term_string\"}}],\"inLanguage\":\"it-IT\"},{\"@type\":\"Person\",\"@id\":\"https:\/\/www.intoscana.it\/it\/#\/schema\/person\/9223810753230f20bd670fdd322661f8\",\"name\":\"Redazione\",\"url\":\"https:\/\/www.intoscana.it\/it\/author\/redazione\/\"}]}<\/script>\n<!-- \/ Yoast SEO Premium plugin. -->","yoast_head_json":{"title":"Maltempo: una nuova allerta gialla sulla Toscana centro-occidentale - intoscana","robots":{"index":"index","follow":"follow","max-snippet":"max-snippet:-1","max-image-preview":"max-image-preview:large","max-video-preview":"max-video-preview:-1"},"canonical":"https:\/\/www.intoscana.it\/it\/maltempo-una-nuova-allerta-gialla-sulla-toscana-centro-occidentale\/","og_locale":"it_IT","og_type":"article","og_title":"Maltempo: una nuova allerta gialla sulla Toscana centro-occidentale","og_description":"L'allerta \u00e8 valida dalle ore 20 di stasera alle ore 8 del 22 agosto per rischio idrogeologico e temporali forti","og_url":"https:\/\/www.intoscana.it\/it\/maltempo-una-nuova-allerta-gialla-sulla-toscana-centro-occidentale\/","og_site_name":"intoscana","article_publisher":"https:\/\/www.facebook.com\/intoscana.it","article_published_time":"2025-08-21T12:15:30+00:00","article_modified_time":"2025-08-21T12:16:00+00:00","og_image":[{"width":1280,"height":857,"url":"https:\/\/www.intoscana.it\/wp-content\/uploads\/pioggia-e-temporali.jpg","type":"image\/jpeg"}],"author":"Redazione","twitter_card":"summary_large_image","twitter_creator":"@intoscana","twitter_site":"@intoscana","twitter_misc":{"Written by":"Redazione","Est. reading time":"1 minuto"},"schema":{"@context":"https:\/\/schema.org","@graph":[{"@type":"WebPage","@id":"https:\/\/www.intoscana.it\/it\/maltempo-una-nuova-allerta-gialla-sulla-toscana-centro-occidentale\/","url":"https:\/\/www.intoscana.it\/it\/maltempo-una-nuova-allerta-gialla-sulla-toscana-centro-occidentale\/","name":"Maltempo: una nuova allerta gialla sulla Toscana centro-occidentale - intoscana","isPartOf":{"@id":"https:\/\/www.intoscana.it\/it\/#website"},"primaryImageOfPage":{"@id":"https:\/\/www.intoscana.it\/it\/maltempo-una-nuova-allerta-gialla-sulla-toscana-centro-occidentale\/#primaryimage"},"image":{"@id":"https:\/\/www.intoscana.it\/it\/maltempo-una-nuova-allerta-gialla-sulla-toscana-centro-occidentale\/#primaryimage"},"thumbnailUrl":"https:\/\/www.intoscana.it\/wp-content\/uploads\/pioggia-e-temporali.jpg","datePublished":"2025-08-21T12:15:30+00:00","dateModified":"2025-08-21T12:16:00+00:00","author":{"@id":"https:\/\/www.intoscana.it\/it\/#\/schema\/person\/9223810753230f20bd670fdd322661f8"},"breadcrumb":{"@id":"https:\/\/www.intoscana.it\/it\/maltempo-una-nuova-allerta-gialla-sulla-toscana-centro-occidentale\/#breadcrumb"},"inLanguage":"it-IT","potentialAction":[{"@type":"ReadAction","target":["https:\/\/www.intoscana.it\/it\/maltempo-una-nuova-allerta-gialla-sulla-toscana-centro-occidentale\/"]}]},{"@type":"ImageObject","inLanguage":"it-IT","@id":"https:\/\/www.intoscana.it\/it\/maltempo-una-nuova-allerta-gialla-sulla-toscana-centro-occidentale\/#primaryimage","url":"https:\/\/www.intoscana.it\/wp-content\/uploads\/pioggia-e-temporali.jpg","contentUrl":"https:\/\/www.intoscana.it\/wp-content\/uploads\/pioggia-e-temporali.jpg","width":1280,"height":857,"caption":"Pioggia e temporali"},{"@type":"BreadcrumbList","@id":"https:\/\/www.intoscana.it\/it\/maltempo-una-nuova-allerta-gialla-sulla-toscana-centro-occidentale\/#breadcrumb","itemListElement":[{"@type":"ListItem","position":1,"name":"Home","item":"https:\/\/www.intoscana.it\/it\/"},{"@type":"ListItem","position":2,"name":"Maltempo: una nuova allerta gialla sulla Toscana centro-occidentale"}]},{"@type":"WebSite","@id":"https:\/\/www.intoscana.it\/it\/#website","url":"https:\/\/www.intoscana.it\/it\/","name":"intoscana","description":"","potentialAction":[{"@type":"SearchAction","target":{"@type":"EntryPoint","urlTemplate":"https:\/\/www.intoscana.it\/it\/?s={search_term_string}"},"query-input":{"@type":"PropertyValueSpecification","valueRequired":true,"valueName":"search_term_string"}}],"inLanguage":"it-IT"},{"@type":"Person","@id":"https:\/\/www.intoscana.it\/it\/#\/schema\/person\/9223810753230f20bd670fdd322661f8","name":"Redazione","url":"https:\/\/www.intoscana.it\/it\/author\/redazione\/"}]}},"_links":{"self":[{"href":"https:\/\/www.intoscana.it\/it\/wp-json\/wp\/v2\/posts\/396402","targetHints":{"allow":["GET"]}}],"collection":[{"href":"https:\/\/www.intoscana.it\/it\/wp-json\/wp\/v2\/posts"}],"about":[{"href":"https:\/\/www.intoscana.it\/it\/wp-json\/wp\/v2\/types\/post"}],"author":[{"embeddable":true,"href":"https:\/\/www.intoscana.it\/it\/wp-json\/wp\/v2\/users\/525"}],"replies":[{"embeddable":true,"href":"https:\/\/www.intoscana.it\/it\/wp-json\/wp\/v2\/comments?post=396402"}],"version-history":[{"count":3,"href":"https:\/\/www.intoscana.it\/it\/wp-json\/wp\/v2\/posts\/396402\/revisions"}],"predecessor-version":[{"id":396405,"href":"https:\/\/www.intoscana.it\/it\/wp-json\/wp\/v2\/posts\/396402\/revisions\/396405"}],"wp:featuredmedia":[{"embeddable":true,"href":"https:\/\/www.intoscana.it\/it\/wp-json\/wp\/v2\/media\/358794"}],"wp:attachment":[{"href":"https:\/\/www.intoscana.it\/it\/wp-json\/wp\/v2\/media?parent=396402"}],"wp:term":[{"taxonomy":"category","embeddable":true,"href":"https:\/\/www.intoscana.it\/it\/wp-json\/wp\/v2\/categories?post=396402"},{"taxonomy":"post_tag","embeddable":true,"href":"https:\/\/www.intoscana.it\/it\/wp-json\/wp\/v2\/tags?post=396402"}],"curies":[{"name":"wp","href":"https:\/\/api.w.org\/{rel}","templated":true}]}}