{"id":396536,"date":"2025-08-22T12:28:05","date_gmt":"2025-08-22T10:28:05","guid":{"rendered":"https:\/\/www.intoscana.it\/it\/?p=396536"},"modified":"2025-08-22T12:30:50","modified_gmt":"2025-08-22T10:30:50","slug":"montepulciano-bravio-delle-botti-2025","status":"publish","type":"post","link":"https:\/\/www.intoscana.it\/it\/montepulciano-bravio-delle-botti-2025\/","title":{"rendered":"A Montepulciano torna il Brav\u00eco delle Botti: un&#8217;antica tradizione che si apre al mondo"},"content":{"rendered":"<div>\n<p dir=\"ltr\">Tutto pronto a Montepulciano per il <strong>51esimo Brav\u00eco delle Botti,<\/strong> la storica manifestazione che torna da venerd\u00ec 22 a domenica 31 agosto, con la giornata clou della corsa con le botti.<\/p>\n<p dir=\"ltr\">Il Brav\u00eco delle Botti quest&#8217;anno si apre al mondo:<strong> la manifestazione sar\u00e0 raccontata dalla CBS,<\/strong> una delle principali emittenti televisive statunitensi, grazie a un servizio che coprir\u00e0 tutta la settimana degli eventi e che andr\u00e0 in onda nel programma \u201cSunday Morning\u201d.<\/p>\n<h3 dir=\"ltr\">Lo spettacolo del Corteo dei Ceri<\/h3>\n<p dir=\"ltr\">Da non perdere lo <strong>spettacolo del Corteo dei Ceri,<\/strong> che si terr\u00e0 come da consueto nella serata di gioved\u00ec. Uno spettacolo originale, <strong>prodotto e realizzato dal Magistrato delle Contrade.<\/strong> Quest\u2019anno per\u00f2 la collaborazione e la partecipazione saranno ancora pi\u00f9 presenti in Piazza Grande: Brando Calib\u00e8, neo diciottenne del Gruppo Sbandieratori e Tamburini, ha infatti composto e arrangiato le musiche dello spettacolo insieme a <strong>Paul Max Edlin,<\/strong> figura di spicco nel panorama musicale inglese e da poco residente a Montepulciano. Il tutto \u00e8 stato poi reso possibile grazie anche alla preziosa collaborazione con il Maestro Alessio Tiezzi e l\u2019Istituto di Musica H. W. Henze.<\/p>\n<p dir=\"ltr\"><em>\u201cIl Brav\u00eco nasce con l\u2019obiettivo di rafforzare il legame della nostra comunit\u00e0 e per far s\u00ec che ognuno potesse riconoscersi in un sentimento comune. Solo se i contradaioli per primi si ritrovano in ci\u00f2 che vivono, questa storia pu\u00f2 diventare anche un racconto da condividere oltre i nostri confini&#8221;<\/em> spiega <strong>Irene Bettollini, Reggitrice del Magistrato delle Contrade di Montepulciano.<\/strong><\/p>\n<p dir=\"ltr\"><em>\u201cIl Brav\u00eco \u00e8 una manifestazione storica che non ha bisogno di continue novit\u00e0 per stupire, ma vive di appuntamenti e spettacoli che, anno dopo anno, sono entrati nella tradizione e nella vita della nostra comunit\u00e0 e non solo<\/em> &#8211; sottolinea <strong>il sindaco Michele Angiolini<\/strong> &#8211; <em>voglio rilanciare il significato del manifesto di questa edizione che giustamente ricorda l&#8217;aspetto sociale del Brav\u00eco e rende omaggio al lavoro di chi corre, cucina, veste, suona e organizza. Trovo altrettanto significativo il tema scelto per il Panno, che ricorda<strong> gli 80 anni dalla Liberazione dell\u2019Italia dal nazifascismo<\/strong> e la marcia dei bambini raccontata da Iris Origo, un episodio che lega la nostra storia locale ai valori universali di umanit\u00e0 e solidariet\u00e0.\u201d<\/em><\/p>\n<figure id=\"post-236359 media-236359\" class=\"align-none\">\n<p><figure style=\"width: 2048px\" class=\"wp-caption alignnone\"><img loading=\"lazy\" decoding=\"async\" src=\"https:\/\/www.intoscana.it\/wp-content\/uploads\/2-7.jpeg\" alt=\"\" width=\"2048\" height=\"1365\" \/><figcaption class=\"wp-caption-text\">Bravio delle Botti a Montepulciano<\/figcaption><\/figure><\/figure>\n<h3 dir=\"ltr\">Il programma del Brav\u00eco delle Botti<\/h3>\n<p dir=\"ltr\">Ma la forza del Brav\u00eco \u00e8 anche il suo programma, che come ogni anno \u00e8 capace di accogliere richieste e desideri fondendoli nella tradizione. I dieci giorni di programma saranno anticipati da <strong><a href=\"https:\/\/www.intoscana.it\/it\/cantine-in-piazza-a-montepulciano-torna-la-festa-dedicata-al-nobile\/\" target=\"_blank\" rel=\"noopener\">Cantine in Piazza<\/a> venerd\u00ec 22 agosto,<\/strong> che lascer\u00e0 il posto, nella serata di sabato 23, al tradizione Proclama del Gonfaloniere, dove si terr\u00e0 lo<strong> spettacolo degli Sbandieratori e Tamburini<\/strong> e la performance della compagnia Kronos Acrobatic Theater. A partire da sabato anche l\u2019apertura delle taverne delle otto contrade al pubblico. Il primo weekend si conclude domenica 24 agosto, con<strong> la presentazione del Panno, dipinto da Manuela Petti,<\/strong> preceduta dalla premiazione del concors<strong>o \u201cA Tavola con il Nobile\u201d<\/strong> e la consegna del Grifo Poliziano. In serata, dalle 21, le prime prove degli spingitori lungo il percorso, che si ripeteranno nelle serate del 25, 26,27 e 29 agosto.<\/p>\n<p dir=\"ltr\"><strong>Domenica 31 agosto<\/strong>, le esibizioni dei quartetti delle otto contrade poliziane, il corteo storico e poi, finalmente, la corsa delle botti che si svolge lungo le vie principali del borgo, dove gli &#8220;spingitori&#8221; spingono la botte di circa 80 kg per 1.700 metri, fino all&#8217;arrivo in Piazza Grande, sul sagrato del Duomo.<\/p>\n<\/div>\n","protected":false},"excerpt":{"rendered":"<p>Dal 22 al 31 agosto torna la storica manifestazione che si conclude con la corsa con le botti: quest&#8217;anno sar\u00e0 raccontata dall&#8217;emittente statunitense CBS<\/p>\n","protected":false},"author":525,"featured_media":234135,"comment_status":"open","ping_status":"open","sticky":false,"template":"","format":"standard","meta":{"_acf_changed":false,"footnotes":""},"categories":[6],"tags":[4452,1999],"class_list":["post-396536","post","type-post","status-publish","format-standard","has-post-thumbnail","hentry","category-viaggi","tag-montepulciano","tag-tradizioni"],"acf":[],"yoast_head":"<!-- This site is optimized with the Yoast SEO Premium plugin v24.2 (Yoast SEO v25.6) - https:\/\/yoast.com\/wordpress\/plugins\/seo\/ -->\n<title>A Montepulciano torna il Brav\u00eco delle Botti: un&#039;antica tradizione che si apre al mondo - intoscana<\/title>\n<meta name=\"robots\" content=\"index, follow, max-snippet:-1, max-image-preview:large, max-video-preview:-1\" \/>\n<link rel=\"canonical\" href=\"https:\/\/www.intoscana.it\/it\/montepulciano-bravio-delle-botti-2025\/\" \/>\n<meta property=\"og:locale\" content=\"it_IT\" \/>\n<meta property=\"og:type\" content=\"article\" \/>\n<meta property=\"og:title\" content=\"A Montepulciano torna il Brav\u00eco delle Botti: un&#039;antica tradizione che si apre al mondo\" \/>\n<meta property=\"og:description\" content=\"Dal 22 al 31 agosto torna la storica manifestazione che si conclude con la corsa con le botti: quest&#039;anno sar\u00e0 raccontata dall&#039;emittente statunitense CBS\" \/>\n<meta property=\"og:url\" content=\"https:\/\/www.intoscana.it\/it\/montepulciano-bravio-delle-botti-2025\/\" \/>\n<meta property=\"og:site_name\" content=\"intoscana\" \/>\n<meta property=\"article:publisher\" content=\"https:\/\/www.facebook.com\/intoscana.it\" \/>\n<meta property=\"article:published_time\" content=\"2025-08-22T10:28:05+00:00\" \/>\n<meta property=\"article:modified_time\" content=\"2025-08-22T10:30:50+00:00\" \/>\n<meta property=\"og:image\" content=\"https:\/\/www.intoscana.it\/wp-content\/uploads\/5cb9e1f79e849_bravio-delle-botti-di-montepulciano.jpg\" \/>\n\t<meta property=\"og:image:width\" content=\"2000\" \/>\n\t<meta property=\"og:image:height\" content=\"1333\" \/>\n\t<meta property=\"og:image:type\" content=\"image\/jpeg\" \/>\n<meta name=\"author\" content=\"Redazione\" \/>\n<meta name=\"twitter:card\" content=\"summary_large_image\" \/>\n<meta name=\"twitter:creator\" content=\"@intoscana\" \/>\n<meta name=\"twitter:site\" content=\"@intoscana\" \/>\n<meta name=\"twitter:label1\" content=\"Written by\" \/>\n\t<meta name=\"twitter:data1\" content=\"Redazione\" \/>\n\t<meta name=\"twitter:label2\" content=\"Est. reading time\" \/>\n\t<meta name=\"twitter:data2\" content=\"4 minuti\" \/>\n<script type=\"application\/ld+json\" class=\"yoast-schema-graph\">{\"@context\":\"https:\/\/schema.org\",\"@graph\":[{\"@type\":\"WebPage\",\"@id\":\"https:\/\/www.intoscana.it\/it\/montepulciano-bravio-delle-botti-2025\/\",\"url\":\"https:\/\/www.intoscana.it\/it\/montepulciano-bravio-delle-botti-2025\/\",\"name\":\"A Montepulciano torna il Brav\u00eco delle Botti: un'antica tradizione che si apre al mondo - intoscana\",\"isPartOf\":{\"@id\":\"https:\/\/www.intoscana.it\/it\/#website\"},\"primaryImageOfPage\":{\"@id\":\"https:\/\/www.intoscana.it\/it\/montepulciano-bravio-delle-botti-2025\/#primaryimage\"},\"image\":{\"@id\":\"https:\/\/www.intoscana.it\/it\/montepulciano-bravio-delle-botti-2025\/#primaryimage\"},\"thumbnailUrl\":\"https:\/\/www.intoscana.it\/wp-content\/uploads\/5cb9e1f79e849_bravio-delle-botti-di-montepulciano.jpg\",\"datePublished\":\"2025-08-22T10:28:05+00:00\",\"dateModified\":\"2025-08-22T10:30:50+00:00\",\"author\":{\"@id\":\"https:\/\/www.intoscana.it\/it\/#\/schema\/person\/9223810753230f20bd670fdd322661f8\"},\"breadcrumb\":{\"@id\":\"https:\/\/www.intoscana.it\/it\/montepulciano-bravio-delle-botti-2025\/#breadcrumb\"},\"inLanguage\":\"it-IT\",\"potentialAction\":[{\"@type\":\"ReadAction\",\"target\":[\"https:\/\/www.intoscana.it\/it\/montepulciano-bravio-delle-botti-2025\/\"]}]},{\"@type\":\"ImageObject\",\"inLanguage\":\"it-IT\",\"@id\":\"https:\/\/www.intoscana.it\/it\/montepulciano-bravio-delle-botti-2025\/#primaryimage\",\"url\":\"https:\/\/www.intoscana.it\/wp-content\/uploads\/5cb9e1f79e849_bravio-delle-botti-di-montepulciano.jpg\",\"contentUrl\":\"https:\/\/www.intoscana.it\/wp-content\/uploads\/5cb9e1f79e849_bravio-delle-botti-di-montepulciano.jpg\",\"width\":2000,\"height\":1333,\"caption\":\"Bravio delle Botti a Montepulciano\"},{\"@type\":\"BreadcrumbList\",\"@id\":\"https:\/\/www.intoscana.it\/it\/montepulciano-bravio-delle-botti-2025\/#breadcrumb\",\"itemListElement\":[{\"@type\":\"ListItem\",\"position\":1,\"name\":\"Home\",\"item\":\"https:\/\/www.intoscana.it\/it\/\"},{\"@type\":\"ListItem\",\"position\":2,\"name\":\"A Montepulciano torna il Brav\u00eco delle Botti: un&#8217;antica tradizione che si apre al mondo\"}]},{\"@type\":\"WebSite\",\"@id\":\"https:\/\/www.intoscana.it\/it\/#website\",\"url\":\"https:\/\/www.intoscana.it\/it\/\",\"name\":\"intoscana\",\"description\":\"\",\"potentialAction\":[{\"@type\":\"SearchAction\",\"target\":{\"@type\":\"EntryPoint\",\"urlTemplate\":\"https:\/\/www.intoscana.it\/it\/?s={search_term_string}\"},\"query-input\":{\"@type\":\"PropertyValueSpecification\",\"valueRequired\":true,\"valueName\":\"search_term_string\"}}],\"inLanguage\":\"it-IT\"},{\"@type\":\"Person\",\"@id\":\"https:\/\/www.intoscana.it\/it\/#\/schema\/person\/9223810753230f20bd670fdd322661f8\",\"name\":\"Redazione\",\"url\":\"https:\/\/www.intoscana.it\/it\/author\/redazione\/\"}]}<\/script>\n<!-- \/ Yoast SEO Premium plugin. -->","yoast_head_json":{"title":"A Montepulciano torna il Brav\u00eco delle Botti: un'antica tradizione che si apre al mondo - intoscana","robots":{"index":"index","follow":"follow","max-snippet":"max-snippet:-1","max-image-preview":"max-image-preview:large","max-video-preview":"max-video-preview:-1"},"canonical":"https:\/\/www.intoscana.it\/it\/montepulciano-bravio-delle-botti-2025\/","og_locale":"it_IT","og_type":"article","og_title":"A Montepulciano torna il Brav\u00eco delle Botti: un'antica tradizione che si apre al mondo","og_description":"Dal 22 al 31 agosto torna la storica manifestazione che si conclude con la corsa con le botti: quest'anno sar\u00e0 raccontata dall'emittente statunitense CBS","og_url":"https:\/\/www.intoscana.it\/it\/montepulciano-bravio-delle-botti-2025\/","og_site_name":"intoscana","article_publisher":"https:\/\/www.facebook.com\/intoscana.it","article_published_time":"2025-08-22T10:28:05+00:00","article_modified_time":"2025-08-22T10:30:50+00:00","og_image":[{"width":2000,"height":1333,"url":"https:\/\/www.intoscana.it\/wp-content\/uploads\/5cb9e1f79e849_bravio-delle-botti-di-montepulciano.jpg","type":"image\/jpeg"}],"author":"Redazione","twitter_card":"summary_large_image","twitter_creator":"@intoscana","twitter_site":"@intoscana","twitter_misc":{"Written by":"Redazione","Est. reading time":"4 minuti"},"schema":{"@context":"https:\/\/schema.org","@graph":[{"@type":"WebPage","@id":"https:\/\/www.intoscana.it\/it\/montepulciano-bravio-delle-botti-2025\/","url":"https:\/\/www.intoscana.it\/it\/montepulciano-bravio-delle-botti-2025\/","name":"A Montepulciano torna il Brav\u00eco delle Botti: un'antica tradizione che si apre al mondo - intoscana","isPartOf":{"@id":"https:\/\/www.intoscana.it\/it\/#website"},"primaryImageOfPage":{"@id":"https:\/\/www.intoscana.it\/it\/montepulciano-bravio-delle-botti-2025\/#primaryimage"},"image":{"@id":"https:\/\/www.intoscana.it\/it\/montepulciano-bravio-delle-botti-2025\/#primaryimage"},"thumbnailUrl":"https:\/\/www.intoscana.it\/wp-content\/uploads\/5cb9e1f79e849_bravio-delle-botti-di-montepulciano.jpg","datePublished":"2025-08-22T10:28:05+00:00","dateModified":"2025-08-22T10:30:50+00:00","author":{"@id":"https:\/\/www.intoscana.it\/it\/#\/schema\/person\/9223810753230f20bd670fdd322661f8"},"breadcrumb":{"@id":"https:\/\/www.intoscana.it\/it\/montepulciano-bravio-delle-botti-2025\/#breadcrumb"},"inLanguage":"it-IT","potentialAction":[{"@type":"ReadAction","target":["https:\/\/www.intoscana.it\/it\/montepulciano-bravio-delle-botti-2025\/"]}]},{"@type":"ImageObject","inLanguage":"it-IT","@id":"https:\/\/www.intoscana.it\/it\/montepulciano-bravio-delle-botti-2025\/#primaryimage","url":"https:\/\/www.intoscana.it\/wp-content\/uploads\/5cb9e1f79e849_bravio-delle-botti-di-montepulciano.jpg","contentUrl":"https:\/\/www.intoscana.it\/wp-content\/uploads\/5cb9e1f79e849_bravio-delle-botti-di-montepulciano.jpg","width":2000,"height":1333,"caption":"Bravio delle Botti a Montepulciano"},{"@type":"BreadcrumbList","@id":"https:\/\/www.intoscana.it\/it\/montepulciano-bravio-delle-botti-2025\/#breadcrumb","itemListElement":[{"@type":"ListItem","position":1,"name":"Home","item":"https:\/\/www.intoscana.it\/it\/"},{"@type":"ListItem","position":2,"name":"A Montepulciano torna il Brav\u00eco delle Botti: un&#8217;antica tradizione che si apre al mondo"}]},{"@type":"WebSite","@id":"https:\/\/www.intoscana.it\/it\/#website","url":"https:\/\/www.intoscana.it\/it\/","name":"intoscana","description":"","potentialAction":[{"@type":"SearchAction","target":{"@type":"EntryPoint","urlTemplate":"https:\/\/www.intoscana.it\/it\/?s={search_term_string}"},"query-input":{"@type":"PropertyValueSpecification","valueRequired":true,"valueName":"search_term_string"}}],"inLanguage":"it-IT"},{"@type":"Person","@id":"https:\/\/www.intoscana.it\/it\/#\/schema\/person\/9223810753230f20bd670fdd322661f8","name":"Redazione","url":"https:\/\/www.intoscana.it\/it\/author\/redazione\/"}]}},"_links":{"self":[{"href":"https:\/\/www.intoscana.it\/it\/wp-json\/wp\/v2\/posts\/396536","targetHints":{"allow":["GET"]}}],"collection":[{"href":"https:\/\/www.intoscana.it\/it\/wp-json\/wp\/v2\/posts"}],"about":[{"href":"https:\/\/www.intoscana.it\/it\/wp-json\/wp\/v2\/types\/post"}],"author":[{"embeddable":true,"href":"https:\/\/www.intoscana.it\/it\/wp-json\/wp\/v2\/users\/525"}],"replies":[{"embeddable":true,"href":"https:\/\/www.intoscana.it\/it\/wp-json\/wp\/v2\/comments?post=396536"}],"version-history":[{"count":5,"href":"https:\/\/www.intoscana.it\/it\/wp-json\/wp\/v2\/posts\/396536\/revisions"}],"predecessor-version":[{"id":396550,"href":"https:\/\/www.intoscana.it\/it\/wp-json\/wp\/v2\/posts\/396536\/revisions\/396550"}],"wp:featuredmedia":[{"embeddable":true,"href":"https:\/\/www.intoscana.it\/it\/wp-json\/wp\/v2\/media\/234135"}],"wp:attachment":[{"href":"https:\/\/www.intoscana.it\/it\/wp-json\/wp\/v2\/media?parent=396536"}],"wp:term":[{"taxonomy":"category","embeddable":true,"href":"https:\/\/www.intoscana.it\/it\/wp-json\/wp\/v2\/categories?post=396536"},{"taxonomy":"post_tag","embeddable":true,"href":"https:\/\/www.intoscana.it\/it\/wp-json\/wp\/v2\/tags?post=396536"}],"curies":[{"name":"wp","href":"https:\/\/api.w.org\/{rel}","templated":true}]}}