{"id":396671,"date":"2025-08-23T12:18:07","date_gmt":"2025-08-23T10:18:07","guid":{"rendered":"https:\/\/www.intoscana.it\/it\/?p=396671"},"modified":"2025-08-23T12:18:07","modified_gmt":"2025-08-23T10:18:07","slug":"tramvia-firenze-rovezzano","status":"publish","type":"post","link":"https:\/\/www.intoscana.it\/it\/tramvia-firenze-rovezzano\/","title":{"rendered":"Tramvia: approvato il progetto definitivo della linea Firenze-Rovezzano"},"content":{"rendered":"<p>A Firenze un ulteriore passo in avanti verso il completamento del sistema tranviario. La giunta comunale ha approvato il progetto definitivo della<strong> linea 3.2.2 Libert\u00e0-Rovezzano,<\/strong> che si ricollega in piazza della Libert\u00e0 con la linea per Bagno a Ripoli <a href=\"https:\/\/www.intoscana.it\/it\/tramvia-il-7-luglio-al-via-la-terza-fase-dei-lavori-per-la-linea-verso-bagno-a-ripoli\/\" target=\"_blank\" rel=\"noopener\">in corso di realizzazione.<\/a><br \/>\nDopo la chiusura della conferenza dei servizi sul progetto definitivo, che ha visto la partecipazione di vari enti (tra gli altri Comune di Firenze, Citt\u00e0 Metropolitana, Regione, Ministero delle Infrastrutture, Soprintendenza e Rfi), il progetto \u00e8 stato revisionato sulla base di osservazioni e pareri fino ad arrivare all&#8217;approvazione in giunta. Il passo successivo \u00e8 la richiesta di offerta al <strong>concessionario Tram di Firenze<\/strong> per l&#8217;affidamento della progettazione esecutiva, della realizzazione e della successiva gestione.<\/p>\n<h3>6,1 km di linea, previsti 9 milioni di passeggeri all&#8217;anno<\/h3>\n<p><em>&#8220;La tramvia \u00e8 stato uno dei punti forti del nostro programma elettorale, adesso si concretizza un ulteriore tassello cruciale della linea per Campo di Marte e Rovezzano e del complessivo sistema. Stiamo parlando di un&#8217;infrastruttura strategica per unire la citt\u00e0, i vari quartieri e unire Firenze con i comuni della citt\u00e0 metropolitana&#8221;<\/em>\u00a0sottolinea la<strong> sindaca Sara Funaro.<\/strong> Previsti per questo tratto, aggiunge la sindaca, fino a <strong>9 milioni di passeggeri l&#8217;anno.<\/strong><\/p>\n<p><mark>La linea per Rovezzano, investimento di 360 milioni di euro tra fondi statali ed europei, \u00e8 lunga 6,1 chilometri per 15 fermate,<\/mark> previsto un tratto senza pali e catenaria di quasi 1,2 km tra piazza delle Cure e largo Gennarelli.\u00a0 Due le principali opere strutturali: il sottoattraversamento del cavalcavia delle Cure e il sovrappasso del Mensola all&#8217;altezza di via della Chimera.<\/p>\n<h3>Il percorso della linea per Rovezzano<\/h3>\n<p>Per quanto riguarda il percorso, da viale Don Minzoni i tram sottoattraversano la linea ferroviaria all&#8217;altezza di piazza delle Cure da dove imboccheranno <strong>viale dei Mille per arrivare allo stadio<\/strong>. La linea continua sui viali Fanti\/Malta\/Fanti, via Mamiani, viale Duse, via del Gignoro fino ad arrivare in via della Chimera e al capolinea Rovezzano, dove sar\u00e0 realizzato <strong>un nuovo parcheggio scambiatore<\/strong> con un ampliamento di quello esistente in corrispondenza della stazione ferroviaria (per circa 140 posti a cui si potranno aggiungere ulteriori 350 posti grazie al progetto di realizzazione dell&#8217;Hub intermodale di Rovezzano).<br \/>\nPrevista anche un&#8217;area sosta pi\u00f9 piccola (un&#8217;ottantina di posti auto e una quindicina per le moto) in adiacenza alla fermata Rondinella caratterizzato dall&#8217;inserimento di nuove alberature sia sui margini sia all&#8217;interno.<\/p>\n<p><em> &#8220;Un&#8217;altra parte della citt\u00e0 avr\u00e0 a disposizione un sistema trasporto moderno, efficiente e sostenibile. Senza dimenticare l&#8217;impatto sull&#8217;inquinamento, dal momento che quando la rete sar\u00e0 completa si stimano <strong>110 milioni di passeggeri all&#8217;anno<\/strong> e un taglio delle emissioni di Co2 di 32.700 tonnellate all&#8217;anno&#8221;<\/em> aggiunge\u00a0l&#8217;assessore alla mobilit\u00e0 Andrea Giorgio.<\/p>\n<p>Nella stessa seduta la giunta ha approvato anche l&#8217;anticipo dell&#8217;acquisto di <strong>tre tram della prevista flotta di 14 mezzi.<\/strong> Si tratta di mezzi ibridi, ovvero con alimentazione sia da catenaria sia da batteria, come i 16 gi\u00e0 ordinati per la linea Bagno a Ripoli-Libert\u00e0. Il costo, 12 milioni di euro, \u00e8 coperto da fondi europei e fondi statali.<\/p>\n","protected":false},"excerpt":{"rendered":"<p>Lunga 6,1 km per 15 fermate si ricollegher\u00e0 in piazza della Libert\u00e0 con la linea per Bagno a Ripoli in corso di realizzazione<\/p>\n","protected":false},"author":525,"featured_media":372257,"comment_status":"open","ping_status":"open","sticky":false,"template":"","format":"standard","meta":{"_acf_changed":false,"footnotes":""},"categories":[494],"tags":[202,1577,271],"class_list":["post-396671","post","type-post","status-publish","format-standard","has-post-thumbnail","hentry","category-attualita","tag-firenze","tag-muoversi-in-toscana","tag-tramvia"],"acf":[],"yoast_head":"<!-- This site is optimized with the Yoast SEO Premium plugin v24.2 (Yoast SEO v25.6) - https:\/\/yoast.com\/wordpress\/plugins\/seo\/ -->\n<title>Tramvia: approvato il progetto definitivo della linea Firenze-Rovezzano - intoscana<\/title>\n<meta name=\"robots\" content=\"index, follow, max-snippet:-1, max-image-preview:large, max-video-preview:-1\" \/>\n<link rel=\"canonical\" href=\"https:\/\/www.intoscana.it\/it\/tramvia-firenze-rovezzano\/\" \/>\n<meta property=\"og:locale\" content=\"it_IT\" \/>\n<meta property=\"og:type\" content=\"article\" \/>\n<meta property=\"og:title\" content=\"Tramvia: approvato il progetto definitivo della linea Firenze-Rovezzano\" \/>\n<meta property=\"og:description\" content=\"Lunga 6,1 km per 15 fermate si ricollegher\u00e0 in piazza della Libert\u00e0 con la linea per Bagno a Ripoli in corso di realizzazione\" \/>\n<meta property=\"og:url\" content=\"https:\/\/www.intoscana.it\/it\/tramvia-firenze-rovezzano\/\" \/>\n<meta property=\"og:site_name\" content=\"intoscana\" \/>\n<meta property=\"article:publisher\" content=\"https:\/\/www.facebook.com\/intoscana.it\" \/>\n<meta property=\"article:published_time\" content=\"2025-08-23T10:18:07+00:00\" \/>\n<meta property=\"og:image\" content=\"https:\/\/www.intoscana.it\/wp-content\/uploads\/tramvia-san-marco-t2-vacs-1.jpeg\" \/>\n\t<meta property=\"og:image:width\" content=\"1280\" \/>\n\t<meta property=\"og:image:height\" content=\"960\" \/>\n\t<meta property=\"og:image:type\" content=\"image\/jpeg\" \/>\n<meta name=\"author\" content=\"Redazione\" \/>\n<meta name=\"twitter:card\" content=\"summary_large_image\" \/>\n<meta name=\"twitter:creator\" content=\"@intoscana\" \/>\n<meta name=\"twitter:site\" content=\"@intoscana\" \/>\n<meta name=\"twitter:label1\" content=\"Written by\" \/>\n\t<meta name=\"twitter:data1\" content=\"Redazione\" \/>\n\t<meta name=\"twitter:label2\" content=\"Est. reading time\" \/>\n\t<meta name=\"twitter:data2\" content=\"3 minuti\" \/>\n<script type=\"application\/ld+json\" class=\"yoast-schema-graph\">{\"@context\":\"https:\/\/schema.org\",\"@graph\":[{\"@type\":\"WebPage\",\"@id\":\"https:\/\/www.intoscana.it\/it\/tramvia-firenze-rovezzano\/\",\"url\":\"https:\/\/www.intoscana.it\/it\/tramvia-firenze-rovezzano\/\",\"name\":\"Tramvia: approvato il progetto definitivo della linea Firenze-Rovezzano - intoscana\",\"isPartOf\":{\"@id\":\"https:\/\/www.intoscana.it\/it\/#website\"},\"primaryImageOfPage\":{\"@id\":\"https:\/\/www.intoscana.it\/it\/tramvia-firenze-rovezzano\/#primaryimage\"},\"image\":{\"@id\":\"https:\/\/www.intoscana.it\/it\/tramvia-firenze-rovezzano\/#primaryimage\"},\"thumbnailUrl\":\"https:\/\/www.intoscana.it\/wp-content\/uploads\/tramvia-san-marco-t2-vacs-1.jpeg\",\"datePublished\":\"2025-08-23T10:18:07+00:00\",\"author\":{\"@id\":\"https:\/\/www.intoscana.it\/it\/#\/schema\/person\/9223810753230f20bd670fdd322661f8\"},\"breadcrumb\":{\"@id\":\"https:\/\/www.intoscana.it\/it\/tramvia-firenze-rovezzano\/#breadcrumb\"},\"inLanguage\":\"it-IT\",\"potentialAction\":[{\"@type\":\"ReadAction\",\"target\":[\"https:\/\/www.intoscana.it\/it\/tramvia-firenze-rovezzano\/\"]}]},{\"@type\":\"ImageObject\",\"inLanguage\":\"it-IT\",\"@id\":\"https:\/\/www.intoscana.it\/it\/tramvia-firenze-rovezzano\/#primaryimage\",\"url\":\"https:\/\/www.intoscana.it\/wp-content\/uploads\/tramvia-san-marco-t2-vacs-1.jpeg\",\"contentUrl\":\"https:\/\/www.intoscana.it\/wp-content\/uploads\/tramvia-san-marco-t2-vacs-1.jpeg\",\"width\":1280,\"height\":960},{\"@type\":\"BreadcrumbList\",\"@id\":\"https:\/\/www.intoscana.it\/it\/tramvia-firenze-rovezzano\/#breadcrumb\",\"itemListElement\":[{\"@type\":\"ListItem\",\"position\":1,\"name\":\"Home\",\"item\":\"https:\/\/www.intoscana.it\/it\/\"},{\"@type\":\"ListItem\",\"position\":2,\"name\":\"Tramvia: approvato il progetto definitivo della linea Firenze-Rovezzano\"}]},{\"@type\":\"WebSite\",\"@id\":\"https:\/\/www.intoscana.it\/it\/#website\",\"url\":\"https:\/\/www.intoscana.it\/it\/\",\"name\":\"intoscana\",\"description\":\"\",\"potentialAction\":[{\"@type\":\"SearchAction\",\"target\":{\"@type\":\"EntryPoint\",\"urlTemplate\":\"https:\/\/www.intoscana.it\/it\/?s={search_term_string}\"},\"query-input\":{\"@type\":\"PropertyValueSpecification\",\"valueRequired\":true,\"valueName\":\"search_term_string\"}}],\"inLanguage\":\"it-IT\"},{\"@type\":\"Person\",\"@id\":\"https:\/\/www.intoscana.it\/it\/#\/schema\/person\/9223810753230f20bd670fdd322661f8\",\"name\":\"Redazione\",\"url\":\"https:\/\/www.intoscana.it\/it\/author\/redazione\/\"}]}<\/script>\n<!-- \/ Yoast SEO Premium plugin. -->","yoast_head_json":{"title":"Tramvia: approvato il progetto definitivo della linea Firenze-Rovezzano - intoscana","robots":{"index":"index","follow":"follow","max-snippet":"max-snippet:-1","max-image-preview":"max-image-preview:large","max-video-preview":"max-video-preview:-1"},"canonical":"https:\/\/www.intoscana.it\/it\/tramvia-firenze-rovezzano\/","og_locale":"it_IT","og_type":"article","og_title":"Tramvia: approvato il progetto definitivo della linea Firenze-Rovezzano","og_description":"Lunga 6,1 km per 15 fermate si ricollegher\u00e0 in piazza della Libert\u00e0 con la linea per Bagno a Ripoli in corso di realizzazione","og_url":"https:\/\/www.intoscana.it\/it\/tramvia-firenze-rovezzano\/","og_site_name":"intoscana","article_publisher":"https:\/\/www.facebook.com\/intoscana.it","article_published_time":"2025-08-23T10:18:07+00:00","og_image":[{"width":1280,"height":960,"url":"https:\/\/www.intoscana.it\/wp-content\/uploads\/tramvia-san-marco-t2-vacs-1.jpeg","type":"image\/jpeg"}],"author":"Redazione","twitter_card":"summary_large_image","twitter_creator":"@intoscana","twitter_site":"@intoscana","twitter_misc":{"Written by":"Redazione","Est. reading time":"3 minuti"},"schema":{"@context":"https:\/\/schema.org","@graph":[{"@type":"WebPage","@id":"https:\/\/www.intoscana.it\/it\/tramvia-firenze-rovezzano\/","url":"https:\/\/www.intoscana.it\/it\/tramvia-firenze-rovezzano\/","name":"Tramvia: approvato il progetto definitivo della linea Firenze-Rovezzano - intoscana","isPartOf":{"@id":"https:\/\/www.intoscana.it\/it\/#website"},"primaryImageOfPage":{"@id":"https:\/\/www.intoscana.it\/it\/tramvia-firenze-rovezzano\/#primaryimage"},"image":{"@id":"https:\/\/www.intoscana.it\/it\/tramvia-firenze-rovezzano\/#primaryimage"},"thumbnailUrl":"https:\/\/www.intoscana.it\/wp-content\/uploads\/tramvia-san-marco-t2-vacs-1.jpeg","datePublished":"2025-08-23T10:18:07+00:00","author":{"@id":"https:\/\/www.intoscana.it\/it\/#\/schema\/person\/9223810753230f20bd670fdd322661f8"},"breadcrumb":{"@id":"https:\/\/www.intoscana.it\/it\/tramvia-firenze-rovezzano\/#breadcrumb"},"inLanguage":"it-IT","potentialAction":[{"@type":"ReadAction","target":["https:\/\/www.intoscana.it\/it\/tramvia-firenze-rovezzano\/"]}]},{"@type":"ImageObject","inLanguage":"it-IT","@id":"https:\/\/www.intoscana.it\/it\/tramvia-firenze-rovezzano\/#primaryimage","url":"https:\/\/www.intoscana.it\/wp-content\/uploads\/tramvia-san-marco-t2-vacs-1.jpeg","contentUrl":"https:\/\/www.intoscana.it\/wp-content\/uploads\/tramvia-san-marco-t2-vacs-1.jpeg","width":1280,"height":960},{"@type":"BreadcrumbList","@id":"https:\/\/www.intoscana.it\/it\/tramvia-firenze-rovezzano\/#breadcrumb","itemListElement":[{"@type":"ListItem","position":1,"name":"Home","item":"https:\/\/www.intoscana.it\/it\/"},{"@type":"ListItem","position":2,"name":"Tramvia: approvato il progetto definitivo della linea Firenze-Rovezzano"}]},{"@type":"WebSite","@id":"https:\/\/www.intoscana.it\/it\/#website","url":"https:\/\/www.intoscana.it\/it\/","name":"intoscana","description":"","potentialAction":[{"@type":"SearchAction","target":{"@type":"EntryPoint","urlTemplate":"https:\/\/www.intoscana.it\/it\/?s={search_term_string}"},"query-input":{"@type":"PropertyValueSpecification","valueRequired":true,"valueName":"search_term_string"}}],"inLanguage":"it-IT"},{"@type":"Person","@id":"https:\/\/www.intoscana.it\/it\/#\/schema\/person\/9223810753230f20bd670fdd322661f8","name":"Redazione","url":"https:\/\/www.intoscana.it\/it\/author\/redazione\/"}]}},"_links":{"self":[{"href":"https:\/\/www.intoscana.it\/it\/wp-json\/wp\/v2\/posts\/396671","targetHints":{"allow":["GET"]}}],"collection":[{"href":"https:\/\/www.intoscana.it\/it\/wp-json\/wp\/v2\/posts"}],"about":[{"href":"https:\/\/www.intoscana.it\/it\/wp-json\/wp\/v2\/types\/post"}],"author":[{"embeddable":true,"href":"https:\/\/www.intoscana.it\/it\/wp-json\/wp\/v2\/users\/525"}],"replies":[{"embeddable":true,"href":"https:\/\/www.intoscana.it\/it\/wp-json\/wp\/v2\/comments?post=396671"}],"version-history":[{"count":5,"href":"https:\/\/www.intoscana.it\/it\/wp-json\/wp\/v2\/posts\/396671\/revisions"}],"predecessor-version":[{"id":396678,"href":"https:\/\/www.intoscana.it\/it\/wp-json\/wp\/v2\/posts\/396671\/revisions\/396678"}],"wp:featuredmedia":[{"embeddable":true,"href":"https:\/\/www.intoscana.it\/it\/wp-json\/wp\/v2\/media\/372257"}],"wp:attachment":[{"href":"https:\/\/www.intoscana.it\/it\/wp-json\/wp\/v2\/media?parent=396671"}],"wp:term":[{"taxonomy":"category","embeddable":true,"href":"https:\/\/www.intoscana.it\/it\/wp-json\/wp\/v2\/categories?post=396671"},{"taxonomy":"post_tag","embeddable":true,"href":"https:\/\/www.intoscana.it\/it\/wp-json\/wp\/v2\/tags?post=396671"}],"curies":[{"name":"wp","href":"https:\/\/api.w.org\/{rel}","templated":true}]}}