{"id":396921,"date":"2025-08-26T12:18:00","date_gmt":"2025-08-26T10:18:00","guid":{"rendered":"https:\/\/www.intoscana.it\/it\/?p=396921"},"modified":"2025-08-26T12:18:00","modified_gmt":"2025-08-26T10:18:00","slug":"immagina-festival-2025-a-lucca-tre-giorni-per-riscoprire-la-bellezza-dellinutile","status":"publish","type":"post","link":"https:\/\/www.intoscana.it\/it\/immagina-festival-2025-a-lucca-tre-giorni-per-riscoprire-la-bellezza-dellinutile\/","title":{"rendered":"Immagina Festival 2025: a Lucca tre giorni per riscoprire la bellezza dell\u2019inutile"},"content":{"rendered":"<p><strong>Dal 29 al 31 agosto<\/strong> torna a Lucca la sesta edizione di <strong>Immagina Festival, <\/strong>la rassegna internazionale dedicata all<strong>\u2019editoria visiva e alle arti illustrate,<\/strong> ispirata quest\u2019anno al pensiero del filosofo e storico della letteratura <strong>Nuccio Ordine<\/strong>\u00a0e al suo saggio<strong><em> &#8220;L\u2019utilit\u00e0 dell\u2019inutile&#8221;.<\/em><\/strong><\/p>\n<p>La mostra &#8211; spiegano gli organizzatori &#8211; \u00e8 un invito a riscoprire<strong> tutto ci\u00f2 che non produce profitto immediato, ma che rende la vita pi\u00f9 ricca di senso<\/strong>: <em>&#8220;L\u2019inutile non \u00e8 uno slogan, ma <strong>un invito a ritrovare senso e bellezza nelle cose che contano davvero&#8221;<\/strong>. <\/em><\/p>\n<p>Saranno proposti <strong>oltre 140 libri illustrati, fotografici, titoli rari e autoproduzioni<\/strong> di collettivi indipendenti provenienti da ogni parte del mondo. I partecipanti potranno visitarla liberamente o con visite guidate gratuite.<\/p>\n<p><strong>Ospite d\u2019onore<\/strong> e figura centrale della kermesse sar\u00e0 l<strong>\u2019illustratrice Noemi Vola,<\/strong> protagonista di un laboratorio formativo con<strong> Omar Cheikh,<\/strong> di una performance di live printing con il<strong> sound designer Alessio Vanni,<\/strong> e anche della presentazione del suo libro <strong><em>&#8220;Sei inutile ma non piangere&#8221;<\/em><\/strong>.<\/p>\n<p>Tra gli altri eventi ci sar\u00e0 anche la proiezione del docufilm<strong><em> &#8220;Grand Theft Hamlet&#8221;,<\/em><\/strong> girato direttamente dal videogioco GTA.<\/p>\n<p>Molti i laboratori interattivi dell\u2019<strong>associazione Ginkgo<\/strong> che daranno vita a <strong><em>&#8220;L\u2019ufficio degli oggetti smarriti&#8221; e &#8220;Roi de Coupe&#8221;,<\/em><\/strong> progetto editoriale dell\u2019artista <strong>Roberto Fassone,<\/strong> concepito con lo scopo di farci ritrovare cose importanti che abbiamo dimenticato, come l\u2019immaginazione e la bellezza.<\/p>\n<p>La <strong>Bibliobike della biblioteca Agor\u00e0<\/strong> si occuper\u00e0 di portare romanzi e saggi legati al tema dell\u2019inutile. Quest\u2019ultima \u00e8 l\u2019organizzatrice del Festival insieme a Associazione immagina ODV, gruppo di volontari appassionati a storie illustrate, supportati dal Comune di Lucca, Fondazione di cassa di risparmio di Lucca e il <strong>Consiglio regionale della Toscana.<\/strong><\/p>\n<figure id=\"post-396925 media-396925\" class=\"align-none\"><img decoding=\"async\" src=\"https:\/\/www.intoscana.it\/wp-content\/uploads\/Visite-guidate_02.jpg\" alt=\"\" \/><\/figure>\n<div class=\"titleimg\">Visite guidate<\/div>\n","protected":false},"excerpt":{"rendered":"<p>Dal 29 al 31 agosto l\u2019Ex Cavallerizza ospita la sesta edizione del festival delle storie illustrate: mostre, laboratori e performance ispirate al pensiero di Nuccio Ordine<\/p>\n","protected":false},"author":525,"featured_media":396933,"comment_status":"open","ping_status":"open","sticky":false,"template":"","format":"standard","meta":{"_acf_changed":false,"footnotes":""},"categories":[493],"tags":[4753,228,170],"class_list":["post-396921","post","type-post","status-publish","format-standard","has-post-thumbnail","hentry","category-cultura","tag-consiglio-regionale-della-toscana","tag-festival","tag-lucca"],"acf":[],"yoast_head":"<!-- This site is optimized with the Yoast SEO Premium plugin v24.2 (Yoast SEO v25.6) - https:\/\/yoast.com\/wordpress\/plugins\/seo\/ -->\n<title>Immagina Festival 2025: a Lucca tre giorni per riscoprire la bellezza dell\u2019inutile - intoscana<\/title>\n<meta name=\"description\" content=\"Dal 29 al 31 agosto l\u2019Ex Cavallerizza ospita la sesta edizione del festival delle storie illustrate ispirato al pensiero di Nuccio Ordine\" \/>\n<meta name=\"robots\" content=\"index, follow, max-snippet:-1, max-image-preview:large, max-video-preview:-1\" \/>\n<link rel=\"canonical\" href=\"https:\/\/www.intoscana.it\/it\/immagina-festival-2025-a-lucca-tre-giorni-per-riscoprire-la-bellezza-dellinutile\/\" \/>\n<meta property=\"og:locale\" content=\"it_IT\" \/>\n<meta property=\"og:type\" content=\"article\" \/>\n<meta property=\"og:title\" content=\"Immagina Festival 2025: a Lucca tre giorni per riscoprire la bellezza dell\u2019inutile\" \/>\n<meta property=\"og:description\" content=\"Dal 29 al 31 agosto l\u2019Ex Cavallerizza ospita la sesta edizione del festival delle storie illustrate ispirato al pensiero di Nuccio Ordine\" \/>\n<meta property=\"og:url\" content=\"https:\/\/www.intoscana.it\/it\/immagina-festival-2025-a-lucca-tre-giorni-per-riscoprire-la-bellezza-dellinutile\/\" \/>\n<meta property=\"og:site_name\" content=\"intoscana\" \/>\n<meta property=\"article:publisher\" content=\"https:\/\/www.facebook.com\/intoscana.it\" \/>\n<meta property=\"article:published_time\" content=\"2025-08-26T10:18:00+00:00\" \/>\n<meta property=\"og:image\" content=\"https:\/\/www.intoscana.it\/wp-content\/uploads\/IMMAGINA_07.jpeg\" \/>\n\t<meta property=\"og:image:width\" content=\"2048\" \/>\n\t<meta property=\"og:image:height\" content=\"1463\" \/>\n\t<meta property=\"og:image:type\" content=\"image\/jpeg\" \/>\n<meta name=\"author\" content=\"Redazione\" \/>\n<meta name=\"twitter:card\" content=\"summary_large_image\" \/>\n<meta name=\"twitter:creator\" content=\"@intoscana\" \/>\n<meta name=\"twitter:site\" content=\"@intoscana\" \/>\n<meta name=\"twitter:label1\" content=\"Written by\" \/>\n\t<meta name=\"twitter:data1\" content=\"Redazione\" \/>\n\t<meta name=\"twitter:label2\" content=\"Est. reading time\" \/>\n\t<meta name=\"twitter:data2\" content=\"2 minuti\" \/>\n<script type=\"application\/ld+json\" class=\"yoast-schema-graph\">{\"@context\":\"https:\/\/schema.org\",\"@graph\":[{\"@type\":\"WebPage\",\"@id\":\"https:\/\/www.intoscana.it\/it\/immagina-festival-2025-a-lucca-tre-giorni-per-riscoprire-la-bellezza-dellinutile\/\",\"url\":\"https:\/\/www.intoscana.it\/it\/immagina-festival-2025-a-lucca-tre-giorni-per-riscoprire-la-bellezza-dellinutile\/\",\"name\":\"Immagina Festival 2025: a Lucca tre giorni per riscoprire la bellezza dell\u2019inutile - intoscana\",\"isPartOf\":{\"@id\":\"https:\/\/www.intoscana.it\/it\/#website\"},\"primaryImageOfPage\":{\"@id\":\"https:\/\/www.intoscana.it\/it\/immagina-festival-2025-a-lucca-tre-giorni-per-riscoprire-la-bellezza-dellinutile\/#primaryimage\"},\"image\":{\"@id\":\"https:\/\/www.intoscana.it\/it\/immagina-festival-2025-a-lucca-tre-giorni-per-riscoprire-la-bellezza-dellinutile\/#primaryimage\"},\"thumbnailUrl\":\"https:\/\/www.intoscana.it\/wp-content\/uploads\/IMMAGINA_07.jpeg\",\"datePublished\":\"2025-08-26T10:18:00+00:00\",\"author\":{\"@id\":\"https:\/\/www.intoscana.it\/it\/#\/schema\/person\/9223810753230f20bd670fdd322661f8\"},\"description\":\"Dal 29 al 31 agosto l\u2019Ex Cavallerizza ospita la sesta edizione del festival delle storie illustrate ispirato al pensiero di Nuccio Ordine\",\"breadcrumb\":{\"@id\":\"https:\/\/www.intoscana.it\/it\/immagina-festival-2025-a-lucca-tre-giorni-per-riscoprire-la-bellezza-dellinutile\/#breadcrumb\"},\"inLanguage\":\"it-IT\",\"potentialAction\":[{\"@type\":\"ReadAction\",\"target\":[\"https:\/\/www.intoscana.it\/it\/immagina-festival-2025-a-lucca-tre-giorni-per-riscoprire-la-bellezza-dellinutile\/\"]}]},{\"@type\":\"ImageObject\",\"inLanguage\":\"it-IT\",\"@id\":\"https:\/\/www.intoscana.it\/it\/immagina-festival-2025-a-lucca-tre-giorni-per-riscoprire-la-bellezza-dellinutile\/#primaryimage\",\"url\":\"https:\/\/www.intoscana.it\/wp-content\/uploads\/IMMAGINA_07.jpeg\",\"contentUrl\":\"https:\/\/www.intoscana.it\/wp-content\/uploads\/IMMAGINA_07.jpeg\",\"width\":2048,\"height\":1463},{\"@type\":\"BreadcrumbList\",\"@id\":\"https:\/\/www.intoscana.it\/it\/immagina-festival-2025-a-lucca-tre-giorni-per-riscoprire-la-bellezza-dellinutile\/#breadcrumb\",\"itemListElement\":[{\"@type\":\"ListItem\",\"position\":1,\"name\":\"Home\",\"item\":\"https:\/\/www.intoscana.it\/it\/\"},{\"@type\":\"ListItem\",\"position\":2,\"name\":\"Immagina Festival 2025: a Lucca tre giorni per riscoprire la bellezza dell\u2019inutile\"}]},{\"@type\":\"WebSite\",\"@id\":\"https:\/\/www.intoscana.it\/it\/#website\",\"url\":\"https:\/\/www.intoscana.it\/it\/\",\"name\":\"intoscana\",\"description\":\"\",\"potentialAction\":[{\"@type\":\"SearchAction\",\"target\":{\"@type\":\"EntryPoint\",\"urlTemplate\":\"https:\/\/www.intoscana.it\/it\/?s={search_term_string}\"},\"query-input\":{\"@type\":\"PropertyValueSpecification\",\"valueRequired\":true,\"valueName\":\"search_term_string\"}}],\"inLanguage\":\"it-IT\"},{\"@type\":\"Person\",\"@id\":\"https:\/\/www.intoscana.it\/it\/#\/schema\/person\/9223810753230f20bd670fdd322661f8\",\"name\":\"Redazione\",\"url\":\"https:\/\/www.intoscana.it\/it\/author\/redazione\/\"}]}<\/script>\n<!-- \/ Yoast SEO Premium plugin. -->","yoast_head_json":{"title":"Immagina Festival 2025: a Lucca tre giorni per riscoprire la bellezza dell\u2019inutile - intoscana","description":"Dal 29 al 31 agosto l\u2019Ex Cavallerizza ospita la sesta edizione del festival delle storie illustrate ispirato al pensiero di Nuccio Ordine","robots":{"index":"index","follow":"follow","max-snippet":"max-snippet:-1","max-image-preview":"max-image-preview:large","max-video-preview":"max-video-preview:-1"},"canonical":"https:\/\/www.intoscana.it\/it\/immagina-festival-2025-a-lucca-tre-giorni-per-riscoprire-la-bellezza-dellinutile\/","og_locale":"it_IT","og_type":"article","og_title":"Immagina Festival 2025: a Lucca tre giorni per riscoprire la bellezza dell\u2019inutile","og_description":"Dal 29 al 31 agosto l\u2019Ex Cavallerizza ospita la sesta edizione del festival delle storie illustrate ispirato al pensiero di Nuccio Ordine","og_url":"https:\/\/www.intoscana.it\/it\/immagina-festival-2025-a-lucca-tre-giorni-per-riscoprire-la-bellezza-dellinutile\/","og_site_name":"intoscana","article_publisher":"https:\/\/www.facebook.com\/intoscana.it","article_published_time":"2025-08-26T10:18:00+00:00","og_image":[{"width":2048,"height":1463,"url":"https:\/\/www.intoscana.it\/wp-content\/uploads\/IMMAGINA_07.jpeg","type":"image\/jpeg"}],"author":"Redazione","twitter_card":"summary_large_image","twitter_creator":"@intoscana","twitter_site":"@intoscana","twitter_misc":{"Written by":"Redazione","Est. reading time":"2 minuti"},"schema":{"@context":"https:\/\/schema.org","@graph":[{"@type":"WebPage","@id":"https:\/\/www.intoscana.it\/it\/immagina-festival-2025-a-lucca-tre-giorni-per-riscoprire-la-bellezza-dellinutile\/","url":"https:\/\/www.intoscana.it\/it\/immagina-festival-2025-a-lucca-tre-giorni-per-riscoprire-la-bellezza-dellinutile\/","name":"Immagina Festival 2025: a Lucca tre giorni per riscoprire la bellezza dell\u2019inutile - intoscana","isPartOf":{"@id":"https:\/\/www.intoscana.it\/it\/#website"},"primaryImageOfPage":{"@id":"https:\/\/www.intoscana.it\/it\/immagina-festival-2025-a-lucca-tre-giorni-per-riscoprire-la-bellezza-dellinutile\/#primaryimage"},"image":{"@id":"https:\/\/www.intoscana.it\/it\/immagina-festival-2025-a-lucca-tre-giorni-per-riscoprire-la-bellezza-dellinutile\/#primaryimage"},"thumbnailUrl":"https:\/\/www.intoscana.it\/wp-content\/uploads\/IMMAGINA_07.jpeg","datePublished":"2025-08-26T10:18:00+00:00","author":{"@id":"https:\/\/www.intoscana.it\/it\/#\/schema\/person\/9223810753230f20bd670fdd322661f8"},"description":"Dal 29 al 31 agosto l\u2019Ex Cavallerizza ospita la sesta edizione del festival delle storie illustrate ispirato al pensiero di Nuccio Ordine","breadcrumb":{"@id":"https:\/\/www.intoscana.it\/it\/immagina-festival-2025-a-lucca-tre-giorni-per-riscoprire-la-bellezza-dellinutile\/#breadcrumb"},"inLanguage":"it-IT","potentialAction":[{"@type":"ReadAction","target":["https:\/\/www.intoscana.it\/it\/immagina-festival-2025-a-lucca-tre-giorni-per-riscoprire-la-bellezza-dellinutile\/"]}]},{"@type":"ImageObject","inLanguage":"it-IT","@id":"https:\/\/www.intoscana.it\/it\/immagina-festival-2025-a-lucca-tre-giorni-per-riscoprire-la-bellezza-dellinutile\/#primaryimage","url":"https:\/\/www.intoscana.it\/wp-content\/uploads\/IMMAGINA_07.jpeg","contentUrl":"https:\/\/www.intoscana.it\/wp-content\/uploads\/IMMAGINA_07.jpeg","width":2048,"height":1463},{"@type":"BreadcrumbList","@id":"https:\/\/www.intoscana.it\/it\/immagina-festival-2025-a-lucca-tre-giorni-per-riscoprire-la-bellezza-dellinutile\/#breadcrumb","itemListElement":[{"@type":"ListItem","position":1,"name":"Home","item":"https:\/\/www.intoscana.it\/it\/"},{"@type":"ListItem","position":2,"name":"Immagina Festival 2025: a Lucca tre giorni per riscoprire la bellezza dell\u2019inutile"}]},{"@type":"WebSite","@id":"https:\/\/www.intoscana.it\/it\/#website","url":"https:\/\/www.intoscana.it\/it\/","name":"intoscana","description":"","potentialAction":[{"@type":"SearchAction","target":{"@type":"EntryPoint","urlTemplate":"https:\/\/www.intoscana.it\/it\/?s={search_term_string}"},"query-input":{"@type":"PropertyValueSpecification","valueRequired":true,"valueName":"search_term_string"}}],"inLanguage":"it-IT"},{"@type":"Person","@id":"https:\/\/www.intoscana.it\/it\/#\/schema\/person\/9223810753230f20bd670fdd322661f8","name":"Redazione","url":"https:\/\/www.intoscana.it\/it\/author\/redazione\/"}]}},"_links":{"self":[{"href":"https:\/\/www.intoscana.it\/it\/wp-json\/wp\/v2\/posts\/396921","targetHints":{"allow":["GET"]}}],"collection":[{"href":"https:\/\/www.intoscana.it\/it\/wp-json\/wp\/v2\/posts"}],"about":[{"href":"https:\/\/www.intoscana.it\/it\/wp-json\/wp\/v2\/types\/post"}],"author":[{"embeddable":true,"href":"https:\/\/www.intoscana.it\/it\/wp-json\/wp\/v2\/users\/525"}],"replies":[{"embeddable":true,"href":"https:\/\/www.intoscana.it\/it\/wp-json\/wp\/v2\/comments?post=396921"}],"version-history":[{"count":4,"href":"https:\/\/www.intoscana.it\/it\/wp-json\/wp\/v2\/posts\/396921\/revisions"}],"predecessor-version":[{"id":396968,"href":"https:\/\/www.intoscana.it\/it\/wp-json\/wp\/v2\/posts\/396921\/revisions\/396968"}],"wp:featuredmedia":[{"embeddable":true,"href":"https:\/\/www.intoscana.it\/it\/wp-json\/wp\/v2\/media\/396933"}],"wp:attachment":[{"href":"https:\/\/www.intoscana.it\/it\/wp-json\/wp\/v2\/media?parent=396921"}],"wp:term":[{"taxonomy":"category","embeddable":true,"href":"https:\/\/www.intoscana.it\/it\/wp-json\/wp\/v2\/categories?post=396921"},{"taxonomy":"post_tag","embeddable":true,"href":"https:\/\/www.intoscana.it\/it\/wp-json\/wp\/v2\/tags?post=396921"}],"curies":[{"name":"wp","href":"https:\/\/api.w.org\/{rel}","templated":true}]}}