{"id":397187,"date":"2025-08-27T14:26:12","date_gmt":"2025-08-27T12:26:12","guid":{"rendered":"https:\/\/www.intoscana.it\/it\/?p=397187"},"modified":"2025-08-28T14:13:50","modified_gmt":"2025-08-28T12:13:50","slug":"piogge-e-temporali-forti-codice-giallo-in-toscana-per-il-28-agosto","status":"publish","type":"post","link":"https:\/\/www.intoscana.it\/it\/piogge-e-temporali-forti-codice-giallo-in-toscana-per-il-28-agosto\/","title":{"rendered":"Piogge e temporali forti: codice giallo in Toscana per il 28 agosto"},"content":{"rendered":"<p>Una nuova ondata di<strong> maltempo<\/strong> \u00e8 in arrivo su gran parte della Toscana. Gi\u00e0 oggi, <strong>mercoled\u00ec 27 agosto,<\/strong> sono previste condizioni di modesta instabilit\u00e0, con possibili brevi e isolati rovesci, ma \u00e8 nella giornata di domani, <strong>gioved\u00ec 28 agosto<\/strong>, che i fenomeni assumeranno carattere di maggiore intensit\u00e0.<\/p>\n<h3>L&#8217;allerta dalle 14 alla mezzanotte di domani<\/h3>\n<p>La Sala operativa della Protezione civile regionale ha emesso un bollettino di criticit\u00e0 gialla <mark>per rischio idrogeologico e idraulico del reticolo minore e temporali forti che sar\u00e0 in vigore dalle 14 di domani, gioved\u00ec, fino alla mezzanotte <\/mark>e che interesser\u00e0 tutto il territorio regionale<strong> ad esclusione delle aree sud-orientali.<\/strong><\/p>\n<p>La Sala operativa segnale inoltre che, a causa dell&#8217;incertezza legata alla previsione, sia per quanto riguarda la tempistica che la localizzazione dei fenomeni, domani sar\u00e0 <strong>possibile un innalzamento del livello di criticit\u00e0 da giallo ad arancione,<\/strong> sempre per temporali forti e rischio idrogeologico e idraulico.<\/p>\n<p>Ulteriori dettagli e consigli sui comportamenti da adottare, a seconda del rischio, si trovano all&#8217;interno della sezione <a href=\"http:\/\/www.regione.toscana.it\/allertameteo\" target=\"_blank\" rel=\"noopener\">Allerta meteo<\/a> del sito della Regione Toscana.<\/p>\n","protected":false},"excerpt":{"rendered":"<p>L&#8217;allerta \u00e8 prevista dalle 14 alla mezzanotte di domani per rischio idrogeologico e idraulico del reticolo minore e interesser\u00e0 quasi tutto il territorio regionale<\/p>\n","protected":false},"author":525,"featured_media":297375,"comment_status":"open","ping_status":"open","sticky":false,"template":"","format":"standard","meta":{"_acf_changed":false,"footnotes":""},"categories":[494],"tags":[4387,4858],"class_list":["post-397187","post","type-post","status-publish","format-standard","has-post-thumbnail","hentry","category-attualita","tag-allerta-meteo","tag-meteo"],"acf":[],"yoast_head":"<!-- This site is optimized with the Yoast SEO Premium plugin v24.2 (Yoast SEO v25.6) - https:\/\/yoast.com\/wordpress\/plugins\/seo\/ -->\n<title>Piogge e temporali forti: codice giallo in Toscana per il 28 agosto - intoscana<\/title>\n<meta name=\"robots\" content=\"index, follow, max-snippet:-1, max-image-preview:large, max-video-preview:-1\" \/>\n<link rel=\"canonical\" href=\"https:\/\/www.intoscana.it\/it\/piogge-e-temporali-forti-codice-giallo-in-toscana-per-il-28-agosto\/\" \/>\n<meta property=\"og:locale\" content=\"it_IT\" \/>\n<meta property=\"og:type\" content=\"article\" \/>\n<meta property=\"og:title\" content=\"Piogge e temporali forti: codice giallo in Toscana per il 28 agosto\" \/>\n<meta property=\"og:description\" content=\"L&#039;allerta \u00e8 prevista dalle 14 alla mezzanotte di domani per rischio idrogeologico e idraulico del reticolo minore e interesser\u00e0 quasi tutto il territorio regionale\" \/>\n<meta property=\"og:url\" content=\"https:\/\/www.intoscana.it\/it\/piogge-e-temporali-forti-codice-giallo-in-toscana-per-il-28-agosto\/\" \/>\n<meta property=\"og:site_name\" content=\"intoscana\" \/>\n<meta property=\"article:publisher\" content=\"https:\/\/www.facebook.com\/intoscana.it\" \/>\n<meta property=\"article:published_time\" content=\"2025-08-27T12:26:12+00:00\" \/>\n<meta property=\"article:modified_time\" content=\"2025-08-28T12:13:50+00:00\" \/>\n<meta property=\"og:image\" content=\"https:\/\/www.intoscana.it\/wp-content\/uploads\/AdobeStock_469001338-scaled.jpeg\" \/>\n\t<meta property=\"og:image:width\" content=\"2048\" \/>\n\t<meta property=\"og:image:height\" content=\"1370\" \/>\n\t<meta property=\"og:image:type\" content=\"image\/jpeg\" \/>\n<meta name=\"author\" content=\"Redazione\" \/>\n<meta name=\"twitter:card\" content=\"summary_large_image\" \/>\n<meta name=\"twitter:creator\" content=\"@intoscana\" \/>\n<meta name=\"twitter:site\" content=\"@intoscana\" \/>\n<meta name=\"twitter:label1\" content=\"Written by\" \/>\n\t<meta name=\"twitter:data1\" content=\"Redazione\" \/>\n\t<meta name=\"twitter:label2\" content=\"Est. reading time\" \/>\n\t<meta name=\"twitter:data2\" content=\"2 minuti\" \/>\n<script type=\"application\/ld+json\" class=\"yoast-schema-graph\">{\"@context\":\"https:\/\/schema.org\",\"@graph\":[{\"@type\":\"WebPage\",\"@id\":\"https:\/\/www.intoscana.it\/it\/piogge-e-temporali-forti-codice-giallo-in-toscana-per-il-28-agosto\/\",\"url\":\"https:\/\/www.intoscana.it\/it\/piogge-e-temporali-forti-codice-giallo-in-toscana-per-il-28-agosto\/\",\"name\":\"Piogge e temporali forti: codice giallo in Toscana per il 28 agosto - intoscana\",\"isPartOf\":{\"@id\":\"https:\/\/www.intoscana.it\/it\/#website\"},\"primaryImageOfPage\":{\"@id\":\"https:\/\/www.intoscana.it\/it\/piogge-e-temporali-forti-codice-giallo-in-toscana-per-il-28-agosto\/#primaryimage\"},\"image\":{\"@id\":\"https:\/\/www.intoscana.it\/it\/piogge-e-temporali-forti-codice-giallo-in-toscana-per-il-28-agosto\/#primaryimage\"},\"thumbnailUrl\":\"https:\/\/www.intoscana.it\/wp-content\/uploads\/AdobeStock_469001338-scaled.jpeg\",\"datePublished\":\"2025-08-27T12:26:12+00:00\",\"dateModified\":\"2025-08-28T12:13:50+00:00\",\"author\":{\"@id\":\"https:\/\/www.intoscana.it\/it\/#\/schema\/person\/9223810753230f20bd670fdd322661f8\"},\"breadcrumb\":{\"@id\":\"https:\/\/www.intoscana.it\/it\/piogge-e-temporali-forti-codice-giallo-in-toscana-per-il-28-agosto\/#breadcrumb\"},\"inLanguage\":\"it-IT\",\"potentialAction\":[{\"@type\":\"ReadAction\",\"target\":[\"https:\/\/www.intoscana.it\/it\/piogge-e-temporali-forti-codice-giallo-in-toscana-per-il-28-agosto\/\"]}]},{\"@type\":\"ImageObject\",\"inLanguage\":\"it-IT\",\"@id\":\"https:\/\/www.intoscana.it\/it\/piogge-e-temporali-forti-codice-giallo-in-toscana-per-il-28-agosto\/#primaryimage\",\"url\":\"https:\/\/www.intoscana.it\/wp-content\/uploads\/AdobeStock_469001338-scaled.jpeg\",\"contentUrl\":\"https:\/\/www.intoscana.it\/wp-content\/uploads\/AdobeStock_469001338-scaled.jpeg\",\"width\":2048,\"height\":1370},{\"@type\":\"BreadcrumbList\",\"@id\":\"https:\/\/www.intoscana.it\/it\/piogge-e-temporali-forti-codice-giallo-in-toscana-per-il-28-agosto\/#breadcrumb\",\"itemListElement\":[{\"@type\":\"ListItem\",\"position\":1,\"name\":\"Home\",\"item\":\"https:\/\/www.intoscana.it\/it\/\"},{\"@type\":\"ListItem\",\"position\":2,\"name\":\"Piogge e temporali forti: codice giallo in Toscana per il 28 agosto\"}]},{\"@type\":\"WebSite\",\"@id\":\"https:\/\/www.intoscana.it\/it\/#website\",\"url\":\"https:\/\/www.intoscana.it\/it\/\",\"name\":\"intoscana\",\"description\":\"\",\"potentialAction\":[{\"@type\":\"SearchAction\",\"target\":{\"@type\":\"EntryPoint\",\"urlTemplate\":\"https:\/\/www.intoscana.it\/it\/?s={search_term_string}\"},\"query-input\":{\"@type\":\"PropertyValueSpecification\",\"valueRequired\":true,\"valueName\":\"search_term_string\"}}],\"inLanguage\":\"it-IT\"},{\"@type\":\"Person\",\"@id\":\"https:\/\/www.intoscana.it\/it\/#\/schema\/person\/9223810753230f20bd670fdd322661f8\",\"name\":\"Redazione\",\"url\":\"https:\/\/www.intoscana.it\/it\/author\/redazione\/\"}]}<\/script>\n<!-- \/ Yoast SEO Premium plugin. -->","yoast_head_json":{"title":"Piogge e temporali forti: codice giallo in Toscana per il 28 agosto - intoscana","robots":{"index":"index","follow":"follow","max-snippet":"max-snippet:-1","max-image-preview":"max-image-preview:large","max-video-preview":"max-video-preview:-1"},"canonical":"https:\/\/www.intoscana.it\/it\/piogge-e-temporali-forti-codice-giallo-in-toscana-per-il-28-agosto\/","og_locale":"it_IT","og_type":"article","og_title":"Piogge e temporali forti: codice giallo in Toscana per il 28 agosto","og_description":"L'allerta \u00e8 prevista dalle 14 alla mezzanotte di domani per rischio idrogeologico e idraulico del reticolo minore e interesser\u00e0 quasi tutto il territorio regionale","og_url":"https:\/\/www.intoscana.it\/it\/piogge-e-temporali-forti-codice-giallo-in-toscana-per-il-28-agosto\/","og_site_name":"intoscana","article_publisher":"https:\/\/www.facebook.com\/intoscana.it","article_published_time":"2025-08-27T12:26:12+00:00","article_modified_time":"2025-08-28T12:13:50+00:00","og_image":[{"width":2048,"height":1370,"url":"https:\/\/www.intoscana.it\/wp-content\/uploads\/AdobeStock_469001338-scaled.jpeg","type":"image\/jpeg"}],"author":"Redazione","twitter_card":"summary_large_image","twitter_creator":"@intoscana","twitter_site":"@intoscana","twitter_misc":{"Written by":"Redazione","Est. reading time":"2 minuti"},"schema":{"@context":"https:\/\/schema.org","@graph":[{"@type":"WebPage","@id":"https:\/\/www.intoscana.it\/it\/piogge-e-temporali-forti-codice-giallo-in-toscana-per-il-28-agosto\/","url":"https:\/\/www.intoscana.it\/it\/piogge-e-temporali-forti-codice-giallo-in-toscana-per-il-28-agosto\/","name":"Piogge e temporali forti: codice giallo in Toscana per il 28 agosto - intoscana","isPartOf":{"@id":"https:\/\/www.intoscana.it\/it\/#website"},"primaryImageOfPage":{"@id":"https:\/\/www.intoscana.it\/it\/piogge-e-temporali-forti-codice-giallo-in-toscana-per-il-28-agosto\/#primaryimage"},"image":{"@id":"https:\/\/www.intoscana.it\/it\/piogge-e-temporali-forti-codice-giallo-in-toscana-per-il-28-agosto\/#primaryimage"},"thumbnailUrl":"https:\/\/www.intoscana.it\/wp-content\/uploads\/AdobeStock_469001338-scaled.jpeg","datePublished":"2025-08-27T12:26:12+00:00","dateModified":"2025-08-28T12:13:50+00:00","author":{"@id":"https:\/\/www.intoscana.it\/it\/#\/schema\/person\/9223810753230f20bd670fdd322661f8"},"breadcrumb":{"@id":"https:\/\/www.intoscana.it\/it\/piogge-e-temporali-forti-codice-giallo-in-toscana-per-il-28-agosto\/#breadcrumb"},"inLanguage":"it-IT","potentialAction":[{"@type":"ReadAction","target":["https:\/\/www.intoscana.it\/it\/piogge-e-temporali-forti-codice-giallo-in-toscana-per-il-28-agosto\/"]}]},{"@type":"ImageObject","inLanguage":"it-IT","@id":"https:\/\/www.intoscana.it\/it\/piogge-e-temporali-forti-codice-giallo-in-toscana-per-il-28-agosto\/#primaryimage","url":"https:\/\/www.intoscana.it\/wp-content\/uploads\/AdobeStock_469001338-scaled.jpeg","contentUrl":"https:\/\/www.intoscana.it\/wp-content\/uploads\/AdobeStock_469001338-scaled.jpeg","width":2048,"height":1370},{"@type":"BreadcrumbList","@id":"https:\/\/www.intoscana.it\/it\/piogge-e-temporali-forti-codice-giallo-in-toscana-per-il-28-agosto\/#breadcrumb","itemListElement":[{"@type":"ListItem","position":1,"name":"Home","item":"https:\/\/www.intoscana.it\/it\/"},{"@type":"ListItem","position":2,"name":"Piogge e temporali forti: codice giallo in Toscana per il 28 agosto"}]},{"@type":"WebSite","@id":"https:\/\/www.intoscana.it\/it\/#website","url":"https:\/\/www.intoscana.it\/it\/","name":"intoscana","description":"","potentialAction":[{"@type":"SearchAction","target":{"@type":"EntryPoint","urlTemplate":"https:\/\/www.intoscana.it\/it\/?s={search_term_string}"},"query-input":{"@type":"PropertyValueSpecification","valueRequired":true,"valueName":"search_term_string"}}],"inLanguage":"it-IT"},{"@type":"Person","@id":"https:\/\/www.intoscana.it\/it\/#\/schema\/person\/9223810753230f20bd670fdd322661f8","name":"Redazione","url":"https:\/\/www.intoscana.it\/it\/author\/redazione\/"}]}},"_links":{"self":[{"href":"https:\/\/www.intoscana.it\/it\/wp-json\/wp\/v2\/posts\/397187","targetHints":{"allow":["GET"]}}],"collection":[{"href":"https:\/\/www.intoscana.it\/it\/wp-json\/wp\/v2\/posts"}],"about":[{"href":"https:\/\/www.intoscana.it\/it\/wp-json\/wp\/v2\/types\/post"}],"author":[{"embeddable":true,"href":"https:\/\/www.intoscana.it\/it\/wp-json\/wp\/v2\/users\/525"}],"replies":[{"embeddable":true,"href":"https:\/\/www.intoscana.it\/it\/wp-json\/wp\/v2\/comments?post=397187"}],"version-history":[{"count":4,"href":"https:\/\/www.intoscana.it\/it\/wp-json\/wp\/v2\/posts\/397187\/revisions"}],"predecessor-version":[{"id":397441,"href":"https:\/\/www.intoscana.it\/it\/wp-json\/wp\/v2\/posts\/397187\/revisions\/397441"}],"wp:featuredmedia":[{"embeddable":true,"href":"https:\/\/www.intoscana.it\/it\/wp-json\/wp\/v2\/media\/297375"}],"wp:attachment":[{"href":"https:\/\/www.intoscana.it\/it\/wp-json\/wp\/v2\/media?parent=397187"}],"wp:term":[{"taxonomy":"category","embeddable":true,"href":"https:\/\/www.intoscana.it\/it\/wp-json\/wp\/v2\/categories?post=397187"},{"taxonomy":"post_tag","embeddable":true,"href":"https:\/\/www.intoscana.it\/it\/wp-json\/wp\/v2\/tags?post=397187"}],"curies":[{"name":"wp","href":"https:\/\/api.w.org\/{rel}","templated":true}]}}