{"id":397769,"date":"2025-09-01T14:48:45","date_gmt":"2025-09-01T12:48:45","guid":{"rendered":"https:\/\/www.intoscana.it\/it\/?p=397769"},"modified":"2025-09-01T14:48:45","modified_gmt":"2025-09-01T12:48:45","slug":"castagne-nasce-il-distretto-rurale-regionale-173-i-comuni-coinvolti","status":"publish","type":"post","link":"https:\/\/www.intoscana.it\/it\/castagne-nasce-il-distretto-rurale-regionale-173-i-comuni-coinvolti\/","title":{"rendered":"Castagne, nasce il distretto rurale regionale: 173 i comuni coinvolti"},"content":{"rendered":"<p>Nasce il <strong>&#8220;Distretto rurale castanicolo toscano&#8221;<\/strong> con un accordo sancito a Firenze, nella sede della Regione Toscana. La nuova realt\u00e0 \u00e8 frutto di un percorso di condivisione durato tre anni, che mira a rilanciare un settore cruciale per la produzione e l\u2019economia rurale e punta ad esaltare\u00a0 l&#8217;identit\u00e0 e le tradizioni delle aree pi\u00f9 fragili della Toscana.<mark> La Toscana diventa cos\u00ec la seconda regione, dopo la Campania, a dotarsi di uno strumento di questo tipo per valorizzare la castanicoltura.<\/mark><\/p>\n<p>Il Distretto castanicoltura toscano, come ha detto il presidente della Regione, rappresenta un pilastro della strategia per la <strong>Toscana diffusa<\/strong>. Con questo strumento si vuole tradurre in azioni concrete la volont\u00e0 di sostenere le aree rurali e montane, contrastare lo spopolamento, valorizzare il paesaggio e promuovere uno sviluppo equilibrato e sostenibile. Il distretto avr\u00e0 una governance partecipata tra istituzioni, imprese e comunit\u00e0 locali per rafforzare le filiere produttive, recuperare castagneti abbandonati, incentivare innovazione e competitivit\u00e0.<\/p>\n<p>La vicepresidente e assessora regionale all\u2019agricoltura ha avuto modo di sottolineare che la nascita del Distretto rappresenti un passo fondamentale per il futuro di un comparto che, in Toscana, non ha solo un valore economico, ma anche storico, culturale, ambientale e identitario. Il Distretto nasce proprio da un percorso partecipativo promosso da <strong>Anci Toscana<\/strong>. Questo nuovo strumento consentir\u00e0 di rafforzare le sinergie, promuovere innovazione e nuove opportunit\u00e0 di mercato, e valorizzare la castanicoltura toscana sotto il profilo della salute, del territorio, del paesaggio e della biodiversit\u00e0.<\/p>\n<h3><em>Le funzioni del distretto<\/em><\/h3>\n<p>Il distretto castanicolo regionale nasce come strumento di aggregazione, per <mark>tutelare e valorizzare l&#8217;identit\u00e0 storica, culturale e agricola legata alla castanicoltura, per recuperare castagneti abbandonati, contribuendo a mantenere il presidio delle aree rurali,<\/mark> salvaguardando il territorio ed il paesaggio castanicolo che caratterizza gran parte della Toscana.<\/p>\n<p>Il territorio di competenza\u00a0 \u00e8 stato individuato sulla base dell\u2019Inventario forestale toscano, integrato con i dati del sistema informativo Artea e ricomprende il territorio di <strong>173 comuni<\/strong> distribuiti su tutta la regione. Di questi, il 98% della superficie castanicola del distretto ricade nel territorio della Toscana diffusa.<\/p>\n<p>Anci Toscana \u00e8 stata individuata come soggetto referente, con il supporto operativo dei Gruppi di azione locali.<\/p>\n<h3><em>I numeri del settore<\/em><\/h3>\n<p>La Toscana \u00e8 la seconda regione italiana, dopo la Campania, per importanza dei castagneti da frutto, <mark>con il 18% delle aziende e il 20% delle superfici nazionali.<\/mark><\/p>\n<p>Vanta 5 denominazioni tutelate:<br \/>\n\u2022\u00a0\u00a0\u00a0 Castagna del Monte Amiata IGP (fresche e secche),<br \/>\n\u2022\u00a0\u00a0\u00a0 Marrone del Mugello IGP (fresche, secche, farina),<br \/>\n\u2022\u00a0\u00a0\u00a0 Marrone di Caprese Michelangelo DOP (fresche e secche),<br \/>\n\u2022\u00a0\u00a0\u00a0 Farina di castagne della Lunigiana DOP,<br \/>\n\u2022\u00a0\u00a0\u00a0 Farina di Neccio della Garfagnana DOP.<br \/>\nA queste si aggiungono 17 prodotti agroalimentari tradizionali (PAT) a base di castagne e marroni.<\/p>\n","protected":false},"excerpt":{"rendered":"<p>Seconda regione italiana, con il 20% della superficie nazionale. La nuova realt\u00e0 mira a rilanciare un settore cruciale per l\u2019economia rurale e per valorizzare la Toscana diffusa<\/p>\n","protected":false},"author":525,"featured_media":309192,"comment_status":"open","ping_status":"open","sticky":false,"template":"","format":"standard","meta":{"_acf_changed":false,"footnotes":""},"categories":[8],"tags":[1513,151],"class_list":["post-397769","post","type-post","status-publish","format-standard","has-post-thumbnail","hentry","category-enogastronomia","tag-castagne","tag-regione-toscana"],"acf":[],"yoast_head":"<!-- This site is optimized with the Yoast SEO Premium plugin v24.2 (Yoast SEO v25.6) - https:\/\/yoast.com\/wordpress\/plugins\/seo\/ -->\n<title>Castagne, nasce il distretto rurale regionale: 173 i comuni coinvolti - intoscana<\/title>\n<meta name=\"description\" content=\"Seconda regione italiana, con il 20% della superficie nazionale. La nuova realt\u00e0 mira a rilanciare un settore cruciale per l\u2019economia rurale e per valorizzare la Toscana diffusa\" \/>\n<meta name=\"robots\" content=\"index, follow, max-snippet:-1, max-image-preview:large, max-video-preview:-1\" \/>\n<link rel=\"canonical\" href=\"https:\/\/www.intoscana.it\/it\/castagne-nasce-il-distretto-rurale-regionale-173-i-comuni-coinvolti\/\" \/>\n<meta property=\"og:locale\" content=\"it_IT\" \/>\n<meta property=\"og:type\" content=\"article\" \/>\n<meta property=\"og:title\" content=\"Castagne, nasce il distretto rurale regionale: 173 i comuni coinvolti\" \/>\n<meta property=\"og:description\" content=\"Seconda regione italiana, con il 20% della superficie nazionale. La nuova realt\u00e0 mira a rilanciare un settore cruciale per l\u2019economia rurale e per valorizzare la Toscana diffusa\" \/>\n<meta property=\"og:url\" content=\"https:\/\/www.intoscana.it\/it\/castagne-nasce-il-distretto-rurale-regionale-173-i-comuni-coinvolti\/\" \/>\n<meta property=\"og:site_name\" content=\"intoscana\" \/>\n<meta property=\"article:publisher\" content=\"https:\/\/www.facebook.com\/intoscana.it\" \/>\n<meta property=\"article:published_time\" content=\"2025-09-01T12:48:45+00:00\" \/>\n<meta property=\"og:image\" content=\"https:\/\/www.intoscana.it\/wp-content\/uploads\/castagneti_garfagnana_barga_5-scaled.jpg\" \/>\n\t<meta property=\"og:image:width\" content=\"2048\" \/>\n\t<meta property=\"og:image:height\" content=\"1552\" \/>\n\t<meta property=\"og:image:type\" content=\"image\/jpeg\" \/>\n<meta name=\"author\" content=\"Redazione\" \/>\n<meta name=\"twitter:card\" content=\"summary_large_image\" \/>\n<meta name=\"twitter:creator\" content=\"@intoscana\" \/>\n<meta name=\"twitter:site\" content=\"@intoscana\" \/>\n<meta name=\"twitter:label1\" content=\"Written by\" \/>\n\t<meta name=\"twitter:data1\" content=\"Redazione\" \/>\n\t<meta name=\"twitter:label2\" content=\"Est. reading time\" \/>\n\t<meta name=\"twitter:data2\" content=\"3 minuti\" \/>\n<script type=\"application\/ld+json\" class=\"yoast-schema-graph\">{\"@context\":\"https:\/\/schema.org\",\"@graph\":[{\"@type\":\"WebPage\",\"@id\":\"https:\/\/www.intoscana.it\/it\/castagne-nasce-il-distretto-rurale-regionale-173-i-comuni-coinvolti\/\",\"url\":\"https:\/\/www.intoscana.it\/it\/castagne-nasce-il-distretto-rurale-regionale-173-i-comuni-coinvolti\/\",\"name\":\"Castagne, nasce il distretto rurale regionale: 173 i comuni coinvolti - intoscana\",\"isPartOf\":{\"@id\":\"https:\/\/www.intoscana.it\/it\/#website\"},\"primaryImageOfPage\":{\"@id\":\"https:\/\/www.intoscana.it\/it\/castagne-nasce-il-distretto-rurale-regionale-173-i-comuni-coinvolti\/#primaryimage\"},\"image\":{\"@id\":\"https:\/\/www.intoscana.it\/it\/castagne-nasce-il-distretto-rurale-regionale-173-i-comuni-coinvolti\/#primaryimage\"},\"thumbnailUrl\":\"https:\/\/www.intoscana.it\/wp-content\/uploads\/castagneti_garfagnana_barga_5-scaled.jpg\",\"datePublished\":\"2025-09-01T12:48:45+00:00\",\"author\":{\"@id\":\"https:\/\/www.intoscana.it\/it\/#\/schema\/person\/9223810753230f20bd670fdd322661f8\"},\"description\":\"Seconda regione italiana, con il 20% della superficie nazionale. La nuova realt\u00e0 mira a rilanciare un settore cruciale per l\u2019economia rurale e per valorizzare la Toscana diffusa\",\"breadcrumb\":{\"@id\":\"https:\/\/www.intoscana.it\/it\/castagne-nasce-il-distretto-rurale-regionale-173-i-comuni-coinvolti\/#breadcrumb\"},\"inLanguage\":\"it-IT\",\"potentialAction\":[{\"@type\":\"ReadAction\",\"target\":[\"https:\/\/www.intoscana.it\/it\/castagne-nasce-il-distretto-rurale-regionale-173-i-comuni-coinvolti\/\"]}]},{\"@type\":\"ImageObject\",\"inLanguage\":\"it-IT\",\"@id\":\"https:\/\/www.intoscana.it\/it\/castagne-nasce-il-distretto-rurale-regionale-173-i-comuni-coinvolti\/#primaryimage\",\"url\":\"https:\/\/www.intoscana.it\/wp-content\/uploads\/castagneti_garfagnana_barga_5-scaled.jpg\",\"contentUrl\":\"https:\/\/www.intoscana.it\/wp-content\/uploads\/castagneti_garfagnana_barga_5-scaled.jpg\",\"width\":2048,\"height\":1552,\"caption\":\"Castagneti della Garfagnana\"},{\"@type\":\"BreadcrumbList\",\"@id\":\"https:\/\/www.intoscana.it\/it\/castagne-nasce-il-distretto-rurale-regionale-173-i-comuni-coinvolti\/#breadcrumb\",\"itemListElement\":[{\"@type\":\"ListItem\",\"position\":1,\"name\":\"Home\",\"item\":\"https:\/\/www.intoscana.it\/it\/\"},{\"@type\":\"ListItem\",\"position\":2,\"name\":\"Castagne, nasce il distretto rurale regionale: 173 i comuni coinvolti\"}]},{\"@type\":\"WebSite\",\"@id\":\"https:\/\/www.intoscana.it\/it\/#website\",\"url\":\"https:\/\/www.intoscana.it\/it\/\",\"name\":\"intoscana\",\"description\":\"\",\"potentialAction\":[{\"@type\":\"SearchAction\",\"target\":{\"@type\":\"EntryPoint\",\"urlTemplate\":\"https:\/\/www.intoscana.it\/it\/?s={search_term_string}\"},\"query-input\":{\"@type\":\"PropertyValueSpecification\",\"valueRequired\":true,\"valueName\":\"search_term_string\"}}],\"inLanguage\":\"it-IT\"},{\"@type\":\"Person\",\"@id\":\"https:\/\/www.intoscana.it\/it\/#\/schema\/person\/9223810753230f20bd670fdd322661f8\",\"name\":\"Redazione\",\"url\":\"https:\/\/www.intoscana.it\/it\/author\/redazione\/\"}]}<\/script>\n<!-- \/ Yoast SEO Premium plugin. -->","yoast_head_json":{"title":"Castagne, nasce il distretto rurale regionale: 173 i comuni coinvolti - intoscana","description":"Seconda regione italiana, con il 20% della superficie nazionale. La nuova realt\u00e0 mira a rilanciare un settore cruciale per l\u2019economia rurale e per valorizzare la Toscana diffusa","robots":{"index":"index","follow":"follow","max-snippet":"max-snippet:-1","max-image-preview":"max-image-preview:large","max-video-preview":"max-video-preview:-1"},"canonical":"https:\/\/www.intoscana.it\/it\/castagne-nasce-il-distretto-rurale-regionale-173-i-comuni-coinvolti\/","og_locale":"it_IT","og_type":"article","og_title":"Castagne, nasce il distretto rurale regionale: 173 i comuni coinvolti","og_description":"Seconda regione italiana, con il 20% della superficie nazionale. La nuova realt\u00e0 mira a rilanciare un settore cruciale per l\u2019economia rurale e per valorizzare la Toscana diffusa","og_url":"https:\/\/www.intoscana.it\/it\/castagne-nasce-il-distretto-rurale-regionale-173-i-comuni-coinvolti\/","og_site_name":"intoscana","article_publisher":"https:\/\/www.facebook.com\/intoscana.it","article_published_time":"2025-09-01T12:48:45+00:00","og_image":[{"width":2048,"height":1552,"url":"https:\/\/www.intoscana.it\/wp-content\/uploads\/castagneti_garfagnana_barga_5-scaled.jpg","type":"image\/jpeg"}],"author":"Redazione","twitter_card":"summary_large_image","twitter_creator":"@intoscana","twitter_site":"@intoscana","twitter_misc":{"Written by":"Redazione","Est. reading time":"3 minuti"},"schema":{"@context":"https:\/\/schema.org","@graph":[{"@type":"WebPage","@id":"https:\/\/www.intoscana.it\/it\/castagne-nasce-il-distretto-rurale-regionale-173-i-comuni-coinvolti\/","url":"https:\/\/www.intoscana.it\/it\/castagne-nasce-il-distretto-rurale-regionale-173-i-comuni-coinvolti\/","name":"Castagne, nasce il distretto rurale regionale: 173 i comuni coinvolti - intoscana","isPartOf":{"@id":"https:\/\/www.intoscana.it\/it\/#website"},"primaryImageOfPage":{"@id":"https:\/\/www.intoscana.it\/it\/castagne-nasce-il-distretto-rurale-regionale-173-i-comuni-coinvolti\/#primaryimage"},"image":{"@id":"https:\/\/www.intoscana.it\/it\/castagne-nasce-il-distretto-rurale-regionale-173-i-comuni-coinvolti\/#primaryimage"},"thumbnailUrl":"https:\/\/www.intoscana.it\/wp-content\/uploads\/castagneti_garfagnana_barga_5-scaled.jpg","datePublished":"2025-09-01T12:48:45+00:00","author":{"@id":"https:\/\/www.intoscana.it\/it\/#\/schema\/person\/9223810753230f20bd670fdd322661f8"},"description":"Seconda regione italiana, con il 20% della superficie nazionale. La nuova realt\u00e0 mira a rilanciare un settore cruciale per l\u2019economia rurale e per valorizzare la Toscana diffusa","breadcrumb":{"@id":"https:\/\/www.intoscana.it\/it\/castagne-nasce-il-distretto-rurale-regionale-173-i-comuni-coinvolti\/#breadcrumb"},"inLanguage":"it-IT","potentialAction":[{"@type":"ReadAction","target":["https:\/\/www.intoscana.it\/it\/castagne-nasce-il-distretto-rurale-regionale-173-i-comuni-coinvolti\/"]}]},{"@type":"ImageObject","inLanguage":"it-IT","@id":"https:\/\/www.intoscana.it\/it\/castagne-nasce-il-distretto-rurale-regionale-173-i-comuni-coinvolti\/#primaryimage","url":"https:\/\/www.intoscana.it\/wp-content\/uploads\/castagneti_garfagnana_barga_5-scaled.jpg","contentUrl":"https:\/\/www.intoscana.it\/wp-content\/uploads\/castagneti_garfagnana_barga_5-scaled.jpg","width":2048,"height":1552,"caption":"Castagneti della Garfagnana"},{"@type":"BreadcrumbList","@id":"https:\/\/www.intoscana.it\/it\/castagne-nasce-il-distretto-rurale-regionale-173-i-comuni-coinvolti\/#breadcrumb","itemListElement":[{"@type":"ListItem","position":1,"name":"Home","item":"https:\/\/www.intoscana.it\/it\/"},{"@type":"ListItem","position":2,"name":"Castagne, nasce il distretto rurale regionale: 173 i comuni coinvolti"}]},{"@type":"WebSite","@id":"https:\/\/www.intoscana.it\/it\/#website","url":"https:\/\/www.intoscana.it\/it\/","name":"intoscana","description":"","potentialAction":[{"@type":"SearchAction","target":{"@type":"EntryPoint","urlTemplate":"https:\/\/www.intoscana.it\/it\/?s={search_term_string}"},"query-input":{"@type":"PropertyValueSpecification","valueRequired":true,"valueName":"search_term_string"}}],"inLanguage":"it-IT"},{"@type":"Person","@id":"https:\/\/www.intoscana.it\/it\/#\/schema\/person\/9223810753230f20bd670fdd322661f8","name":"Redazione","url":"https:\/\/www.intoscana.it\/it\/author\/redazione\/"}]}},"_links":{"self":[{"href":"https:\/\/www.intoscana.it\/it\/wp-json\/wp\/v2\/posts\/397769","targetHints":{"allow":["GET"]}}],"collection":[{"href":"https:\/\/www.intoscana.it\/it\/wp-json\/wp\/v2\/posts"}],"about":[{"href":"https:\/\/www.intoscana.it\/it\/wp-json\/wp\/v2\/types\/post"}],"author":[{"embeddable":true,"href":"https:\/\/www.intoscana.it\/it\/wp-json\/wp\/v2\/users\/525"}],"replies":[{"embeddable":true,"href":"https:\/\/www.intoscana.it\/it\/wp-json\/wp\/v2\/comments?post=397769"}],"version-history":[{"count":5,"href":"https:\/\/www.intoscana.it\/it\/wp-json\/wp\/v2\/posts\/397769\/revisions"}],"predecessor-version":[{"id":397789,"href":"https:\/\/www.intoscana.it\/it\/wp-json\/wp\/v2\/posts\/397769\/revisions\/397789"}],"wp:featuredmedia":[{"embeddable":true,"href":"https:\/\/www.intoscana.it\/it\/wp-json\/wp\/v2\/media\/309192"}],"wp:attachment":[{"href":"https:\/\/www.intoscana.it\/it\/wp-json\/wp\/v2\/media?parent=397769"}],"wp:term":[{"taxonomy":"category","embeddable":true,"href":"https:\/\/www.intoscana.it\/it\/wp-json\/wp\/v2\/categories?post=397769"},{"taxonomy":"post_tag","embeddable":true,"href":"https:\/\/www.intoscana.it\/it\/wp-json\/wp\/v2\/tags?post=397769"}],"curies":[{"name":"wp","href":"https:\/\/api.w.org\/{rel}","templated":true}]}}