{"id":398466,"date":"2025-09-08T14:50:06","date_gmt":"2025-09-08T12:50:06","guid":{"rendered":"https:\/\/www.intoscana.it\/it\/?p=398466"},"modified":"2025-09-08T16:46:55","modified_gmt":"2025-09-08T14:46:55","slug":"a-luca-guadagnino-il-premio-fiesole-ai-maestri-del-cinema-2025-domenica-21-settembre-la-premiazione","status":"publish","type":"post","link":"https:\/\/www.intoscana.it\/it\/a-luca-guadagnino-il-premio-fiesole-ai-maestri-del-cinema-2025-domenica-21-settembre-la-premiazione\/","title":{"rendered":"A Luca Guadagnino il Premio Fiesole ai Maestri del Cinema 2025"},"content":{"rendered":"<p>A pochi giorni dalla presentazione alla <strong>Mostra del cinema di Venezia<\/strong> del suo ultimo atteso film <strong><em>&#8220;After The Hunt&#8221;,<\/em><\/strong> \u00e8 stato annunciato che il <strong>Premio Fiesole ai Maestri del Cinema<\/strong> sar\u00e0 consegnato quest&#8217;anno al <strong>regista italiano Luca Guadagnino.<\/strong><\/p>\n<p>Guadagnino con <strong>la sua visione unica, la capacit\u00e0 di esplorare le profondit\u00e0 dell\u2019animo umano e la sua estetica inconfondibile,<\/strong> ha saputo conquistare pubblico e critica internazionali, portando il cinema italiano a nuovi vertici.<\/p>\n<p>Ha lavorato con alcuni dei pi\u00f9 importanti attori e attrici a livello internazionale come: <strong>Tilda Swinton, Timoth\u00e9e Chalamet, Zendaya, Julia Roberts, Daniele Craig, Dakota Johnson, Ralph Fiennes.\u00a0<\/strong><\/p>\n<p>Il prestigioso riconoscimento sar\u00e0 consegnato <strong>domenica 21 settembre al Teatro di Fiesole<\/strong>, in collaborazione con il <strong>Sindacato Nazionale Critici Cinematografici Italiani Gruppo Toscano<\/strong> e <a href=\"https:\/\/www.fondazionesistematoscana.it\/\" target=\"_blank\" rel=\"noopener\" class=\"broken_link\"><strong>Fondazione Sistema Toscana.<\/strong><\/a><\/p>\n<p>La serata di premiazione a ingresso gratuito si aprir\u00e0 alle 20.45 con un incontro con Guadagnino e la presentazione del volume monografico dal titolo <strong><em>&#8220;Immagini allo specchio. Il cinema di Luca Guadagnino&#8221;<\/em><\/strong>, a cui seguir\u00e0 la proiezione del film <strong><em>\u201cQueer\u201d<\/em> <\/strong>in versione originale con sottotitoli in italiano.<\/p>\n<p>Il regista sar\u00e0 premiato dalla sceneggiatrice<strong> Francesca Manieri,<\/strong> che ha collaborato con lui nella miniserie televisiva <strong><em>\u201cWe Are Who We Are\u201d. <\/em><\/strong>L\u2019omaggio a <strong>Luca Guadagnino<\/strong> proseguir\u00e0 con le proiezioni di <strong><em>\u201cIo sono l\u2019amore\u201d<\/em><\/strong> del 2009 (24 settembre); <strong><em>\u201cA bigger splash\u201d<\/em><\/strong> del 2015 (1 ottobre) e infine <strong><em>\u201cBones and all\u201d<\/em><\/strong> del 2022 (8 ottobre).<\/p>\n<p><strong>Luca Guadagnino<\/strong> ad aprile 2026 torner\u00e0 a Firenze per curare la regia di <strong><em>&#8220;<a href=\"https:\/\/www.intoscana.it\/it\/il-regista-luca-guadagnino-nel-2026-aprira-il-maggio-musicale-con-the-death-of-klinghoffer\/\" target=\"_blank\" rel=\"noopener\">The death of Klinghoffer\u201d<\/a><\/em><\/strong> al teatro del <strong>Maggio Musicale Fiorentino<\/strong>, sar\u00e0 la prima volta in cui il regista cinematografico si cimenter\u00e0 con un&#8217;Opera teatrale.<\/p>\n<p><em>&#8220;Siamo davvero orgogliosi, quest&#8217;anno, di poter premiare Luca Guadagnino &#8211; <\/em>dichiara <strong>Marco Luceri, coordinatore del gruppo toscano del Sncci<\/strong> &#8211;<em> un cineasta italiano dalla consolidata vocazione internazionale, che ha mosso i suoi primi passi nel mondo del cinema proprio come critico. Da questa radice ha saputo costruire un cinema d&#8217;autore ricco di suggestioni cinefile, ma costantemente aperto alle sperimentazioni dei numerosi linguaggi della contemporaneit\u00e0. <strong>Guadagnino \u00e8 un cineasta versatile, curioso, imprevedibile e spiazzante,<\/strong> che costringe pubblico e addetti ai lavori, all&#8217;uscita di ogni suo nuovo film, a riflettere sempre da un punto di vista diverso&#8221;.<\/em><\/p>\n<p>Ha aggiunto<strong> Simone Emiliani, direttore artistico del premio<\/strong><em>: \u201cLuca Guadagnino \u00e8, oggi, il regista pi\u00f9 internazionale del cinema italiano. In una carriera quasi trentennale (dal primo cortometraggio<strong> Qui<\/strong> del 1997 al prossimo<strong> After the Hunt<\/strong> che uscir\u00e0 nelle sale italiane dal 16 ottobre) ha diretto alcuni dei pi\u00f9 importanti attori internazionali\u00a0e soprattutto ha creato un solido e affascinante sodalizio artistico con <strong>Tilda Swinton<\/strong> che ha tenuto a battesimo il suo esordio nel lungometraggio (The Protagonists) ed \u00e8 stata protagonista di alcune delle tappe pi\u00f9 significative della sua filmografia come <strong>Io sono l\u2019amore, A Bigger Splash e Suspiria<\/strong>. Del suo cinema seduce e contagia la sua sterminata cinefilia, la sua anima Nouvelle Vague, la capacit\u00e0 di fare propri e rendere \u2018personali\u2019 anche soggetti non originali come nel caso dei remake o adattamenti letterari come nel caso del travolgente <strong>Chiamami col tuo nome<\/strong>, dal romanzo di <strong>Andr\u00e9 Aciman.<\/strong> Oggi Guadagnino \u00e8 tra quei cineasti che si riconosce anche solo da un\u2019inquadratura, che si confronta con i generi classici (horror, thriller, melodramma, documentario) che poi per\u00f2 prendono i tempi e il ritmo del proprio cinema passionale, vertiginoso e che regala anche la magnifica illusione essere girato negli anni Settanta e Ottanta. Un cinema nel segno, tra gli altri, di Jonathan Demme e Bernardo Bertolucci, protagonista del suo magnifico documentario realizzato nel 2012 e codiretto con Walter Fasano. Per questo sono non solo contentissimo ma personalmente orgoglioso, euforico che sia lui a ricevere il <strong>Premio Fiesole ai Maestri del Cinema 2025\u201d.<\/strong><\/em><\/p>\n<figure id=\"post-398596 media-398596\" class=\"align-none\"><img decoding=\"async\" src=\"https:\/\/www.intoscana.it\/wp-content\/uploads\/3_foto-credits-Yannis-Drakoulidis.jpeg\" alt=\"\" \/><\/figure>\n<div class=\"titleimg\"><em>Luca Guadagnino girando Queer, foto di Yannis Drakoulidis<\/em><\/div>\n<h3>Il Premio Fiesole ai Maestri del Cinema<\/h3>\n<p>Il <strong>Premio ai Maestri del Cinema<\/strong> ogni anno porta a Fiesole alcuni fra i <strong>maggiori protagonisti del cinema internazionale.<\/strong><\/p>\n<p><strong>Nato nel 1966 per volont\u00e0 del Comune di Fiesole<\/strong> con lo scopo di consegnare un riconoscimento a quei registi che, con le loro opere, rappresentavano il cinema italiano nel mondo, fin dal 1972 il Premio ha allargato il proprio orizzonte, proiettandosi sulla ribalta internazionale.<\/p>\n<p>Il 2000 segna l\u2019avvio della collaborazione con il <strong>Gruppo Toscano del Sindacato Nazionale Critici Cinematografici Italiani<\/strong> che ne ha assunto la direzione artistica.<\/p>\n<p>Il regista si aggiunger\u00e0 cos\u00ec alla lista dei premiati che annovera, prima di lui: <strong>Gabriele Salvatores, Liliana Cavani, Asghar Farh\u0101di, Mario Martone, Paolo Sorrentino, Robert Gu\u00e9diguian, Vittorio Storaro, Stefania Sandrelli, Dario Argento, Giuseppe Tornatore, Terry Gilliam, Toni Servillo e Nanni Moretti. E tra i grandi del passato Luchino Visconti, Michelangelo Antonioni, Orson Welles, Stanley Kubrick, Ingmar Bergman, Wim Wenders, Theo Angelopoulos, Marco Bellocchio, Ken Loach.<\/strong><\/p>\n<figure id=\"post-382790 media-382790\" class=\"align-none\"><img decoding=\"async\" src=\"https:\/\/www.intoscana.it\/wp-content\/uploads\/Guada_Venerdi1862-scaled.jpg\" alt=\"\" \/><\/figure>\n<div class=\"titleimg\">Luca Guadagnino &#8211; \u00a9 Giulio Ghirardi<\/div>\n<p>&nbsp;<\/p>\n","protected":false},"excerpt":{"rendered":"<p>Il regista che ha lavorato con alcuni dei pi\u00f9 importanti attori e attrici a livello internazionale \u00e8 riuscito film, dopo film a portare il cinema italiano a nuovi vertici, raccontando le profondit\u00e0 dell&#8217;animo umano. Domenica 21 settembre la premiazione<\/p>\n","protected":false},"author":518,"featured_media":398597,"comment_status":"open","ping_status":"open","sticky":false,"template":"","format":"standard","meta":{"_acf_changed":false,"footnotes":""},"categories":[493],"tags":[188,2788,168,6048,151],"class_list":["post-398466","post","type-post","status-publish","format-standard","has-post-thumbnail","hentry","category-cultura","tag-cinema","tag-fiesole","tag-fondazione-sistema-toscana","tag-premio-fiesole-ai-maestri-del-cinema","tag-regione-toscana"],"acf":[],"yoast_head":"<!-- This site is optimized with the Yoast SEO Premium plugin v24.2 (Yoast SEO v25.6) - https:\/\/yoast.com\/wordpress\/plugins\/seo\/ -->\n<title>A Luca Guadagnino il Premio Fiesole ai Maestri del Cinema 2025 - intoscana<\/title>\n<meta name=\"description\" content=\"Il regista ha lavorato con alcuni dei pi\u00f9 importanti attori e attrici a livello internazionale raccontando le profondit\u00e0 dell&#039;animo umano\" \/>\n<meta name=\"robots\" content=\"index, follow, max-snippet:-1, max-image-preview:large, max-video-preview:-1\" \/>\n<link rel=\"canonical\" href=\"https:\/\/www.intoscana.it\/it\/a-luca-guadagnino-il-premio-fiesole-ai-maestri-del-cinema-2025-domenica-21-settembre-la-premiazione\/\" \/>\n<meta property=\"og:locale\" content=\"it_IT\" \/>\n<meta property=\"og:type\" content=\"article\" \/>\n<meta property=\"og:title\" content=\"A Luca Guadagnino il Premio Fiesole ai Maestri del Cinema 2025\" \/>\n<meta property=\"og:description\" content=\"Il regista ha lavorato con alcuni dei pi\u00f9 importanti attori e attrici a livello internazionale raccontando le profondit\u00e0 dell&#039;animo umano\" \/>\n<meta property=\"og:url\" content=\"https:\/\/www.intoscana.it\/it\/a-luca-guadagnino-il-premio-fiesole-ai-maestri-del-cinema-2025-domenica-21-settembre-la-premiazione\/\" \/>\n<meta property=\"og:site_name\" content=\"intoscana\" \/>\n<meta property=\"article:publisher\" content=\"https:\/\/www.facebook.com\/intoscana.it\" \/>\n<meta property=\"article:published_time\" content=\"2025-09-08T12:50:06+00:00\" \/>\n<meta property=\"article:modified_time\" content=\"2025-09-08T14:46:55+00:00\" \/>\n<meta property=\"og:image\" content=\"https:\/\/www.intoscana.it\/wp-content\/uploads\/1_foto-credits-Yannis-Drakoulidis-scaled.jpeg\" \/>\n\t<meta property=\"og:image:width\" content=\"2048\" \/>\n\t<meta property=\"og:image:height\" content=\"1365\" \/>\n\t<meta property=\"og:image:type\" content=\"image\/jpeg\" \/>\n<meta name=\"author\" content=\"Costanza Baldini\" \/>\n<meta name=\"twitter:card\" content=\"summary_large_image\" \/>\n<meta name=\"twitter:creator\" content=\"@intoscana\" \/>\n<meta name=\"twitter:site\" content=\"@intoscana\" \/>\n<meta name=\"twitter:label1\" content=\"Written by\" \/>\n\t<meta name=\"twitter:data1\" content=\"Costanza Baldini\" \/>\n\t<meta name=\"twitter:label2\" content=\"Est. reading time\" \/>\n\t<meta name=\"twitter:data2\" content=\"5 minuti\" \/>\n<script type=\"application\/ld+json\" class=\"yoast-schema-graph\">{\"@context\":\"https:\/\/schema.org\",\"@graph\":[{\"@type\":\"WebPage\",\"@id\":\"https:\/\/www.intoscana.it\/it\/a-luca-guadagnino-il-premio-fiesole-ai-maestri-del-cinema-2025-domenica-21-settembre-la-premiazione\/\",\"url\":\"https:\/\/www.intoscana.it\/it\/a-luca-guadagnino-il-premio-fiesole-ai-maestri-del-cinema-2025-domenica-21-settembre-la-premiazione\/\",\"name\":\"A Luca Guadagnino il Premio Fiesole ai Maestri del Cinema 2025 - intoscana\",\"isPartOf\":{\"@id\":\"https:\/\/www.intoscana.it\/it\/#website\"},\"primaryImageOfPage\":{\"@id\":\"https:\/\/www.intoscana.it\/it\/a-luca-guadagnino-il-premio-fiesole-ai-maestri-del-cinema-2025-domenica-21-settembre-la-premiazione\/#primaryimage\"},\"image\":{\"@id\":\"https:\/\/www.intoscana.it\/it\/a-luca-guadagnino-il-premio-fiesole-ai-maestri-del-cinema-2025-domenica-21-settembre-la-premiazione\/#primaryimage\"},\"thumbnailUrl\":\"https:\/\/www.intoscana.it\/wp-content\/uploads\/1_foto-credits-Yannis-Drakoulidis-scaled.jpeg\",\"datePublished\":\"2025-09-08T12:50:06+00:00\",\"dateModified\":\"2025-09-08T14:46:55+00:00\",\"author\":{\"@id\":\"https:\/\/www.intoscana.it\/it\/#\/schema\/person\/d469f35f09739bdf00bf5dd3f0647a82\"},\"description\":\"Il regista ha lavorato con alcuni dei pi\u00f9 importanti attori e attrici a livello internazionale raccontando le profondit\u00e0 dell'animo umano\",\"breadcrumb\":{\"@id\":\"https:\/\/www.intoscana.it\/it\/a-luca-guadagnino-il-premio-fiesole-ai-maestri-del-cinema-2025-domenica-21-settembre-la-premiazione\/#breadcrumb\"},\"inLanguage\":\"it-IT\",\"potentialAction\":[{\"@type\":\"ReadAction\",\"target\":[\"https:\/\/www.intoscana.it\/it\/a-luca-guadagnino-il-premio-fiesole-ai-maestri-del-cinema-2025-domenica-21-settembre-la-premiazione\/\"]}]},{\"@type\":\"ImageObject\",\"inLanguage\":\"it-IT\",\"@id\":\"https:\/\/www.intoscana.it\/it\/a-luca-guadagnino-il-premio-fiesole-ai-maestri-del-cinema-2025-domenica-21-settembre-la-premiazione\/#primaryimage\",\"url\":\"https:\/\/www.intoscana.it\/wp-content\/uploads\/1_foto-credits-Yannis-Drakoulidis-scaled.jpeg\",\"contentUrl\":\"https:\/\/www.intoscana.it\/wp-content\/uploads\/1_foto-credits-Yannis-Drakoulidis-scaled.jpeg\",\"width\":2048,\"height\":1365,\"caption\":\"Luca Guadagnino girando Queer\"},{\"@type\":\"BreadcrumbList\",\"@id\":\"https:\/\/www.intoscana.it\/it\/a-luca-guadagnino-il-premio-fiesole-ai-maestri-del-cinema-2025-domenica-21-settembre-la-premiazione\/#breadcrumb\",\"itemListElement\":[{\"@type\":\"ListItem\",\"position\":1,\"name\":\"Home\",\"item\":\"https:\/\/www.intoscana.it\/it\/\"},{\"@type\":\"ListItem\",\"position\":2,\"name\":\"A Luca Guadagnino il Premio Fiesole ai Maestri del Cinema 2025\"}]},{\"@type\":\"WebSite\",\"@id\":\"https:\/\/www.intoscana.it\/it\/#website\",\"url\":\"https:\/\/www.intoscana.it\/it\/\",\"name\":\"intoscana\",\"description\":\"\",\"potentialAction\":[{\"@type\":\"SearchAction\",\"target\":{\"@type\":\"EntryPoint\",\"urlTemplate\":\"https:\/\/www.intoscana.it\/it\/?s={search_term_string}\"},\"query-input\":{\"@type\":\"PropertyValueSpecification\",\"valueRequired\":true,\"valueName\":\"search_term_string\"}}],\"inLanguage\":\"it-IT\"},{\"@type\":\"Person\",\"@id\":\"https:\/\/www.intoscana.it\/it\/#\/schema\/person\/d469f35f09739bdf00bf5dd3f0647a82\",\"name\":\"Costanza Baldini\",\"url\":\"https:\/\/www.intoscana.it\/it\/author\/costanza-baldini\/\"}]}<\/script>\n<!-- \/ Yoast SEO Premium plugin. -->","yoast_head_json":{"title":"A Luca Guadagnino il Premio Fiesole ai Maestri del Cinema 2025 - intoscana","description":"Il regista ha lavorato con alcuni dei pi\u00f9 importanti attori e attrici a livello internazionale raccontando le profondit\u00e0 dell'animo umano","robots":{"index":"index","follow":"follow","max-snippet":"max-snippet:-1","max-image-preview":"max-image-preview:large","max-video-preview":"max-video-preview:-1"},"canonical":"https:\/\/www.intoscana.it\/it\/a-luca-guadagnino-il-premio-fiesole-ai-maestri-del-cinema-2025-domenica-21-settembre-la-premiazione\/","og_locale":"it_IT","og_type":"article","og_title":"A Luca Guadagnino il Premio Fiesole ai Maestri del Cinema 2025","og_description":"Il regista ha lavorato con alcuni dei pi\u00f9 importanti attori e attrici a livello internazionale raccontando le profondit\u00e0 dell'animo umano","og_url":"https:\/\/www.intoscana.it\/it\/a-luca-guadagnino-il-premio-fiesole-ai-maestri-del-cinema-2025-domenica-21-settembre-la-premiazione\/","og_site_name":"intoscana","article_publisher":"https:\/\/www.facebook.com\/intoscana.it","article_published_time":"2025-09-08T12:50:06+00:00","article_modified_time":"2025-09-08T14:46:55+00:00","og_image":[{"width":2048,"height":1365,"url":"https:\/\/www.intoscana.it\/wp-content\/uploads\/1_foto-credits-Yannis-Drakoulidis-scaled.jpeg","type":"image\/jpeg"}],"author":"Costanza Baldini","twitter_card":"summary_large_image","twitter_creator":"@intoscana","twitter_site":"@intoscana","twitter_misc":{"Written by":"Costanza Baldini","Est. reading time":"5 minuti"},"schema":{"@context":"https:\/\/schema.org","@graph":[{"@type":"WebPage","@id":"https:\/\/www.intoscana.it\/it\/a-luca-guadagnino-il-premio-fiesole-ai-maestri-del-cinema-2025-domenica-21-settembre-la-premiazione\/","url":"https:\/\/www.intoscana.it\/it\/a-luca-guadagnino-il-premio-fiesole-ai-maestri-del-cinema-2025-domenica-21-settembre-la-premiazione\/","name":"A Luca Guadagnino il Premio Fiesole ai Maestri del Cinema 2025 - intoscana","isPartOf":{"@id":"https:\/\/www.intoscana.it\/it\/#website"},"primaryImageOfPage":{"@id":"https:\/\/www.intoscana.it\/it\/a-luca-guadagnino-il-premio-fiesole-ai-maestri-del-cinema-2025-domenica-21-settembre-la-premiazione\/#primaryimage"},"image":{"@id":"https:\/\/www.intoscana.it\/it\/a-luca-guadagnino-il-premio-fiesole-ai-maestri-del-cinema-2025-domenica-21-settembre-la-premiazione\/#primaryimage"},"thumbnailUrl":"https:\/\/www.intoscana.it\/wp-content\/uploads\/1_foto-credits-Yannis-Drakoulidis-scaled.jpeg","datePublished":"2025-09-08T12:50:06+00:00","dateModified":"2025-09-08T14:46:55+00:00","author":{"@id":"https:\/\/www.intoscana.it\/it\/#\/schema\/person\/d469f35f09739bdf00bf5dd3f0647a82"},"description":"Il regista ha lavorato con alcuni dei pi\u00f9 importanti attori e attrici a livello internazionale raccontando le profondit\u00e0 dell'animo umano","breadcrumb":{"@id":"https:\/\/www.intoscana.it\/it\/a-luca-guadagnino-il-premio-fiesole-ai-maestri-del-cinema-2025-domenica-21-settembre-la-premiazione\/#breadcrumb"},"inLanguage":"it-IT","potentialAction":[{"@type":"ReadAction","target":["https:\/\/www.intoscana.it\/it\/a-luca-guadagnino-il-premio-fiesole-ai-maestri-del-cinema-2025-domenica-21-settembre-la-premiazione\/"]}]},{"@type":"ImageObject","inLanguage":"it-IT","@id":"https:\/\/www.intoscana.it\/it\/a-luca-guadagnino-il-premio-fiesole-ai-maestri-del-cinema-2025-domenica-21-settembre-la-premiazione\/#primaryimage","url":"https:\/\/www.intoscana.it\/wp-content\/uploads\/1_foto-credits-Yannis-Drakoulidis-scaled.jpeg","contentUrl":"https:\/\/www.intoscana.it\/wp-content\/uploads\/1_foto-credits-Yannis-Drakoulidis-scaled.jpeg","width":2048,"height":1365,"caption":"Luca Guadagnino girando Queer"},{"@type":"BreadcrumbList","@id":"https:\/\/www.intoscana.it\/it\/a-luca-guadagnino-il-premio-fiesole-ai-maestri-del-cinema-2025-domenica-21-settembre-la-premiazione\/#breadcrumb","itemListElement":[{"@type":"ListItem","position":1,"name":"Home","item":"https:\/\/www.intoscana.it\/it\/"},{"@type":"ListItem","position":2,"name":"A Luca Guadagnino il Premio Fiesole ai Maestri del Cinema 2025"}]},{"@type":"WebSite","@id":"https:\/\/www.intoscana.it\/it\/#website","url":"https:\/\/www.intoscana.it\/it\/","name":"intoscana","description":"","potentialAction":[{"@type":"SearchAction","target":{"@type":"EntryPoint","urlTemplate":"https:\/\/www.intoscana.it\/it\/?s={search_term_string}"},"query-input":{"@type":"PropertyValueSpecification","valueRequired":true,"valueName":"search_term_string"}}],"inLanguage":"it-IT"},{"@type":"Person","@id":"https:\/\/www.intoscana.it\/it\/#\/schema\/person\/d469f35f09739bdf00bf5dd3f0647a82","name":"Costanza Baldini","url":"https:\/\/www.intoscana.it\/it\/author\/costanza-baldini\/"}]}},"_links":{"self":[{"href":"https:\/\/www.intoscana.it\/it\/wp-json\/wp\/v2\/posts\/398466","targetHints":{"allow":["GET"]}}],"collection":[{"href":"https:\/\/www.intoscana.it\/it\/wp-json\/wp\/v2\/posts"}],"about":[{"href":"https:\/\/www.intoscana.it\/it\/wp-json\/wp\/v2\/types\/post"}],"author":[{"embeddable":true,"href":"https:\/\/www.intoscana.it\/it\/wp-json\/wp\/v2\/users\/518"}],"replies":[{"embeddable":true,"href":"https:\/\/www.intoscana.it\/it\/wp-json\/wp\/v2\/comments?post=398466"}],"version-history":[{"count":5,"href":"https:\/\/www.intoscana.it\/it\/wp-json\/wp\/v2\/posts\/398466\/revisions"}],"predecessor-version":[{"id":398670,"href":"https:\/\/www.intoscana.it\/it\/wp-json\/wp\/v2\/posts\/398466\/revisions\/398670"}],"wp:featuredmedia":[{"embeddable":true,"href":"https:\/\/www.intoscana.it\/it\/wp-json\/wp\/v2\/media\/398597"}],"wp:attachment":[{"href":"https:\/\/www.intoscana.it\/it\/wp-json\/wp\/v2\/media?parent=398466"}],"wp:term":[{"taxonomy":"category","embeddable":true,"href":"https:\/\/www.intoscana.it\/it\/wp-json\/wp\/v2\/categories?post=398466"},{"taxonomy":"post_tag","embeddable":true,"href":"https:\/\/www.intoscana.it\/it\/wp-json\/wp\/v2\/tags?post=398466"}],"curies":[{"name":"wp","href":"https:\/\/api.w.org\/{rel}","templated":true}]}}