{"id":398681,"date":"2025-09-09T10:29:16","date_gmt":"2025-09-09T08:29:16","guid":{"rendered":"https:\/\/www.intoscana.it\/it\/?p=398681"},"modified":"2025-09-10T10:54:53","modified_gmt":"2025-09-10T08:54:53","slug":"jovanotti-suona-la-campenella-alla-cittadella-di-rondine-qui-si-lavora-per-costruire-i-leader-di-pace","status":"publish","type":"post","link":"https:\/\/www.intoscana.it\/it\/jovanotti-suona-la-campenella-alla-cittadella-di-rondine-qui-si-lavora-per-costruire-i-leader-di-pace\/","title":{"rendered":"Jovanotti suona la campanella alla Cittadella di Rondine: &#8220;Qui si lavora per costruire i leader di pace&#8221;"},"content":{"rendered":"<p><strong>Jovanotti<\/strong> ha inaugurato il quarto anno liceale di eccellenza di <strong>Rondine Cittadella della pace<\/strong>, in provincia di Arezzo. L&#8217;artista \u00a0\u00e8 arrivato alla cittadella con la moglie Francesca e i suoceri, ha stretto la mano al vescovo di Arezzo <strong>Andrea Migliavacca<\/strong>, per poi incontrare le studentesse e gli studenti. Ha suonato anche la campanella, improvvisando un balletto.<\/p>\n<figure id=\"post-398731 media-398731\" class=\"align-none\"><img decoding=\"async\" src=\"https:\/\/www.intoscana.it\/wp-content\/uploads\/Copia-di-IMG-20250908-WA0192.jpg\" alt=\"\" \/><\/figure>\n<div class=\"titleimg\">Jovanotti a Rondine<\/div>\n<p>Non \u00e8 la sua prima volta a Rondine. <mark>Lo scorso luglio, infatti, Jovanotti ha gi\u00e0 incontrato gli studenti: &#8220;Oggi mi sono nutrito di futuro e di speranza&#8221;, <\/mark>aveva detto. Luned\u00ec 8 settembre, nel Teatro Tenda, Jovanotti ha portato un altro saluto carico di energia: &#8220;Io sono uno che vive di picchi e di energia \u2013 ha detto \u2013, ma riconosco il lavoro e a Rondine si lavora giorno per giorno per costruire i <strong>leader di pace<\/strong> di domani. Qui si lavora, quotidianamente, goccia dopo goccia. Rondine \u00e8 come una foresta che cresce ed \u00e8 difficile raccontarla, quando tutto \u00e8 polarizzazione, hashtag e parole chiave&#8221;.<\/p>\n<p>Si \u00e8 parlato di pace soprattutto, di quanto sia difficile raggiungerla, <mark>&#8220;ma qui a Rondine si cammina in quella direzione, perch\u00e9 l\u2019importante \u00e8 il metro in avanti che ogni giorno fa ognuno di voi, ognuno di noi&#8221;,<\/mark> ha aggiunto Jovanotti.<\/p>\n<p>Dopo il suono della campanella Jovanotti ha dato il via all\u2019incontro privato con gli studenti del decimo anno. Un momento che Vaccari ha definito una lezione di umanit\u00e0, restituendo ai ragazzi, <mark>&#8220;pi\u00f9 che una lista di consigli, un alfabeto dell\u2019umano&#8221;.<\/mark><\/p>\n<p>La giornata \u00e8 proseguita poi con un pranzo nel Giardino dello Svizzero, insieme agli studenti italiani e internazionali di Rondine, &#8220;Quando sono venuto a Rondine qualche mese fa, dissi che qui mi ero nutrito di futuro e speranza. Oggi lo ripeto con ancora pi\u00f9 convinzione. Vedere questi ragazzi iniziare il loro anno, sentire le loro domande e la loro voglia di mettersi in gioco, mi ha dato un\u2019energia incredibile. <mark>Rondine ti insegna che il conflitto, anche quello interiore, pu\u00f2 diventare musica, parola, relazione.<\/mark> Oggi \u00e8 stato bellissimo ballare questo inizio con loro, e vado via con la sensazione che da qui possa nascere qualcosa che il mondo ha davvero bisogno di ascoltare\u00bb, ha dichiarato Jovanotti salutando la Cittadella della Pace.<\/p>\n","protected":false},"excerpt":{"rendered":"<p>L&#8217;artista ha inaugurato il quarto anno liceale di eccellenza e incontrato le studentesse e gli studenti: &#8220;Rondine ti insegna che il conflitto, anche quello interiore, pu\u00f2 diventare musica, parola, relazione&#8221;<\/p>\n","protected":false},"author":525,"featured_media":398725,"comment_status":"open","ping_status":"open","sticky":false,"template":"","format":"standard","meta":{"_acf_changed":false,"footnotes":""},"categories":[494],"tags":[6433],"class_list":["post-398681","post","type-post","status-publish","format-standard","has-post-thumbnail","hentry","category-attualita","tag-rondine-cittadella-della-pace"],"acf":[],"yoast_head":"<!-- This site is optimized with the Yoast SEO Premium plugin v24.2 (Yoast SEO v25.6) - https:\/\/yoast.com\/wordpress\/plugins\/seo\/ -->\n<title>Jovanotti suona la campanella alla Cittadella di Rondine: &quot;Qui si lavora per costruire i leader di pace&quot; - intoscana<\/title>\n<meta name=\"description\" content=\"L&#039;artista ha inaugurato il quarto anno liceale di eccellenza e incontrato le studentesse e gli studenti: &quot;Rondine ti insegna che il conflitto, anche quello interiore, pu\u00f2 diventare musica, parola, relazione&quot;\" \/>\n<meta name=\"robots\" content=\"index, follow, max-snippet:-1, max-image-preview:large, max-video-preview:-1\" \/>\n<link rel=\"canonical\" href=\"https:\/\/www.intoscana.it\/it\/jovanotti-suona-la-campenella-alla-cittadella-di-rondine-qui-si-lavora-per-costruire-i-leader-di-pace\/\" \/>\n<meta property=\"og:locale\" content=\"it_IT\" \/>\n<meta property=\"og:type\" content=\"article\" \/>\n<meta property=\"og:title\" content=\"Jovanotti suona la campanella alla Cittadella di Rondine: &quot;Qui si lavora per costruire i leader di pace&quot;\" \/>\n<meta property=\"og:description\" content=\"L&#039;artista ha inaugurato il quarto anno liceale di eccellenza e incontrato le studentesse e gli studenti: &quot;Rondine ti insegna che il conflitto, anche quello interiore, pu\u00f2 diventare musica, parola, relazione&quot;\" \/>\n<meta property=\"og:url\" content=\"https:\/\/www.intoscana.it\/it\/jovanotti-suona-la-campenella-alla-cittadella-di-rondine-qui-si-lavora-per-costruire-i-leader-di-pace\/\" \/>\n<meta property=\"og:site_name\" content=\"intoscana\" \/>\n<meta property=\"article:publisher\" content=\"https:\/\/www.facebook.com\/intoscana.it\" \/>\n<meta property=\"article:published_time\" content=\"2025-09-09T08:29:16+00:00\" \/>\n<meta property=\"article:modified_time\" content=\"2025-09-10T08:54:53+00:00\" \/>\n<meta property=\"og:image\" content=\"https:\/\/www.intoscana.it\/wp-content\/uploads\/Copia-di-IMG-20250908-WA0041.jpg\" \/>\n\t<meta property=\"og:image:width\" content=\"1600\" \/>\n\t<meta property=\"og:image:height\" content=\"1200\" \/>\n\t<meta property=\"og:image:type\" content=\"image\/jpeg\" \/>\n<meta name=\"author\" content=\"Redazione\" \/>\n<meta name=\"twitter:card\" content=\"summary_large_image\" \/>\n<meta name=\"twitter:creator\" content=\"@intoscana\" \/>\n<meta name=\"twitter:site\" content=\"@intoscana\" \/>\n<meta name=\"twitter:label1\" content=\"Written by\" \/>\n\t<meta name=\"twitter:data1\" content=\"Redazione\" \/>\n\t<meta name=\"twitter:label2\" content=\"Est. reading time\" \/>\n\t<meta name=\"twitter:data2\" content=\"3 minuti\" \/>\n<script type=\"application\/ld+json\" class=\"yoast-schema-graph\">{\"@context\":\"https:\/\/schema.org\",\"@graph\":[{\"@type\":\"WebPage\",\"@id\":\"https:\/\/www.intoscana.it\/it\/jovanotti-suona-la-campenella-alla-cittadella-di-rondine-qui-si-lavora-per-costruire-i-leader-di-pace\/\",\"url\":\"https:\/\/www.intoscana.it\/it\/jovanotti-suona-la-campenella-alla-cittadella-di-rondine-qui-si-lavora-per-costruire-i-leader-di-pace\/\",\"name\":\"Jovanotti suona la campanella alla Cittadella di Rondine: \\\"Qui si lavora per costruire i leader di pace\\\" - intoscana\",\"isPartOf\":{\"@id\":\"https:\/\/www.intoscana.it\/it\/#website\"},\"primaryImageOfPage\":{\"@id\":\"https:\/\/www.intoscana.it\/it\/jovanotti-suona-la-campenella-alla-cittadella-di-rondine-qui-si-lavora-per-costruire-i-leader-di-pace\/#primaryimage\"},\"image\":{\"@id\":\"https:\/\/www.intoscana.it\/it\/jovanotti-suona-la-campenella-alla-cittadella-di-rondine-qui-si-lavora-per-costruire-i-leader-di-pace\/#primaryimage\"},\"thumbnailUrl\":\"https:\/\/www.intoscana.it\/wp-content\/uploads\/Copia-di-IMG-20250908-WA0041.jpg\",\"datePublished\":\"2025-09-09T08:29:16+00:00\",\"dateModified\":\"2025-09-10T08:54:53+00:00\",\"author\":{\"@id\":\"https:\/\/www.intoscana.it\/it\/#\/schema\/person\/9223810753230f20bd670fdd322661f8\"},\"description\":\"L'artista ha inaugurato il quarto anno liceale di eccellenza e incontrato le studentesse e gli studenti: \\\"Rondine ti insegna che il conflitto, anche quello interiore, pu\u00f2 diventare musica, parola, relazione\\\"\",\"breadcrumb\":{\"@id\":\"https:\/\/www.intoscana.it\/it\/jovanotti-suona-la-campenella-alla-cittadella-di-rondine-qui-si-lavora-per-costruire-i-leader-di-pace\/#breadcrumb\"},\"inLanguage\":\"it-IT\",\"potentialAction\":[{\"@type\":\"ReadAction\",\"target\":[\"https:\/\/www.intoscana.it\/it\/jovanotti-suona-la-campenella-alla-cittadella-di-rondine-qui-si-lavora-per-costruire-i-leader-di-pace\/\"]}]},{\"@type\":\"ImageObject\",\"inLanguage\":\"it-IT\",\"@id\":\"https:\/\/www.intoscana.it\/it\/jovanotti-suona-la-campenella-alla-cittadella-di-rondine-qui-si-lavora-per-costruire-i-leader-di-pace\/#primaryimage\",\"url\":\"https:\/\/www.intoscana.it\/wp-content\/uploads\/Copia-di-IMG-20250908-WA0041.jpg\",\"contentUrl\":\"https:\/\/www.intoscana.it\/wp-content\/uploads\/Copia-di-IMG-20250908-WA0041.jpg\",\"width\":1600,\"height\":1200},{\"@type\":\"BreadcrumbList\",\"@id\":\"https:\/\/www.intoscana.it\/it\/jovanotti-suona-la-campenella-alla-cittadella-di-rondine-qui-si-lavora-per-costruire-i-leader-di-pace\/#breadcrumb\",\"itemListElement\":[{\"@type\":\"ListItem\",\"position\":1,\"name\":\"Home\",\"item\":\"https:\/\/www.intoscana.it\/it\/\"},{\"@type\":\"ListItem\",\"position\":2,\"name\":\"Jovanotti suona la campanella alla Cittadella di Rondine: &#8220;Qui si lavora per costruire i leader di pace&#8221;\"}]},{\"@type\":\"WebSite\",\"@id\":\"https:\/\/www.intoscana.it\/it\/#website\",\"url\":\"https:\/\/www.intoscana.it\/it\/\",\"name\":\"intoscana\",\"description\":\"\",\"potentialAction\":[{\"@type\":\"SearchAction\",\"target\":{\"@type\":\"EntryPoint\",\"urlTemplate\":\"https:\/\/www.intoscana.it\/it\/?s={search_term_string}\"},\"query-input\":{\"@type\":\"PropertyValueSpecification\",\"valueRequired\":true,\"valueName\":\"search_term_string\"}}],\"inLanguage\":\"it-IT\"},{\"@type\":\"Person\",\"@id\":\"https:\/\/www.intoscana.it\/it\/#\/schema\/person\/9223810753230f20bd670fdd322661f8\",\"name\":\"Redazione\",\"url\":\"https:\/\/www.intoscana.it\/it\/author\/redazione\/\"}]}<\/script>\n<!-- \/ Yoast SEO Premium plugin. -->","yoast_head_json":{"title":"Jovanotti suona la campanella alla Cittadella di Rondine: \"Qui si lavora per costruire i leader di pace\" - intoscana","description":"L'artista ha inaugurato il quarto anno liceale di eccellenza e incontrato le studentesse e gli studenti: \"Rondine ti insegna che il conflitto, anche quello interiore, pu\u00f2 diventare musica, parola, relazione\"","robots":{"index":"index","follow":"follow","max-snippet":"max-snippet:-1","max-image-preview":"max-image-preview:large","max-video-preview":"max-video-preview:-1"},"canonical":"https:\/\/www.intoscana.it\/it\/jovanotti-suona-la-campenella-alla-cittadella-di-rondine-qui-si-lavora-per-costruire-i-leader-di-pace\/","og_locale":"it_IT","og_type":"article","og_title":"Jovanotti suona la campanella alla Cittadella di Rondine: \"Qui si lavora per costruire i leader di pace\"","og_description":"L'artista ha inaugurato il quarto anno liceale di eccellenza e incontrato le studentesse e gli studenti: \"Rondine ti insegna che il conflitto, anche quello interiore, pu\u00f2 diventare musica, parola, relazione\"","og_url":"https:\/\/www.intoscana.it\/it\/jovanotti-suona-la-campenella-alla-cittadella-di-rondine-qui-si-lavora-per-costruire-i-leader-di-pace\/","og_site_name":"intoscana","article_publisher":"https:\/\/www.facebook.com\/intoscana.it","article_published_time":"2025-09-09T08:29:16+00:00","article_modified_time":"2025-09-10T08:54:53+00:00","og_image":[{"width":1600,"height":1200,"url":"https:\/\/www.intoscana.it\/wp-content\/uploads\/Copia-di-IMG-20250908-WA0041.jpg","type":"image\/jpeg"}],"author":"Redazione","twitter_card":"summary_large_image","twitter_creator":"@intoscana","twitter_site":"@intoscana","twitter_misc":{"Written by":"Redazione","Est. reading time":"3 minuti"},"schema":{"@context":"https:\/\/schema.org","@graph":[{"@type":"WebPage","@id":"https:\/\/www.intoscana.it\/it\/jovanotti-suona-la-campenella-alla-cittadella-di-rondine-qui-si-lavora-per-costruire-i-leader-di-pace\/","url":"https:\/\/www.intoscana.it\/it\/jovanotti-suona-la-campenella-alla-cittadella-di-rondine-qui-si-lavora-per-costruire-i-leader-di-pace\/","name":"Jovanotti suona la campanella alla Cittadella di Rondine: \"Qui si lavora per costruire i leader di pace\" - intoscana","isPartOf":{"@id":"https:\/\/www.intoscana.it\/it\/#website"},"primaryImageOfPage":{"@id":"https:\/\/www.intoscana.it\/it\/jovanotti-suona-la-campenella-alla-cittadella-di-rondine-qui-si-lavora-per-costruire-i-leader-di-pace\/#primaryimage"},"image":{"@id":"https:\/\/www.intoscana.it\/it\/jovanotti-suona-la-campenella-alla-cittadella-di-rondine-qui-si-lavora-per-costruire-i-leader-di-pace\/#primaryimage"},"thumbnailUrl":"https:\/\/www.intoscana.it\/wp-content\/uploads\/Copia-di-IMG-20250908-WA0041.jpg","datePublished":"2025-09-09T08:29:16+00:00","dateModified":"2025-09-10T08:54:53+00:00","author":{"@id":"https:\/\/www.intoscana.it\/it\/#\/schema\/person\/9223810753230f20bd670fdd322661f8"},"description":"L'artista ha inaugurato il quarto anno liceale di eccellenza e incontrato le studentesse e gli studenti: \"Rondine ti insegna che il conflitto, anche quello interiore, pu\u00f2 diventare musica, parola, relazione\"","breadcrumb":{"@id":"https:\/\/www.intoscana.it\/it\/jovanotti-suona-la-campenella-alla-cittadella-di-rondine-qui-si-lavora-per-costruire-i-leader-di-pace\/#breadcrumb"},"inLanguage":"it-IT","potentialAction":[{"@type":"ReadAction","target":["https:\/\/www.intoscana.it\/it\/jovanotti-suona-la-campenella-alla-cittadella-di-rondine-qui-si-lavora-per-costruire-i-leader-di-pace\/"]}]},{"@type":"ImageObject","inLanguage":"it-IT","@id":"https:\/\/www.intoscana.it\/it\/jovanotti-suona-la-campenella-alla-cittadella-di-rondine-qui-si-lavora-per-costruire-i-leader-di-pace\/#primaryimage","url":"https:\/\/www.intoscana.it\/wp-content\/uploads\/Copia-di-IMG-20250908-WA0041.jpg","contentUrl":"https:\/\/www.intoscana.it\/wp-content\/uploads\/Copia-di-IMG-20250908-WA0041.jpg","width":1600,"height":1200},{"@type":"BreadcrumbList","@id":"https:\/\/www.intoscana.it\/it\/jovanotti-suona-la-campenella-alla-cittadella-di-rondine-qui-si-lavora-per-costruire-i-leader-di-pace\/#breadcrumb","itemListElement":[{"@type":"ListItem","position":1,"name":"Home","item":"https:\/\/www.intoscana.it\/it\/"},{"@type":"ListItem","position":2,"name":"Jovanotti suona la campanella alla Cittadella di Rondine: &#8220;Qui si lavora per costruire i leader di pace&#8221;"}]},{"@type":"WebSite","@id":"https:\/\/www.intoscana.it\/it\/#website","url":"https:\/\/www.intoscana.it\/it\/","name":"intoscana","description":"","potentialAction":[{"@type":"SearchAction","target":{"@type":"EntryPoint","urlTemplate":"https:\/\/www.intoscana.it\/it\/?s={search_term_string}"},"query-input":{"@type":"PropertyValueSpecification","valueRequired":true,"valueName":"search_term_string"}}],"inLanguage":"it-IT"},{"@type":"Person","@id":"https:\/\/www.intoscana.it\/it\/#\/schema\/person\/9223810753230f20bd670fdd322661f8","name":"Redazione","url":"https:\/\/www.intoscana.it\/it\/author\/redazione\/"}]}},"_links":{"self":[{"href":"https:\/\/www.intoscana.it\/it\/wp-json\/wp\/v2\/posts\/398681","targetHints":{"allow":["GET"]}}],"collection":[{"href":"https:\/\/www.intoscana.it\/it\/wp-json\/wp\/v2\/posts"}],"about":[{"href":"https:\/\/www.intoscana.it\/it\/wp-json\/wp\/v2\/types\/post"}],"author":[{"embeddable":true,"href":"https:\/\/www.intoscana.it\/it\/wp-json\/wp\/v2\/users\/525"}],"replies":[{"embeddable":true,"href":"https:\/\/www.intoscana.it\/it\/wp-json\/wp\/v2\/comments?post=398681"}],"version-history":[{"count":5,"href":"https:\/\/www.intoscana.it\/it\/wp-json\/wp\/v2\/posts\/398681\/revisions"}],"predecessor-version":[{"id":398956,"href":"https:\/\/www.intoscana.it\/it\/wp-json\/wp\/v2\/posts\/398681\/revisions\/398956"}],"wp:featuredmedia":[{"embeddable":true,"href":"https:\/\/www.intoscana.it\/it\/wp-json\/wp\/v2\/media\/398725"}],"wp:attachment":[{"href":"https:\/\/www.intoscana.it\/it\/wp-json\/wp\/v2\/media?parent=398681"}],"wp:term":[{"taxonomy":"category","embeddable":true,"href":"https:\/\/www.intoscana.it\/it\/wp-json\/wp\/v2\/categories?post=398681"},{"taxonomy":"post_tag","embeddable":true,"href":"https:\/\/www.intoscana.it\/it\/wp-json\/wp\/v2\/tags?post=398681"}],"curies":[{"name":"wp","href":"https:\/\/api.w.org\/{rel}","templated":true}]}}