{"id":398817,"date":"2025-09-09T15:16:33","date_gmt":"2025-09-09T13:16:33","guid":{"rendered":"https:\/\/www.intoscana.it\/it\/?p=398817"},"modified":"2025-09-09T15:16:33","modified_gmt":"2025-09-09T13:16:33","slug":"in-barca-a-vela-per-imparare-lautonomia-a-grosseto-il-progetto-per-gli-studenti-con-lievi-disabilita","status":"publish","type":"post","link":"https:\/\/www.intoscana.it\/it\/in-barca-a-vela-per-imparare-lautonomia-a-grosseto-il-progetto-per-gli-studenti-con-lievi-disabilita\/","title":{"rendered":"In barca a vela per imparare l&#8217;autonomia: a Grosseto il progetto per gli studenti con lievi disabilit\u00e0"},"content":{"rendered":"<p>Hanno imparato la rosa dei venti, come si fanno i nodi, le andature e le manovre e poi sono saliti a bordo di una barca a vela e hanno navigato, anche da soli. \u00c8 l\u2019esperienza fatta a fine agosto da<strong> ragazzi di 16, 17 e 18 anni con lievi disabilit\u00e0<\/strong>\u00a0che partecipano al <strong>progetto \u201cDai sogni alle Possibilit\u00e0\u201d, promosso dalla cooperativa sociale Nomos<\/strong> e realizzato grazie al contributo di Fondazione CR Firenze nell\u2019ambito del &#8220;Bando Passaggi 2 \u2013 Dalla scuola all\u2019autonomia&#8221;, con il supporto di Confartigianato Provinciale di Grosseto.<\/p>\n<h3>Un progetto di integrazione per i giovani<\/h3>\n<p>C\u2019\u00e8 chi si \u00e8 trovato subito a suo agio tra scotte, vele e timone e chi, all\u2019inizio diffidente, ha poi <strong>superato le proprie paure<\/strong> e si \u00e8 divertito: tutti hanno sperimentato un lato di s\u00e9 che non conoscevano, mettendosi alla prova, acquisendo nuove competenze e valorizzando le proprie abilit\u00e0.<\/p>\n<p><em>\u201c\u00c8 stata un\u2019esperienza che \u00e8 piaciuta e ha insegnato molto ai ragazzi<\/em> \u2013 spiega <strong>Gaia Guidotti, vicepresidente di Nomos<\/strong> \u2013 <em>questo progetto vuole migliorare<strong> l\u2019autonomia dei giovani, nel mondo del lavoro e non solo,<\/strong> il benessere dei ragazzi e delle loro famiglie, favorendo l\u2019integrazione nella comunit\u00e0 e nell\u2019ambito lavorativo. Fondamentale \u00e8 la collaborazione con l\u2019istituto scolastico Polo Tecnologico Manetti-Porciatti, che rappresenta il contesto quotidiano dei ragazzi\u201d.<\/em><\/p>\n<figure id=\"post-398835 media-398835\" class=\"align-none\">\n<p><figure style=\"width: 1200px\" class=\"wp-caption alignnone\"><img loading=\"lazy\" decoding=\"async\" src=\"https:\/\/www.intoscana.it\/wp-content\/uploads\/vela1.jpg\" alt=\"\" width=\"1200\" height=\"1600\" \/><figcaption class=\"wp-caption-text\">I ragazzi in barca a vela per il progetto &#8220;Passaggi&#8221;<\/figcaption><\/figure><\/figure>\n<p><strong>Il campo estivo di vela allo Yacht Club Punta Ala<\/strong> \u00e8 una delle attivit\u00e0 previste dal progetto \u201cDai sogni alle Possibilit\u00e0\u201d. A luglio i ragazzi hanno partecipato a <strong>incontri orientativi con Confartigianato<\/strong>, a laboratori per creare una citt\u00e0 e affrontare sfide lavorative attraverso i giochi di ruolo Dungeons &amp; Dragons e Minecraft, e a una visita a una fattoria didattica, dove hanno aiutato i bambini nelle attivit\u00e0 proposte. In autunno seguiranno <strong>laboratori socializzanti e orientativi<\/strong> e attivit\u00e0 volte all\u2019autonomia presso il Polo Tecnologico Manetti-Porciatti e in alcune realt\u00e0 territoriali.<\/p>\n<p><em>\u201cConfartigianato sostiene da sempre i progetti della cooperativa Nomos \u2013 <\/em>sottolinea Mauro Ciani, segretario generale di Confartigianato Imprese Grosseto <em>\u2013 perch\u00e9 crediamo fortemente che <strong>autonomia e inclusione<\/strong> siano i veri strumenti per garantire ai giovani, anche a q<\/em><em>uelli pi\u00f9 fragili, un futuro pi\u00f9 ricco di opportunit\u00e0.\u201d<\/em><\/p>\n<p><em>&#8220;Con il progetto Passaggi viene sperimentato concretamente come la <strong>formazione possa realizzarsi nell&#8217;esperienza di vita.<\/strong> Ragazzi e ragazze imparano a navigare non soltanto in mare, ma anche nelle sfide quotidiane verso l\u2019autonomia: \u00e8 questa la finalit\u00e0 che ci sta pi\u00f9 a cuore&#8221;<\/em> aggiunge Gabriele Gori, direttore generale di Fondazione CR Firenze.<\/p>\n","protected":false},"excerpt":{"rendered":"<p>Si \u00e8 concluso il campo estivo a Punta Ala di &#8220;Passaggi&#8221;, il progetto promosso da Nomos col contributo di Fondazione CR Firenze e Confartigianato<\/p>\n","protected":false},"author":525,"featured_media":398832,"comment_status":"open","ping_status":"open","sticky":false,"template":"","format":"standard","meta":{"_acf_changed":false,"footnotes":""},"categories":[4],"tags":[406,159,5750],"class_list":["post-398817","post","type-post","status-publish","format-standard","has-post-thumbnail","hentry","category-storie","tag-disabilita","tag-sport","tag-vela"],"acf":[],"yoast_head":"<!-- This site is optimized with the Yoast SEO Premium plugin v24.2 (Yoast SEO v25.6) - https:\/\/yoast.com\/wordpress\/plugins\/seo\/ -->\n<title>In barca a vela per imparare l&#039;autonomia: a Grosseto il progetto per gli studenti con lievi disabilit\u00e0 - intoscana<\/title>\n<meta name=\"robots\" content=\"index, follow, max-snippet:-1, max-image-preview:large, max-video-preview:-1\" \/>\n<link rel=\"canonical\" href=\"https:\/\/www.intoscana.it\/it\/in-barca-a-vela-per-imparare-lautonomia-a-grosseto-il-progetto-per-gli-studenti-con-lievi-disabilita\/\" \/>\n<meta property=\"og:locale\" content=\"it_IT\" \/>\n<meta property=\"og:type\" content=\"article\" \/>\n<meta property=\"og:title\" content=\"In barca a vela per imparare l&#039;autonomia: a Grosseto il progetto per gli studenti con lievi disabilit\u00e0\" \/>\n<meta property=\"og:description\" content=\"Si \u00e8 concluso il campo estivo a Punta Ala di &quot;Passaggi&quot;, il progetto promosso da Nomos col contributo di Fondazione CR Firenze e Confartigianato\" \/>\n<meta property=\"og:url\" content=\"https:\/\/www.intoscana.it\/it\/in-barca-a-vela-per-imparare-lautonomia-a-grosseto-il-progetto-per-gli-studenti-con-lievi-disabilita\/\" \/>\n<meta property=\"og:site_name\" content=\"intoscana\" \/>\n<meta property=\"article:publisher\" content=\"https:\/\/www.facebook.com\/intoscana.it\" \/>\n<meta property=\"article:published_time\" content=\"2025-09-09T13:16:33+00:00\" \/>\n<meta property=\"og:image\" content=\"https:\/\/www.intoscana.it\/wp-content\/uploads\/vela5.jpg\" \/>\n\t<meta property=\"og:image:width\" content=\"1200\" \/>\n\t<meta property=\"og:image:height\" content=\"1600\" \/>\n\t<meta property=\"og:image:type\" content=\"image\/jpeg\" \/>\n<meta name=\"author\" content=\"Redazione\" \/>\n<meta name=\"twitter:card\" content=\"summary_large_image\" \/>\n<meta name=\"twitter:creator\" content=\"@intoscana\" \/>\n<meta name=\"twitter:site\" content=\"@intoscana\" \/>\n<meta name=\"twitter:label1\" content=\"Written by\" \/>\n\t<meta name=\"twitter:data1\" content=\"Redazione\" \/>\n\t<meta name=\"twitter:label2\" content=\"Est. reading time\" \/>\n\t<meta name=\"twitter:data2\" content=\"3 minuti\" \/>\n<script type=\"application\/ld+json\" class=\"yoast-schema-graph\">{\"@context\":\"https:\/\/schema.org\",\"@graph\":[{\"@type\":\"WebPage\",\"@id\":\"https:\/\/www.intoscana.it\/it\/in-barca-a-vela-per-imparare-lautonomia-a-grosseto-il-progetto-per-gli-studenti-con-lievi-disabilita\/\",\"url\":\"https:\/\/www.intoscana.it\/it\/in-barca-a-vela-per-imparare-lautonomia-a-grosseto-il-progetto-per-gli-studenti-con-lievi-disabilita\/\",\"name\":\"In barca a vela per imparare l'autonomia: a Grosseto il progetto per gli studenti con lievi disabilit\u00e0 - intoscana\",\"isPartOf\":{\"@id\":\"https:\/\/www.intoscana.it\/it\/#website\"},\"primaryImageOfPage\":{\"@id\":\"https:\/\/www.intoscana.it\/it\/in-barca-a-vela-per-imparare-lautonomia-a-grosseto-il-progetto-per-gli-studenti-con-lievi-disabilita\/#primaryimage\"},\"image\":{\"@id\":\"https:\/\/www.intoscana.it\/it\/in-barca-a-vela-per-imparare-lautonomia-a-grosseto-il-progetto-per-gli-studenti-con-lievi-disabilita\/#primaryimage\"},\"thumbnailUrl\":\"https:\/\/www.intoscana.it\/wp-content\/uploads\/vela5.jpg\",\"datePublished\":\"2025-09-09T13:16:33+00:00\",\"author\":{\"@id\":\"https:\/\/www.intoscana.it\/it\/#\/schema\/person\/9223810753230f20bd670fdd322661f8\"},\"breadcrumb\":{\"@id\":\"https:\/\/www.intoscana.it\/it\/in-barca-a-vela-per-imparare-lautonomia-a-grosseto-il-progetto-per-gli-studenti-con-lievi-disabilita\/#breadcrumb\"},\"inLanguage\":\"it-IT\",\"potentialAction\":[{\"@type\":\"ReadAction\",\"target\":[\"https:\/\/www.intoscana.it\/it\/in-barca-a-vela-per-imparare-lautonomia-a-grosseto-il-progetto-per-gli-studenti-con-lievi-disabilita\/\"]}]},{\"@type\":\"ImageObject\",\"inLanguage\":\"it-IT\",\"@id\":\"https:\/\/www.intoscana.it\/it\/in-barca-a-vela-per-imparare-lautonomia-a-grosseto-il-progetto-per-gli-studenti-con-lievi-disabilita\/#primaryimage\",\"url\":\"https:\/\/www.intoscana.it\/wp-content\/uploads\/vela5.jpg\",\"contentUrl\":\"https:\/\/www.intoscana.it\/wp-content\/uploads\/vela5.jpg\",\"width\":1200,\"height\":1600},{\"@type\":\"BreadcrumbList\",\"@id\":\"https:\/\/www.intoscana.it\/it\/in-barca-a-vela-per-imparare-lautonomia-a-grosseto-il-progetto-per-gli-studenti-con-lievi-disabilita\/#breadcrumb\",\"itemListElement\":[{\"@type\":\"ListItem\",\"position\":1,\"name\":\"Home\",\"item\":\"https:\/\/www.intoscana.it\/it\/\"},{\"@type\":\"ListItem\",\"position\":2,\"name\":\"In barca a vela per imparare l&#8217;autonomia: a Grosseto il progetto per gli studenti con lievi disabilit\u00e0\"}]},{\"@type\":\"WebSite\",\"@id\":\"https:\/\/www.intoscana.it\/it\/#website\",\"url\":\"https:\/\/www.intoscana.it\/it\/\",\"name\":\"intoscana\",\"description\":\"\",\"potentialAction\":[{\"@type\":\"SearchAction\",\"target\":{\"@type\":\"EntryPoint\",\"urlTemplate\":\"https:\/\/www.intoscana.it\/it\/?s={search_term_string}\"},\"query-input\":{\"@type\":\"PropertyValueSpecification\",\"valueRequired\":true,\"valueName\":\"search_term_string\"}}],\"inLanguage\":\"it-IT\"},{\"@type\":\"Person\",\"@id\":\"https:\/\/www.intoscana.it\/it\/#\/schema\/person\/9223810753230f20bd670fdd322661f8\",\"name\":\"Redazione\",\"url\":\"https:\/\/www.intoscana.it\/it\/author\/redazione\/\"}]}<\/script>\n<!-- \/ Yoast SEO Premium plugin. -->","yoast_head_json":{"title":"In barca a vela per imparare l'autonomia: a Grosseto il progetto per gli studenti con lievi disabilit\u00e0 - intoscana","robots":{"index":"index","follow":"follow","max-snippet":"max-snippet:-1","max-image-preview":"max-image-preview:large","max-video-preview":"max-video-preview:-1"},"canonical":"https:\/\/www.intoscana.it\/it\/in-barca-a-vela-per-imparare-lautonomia-a-grosseto-il-progetto-per-gli-studenti-con-lievi-disabilita\/","og_locale":"it_IT","og_type":"article","og_title":"In barca a vela per imparare l'autonomia: a Grosseto il progetto per gli studenti con lievi disabilit\u00e0","og_description":"Si \u00e8 concluso il campo estivo a Punta Ala di \"Passaggi\", il progetto promosso da Nomos col contributo di Fondazione CR Firenze e Confartigianato","og_url":"https:\/\/www.intoscana.it\/it\/in-barca-a-vela-per-imparare-lautonomia-a-grosseto-il-progetto-per-gli-studenti-con-lievi-disabilita\/","og_site_name":"intoscana","article_publisher":"https:\/\/www.facebook.com\/intoscana.it","article_published_time":"2025-09-09T13:16:33+00:00","og_image":[{"width":1200,"height":1600,"url":"https:\/\/www.intoscana.it\/wp-content\/uploads\/vela5.jpg","type":"image\/jpeg"}],"author":"Redazione","twitter_card":"summary_large_image","twitter_creator":"@intoscana","twitter_site":"@intoscana","twitter_misc":{"Written by":"Redazione","Est. reading time":"3 minuti"},"schema":{"@context":"https:\/\/schema.org","@graph":[{"@type":"WebPage","@id":"https:\/\/www.intoscana.it\/it\/in-barca-a-vela-per-imparare-lautonomia-a-grosseto-il-progetto-per-gli-studenti-con-lievi-disabilita\/","url":"https:\/\/www.intoscana.it\/it\/in-barca-a-vela-per-imparare-lautonomia-a-grosseto-il-progetto-per-gli-studenti-con-lievi-disabilita\/","name":"In barca a vela per imparare l'autonomia: a Grosseto il progetto per gli studenti con lievi disabilit\u00e0 - intoscana","isPartOf":{"@id":"https:\/\/www.intoscana.it\/it\/#website"},"primaryImageOfPage":{"@id":"https:\/\/www.intoscana.it\/it\/in-barca-a-vela-per-imparare-lautonomia-a-grosseto-il-progetto-per-gli-studenti-con-lievi-disabilita\/#primaryimage"},"image":{"@id":"https:\/\/www.intoscana.it\/it\/in-barca-a-vela-per-imparare-lautonomia-a-grosseto-il-progetto-per-gli-studenti-con-lievi-disabilita\/#primaryimage"},"thumbnailUrl":"https:\/\/www.intoscana.it\/wp-content\/uploads\/vela5.jpg","datePublished":"2025-09-09T13:16:33+00:00","author":{"@id":"https:\/\/www.intoscana.it\/it\/#\/schema\/person\/9223810753230f20bd670fdd322661f8"},"breadcrumb":{"@id":"https:\/\/www.intoscana.it\/it\/in-barca-a-vela-per-imparare-lautonomia-a-grosseto-il-progetto-per-gli-studenti-con-lievi-disabilita\/#breadcrumb"},"inLanguage":"it-IT","potentialAction":[{"@type":"ReadAction","target":["https:\/\/www.intoscana.it\/it\/in-barca-a-vela-per-imparare-lautonomia-a-grosseto-il-progetto-per-gli-studenti-con-lievi-disabilita\/"]}]},{"@type":"ImageObject","inLanguage":"it-IT","@id":"https:\/\/www.intoscana.it\/it\/in-barca-a-vela-per-imparare-lautonomia-a-grosseto-il-progetto-per-gli-studenti-con-lievi-disabilita\/#primaryimage","url":"https:\/\/www.intoscana.it\/wp-content\/uploads\/vela5.jpg","contentUrl":"https:\/\/www.intoscana.it\/wp-content\/uploads\/vela5.jpg","width":1200,"height":1600},{"@type":"BreadcrumbList","@id":"https:\/\/www.intoscana.it\/it\/in-barca-a-vela-per-imparare-lautonomia-a-grosseto-il-progetto-per-gli-studenti-con-lievi-disabilita\/#breadcrumb","itemListElement":[{"@type":"ListItem","position":1,"name":"Home","item":"https:\/\/www.intoscana.it\/it\/"},{"@type":"ListItem","position":2,"name":"In barca a vela per imparare l&#8217;autonomia: a Grosseto il progetto per gli studenti con lievi disabilit\u00e0"}]},{"@type":"WebSite","@id":"https:\/\/www.intoscana.it\/it\/#website","url":"https:\/\/www.intoscana.it\/it\/","name":"intoscana","description":"","potentialAction":[{"@type":"SearchAction","target":{"@type":"EntryPoint","urlTemplate":"https:\/\/www.intoscana.it\/it\/?s={search_term_string}"},"query-input":{"@type":"PropertyValueSpecification","valueRequired":true,"valueName":"search_term_string"}}],"inLanguage":"it-IT"},{"@type":"Person","@id":"https:\/\/www.intoscana.it\/it\/#\/schema\/person\/9223810753230f20bd670fdd322661f8","name":"Redazione","url":"https:\/\/www.intoscana.it\/it\/author\/redazione\/"}]}},"_links":{"self":[{"href":"https:\/\/www.intoscana.it\/it\/wp-json\/wp\/v2\/posts\/398817","targetHints":{"allow":["GET"]}}],"collection":[{"href":"https:\/\/www.intoscana.it\/it\/wp-json\/wp\/v2\/posts"}],"about":[{"href":"https:\/\/www.intoscana.it\/it\/wp-json\/wp\/v2\/types\/post"}],"author":[{"embeddable":true,"href":"https:\/\/www.intoscana.it\/it\/wp-json\/wp\/v2\/users\/525"}],"replies":[{"embeddable":true,"href":"https:\/\/www.intoscana.it\/it\/wp-json\/wp\/v2\/comments?post=398817"}],"version-history":[{"count":5,"href":"https:\/\/www.intoscana.it\/it\/wp-json\/wp\/v2\/posts\/398817\/revisions"}],"predecessor-version":[{"id":398837,"href":"https:\/\/www.intoscana.it\/it\/wp-json\/wp\/v2\/posts\/398817\/revisions\/398837"}],"wp:featuredmedia":[{"embeddable":true,"href":"https:\/\/www.intoscana.it\/it\/wp-json\/wp\/v2\/media\/398832"}],"wp:attachment":[{"href":"https:\/\/www.intoscana.it\/it\/wp-json\/wp\/v2\/media?parent=398817"}],"wp:term":[{"taxonomy":"category","embeddable":true,"href":"https:\/\/www.intoscana.it\/it\/wp-json\/wp\/v2\/categories?post=398817"},{"taxonomy":"post_tag","embeddable":true,"href":"https:\/\/www.intoscana.it\/it\/wp-json\/wp\/v2\/tags?post=398817"}],"curies":[{"name":"wp","href":"https:\/\/api.w.org\/{rel}","templated":true}]}}