{"id":399302,"date":"2025-09-13T11:42:20","date_gmt":"2025-09-13T09:42:20","guid":{"rendered":"https:\/\/www.intoscana.it\/it\/?p=399302"},"modified":"2025-09-13T11:42:20","modified_gmt":"2025-09-13T09:42:20","slug":"arte-e-vino-si-incontrano-al-castello-di-albola-per-dialoghi-paralleli","status":"publish","type":"post","link":"https:\/\/www.intoscana.it\/it\/arte-e-vino-si-incontrano-al-castello-di-albola-per-dialoghi-paralleli\/","title":{"rendered":"Arte e vino si incontrano al castello di Albola per &#8220;Dialoghi paralleli&#8221;"},"content":{"rendered":"<p>Nelle terre del <strong>Chianti Classico<\/strong> si rinnova per il terzo anno un progetto al <strong>Castello di Albola<\/strong> che mette al centro <strong>arte e vino<\/strong>. Si tratta di \u201c<em>Dialoghi Paralleli<\/em>\u201d: un percorso culturale che pone a confronto, all\u2019interno della tenuta, le opere di due artisti: <strong>Blerta Xhomo e Massimo Barlettani<\/strong>. Un&#8217;esposizione in corso fino al 31 dicembre.<\/p>\n<p>L&#8217;esposizione invita il pubblico a riflettere sul valore del <strong>confronto<\/strong> e della <strong>diversit\u00e0<\/strong>. L\u2019idea di fondo \u00e8 quella di <strong>conversazioni parallele<\/strong>: percorsi che scorrono vicini, si osservano, si arricchiscono a vicenda, senza mai perdere la <strong>propria identit\u00e0<\/strong>.<\/p>\n<p>In questo contesto prendono forma le opere di <strong>Blerta Xhomo e Massimo Barlettani<\/strong>, artisti distanti per <strong>tecnica e linguaggio<\/strong>, ma accomunati dal desiderio di esplorare <strong>significati profondi<\/strong>. Le loro creazioni dialogano con gli spazi storici della tenuta, diventando non semplici oggetti esposti ma <strong>strumenti di scoperta<\/strong>, capaci di trasformare la visita in un\u2019esperienza immersiva.<\/p>\n<p>Ogni opera trova il proprio spazio, in un equilibrio che evita lo scontro e celebra la <strong>reciprocit\u00e0<\/strong>. Cos\u00ec il percorso espositivo diventa un invito a guardare oltre l\u2019opera stessa: a conoscere il luogo che la ospita e a lasciarsi coinvolgere da una <strong>narrazione visiva<\/strong> fatta di differenze che si incontrano, senza mai sovrapporsi.<\/p>\n<p><em>\u201cPetrarca avrebbe forse chiamato Albola \u201cil tempio della quiete e della sensibilit\u00e0\u201d: un luogo dove la voce della terra e dell\u2019amore risuona senza bisogno di parole. \u00c8 qui che \u00e8 nato dentro di me, come nei miei genitori e in mio nonno, tutti agronomi, quel sentimento profondo che lega l\u2019uomo alla natura. La Toscana, per me, \u00e8 pi\u00f9 di una terra: \u00e8 una vocazione, un sentimento interiore che si rinnova ogni volta nei racconti di mio nonno, ricordi nati dai suoi studi di orticoltura e viticoltura in Italia&#8221;<\/em> sottolinea <strong>Blerta Xhomo<\/strong>.<\/p>\n<p><em>&#8220;In questo contesto, l\u2019uva non \u00e8 soltanto un frutto: \u00e8 poesia che matura nel silenzio, per poi diventare vino, capace di parlare il linguaggio intimo dei ricordi e dei desideri. Ogni volta che ritorno in Toscana, sento di entrare in un universo poetico, denso di fascino e bellezza. Le mie opere nascono da questo dialogo interiore e si presentano come strutture umane e naturali, cariche di luce ed emozione. Ombre silenziose ma evocative si intrecciano con la vitalit\u00e0 della vita stessa, trasformandosi in grido visivo e in tensione creativa. Attraverso la pittura, cerco di orientare i sensi verso uno spazio che coltiva speranza, desiderio e ottimismo: una luce che si fa energia, come quella del sole, del vino e della terra&#8221;<\/em> sottolinea ancora l&#8217;artista.<\/p>\n<p><em>\u201cQuando sono arrivato al Castello di Albola ho sentito una vibrazione antica e potente, questo luogo risuona di una nobilt\u00e0 ancora presente e, per fortuna, valorizzata con eleganza e rispetto. Sono perfettamente d\u2019accordo che \u201cil vino e il bacio sfiorano le stesse aree percettive\u201d ma aggiungerei che la sensualit\u00e0 dei fiori tocca le stesse corde. Anche il mio lavoro si basa su una continua ricerca delle percezioni, la meraviglia delle forme e dei colori dei fiori di campo vengono percepite come macchie decorative del paesaggio, in pochi ne apprezzano l\u2019intima essenza. Le mie opere cercano di svelare il mistero del ciclo della vita, della potenza e della fragilit\u00e0, della caducit\u00e0 e della rinascita. In questa perfetta essenza del ciclo delle stagioni e del miracolo del vino&#8221; <\/em>ricorda <strong>Massimo Barlettani<\/strong>.<\/p>\n<p>Per il <strong>Castello di Albola<\/strong> che ogni anno ospita <strong>oltre 25mila visitatori<\/strong> l&#8217;occasione per ribadire il percorso culturale che la tenuta del Chianti Classico sta portando avanti.<\/p>\n<p>\u201c<em>Castello di Albola \u00e8 un luogo che appassiona per la sua bellezza unica, l\u2019architettura caratteristica del borgo medievale e la cultura vitivinicola che custodisce da generazioni. Quest\u2019esposizione \u00e8 parte di un percorso pi\u00f9 ampio di Castello di Albola nel mondo dell\u2019arte: un cammino volto a dar sempre pi\u00f9 Valore al territorio e alla sua eredit\u00e0, alla sua identit\u00e0 e alle sue tradizioni. Noi che custodiamo questi luoghi per le generazioni future abbiamo il dovere di continuare a promuovere questi scambi cos\u00ec da interpretare insieme questo patrimonio senza eguali che abbiamo ereditato \u2026e siamo invitati a farlo mentre degustiamo un buon bicchiere di vino: un simbolo di buona convivialit\u00e0, apparentemente semplice e per alcuni banale, che \u00e8 capace di raccontare tante storie diverse dalla sua ma tutte di egual Valore&#8221;<\/em> conclude <strong>Alessandro Gallo<\/strong>, direttore ed enologo di Castello di Albola.<\/p>\n","protected":false},"excerpt":{"rendered":"<p>La tenuta ospita fino al 31 dicembre un percorso culturale con gli artisti Blerta Xhomo e Massimo Barlettani<\/p>\n","protected":false},"author":554,"featured_media":399305,"comment_status":"open","ping_status":"open","sticky":false,"template":"","format":"standard","meta":{"_acf_changed":false,"footnotes":""},"categories":[493],"tags":[227,3557,6108],"class_list":["post-399302","post","type-post","status-publish","format-standard","has-post-thumbnail","hentry","category-cultura","tag-arte-contemporanea","tag-aziende-vinicole","tag-chianti-classico"],"acf":[],"yoast_head":"<!-- This site is optimized with the Yoast SEO Premium plugin v24.2 (Yoast SEO v25.6) - https:\/\/yoast.com\/wordpress\/plugins\/seo\/ -->\n<title>Arte e vino si incontrano al castello di Albola per &quot;Dialoghi paralleli&quot; - intoscana<\/title>\n<meta name=\"description\" content=\"La tenuta ospita fino al 31 dicembre un percorso culturale con gli artisti Blerta Xhomo e Massimo Barlettani\" \/>\n<meta name=\"robots\" content=\"index, follow, max-snippet:-1, max-image-preview:large, max-video-preview:-1\" \/>\n<link rel=\"canonical\" href=\"https:\/\/www.intoscana.it\/it\/arte-e-vino-si-incontrano-al-castello-di-albola-per-dialoghi-paralleli\/\" \/>\n<meta property=\"og:locale\" content=\"it_IT\" \/>\n<meta property=\"og:type\" content=\"article\" \/>\n<meta property=\"og:title\" content=\"Arte e vino si incontrano al castello di Albola per &quot;Dialoghi paralleli&quot;\" \/>\n<meta property=\"og:description\" content=\"La tenuta ospita fino al 31 dicembre un percorso culturale con gli artisti Blerta Xhomo e Massimo Barlettani\" \/>\n<meta property=\"og:url\" content=\"https:\/\/www.intoscana.it\/it\/arte-e-vino-si-incontrano-al-castello-di-albola-per-dialoghi-paralleli\/\" \/>\n<meta property=\"og:site_name\" content=\"intoscana\" \/>\n<meta property=\"article:publisher\" content=\"https:\/\/www.facebook.com\/intoscana.it\" \/>\n<meta property=\"article:published_time\" content=\"2025-09-13T09:42:20+00:00\" \/>\n<meta property=\"og:image\" content=\"https:\/\/www.intoscana.it\/wp-content\/uploads\/Dialoghi-paralleli-al-castello-di-Albola-scaled.jpg\" \/>\n\t<meta property=\"og:image:width\" content=\"2048\" \/>\n\t<meta property=\"og:image:height\" content=\"1128\" \/>\n\t<meta property=\"og:image:type\" content=\"image\/jpeg\" \/>\n<meta name=\"author\" content=\"Raffaella Galamini\" \/>\n<meta name=\"twitter:card\" content=\"summary_large_image\" \/>\n<meta name=\"twitter:creator\" content=\"@orio\" \/>\n<meta name=\"twitter:site\" content=\"@intoscana\" \/>\n<meta name=\"twitter:label1\" content=\"Written by\" \/>\n\t<meta name=\"twitter:data1\" content=\"Raffaella Galamini\" \/>\n\t<meta name=\"twitter:label2\" content=\"Est. reading time\" \/>\n\t<meta name=\"twitter:data2\" content=\"4 minuti\" \/>\n<script type=\"application\/ld+json\" class=\"yoast-schema-graph\">{\"@context\":\"https:\/\/schema.org\",\"@graph\":[{\"@type\":\"WebPage\",\"@id\":\"https:\/\/www.intoscana.it\/it\/arte-e-vino-si-incontrano-al-castello-di-albola-per-dialoghi-paralleli\/\",\"url\":\"https:\/\/www.intoscana.it\/it\/arte-e-vino-si-incontrano-al-castello-di-albola-per-dialoghi-paralleli\/\",\"name\":\"Arte e vino si incontrano al castello di Albola per \\\"Dialoghi paralleli\\\" - intoscana\",\"isPartOf\":{\"@id\":\"https:\/\/www.intoscana.it\/it\/#website\"},\"primaryImageOfPage\":{\"@id\":\"https:\/\/www.intoscana.it\/it\/arte-e-vino-si-incontrano-al-castello-di-albola-per-dialoghi-paralleli\/#primaryimage\"},\"image\":{\"@id\":\"https:\/\/www.intoscana.it\/it\/arte-e-vino-si-incontrano-al-castello-di-albola-per-dialoghi-paralleli\/#primaryimage\"},\"thumbnailUrl\":\"https:\/\/www.intoscana.it\/wp-content\/uploads\/Dialoghi-paralleli-al-castello-di-Albola-scaled.jpg\",\"datePublished\":\"2025-09-13T09:42:20+00:00\",\"author\":{\"@id\":\"https:\/\/www.intoscana.it\/it\/#\/schema\/person\/9eb9daa846a49fe51af39a73d9d1986b\"},\"description\":\"La tenuta ospita fino al 31 dicembre un percorso culturale con gli artisti Blerta Xhomo e Massimo Barlettani\",\"breadcrumb\":{\"@id\":\"https:\/\/www.intoscana.it\/it\/arte-e-vino-si-incontrano-al-castello-di-albola-per-dialoghi-paralleli\/#breadcrumb\"},\"inLanguage\":\"it-IT\",\"potentialAction\":[{\"@type\":\"ReadAction\",\"target\":[\"https:\/\/www.intoscana.it\/it\/arte-e-vino-si-incontrano-al-castello-di-albola-per-dialoghi-paralleli\/\"]}]},{\"@type\":\"ImageObject\",\"inLanguage\":\"it-IT\",\"@id\":\"https:\/\/www.intoscana.it\/it\/arte-e-vino-si-incontrano-al-castello-di-albola-per-dialoghi-paralleli\/#primaryimage\",\"url\":\"https:\/\/www.intoscana.it\/wp-content\/uploads\/Dialoghi-paralleli-al-castello-di-Albola-scaled.jpg\",\"contentUrl\":\"https:\/\/www.intoscana.it\/wp-content\/uploads\/Dialoghi-paralleli-al-castello-di-Albola-scaled.jpg\",\"width\":2048,\"height\":1128},{\"@type\":\"BreadcrumbList\",\"@id\":\"https:\/\/www.intoscana.it\/it\/arte-e-vino-si-incontrano-al-castello-di-albola-per-dialoghi-paralleli\/#breadcrumb\",\"itemListElement\":[{\"@type\":\"ListItem\",\"position\":1,\"name\":\"Home\",\"item\":\"https:\/\/www.intoscana.it\/it\/\"},{\"@type\":\"ListItem\",\"position\":2,\"name\":\"Arte e vino si incontrano al castello di Albola per &#8220;Dialoghi paralleli&#8221;\"}]},{\"@type\":\"WebSite\",\"@id\":\"https:\/\/www.intoscana.it\/it\/#website\",\"url\":\"https:\/\/www.intoscana.it\/it\/\",\"name\":\"intoscana\",\"description\":\"\",\"potentialAction\":[{\"@type\":\"SearchAction\",\"target\":{\"@type\":\"EntryPoint\",\"urlTemplate\":\"https:\/\/www.intoscana.it\/it\/?s={search_term_string}\"},\"query-input\":{\"@type\":\"PropertyValueSpecification\",\"valueRequired\":true,\"valueName\":\"search_term_string\"}}],\"inLanguage\":\"it-IT\"},{\"@type\":\"Person\",\"@id\":\"https:\/\/www.intoscana.it\/it\/#\/schema\/person\/9eb9daa846a49fe51af39a73d9d1986b\",\"name\":\"Raffaella Galamini\",\"sameAs\":[\"https:\/\/x.com\/orio\"],\"url\":\"https:\/\/www.intoscana.it\/it\/author\/r-galamini\/\"}]}<\/script>\n<!-- \/ Yoast SEO Premium plugin. -->","yoast_head_json":{"title":"Arte e vino si incontrano al castello di Albola per \"Dialoghi paralleli\" - intoscana","description":"La tenuta ospita fino al 31 dicembre un percorso culturale con gli artisti Blerta Xhomo e Massimo Barlettani","robots":{"index":"index","follow":"follow","max-snippet":"max-snippet:-1","max-image-preview":"max-image-preview:large","max-video-preview":"max-video-preview:-1"},"canonical":"https:\/\/www.intoscana.it\/it\/arte-e-vino-si-incontrano-al-castello-di-albola-per-dialoghi-paralleli\/","og_locale":"it_IT","og_type":"article","og_title":"Arte e vino si incontrano al castello di Albola per \"Dialoghi paralleli\"","og_description":"La tenuta ospita fino al 31 dicembre un percorso culturale con gli artisti Blerta Xhomo e Massimo Barlettani","og_url":"https:\/\/www.intoscana.it\/it\/arte-e-vino-si-incontrano-al-castello-di-albola-per-dialoghi-paralleli\/","og_site_name":"intoscana","article_publisher":"https:\/\/www.facebook.com\/intoscana.it","article_published_time":"2025-09-13T09:42:20+00:00","og_image":[{"width":2048,"height":1128,"url":"https:\/\/www.intoscana.it\/wp-content\/uploads\/Dialoghi-paralleli-al-castello-di-Albola-scaled.jpg","type":"image\/jpeg"}],"author":"Raffaella Galamini","twitter_card":"summary_large_image","twitter_creator":"@orio","twitter_site":"@intoscana","twitter_misc":{"Written by":"Raffaella Galamini","Est. reading time":"4 minuti"},"schema":{"@context":"https:\/\/schema.org","@graph":[{"@type":"WebPage","@id":"https:\/\/www.intoscana.it\/it\/arte-e-vino-si-incontrano-al-castello-di-albola-per-dialoghi-paralleli\/","url":"https:\/\/www.intoscana.it\/it\/arte-e-vino-si-incontrano-al-castello-di-albola-per-dialoghi-paralleli\/","name":"Arte e vino si incontrano al castello di Albola per \"Dialoghi paralleli\" - intoscana","isPartOf":{"@id":"https:\/\/www.intoscana.it\/it\/#website"},"primaryImageOfPage":{"@id":"https:\/\/www.intoscana.it\/it\/arte-e-vino-si-incontrano-al-castello-di-albola-per-dialoghi-paralleli\/#primaryimage"},"image":{"@id":"https:\/\/www.intoscana.it\/it\/arte-e-vino-si-incontrano-al-castello-di-albola-per-dialoghi-paralleli\/#primaryimage"},"thumbnailUrl":"https:\/\/www.intoscana.it\/wp-content\/uploads\/Dialoghi-paralleli-al-castello-di-Albola-scaled.jpg","datePublished":"2025-09-13T09:42:20+00:00","author":{"@id":"https:\/\/www.intoscana.it\/it\/#\/schema\/person\/9eb9daa846a49fe51af39a73d9d1986b"},"description":"La tenuta ospita fino al 31 dicembre un percorso culturale con gli artisti Blerta Xhomo e Massimo Barlettani","breadcrumb":{"@id":"https:\/\/www.intoscana.it\/it\/arte-e-vino-si-incontrano-al-castello-di-albola-per-dialoghi-paralleli\/#breadcrumb"},"inLanguage":"it-IT","potentialAction":[{"@type":"ReadAction","target":["https:\/\/www.intoscana.it\/it\/arte-e-vino-si-incontrano-al-castello-di-albola-per-dialoghi-paralleli\/"]}]},{"@type":"ImageObject","inLanguage":"it-IT","@id":"https:\/\/www.intoscana.it\/it\/arte-e-vino-si-incontrano-al-castello-di-albola-per-dialoghi-paralleli\/#primaryimage","url":"https:\/\/www.intoscana.it\/wp-content\/uploads\/Dialoghi-paralleli-al-castello-di-Albola-scaled.jpg","contentUrl":"https:\/\/www.intoscana.it\/wp-content\/uploads\/Dialoghi-paralleli-al-castello-di-Albola-scaled.jpg","width":2048,"height":1128},{"@type":"BreadcrumbList","@id":"https:\/\/www.intoscana.it\/it\/arte-e-vino-si-incontrano-al-castello-di-albola-per-dialoghi-paralleli\/#breadcrumb","itemListElement":[{"@type":"ListItem","position":1,"name":"Home","item":"https:\/\/www.intoscana.it\/it\/"},{"@type":"ListItem","position":2,"name":"Arte e vino si incontrano al castello di Albola per &#8220;Dialoghi paralleli&#8221;"}]},{"@type":"WebSite","@id":"https:\/\/www.intoscana.it\/it\/#website","url":"https:\/\/www.intoscana.it\/it\/","name":"intoscana","description":"","potentialAction":[{"@type":"SearchAction","target":{"@type":"EntryPoint","urlTemplate":"https:\/\/www.intoscana.it\/it\/?s={search_term_string}"},"query-input":{"@type":"PropertyValueSpecification","valueRequired":true,"valueName":"search_term_string"}}],"inLanguage":"it-IT"},{"@type":"Person","@id":"https:\/\/www.intoscana.it\/it\/#\/schema\/person\/9eb9daa846a49fe51af39a73d9d1986b","name":"Raffaella Galamini","sameAs":["https:\/\/x.com\/orio"],"url":"https:\/\/www.intoscana.it\/it\/author\/r-galamini\/"}]}},"_links":{"self":[{"href":"https:\/\/www.intoscana.it\/it\/wp-json\/wp\/v2\/posts\/399302","targetHints":{"allow":["GET"]}}],"collection":[{"href":"https:\/\/www.intoscana.it\/it\/wp-json\/wp\/v2\/posts"}],"about":[{"href":"https:\/\/www.intoscana.it\/it\/wp-json\/wp\/v2\/types\/post"}],"author":[{"embeddable":true,"href":"https:\/\/www.intoscana.it\/it\/wp-json\/wp\/v2\/users\/554"}],"replies":[{"embeddable":true,"href":"https:\/\/www.intoscana.it\/it\/wp-json\/wp\/v2\/comments?post=399302"}],"version-history":[{"count":5,"href":"https:\/\/www.intoscana.it\/it\/wp-json\/wp\/v2\/posts\/399302\/revisions"}],"predecessor-version":[{"id":399361,"href":"https:\/\/www.intoscana.it\/it\/wp-json\/wp\/v2\/posts\/399302\/revisions\/399361"}],"wp:featuredmedia":[{"embeddable":true,"href":"https:\/\/www.intoscana.it\/it\/wp-json\/wp\/v2\/media\/399305"}],"wp:attachment":[{"href":"https:\/\/www.intoscana.it\/it\/wp-json\/wp\/v2\/media?parent=399302"}],"wp:term":[{"taxonomy":"category","embeddable":true,"href":"https:\/\/www.intoscana.it\/it\/wp-json\/wp\/v2\/categories?post=399302"},{"taxonomy":"post_tag","embeddable":true,"href":"https:\/\/www.intoscana.it\/it\/wp-json\/wp\/v2\/tags?post=399302"}],"curies":[{"name":"wp","href":"https:\/\/api.w.org\/{rel}","templated":true}]}}