{"id":399623,"date":"2025-09-16T12:07:30","date_gmt":"2025-09-16T10:07:30","guid":{"rendered":"https:\/\/www.intoscana.it\/it\/?p=399623"},"modified":"2025-09-16T12:56:10","modified_gmt":"2025-09-16T10:56:10","slug":"colle-val-delsa-in-corsa-per-il-titolo-di-capitale-italiana-della-cultura-2028-presentato-il-dossier","status":"publish","type":"post","link":"https:\/\/www.intoscana.it\/it\/colle-val-delsa-in-corsa-per-il-titolo-di-capitale-italiana-della-cultura-2028-presentato-il-dossier\/","title":{"rendered":"Colle Val d&#8217;Elsa in corsa per il titolo di Capitale italiana della Cultura 2028: presentato il dossier"},"content":{"rendered":"<p>Cultura come bene comune, diffuso e quotidiano, cultura &#8220;Per tutti, dappertutto&#8221;. \u00c8 questo il concept della candidatura di <strong>Colle di Val d&#8217;Elsa<\/strong> a Capitale italiana della Cultura 2028.<\/p>\n<p>Il dossier, con la direzione artistica di <strong>Giordano Bruno Guerri<\/strong>, \u00e8 stato ufficialmente presentato alla citt\u00e0 dal sindaco e dagli assessori alla Cultura e al Turismo, nel corso di un evento pubblico al Teatro del Popolo.<\/p>\n<h3><em>Il confronto con i cittadini<\/em><\/h3>\n<p>I progetti sono partiti da un confronto partecipato con i cittadini per restituire <mark>l&#8217;immagine di una cultura, si spiega in una nota,\u00a0 che diventa esperienza universale, accessibile e inclusiva, capace di intrecciarsi con la vita delle comunit\u00e0 e di generare valore sociale, economico e civile.<\/mark><\/p>\n<p>&#8220;\u00c8 un&#8217;opportunit\u00e0 assolutamente da non perdere perch\u00e9 il titolo di Capitale italiana della cultura serve s\u00ec a far crescere la cultura in termini di settore &#8211; ha detto Giordano Bruno Guerri &#8211; ma serve anche a rivelare luoghi e a generare ricchezza perch\u00e9 si attraggono investimenti, si crea indotto, lavoro e la citt\u00e0 cambia in termini di sviluppo turistico. <mark>\u00c8 una sfida difficile, ma Colle sta lavorando molto bene, \u00e8 partita per tempo e sta operando con determinazione, sagacia e anche con fantasia che \u00e8 un elemento preziosissimo&#8221;.<\/mark><\/p>\n<h3><em>Il dossier di candidatura<\/em><\/h3>\n<p>Tre le\u00a0 direttrici strategiche che sintetizzano il dossier: accogliere, rigenerare e connettere.<\/p>\n<p><iframe loading=\"lazy\" style=\"border: none; overflow: hidden;\" src=\"https:\/\/www.facebook.com\/plugins\/video.php?height=314&amp;href=https%3A%2F%2Fwww.facebook.com%2Fcolledivaldelsa%2Fvideos%2F803159128917005%2F&amp;show_text=false&amp;width=560&amp;t=0\" width=\"560\" height=\"314\" frameborder=\"0\" scrolling=\"no\" allowfullscreen=\"allowfullscreen\"><\/iframe><\/p>\n<p>La citt\u00e0 si propone come laboratorio e modello per molte realt\u00e0 italiane di medie e piccole dimensioni. La candidatura intende infatti essere il motore di un nuovo <strong>welfare culturale<\/strong> capace di generare benessere diffuso e connessioni con il mondo delle imprese. L&#8217;obiettivo e riconoscere alla cultura un ruolo concreto nella qualit\u00e0 della vita: dalla salute all&#8217;inclusione, dall&#8217;educazione alla coesione sociale.<\/p>\n<p>Il progetto coinvolege i luoghi pi\u00f9 frequentati e popolari: <mark>piazze, parchi, scuole, i quartieri, lungo il fiume Elsa e negli spazi rigenerati come l&#8217;Agor\u00e0 della cultura.<\/mark><\/p>\n<p>&nbsp;<\/p>\n","protected":false},"excerpt":{"rendered":"<p>Un nuovo progetto per la citt\u00e0, con la direzione artistica di Giordano Bruno Guerri: &#8220;\u00c8 una sfida difficile, ma Colle sta lavorando molto bene, \u00e8 partita per tempo e sta operando con determinazione, sagacia e anche con fantasia&#8221;<\/p>\n","protected":false},"author":525,"featured_media":399644,"comment_status":"open","ping_status":"open","sticky":false,"template":"","format":"standard","meta":{"_acf_changed":false,"footnotes":""},"categories":[493],"tags":[5598],"class_list":["post-399623","post","type-post","status-publish","format-standard","has-post-thumbnail","hentry","category-cultura","tag-capitale-cultura"],"acf":[],"yoast_head":"<!-- This site is optimized with the Yoast SEO Premium plugin v24.2 (Yoast SEO v25.6) - https:\/\/yoast.com\/wordpress\/plugins\/seo\/ -->\n<title>Colle Val d&#039;Elsa in corsa per il titolo di Capitale italiana della Cultura 2028: presentato il dossier - intoscana<\/title>\n<meta name=\"description\" content=\"Presentato il progetto alla citt\u00e0, con la direzione artistica di Giordano Bruno Guerri: &quot;\u00c8 una sfida difficile, ma Colle sta lavorando molto bene, \u00e8 partita per tempo e sta operando con determinazione, sagacia e anche con fantasia&quot;\" \/>\n<meta name=\"robots\" content=\"index, follow, max-snippet:-1, max-image-preview:large, max-video-preview:-1\" \/>\n<link rel=\"canonical\" href=\"https:\/\/www.intoscana.it\/it\/colle-val-delsa-in-corsa-per-il-titolo-di-capitale-italiana-della-cultura-2028-presentato-il-dossier\/\" \/>\n<meta property=\"og:locale\" content=\"it_IT\" \/>\n<meta property=\"og:type\" content=\"article\" \/>\n<meta property=\"og:title\" content=\"Colle Val d&#039;Elsa in corsa per il titolo di Capitale italiana della Cultura 2028: presentato il dossier\" \/>\n<meta property=\"og:description\" content=\"Presentato il progetto alla citt\u00e0, con la direzione artistica di Giordano Bruno Guerri: &quot;\u00c8 una sfida difficile, ma Colle sta lavorando molto bene, \u00e8 partita per tempo e sta operando con determinazione, sagacia e anche con fantasia&quot;\" \/>\n<meta property=\"og:url\" content=\"https:\/\/www.intoscana.it\/it\/colle-val-delsa-in-corsa-per-il-titolo-di-capitale-italiana-della-cultura-2028-presentato-il-dossier\/\" \/>\n<meta property=\"og:site_name\" content=\"intoscana\" \/>\n<meta property=\"article:publisher\" content=\"https:\/\/www.facebook.com\/intoscana.it\" \/>\n<meta property=\"article:published_time\" content=\"2025-09-16T10:07:30+00:00\" \/>\n<meta property=\"article:modified_time\" content=\"2025-09-16T10:56:10+00:00\" \/>\n<meta property=\"og:image\" content=\"https:\/\/www.intoscana.it\/wp-content\/uploads\/AdobeStock_465592574-1-1-scaled.jpeg\" \/>\n\t<meta property=\"og:image:width\" content=\"2048\" \/>\n\t<meta property=\"og:image:height\" content=\"1419\" \/>\n\t<meta property=\"og:image:type\" content=\"image\/jpeg\" \/>\n<meta name=\"author\" content=\"Redazione\" \/>\n<meta name=\"twitter:card\" content=\"summary_large_image\" \/>\n<meta name=\"twitter:creator\" content=\"@intoscana\" \/>\n<meta name=\"twitter:site\" content=\"@intoscana\" \/>\n<meta name=\"twitter:label1\" content=\"Written by\" \/>\n\t<meta name=\"twitter:data1\" content=\"Redazione\" \/>\n\t<meta name=\"twitter:label2\" content=\"Est. reading time\" \/>\n\t<meta name=\"twitter:data2\" content=\"2 minuti\" \/>\n<script type=\"application\/ld+json\" class=\"yoast-schema-graph\">{\"@context\":\"https:\/\/schema.org\",\"@graph\":[{\"@type\":\"WebPage\",\"@id\":\"https:\/\/www.intoscana.it\/it\/colle-val-delsa-in-corsa-per-il-titolo-di-capitale-italiana-della-cultura-2028-presentato-il-dossier\/\",\"url\":\"https:\/\/www.intoscana.it\/it\/colle-val-delsa-in-corsa-per-il-titolo-di-capitale-italiana-della-cultura-2028-presentato-il-dossier\/\",\"name\":\"Colle Val d'Elsa in corsa per il titolo di Capitale italiana della Cultura 2028: presentato il dossier - intoscana\",\"isPartOf\":{\"@id\":\"https:\/\/www.intoscana.it\/it\/#website\"},\"primaryImageOfPage\":{\"@id\":\"https:\/\/www.intoscana.it\/it\/colle-val-delsa-in-corsa-per-il-titolo-di-capitale-italiana-della-cultura-2028-presentato-il-dossier\/#primaryimage\"},\"image\":{\"@id\":\"https:\/\/www.intoscana.it\/it\/colle-val-delsa-in-corsa-per-il-titolo-di-capitale-italiana-della-cultura-2028-presentato-il-dossier\/#primaryimage\"},\"thumbnailUrl\":\"https:\/\/www.intoscana.it\/wp-content\/uploads\/AdobeStock_465592574-1-1-scaled.jpeg\",\"datePublished\":\"2025-09-16T10:07:30+00:00\",\"dateModified\":\"2025-09-16T10:56:10+00:00\",\"author\":{\"@id\":\"https:\/\/www.intoscana.it\/it\/#\/schema\/person\/9223810753230f20bd670fdd322661f8\"},\"description\":\"Presentato il progetto alla citt\u00e0, con la direzione artistica di Giordano Bruno Guerri: \\\"\u00c8 una sfida difficile, ma Colle sta lavorando molto bene, \u00e8 partita per tempo e sta operando con determinazione, sagacia e anche con fantasia\\\"\",\"breadcrumb\":{\"@id\":\"https:\/\/www.intoscana.it\/it\/colle-val-delsa-in-corsa-per-il-titolo-di-capitale-italiana-della-cultura-2028-presentato-il-dossier\/#breadcrumb\"},\"inLanguage\":\"it-IT\",\"potentialAction\":[{\"@type\":\"ReadAction\",\"target\":[\"https:\/\/www.intoscana.it\/it\/colle-val-delsa-in-corsa-per-il-titolo-di-capitale-italiana-della-cultura-2028-presentato-il-dossier\/\"]}]},{\"@type\":\"ImageObject\",\"inLanguage\":\"it-IT\",\"@id\":\"https:\/\/www.intoscana.it\/it\/colle-val-delsa-in-corsa-per-il-titolo-di-capitale-italiana-della-cultura-2028-presentato-il-dossier\/#primaryimage\",\"url\":\"https:\/\/www.intoscana.it\/wp-content\/uploads\/AdobeStock_465592574-1-1-scaled.jpeg\",\"contentUrl\":\"https:\/\/www.intoscana.it\/wp-content\/uploads\/AdobeStock_465592574-1-1-scaled.jpeg\",\"width\":2048,\"height\":1419,\"caption\":\"OLYMPUS DIGITAL CAMERA\"},{\"@type\":\"BreadcrumbList\",\"@id\":\"https:\/\/www.intoscana.it\/it\/colle-val-delsa-in-corsa-per-il-titolo-di-capitale-italiana-della-cultura-2028-presentato-il-dossier\/#breadcrumb\",\"itemListElement\":[{\"@type\":\"ListItem\",\"position\":1,\"name\":\"Home\",\"item\":\"https:\/\/www.intoscana.it\/it\/\"},{\"@type\":\"ListItem\",\"position\":2,\"name\":\"Colle Val d&#8217;Elsa in corsa per il titolo di Capitale italiana della Cultura 2028: presentato il dossier\"}]},{\"@type\":\"WebSite\",\"@id\":\"https:\/\/www.intoscana.it\/it\/#website\",\"url\":\"https:\/\/www.intoscana.it\/it\/\",\"name\":\"intoscana\",\"description\":\"\",\"potentialAction\":[{\"@type\":\"SearchAction\",\"target\":{\"@type\":\"EntryPoint\",\"urlTemplate\":\"https:\/\/www.intoscana.it\/it\/?s={search_term_string}\"},\"query-input\":{\"@type\":\"PropertyValueSpecification\",\"valueRequired\":true,\"valueName\":\"search_term_string\"}}],\"inLanguage\":\"it-IT\"},{\"@type\":\"Person\",\"@id\":\"https:\/\/www.intoscana.it\/it\/#\/schema\/person\/9223810753230f20bd670fdd322661f8\",\"name\":\"Redazione\",\"url\":\"https:\/\/www.intoscana.it\/it\/author\/redazione\/\"}]}<\/script>\n<!-- \/ Yoast SEO Premium plugin. -->","yoast_head_json":{"title":"Colle Val d'Elsa in corsa per il titolo di Capitale italiana della Cultura 2028: presentato il dossier - intoscana","description":"Presentato il progetto alla citt\u00e0, con la direzione artistica di Giordano Bruno Guerri: \"\u00c8 una sfida difficile, ma Colle sta lavorando molto bene, \u00e8 partita per tempo e sta operando con determinazione, sagacia e anche con fantasia\"","robots":{"index":"index","follow":"follow","max-snippet":"max-snippet:-1","max-image-preview":"max-image-preview:large","max-video-preview":"max-video-preview:-1"},"canonical":"https:\/\/www.intoscana.it\/it\/colle-val-delsa-in-corsa-per-il-titolo-di-capitale-italiana-della-cultura-2028-presentato-il-dossier\/","og_locale":"it_IT","og_type":"article","og_title":"Colle Val d'Elsa in corsa per il titolo di Capitale italiana della Cultura 2028: presentato il dossier","og_description":"Presentato il progetto alla citt\u00e0, con la direzione artistica di Giordano Bruno Guerri: \"\u00c8 una sfida difficile, ma Colle sta lavorando molto bene, \u00e8 partita per tempo e sta operando con determinazione, sagacia e anche con fantasia\"","og_url":"https:\/\/www.intoscana.it\/it\/colle-val-delsa-in-corsa-per-il-titolo-di-capitale-italiana-della-cultura-2028-presentato-il-dossier\/","og_site_name":"intoscana","article_publisher":"https:\/\/www.facebook.com\/intoscana.it","article_published_time":"2025-09-16T10:07:30+00:00","article_modified_time":"2025-09-16T10:56:10+00:00","og_image":[{"width":2048,"height":1419,"url":"https:\/\/www.intoscana.it\/wp-content\/uploads\/AdobeStock_465592574-1-1-scaled.jpeg","type":"image\/jpeg"}],"author":"Redazione","twitter_card":"summary_large_image","twitter_creator":"@intoscana","twitter_site":"@intoscana","twitter_misc":{"Written by":"Redazione","Est. reading time":"2 minuti"},"schema":{"@context":"https:\/\/schema.org","@graph":[{"@type":"WebPage","@id":"https:\/\/www.intoscana.it\/it\/colle-val-delsa-in-corsa-per-il-titolo-di-capitale-italiana-della-cultura-2028-presentato-il-dossier\/","url":"https:\/\/www.intoscana.it\/it\/colle-val-delsa-in-corsa-per-il-titolo-di-capitale-italiana-della-cultura-2028-presentato-il-dossier\/","name":"Colle Val d'Elsa in corsa per il titolo di Capitale italiana della Cultura 2028: presentato il dossier - intoscana","isPartOf":{"@id":"https:\/\/www.intoscana.it\/it\/#website"},"primaryImageOfPage":{"@id":"https:\/\/www.intoscana.it\/it\/colle-val-delsa-in-corsa-per-il-titolo-di-capitale-italiana-della-cultura-2028-presentato-il-dossier\/#primaryimage"},"image":{"@id":"https:\/\/www.intoscana.it\/it\/colle-val-delsa-in-corsa-per-il-titolo-di-capitale-italiana-della-cultura-2028-presentato-il-dossier\/#primaryimage"},"thumbnailUrl":"https:\/\/www.intoscana.it\/wp-content\/uploads\/AdobeStock_465592574-1-1-scaled.jpeg","datePublished":"2025-09-16T10:07:30+00:00","dateModified":"2025-09-16T10:56:10+00:00","author":{"@id":"https:\/\/www.intoscana.it\/it\/#\/schema\/person\/9223810753230f20bd670fdd322661f8"},"description":"Presentato il progetto alla citt\u00e0, con la direzione artistica di Giordano Bruno Guerri: \"\u00c8 una sfida difficile, ma Colle sta lavorando molto bene, \u00e8 partita per tempo e sta operando con determinazione, sagacia e anche con fantasia\"","breadcrumb":{"@id":"https:\/\/www.intoscana.it\/it\/colle-val-delsa-in-corsa-per-il-titolo-di-capitale-italiana-della-cultura-2028-presentato-il-dossier\/#breadcrumb"},"inLanguage":"it-IT","potentialAction":[{"@type":"ReadAction","target":["https:\/\/www.intoscana.it\/it\/colle-val-delsa-in-corsa-per-il-titolo-di-capitale-italiana-della-cultura-2028-presentato-il-dossier\/"]}]},{"@type":"ImageObject","inLanguage":"it-IT","@id":"https:\/\/www.intoscana.it\/it\/colle-val-delsa-in-corsa-per-il-titolo-di-capitale-italiana-della-cultura-2028-presentato-il-dossier\/#primaryimage","url":"https:\/\/www.intoscana.it\/wp-content\/uploads\/AdobeStock_465592574-1-1-scaled.jpeg","contentUrl":"https:\/\/www.intoscana.it\/wp-content\/uploads\/AdobeStock_465592574-1-1-scaled.jpeg","width":2048,"height":1419,"caption":"OLYMPUS DIGITAL CAMERA"},{"@type":"BreadcrumbList","@id":"https:\/\/www.intoscana.it\/it\/colle-val-delsa-in-corsa-per-il-titolo-di-capitale-italiana-della-cultura-2028-presentato-il-dossier\/#breadcrumb","itemListElement":[{"@type":"ListItem","position":1,"name":"Home","item":"https:\/\/www.intoscana.it\/it\/"},{"@type":"ListItem","position":2,"name":"Colle Val d&#8217;Elsa in corsa per il titolo di Capitale italiana della Cultura 2028: presentato il dossier"}]},{"@type":"WebSite","@id":"https:\/\/www.intoscana.it\/it\/#website","url":"https:\/\/www.intoscana.it\/it\/","name":"intoscana","description":"","potentialAction":[{"@type":"SearchAction","target":{"@type":"EntryPoint","urlTemplate":"https:\/\/www.intoscana.it\/it\/?s={search_term_string}"},"query-input":{"@type":"PropertyValueSpecification","valueRequired":true,"valueName":"search_term_string"}}],"inLanguage":"it-IT"},{"@type":"Person","@id":"https:\/\/www.intoscana.it\/it\/#\/schema\/person\/9223810753230f20bd670fdd322661f8","name":"Redazione","url":"https:\/\/www.intoscana.it\/it\/author\/redazione\/"}]}},"_links":{"self":[{"href":"https:\/\/www.intoscana.it\/it\/wp-json\/wp\/v2\/posts\/399623","targetHints":{"allow":["GET"]}}],"collection":[{"href":"https:\/\/www.intoscana.it\/it\/wp-json\/wp\/v2\/posts"}],"about":[{"href":"https:\/\/www.intoscana.it\/it\/wp-json\/wp\/v2\/types\/post"}],"author":[{"embeddable":true,"href":"https:\/\/www.intoscana.it\/it\/wp-json\/wp\/v2\/users\/525"}],"replies":[{"embeddable":true,"href":"https:\/\/www.intoscana.it\/it\/wp-json\/wp\/v2\/comments?post=399623"}],"version-history":[{"count":5,"href":"https:\/\/www.intoscana.it\/it\/wp-json\/wp\/v2\/posts\/399623\/revisions"}],"predecessor-version":[{"id":399639,"href":"https:\/\/www.intoscana.it\/it\/wp-json\/wp\/v2\/posts\/399623\/revisions\/399639"}],"wp:featuredmedia":[{"embeddable":true,"href":"https:\/\/www.intoscana.it\/it\/wp-json\/wp\/v2\/media\/399644"}],"wp:attachment":[{"href":"https:\/\/www.intoscana.it\/it\/wp-json\/wp\/v2\/media?parent=399623"}],"wp:term":[{"taxonomy":"category","embeddable":true,"href":"https:\/\/www.intoscana.it\/it\/wp-json\/wp\/v2\/categories?post=399623"},{"taxonomy":"post_tag","embeddable":true,"href":"https:\/\/www.intoscana.it\/it\/wp-json\/wp\/v2\/tags?post=399623"}],"curies":[{"name":"wp","href":"https:\/\/api.w.org\/{rel}","templated":true}]}}