{"id":400517,"date":"2025-09-19T14:29:52","date_gmt":"2025-09-19T12:29:52","guid":{"rendered":"https:\/\/www.intoscana.it\/it\/?p=400517"},"modified":"2025-09-19T14:41:08","modified_gmt":"2025-09-19T12:41:08","slug":"carlo-lucarelli-racconta-a-firenze-il-lato-oscuro-delle-fiabe","status":"publish","type":"post","link":"https:\/\/www.intoscana.it\/it\/carlo-lucarelli-racconta-a-firenze-il-lato-oscuro-delle-fiabe\/","title":{"rendered":"Carlo Lucarelli racconta a Firenze il lato oscuro delle fiabe: &#8220;Mi vendico delle storie che mi hanno fatto paura&#8221;"},"content":{"rendered":"<p>In tutte le fiabe c\u2019\u00e8 sempre un cattivo: <strong>il lupo<\/strong> di Cappucetto Rosso, <strong>la strega<\/strong> di Hansel e Gretel o di Biancaneve, <strong>Barbabl\u00f9.<\/strong> Ma siamo sicuri che sia davvero cos\u00ec?<\/p>\n<p><strong>Carlo Lucarelli &#8220;re&#8221; del noir italiano<\/strong> nel podcast &#8220;<strong><em>In compagnia del lupo&#8221;<\/em> <\/strong>ha mostrato come spesso la realt\u00e0 che si cela dietro le fiabe \u00e8 molto pi\u00f9 terrificante delle fiabe stesse.<\/p>\n<p>Le storie per bambini spesso descrivono mondi meravigliosi fatti di <strong>castelli, principesse, fate e zucche che diventano carrozze,<\/strong> ma anche universi <strong>terribili, spaventosi, misteriosi,<\/strong> siamo sicuri di conoscerle bene?<\/p>\n<p>Nello spettacolo<strong><em> &#8220;Io odio le favole. Strorie che fanno paura ai bambini&#8221;<\/em><\/strong> mercoled\u00ec 24 settembre nel complesso di Santa Croce a Firenze all&#8217;interno del festival <a href=\"https:\/\/www.intoscana.it\/it\/a-firenze-torna-genius-loci-alla-scoperta-di-santa-croce-con-unedizione-dedicata-alla-pace\/\" target=\"_blank\" rel=\"noopener\"><em><strong>&#8220;Genius Loci&#8221;<\/strong><\/em><\/a> Lucarelli condurr\u00e0 gli spettatori in <strong>un viaggio nel cuore oscuro delle fiabe<\/strong>.<\/p>\n<p><strong>Sar\u00e0 un&#8217;esplorazione dell&#8217;animo umano<\/strong> e di tutte le nostre paure pi\u00f9 profonde, da conoscere e sconfiggere per vivere sempre<strong> &#8220;felici e contenti&#8221;.<\/strong><\/p>\n<p>Sul palco <strong>Carlo Lucarelli<\/strong> sar\u00e0 accompagnato dalle musiche di <strong>Mattia Dallara (Live electronics), Marco Rosetti (chitarra), Federico Squassabia (pianoforte).<\/strong><\/p>\n<h3>Ecco la nostra intervista a Carlo Lucarelli<\/h3>\n<p><strong>Ciao Carlo, si potrebbe dire che le fiabe che ci raccontano i nostri genitori sono il nostro primo approccio con l&#8217;horror, forse la loro funzione pi\u00f9 importante \u00e8 proprio questa, mostrarci fin da subito che esistono angoli oscuri\u00a0<\/strong><\/p>\n<p>Le fiabe servono a tante cose, per\u00f2 s\u00ec \u00e8 vero, infatti ora non ne leggiamo molte nuove, <strong>non se ne scrivono pi\u00f9 tante perch\u00e9 sono state sostituite da altri generi come il fantasy e l&#8217;horror.<\/strong> Le fiabe hanno un risvolto spaventoso perch\u00e9 <strong>l&#8217;idea era quella di insegnare attraverso la paura.<\/strong> Le fiabe hanno spaventato noi bambini per un sacco di tempo, io oggi cerco di &#8220;vendicarmi&#8221; di quelle che mi hanno fatto pi\u00f9 paura. <p><span class=\"citazione\">Le fiabe hanno spaventato noi bambini per un sacco di tempo, io oggi cerco di &#8220;vendicarmi&#8221; di quelle che mi hanno fatto pi\u00f9 paura<\/span><\/p><\/p>\n<p><strong>Nel tuo podcast <em>&#8220;In compagnia del lupo&#8221;<\/em> hai mostrato che spesso la realt\u00e0 che c&#8217;\u00e8 dietro a una storia \u00e8 molto pi\u00f9 speventosa della storia stessa<\/strong><\/p>\n<p>S\u00ec l&#8217;idea del podcast era quella di raccontare varie dimensioni della fiaba, per prima cosa <strong>come nasce,<\/strong> poi scoprire <strong>i presupposti storici e reali che stanno dietro queste narrazioni,<\/strong> che come tutte le narrazioni si nutrono di quello che avviene nel mondo. Alla fine quando ci mettiamo a cercare da dove vengono fiabe come <strong>Biancaneve o Cappuccetto Rosso<\/strong> scopriamo che fanno riferimento a avvenimenti storici ben precisi.<\/p>\n<p><strong>Ce n&#8217;\u00e8 una che ti ha colpito pi\u00f9 di altre?<\/strong><\/p>\n<p>Quello che mi ha stupito di pi\u00f9 \u00e8 proprio quando ho scoperto che una fiaba che mi sembrava assurda e fantastica aveva invece dei rifermenti ben precisi. Per esempio<strong> Il pifferaio magico<\/strong> mi sembrava <strong>una storia incredibile,<\/strong> invece ci sono testimonianze storiche di un evento che \u00e8 avvenuto ad <strong>Hamelin nel 1200 circa,<\/strong> un uomo che si port\u00f2 via un sacco di bambini.<\/p>\n<p><strong>Mi colpisce che citi proprio questa storia che \u00e8 alla base di un film horror uscito da poco, che ha avuto un grandissimo successo: <em>&#8220;Weapons&#8221;.<\/em> A riprova del fatto che le fiabe sono ancora vive nel nostro immaginario<\/strong><\/p>\n<p>Le fiabe sono fonti di ispirazioni per tantissime cose, se vengono raccontate ancora oggi \u00e8 perch\u00e9 <strong>dentro hanno qualcosa di speciale<\/strong>. <div class=\"focuson\"><a href=\"https:\/\/www.intoscana.it\/it\/a-firenze-torna-genius-loci-alla-scoperta-di-santa-croce-con-unedizione-dedicata-alla-pace\/\"><img decoding=\"async\" class=\"lazy\" src=\"https:\/\/www.intoscana.it\/wp-content\/uploads\/terry-riley-4.jpg\" style=\"\">\n                <div class=\"cat\">Genius Loci<\/div>\n                <h4>Tutti gli spettacoli<\/h4><\/a>\n              <\/div><\/p>\n<p><strong>Un&#8217;altra cosa molto interessante del tuo podcast \u00e8 che spesso il cattivo poi non \u00e8 cos\u00ec cattivo<\/strong><\/p>\n<p>Certo, partiamo dalla figura del <strong>lupo che \u00e8 sempre stato demonizzato come un animale tremendo<\/strong> e non \u00e8 vero. In Cappuccetto Rosso se ci pensi bene e vai a guardare le azioni dei personaggi <strong>non \u00e8 certo lui il pi\u00f9 cattivo, anzi forse \u00e8 una vittima.<\/strong><\/p>\n<p><strong>\u00c8 incredibile comunque che fiabe che sono nate secoli fa ci spaventino ancora oggi&#8230; le streghe, i lupi, fanno ancora paura<\/strong><\/p>\n<p>Perch\u00e9 sono dei miti eterni, continuiamo ad avere il senso dell&#8217;avventura dall&#8217;Odissea che \u00e8 stata scritta secoli fa, e abbiamo paura per favole che affondano le radici nella notte dei tempi. Ci sono storie che sono state dimenticate,<strong> quelle che restano come Biancaneve o Cappuccetto Rosso \u00e8 perch\u00e9 hanno toccato i tasti giusti.<\/strong><\/p>\n<p><strong>Ogni fiaba che si rispetti finisce con <em>&#8220;E vissero felici e contenti&#8221;<\/em>, ancora oggi cerchiamo inconsciamente questo finale?<\/strong><\/p>\n<p>Ma in realt\u00e0 non \u00e8 che le fiabe finiscano molto bene<strong>, quasi tutte finiscono malissimo<\/strong>. Anche nelle pi\u00f9 edulcorate <strong>viene da chiedersi se nella realt\u00e0 avrebbero continuato a vivere tutti felici e contenti.\u00a0<\/strong><\/p>\n","protected":false},"excerpt":{"rendered":"<p>Mercoled\u00ec 24 settembre nel complesso di Santa Croce all&#8217;interno del festival &#8220;Genius Loci&#8221; il &#8220;re&#8221; del noir italiano condurr\u00e0 gli spettatori in un viaggio nel cuore oscuro delle favole che diventer\u00e0 un&#8217;esplorazione dell&#8217;animo umano<\/p>\n","protected":false},"author":518,"featured_media":400483,"comment_status":"open","ping_status":"open","sticky":false,"template":"","format":"standard","meta":{"_acf_changed":false,"footnotes":""},"categories":[493],"tags":[3136],"class_list":["post-400517","post","type-post","status-publish","format-standard","has-post-thumbnail","hentry","category-cultura","tag-interviste"],"acf":[],"yoast_head":"<!-- This site is optimized with the Yoast SEO Premium plugin v24.2 (Yoast SEO v25.6) - https:\/\/yoast.com\/wordpress\/plugins\/seo\/ -->\n<title>Carlo Lucarelli racconta a Firenze il lato oscuro delle fiabe: &quot;Mi vendico delle storie che mi hanno fatto paura&quot; - intoscana<\/title>\n<meta name=\"description\" content=\"Mercoled\u00ec 24 settembre nel complesso di Santa Croce all&#039;interno del festival &quot;Genius Loci&quot; il &quot;re&quot; del noir italiano\" \/>\n<meta name=\"robots\" content=\"index, follow, max-snippet:-1, max-image-preview:large, max-video-preview:-1\" \/>\n<link rel=\"canonical\" href=\"https:\/\/www.intoscana.it\/it\/carlo-lucarelli-racconta-a-firenze-il-lato-oscuro-delle-fiabe\/\" \/>\n<meta property=\"og:locale\" content=\"it_IT\" \/>\n<meta property=\"og:type\" content=\"article\" \/>\n<meta property=\"og:title\" content=\"Carlo Lucarelli racconta a Firenze il lato oscuro delle fiabe: &quot;Mi vendico delle storie che mi hanno fatto paura&quot;\" \/>\n<meta property=\"og:description\" content=\"Mercoled\u00ec 24 settembre nel complesso di Santa Croce all&#039;interno del festival &quot;Genius Loci&quot; il &quot;re&quot; del noir italiano\" \/>\n<meta property=\"og:url\" content=\"https:\/\/www.intoscana.it\/it\/carlo-lucarelli-racconta-a-firenze-il-lato-oscuro-delle-fiabe\/\" \/>\n<meta property=\"og:site_name\" content=\"intoscana\" \/>\n<meta property=\"article:publisher\" content=\"https:\/\/www.facebook.com\/intoscana.it\" \/>\n<meta property=\"article:published_time\" content=\"2025-09-19T12:29:52+00:00\" \/>\n<meta property=\"article:modified_time\" content=\"2025-09-19T12:41:08+00:00\" \/>\n<meta property=\"og:image\" content=\"https:\/\/www.intoscana.it\/wp-content\/uploads\/unnamed-103-e1758285068675.jpg\" \/>\n\t<meta property=\"og:image:width\" content=\"1600\" \/>\n\t<meta property=\"og:image:height\" content=\"1200\" \/>\n\t<meta property=\"og:image:type\" content=\"image\/jpeg\" \/>\n<meta name=\"author\" content=\"Costanza Baldini\" \/>\n<meta name=\"twitter:card\" content=\"summary_large_image\" \/>\n<meta name=\"twitter:creator\" content=\"@intoscana\" \/>\n<meta name=\"twitter:site\" content=\"@intoscana\" \/>\n<meta name=\"twitter:label1\" content=\"Written by\" \/>\n\t<meta name=\"twitter:data1\" content=\"Costanza Baldini\" \/>\n\t<meta name=\"twitter:label2\" content=\"Est. reading time\" \/>\n\t<meta name=\"twitter:data2\" content=\"5 minuti\" \/>\n<script type=\"application\/ld+json\" class=\"yoast-schema-graph\">{\"@context\":\"https:\/\/schema.org\",\"@graph\":[{\"@type\":\"WebPage\",\"@id\":\"https:\/\/www.intoscana.it\/it\/carlo-lucarelli-racconta-a-firenze-il-lato-oscuro-delle-fiabe\/\",\"url\":\"https:\/\/www.intoscana.it\/it\/carlo-lucarelli-racconta-a-firenze-il-lato-oscuro-delle-fiabe\/\",\"name\":\"Carlo Lucarelli racconta a Firenze il lato oscuro delle fiabe: \\\"Mi vendico delle storie che mi hanno fatto paura\\\" - intoscana\",\"isPartOf\":{\"@id\":\"https:\/\/www.intoscana.it\/it\/#website\"},\"primaryImageOfPage\":{\"@id\":\"https:\/\/www.intoscana.it\/it\/carlo-lucarelli-racconta-a-firenze-il-lato-oscuro-delle-fiabe\/#primaryimage\"},\"image\":{\"@id\":\"https:\/\/www.intoscana.it\/it\/carlo-lucarelli-racconta-a-firenze-il-lato-oscuro-delle-fiabe\/#primaryimage\"},\"thumbnailUrl\":\"https:\/\/www.intoscana.it\/wp-content\/uploads\/unnamed-103-e1758285068675.jpg\",\"datePublished\":\"2025-09-19T12:29:52+00:00\",\"dateModified\":\"2025-09-19T12:41:08+00:00\",\"author\":{\"@id\":\"https:\/\/www.intoscana.it\/it\/#\/schema\/person\/d469f35f09739bdf00bf5dd3f0647a82\"},\"description\":\"Mercoled\u00ec 24 settembre nel complesso di Santa Croce all'interno del festival \\\"Genius Loci\\\" il \\\"re\\\" del noir italiano\",\"breadcrumb\":{\"@id\":\"https:\/\/www.intoscana.it\/it\/carlo-lucarelli-racconta-a-firenze-il-lato-oscuro-delle-fiabe\/#breadcrumb\"},\"inLanguage\":\"it-IT\",\"potentialAction\":[{\"@type\":\"ReadAction\",\"target\":[\"https:\/\/www.intoscana.it\/it\/carlo-lucarelli-racconta-a-firenze-il-lato-oscuro-delle-fiabe\/\"]}]},{\"@type\":\"ImageObject\",\"inLanguage\":\"it-IT\",\"@id\":\"https:\/\/www.intoscana.it\/it\/carlo-lucarelli-racconta-a-firenze-il-lato-oscuro-delle-fiabe\/#primaryimage\",\"url\":\"https:\/\/www.intoscana.it\/wp-content\/uploads\/unnamed-103-e1758285068675.jpg\",\"contentUrl\":\"https:\/\/www.intoscana.it\/wp-content\/uploads\/unnamed-103-e1758285068675.jpg\",\"width\":1600,\"height\":1200,\"caption\":\"Carlo Lucarelli\"},{\"@type\":\"BreadcrumbList\",\"@id\":\"https:\/\/www.intoscana.it\/it\/carlo-lucarelli-racconta-a-firenze-il-lato-oscuro-delle-fiabe\/#breadcrumb\",\"itemListElement\":[{\"@type\":\"ListItem\",\"position\":1,\"name\":\"Home\",\"item\":\"https:\/\/www.intoscana.it\/it\/\"},{\"@type\":\"ListItem\",\"position\":2,\"name\":\"Carlo Lucarelli racconta a Firenze il lato oscuro delle fiabe: &#8220;Mi vendico delle storie che mi hanno fatto paura&#8221;\"}]},{\"@type\":\"WebSite\",\"@id\":\"https:\/\/www.intoscana.it\/it\/#website\",\"url\":\"https:\/\/www.intoscana.it\/it\/\",\"name\":\"intoscana\",\"description\":\"\",\"potentialAction\":[{\"@type\":\"SearchAction\",\"target\":{\"@type\":\"EntryPoint\",\"urlTemplate\":\"https:\/\/www.intoscana.it\/it\/?s={search_term_string}\"},\"query-input\":{\"@type\":\"PropertyValueSpecification\",\"valueRequired\":true,\"valueName\":\"search_term_string\"}}],\"inLanguage\":\"it-IT\"},{\"@type\":\"Person\",\"@id\":\"https:\/\/www.intoscana.it\/it\/#\/schema\/person\/d469f35f09739bdf00bf5dd3f0647a82\",\"name\":\"Costanza Baldini\",\"url\":\"https:\/\/www.intoscana.it\/it\/author\/costanza-baldini\/\"}]}<\/script>\n<!-- \/ Yoast SEO Premium plugin. -->","yoast_head_json":{"title":"Carlo Lucarelli racconta a Firenze il lato oscuro delle fiabe: \"Mi vendico delle storie che mi hanno fatto paura\" - intoscana","description":"Mercoled\u00ec 24 settembre nel complesso di Santa Croce all'interno del festival \"Genius Loci\" il \"re\" del noir italiano","robots":{"index":"index","follow":"follow","max-snippet":"max-snippet:-1","max-image-preview":"max-image-preview:large","max-video-preview":"max-video-preview:-1"},"canonical":"https:\/\/www.intoscana.it\/it\/carlo-lucarelli-racconta-a-firenze-il-lato-oscuro-delle-fiabe\/","og_locale":"it_IT","og_type":"article","og_title":"Carlo Lucarelli racconta a Firenze il lato oscuro delle fiabe: \"Mi vendico delle storie che mi hanno fatto paura\"","og_description":"Mercoled\u00ec 24 settembre nel complesso di Santa Croce all'interno del festival \"Genius Loci\" il \"re\" del noir italiano","og_url":"https:\/\/www.intoscana.it\/it\/carlo-lucarelli-racconta-a-firenze-il-lato-oscuro-delle-fiabe\/","og_site_name":"intoscana","article_publisher":"https:\/\/www.facebook.com\/intoscana.it","article_published_time":"2025-09-19T12:29:52+00:00","article_modified_time":"2025-09-19T12:41:08+00:00","og_image":[{"width":1600,"height":1200,"url":"https:\/\/www.intoscana.it\/wp-content\/uploads\/unnamed-103-e1758285068675.jpg","type":"image\/jpeg"}],"author":"Costanza Baldini","twitter_card":"summary_large_image","twitter_creator":"@intoscana","twitter_site":"@intoscana","twitter_misc":{"Written by":"Costanza Baldini","Est. reading time":"5 minuti"},"schema":{"@context":"https:\/\/schema.org","@graph":[{"@type":"WebPage","@id":"https:\/\/www.intoscana.it\/it\/carlo-lucarelli-racconta-a-firenze-il-lato-oscuro-delle-fiabe\/","url":"https:\/\/www.intoscana.it\/it\/carlo-lucarelli-racconta-a-firenze-il-lato-oscuro-delle-fiabe\/","name":"Carlo Lucarelli racconta a Firenze il lato oscuro delle fiabe: \"Mi vendico delle storie che mi hanno fatto paura\" - intoscana","isPartOf":{"@id":"https:\/\/www.intoscana.it\/it\/#website"},"primaryImageOfPage":{"@id":"https:\/\/www.intoscana.it\/it\/carlo-lucarelli-racconta-a-firenze-il-lato-oscuro-delle-fiabe\/#primaryimage"},"image":{"@id":"https:\/\/www.intoscana.it\/it\/carlo-lucarelli-racconta-a-firenze-il-lato-oscuro-delle-fiabe\/#primaryimage"},"thumbnailUrl":"https:\/\/www.intoscana.it\/wp-content\/uploads\/unnamed-103-e1758285068675.jpg","datePublished":"2025-09-19T12:29:52+00:00","dateModified":"2025-09-19T12:41:08+00:00","author":{"@id":"https:\/\/www.intoscana.it\/it\/#\/schema\/person\/d469f35f09739bdf00bf5dd3f0647a82"},"description":"Mercoled\u00ec 24 settembre nel complesso di Santa Croce all'interno del festival \"Genius Loci\" il \"re\" del noir italiano","breadcrumb":{"@id":"https:\/\/www.intoscana.it\/it\/carlo-lucarelli-racconta-a-firenze-il-lato-oscuro-delle-fiabe\/#breadcrumb"},"inLanguage":"it-IT","potentialAction":[{"@type":"ReadAction","target":["https:\/\/www.intoscana.it\/it\/carlo-lucarelli-racconta-a-firenze-il-lato-oscuro-delle-fiabe\/"]}]},{"@type":"ImageObject","inLanguage":"it-IT","@id":"https:\/\/www.intoscana.it\/it\/carlo-lucarelli-racconta-a-firenze-il-lato-oscuro-delle-fiabe\/#primaryimage","url":"https:\/\/www.intoscana.it\/wp-content\/uploads\/unnamed-103-e1758285068675.jpg","contentUrl":"https:\/\/www.intoscana.it\/wp-content\/uploads\/unnamed-103-e1758285068675.jpg","width":1600,"height":1200,"caption":"Carlo Lucarelli"},{"@type":"BreadcrumbList","@id":"https:\/\/www.intoscana.it\/it\/carlo-lucarelli-racconta-a-firenze-il-lato-oscuro-delle-fiabe\/#breadcrumb","itemListElement":[{"@type":"ListItem","position":1,"name":"Home","item":"https:\/\/www.intoscana.it\/it\/"},{"@type":"ListItem","position":2,"name":"Carlo Lucarelli racconta a Firenze il lato oscuro delle fiabe: &#8220;Mi vendico delle storie che mi hanno fatto paura&#8221;"}]},{"@type":"WebSite","@id":"https:\/\/www.intoscana.it\/it\/#website","url":"https:\/\/www.intoscana.it\/it\/","name":"intoscana","description":"","potentialAction":[{"@type":"SearchAction","target":{"@type":"EntryPoint","urlTemplate":"https:\/\/www.intoscana.it\/it\/?s={search_term_string}"},"query-input":{"@type":"PropertyValueSpecification","valueRequired":true,"valueName":"search_term_string"}}],"inLanguage":"it-IT"},{"@type":"Person","@id":"https:\/\/www.intoscana.it\/it\/#\/schema\/person\/d469f35f09739bdf00bf5dd3f0647a82","name":"Costanza Baldini","url":"https:\/\/www.intoscana.it\/it\/author\/costanza-baldini\/"}]}},"_links":{"self":[{"href":"https:\/\/www.intoscana.it\/it\/wp-json\/wp\/v2\/posts\/400517","targetHints":{"allow":["GET"]}}],"collection":[{"href":"https:\/\/www.intoscana.it\/it\/wp-json\/wp\/v2\/posts"}],"about":[{"href":"https:\/\/www.intoscana.it\/it\/wp-json\/wp\/v2\/types\/post"}],"author":[{"embeddable":true,"href":"https:\/\/www.intoscana.it\/it\/wp-json\/wp\/v2\/users\/518"}],"replies":[{"embeddable":true,"href":"https:\/\/www.intoscana.it\/it\/wp-json\/wp\/v2\/comments?post=400517"}],"version-history":[{"count":5,"href":"https:\/\/www.intoscana.it\/it\/wp-json\/wp\/v2\/posts\/400517\/revisions"}],"predecessor-version":[{"id":400599,"href":"https:\/\/www.intoscana.it\/it\/wp-json\/wp\/v2\/posts\/400517\/revisions\/400599"}],"wp:featuredmedia":[{"embeddable":true,"href":"https:\/\/www.intoscana.it\/it\/wp-json\/wp\/v2\/media\/400483"}],"wp:attachment":[{"href":"https:\/\/www.intoscana.it\/it\/wp-json\/wp\/v2\/media?parent=400517"}],"wp:term":[{"taxonomy":"category","embeddable":true,"href":"https:\/\/www.intoscana.it\/it\/wp-json\/wp\/v2\/categories?post=400517"},{"taxonomy":"post_tag","embeddable":true,"href":"https:\/\/www.intoscana.it\/it\/wp-json\/wp\/v2\/tags?post=400517"}],"curies":[{"name":"wp","href":"https:\/\/api.w.org\/{rel}","templated":true}]}}