{"id":400928,"date":"2025-09-23T11:32:05","date_gmt":"2025-09-23T09:32:05","guid":{"rendered":"https:\/\/www.intoscana.it\/it\/?p=400928"},"modified":"2025-09-23T11:32:05","modified_gmt":"2025-09-23T09:32:05","slug":"la-vernaccia-di-san-gimignano-vince-la-battaglia-del-marchio-ingannevole","status":"publish","type":"post","link":"https:\/\/www.intoscana.it\/it\/la-vernaccia-di-san-gimignano-vince-la-battaglia-del-marchio-ingannevole\/","title":{"rendered":"La Vernaccia di San Gimignano vince la battaglia del marchio ingannevole"},"content":{"rendered":"<p>Un marchio a dir poco ingannevole: <strong>Varnacia 1321<\/strong>. La societ\u00e0 spagnola <strong>Gmarket<\/strong> aveva richiesto la registrazione di questo nome per i vini in classe 33. Gi\u00e0 per assonanza era evidente il riferimento alla <strong>Vernaccia di San Gimignano<\/strong>, ancora pi\u00f9 sospetto poi l&#8217;anno scelto che \u00e8 lo stesso della pubblicazione della <strong>Divina Commedia<\/strong>. E il Sommo Poeta, come molti ricorderanno, cita il celebre vitigno toscano nel <strong>XXIV Canto del Purgatorio<\/strong>.<\/p>\n<p>Per il <strong>consorzio della Vernaccia di San Gimignano<\/strong> quest&#8217;azione \u00e8 stata paragonabile allo sventolare un drappo rosso davanti a un toro. Cos\u00ec quando la richiesta di registrazione del marchio spagnolo \u00e8 venuta fuori ha subito dato battaglia alla <strong>Gmarket<\/strong> nelle aule di tribunale. Un&#8217;azione nata per tutelare il buon nome della <strong>Regina Bianca<\/strong>.<\/p>\n<h3>Un chiaro riferimento alla Vernaccia<\/h3>\n<p>Il Consorzio in prima battuta presenta un\u2019<strong>opposizione<\/strong> <strong>formale<\/strong>, chiedendo il rigetto della domanda sulla base di \u201c<em>motivi assoluti<\/em>\u201d. Troppo smaccato il riferimento del marchio <strong>Varnacia 1321<\/strong> alla DOP toscana oggetto di tutela. Eppure al primo round la spunta la <strong>Gmarket<\/strong>. Per superare le obiezioni avanzate dal Consorzio, decide di limitare i prodotti rivendicati ai soli vini conformi alla denominazione di origine protetta &#8220;<em>Vernaccia di Oristano<\/em>&#8220;.<\/p>\n<p>Un vero e proprio escamotage che non corrisponde alla realt\u00e0: il marchio <strong>Varnacia 1321<\/strong> \u00e8 privo di legami con le denominazioni italiane e in uso solo per <strong>vini spagnoli<\/strong>. A questo punto il Consorzio ricorre in appello ma cambia strategia: chiede l\u2019azione di decadenza per <strong>ingannevolezza del marchio<\/strong> \u201cVarnacia 1321\u201d.<\/p>\n<p>Dopo due anni di carte bollate arriva la vittoria in tribunale:\u00a0le ragioni del Consorzio vengono accolte, il <strong>marchio Varnacia 1321 <\/strong>riconosciuto<strong> ingannevole<\/strong> sar\u00e0 <strong>cancellato dal registro<\/strong> dei marchi spagnoli.<\/p>\n<h3>Una vittoria per marchi e denominazioni<\/h3>\n<p><em>\u201cQuesta vittoria dimostra quanto sia fondamentale credere nella tutela legale garantita anche all&#8217;estero ai marchi e alle denominazioni d&#8217;origine e investire per proteggere i nomi legati alle nostre eccellenze territoriali<\/em> \u2013 sottolinea l\u2019avvocato <strong>Paola Stefanelli<\/strong>, di Bugnion \u2013. <em>La Propriet\u00e0 Intellettuale, se gestita strategicamente, garantisce che gli sforzi per la promozione e valorizzazione delle nostre DOP e IGP, di cui l\u2019Italia ha il primato assoluto, non siano sviliti da tentativi fraudolenti di accostare prodotti stranieri alla cultura, alla storia e alla qualit\u00e0 che ha reso il Made in Italy famoso in tutto il mondo\u201d.<\/em><\/p>\n<p><em>\u201cIl Consorzio nasce prima di tutto come espressione giuridica della comunit\u00e0 di tutti i viticoltori della citt\u00e0 di San Gimignano, con il compito di proteggere e valorizzare quei vini che da secoli, ormai, rappresentano al meglio la nostra citt\u00e0 e il nostro territorio: ecco perch\u00e9 oggi siamo ancora pi\u00f9 orgogliosi di aver ottenuto questo importante risultato\u201d<\/em> spiega <strong>Manrico Biagini<\/strong>, presidente del Consorzio del Vino Vernaccia di San Gimignano.<\/p>\n<h3>Un servizio di vigilanza antimarchi<\/h3>\n<p>\u201c<em>Questo successo \u00e8 il frutto di un lavoro che parte da lontano, con un attento monitoraggio non solo del mercato estero e internazionale, ma anche e soprattutto dei diversi registri marchi nazionali: perch\u00e9 il modo pi\u00f9 efficace per bloccare sul nascere una minaccia, \u00e8 proprio quello di intercettare questi marchi prima che arrivino sul mercato, tramite un servizio di sorveglianza, limitando cos\u00ec al massimo qualsiasi eventuale danno di immagine, per noi e per i nostri viticoltori\u201d<\/em> conclude il presidente.<\/p>\n<p>Il vino di Dante Alighieri non smette di farsi riconoscere ma soprattutto rispettare, anche sul mercato internazionale. Un grande successo, dunque, non solo per la <strong>Vernaccia di San Gimignano<\/strong> ma per tutto il sistema delle denominazioni italiane, ancora troppo spesso oggetto di <strong>imitazioni \u201cselvagge\u201d<\/strong> all\u2019estero.<\/p>\n","protected":false},"excerpt":{"rendered":"<p>Il vino di Dante Alighieri sconfigge davanti al giudice la societ\u00e0 spagnola Gmarket che aveva registrato la \u201cVarnacia 1321\u201d<\/p>\n","protected":false},"author":554,"featured_media":217456,"comment_status":"open","ping_status":"open","sticky":false,"template":"","format":"standard","meta":{"_acf_changed":false,"footnotes":""},"categories":[8],"tags":[4742],"class_list":["post-400928","post","type-post","status-publish","format-standard","has-post-thumbnail","hentry","category-enogastronomia","tag-vernaccia-di-san-gimignano"],"acf":[],"yoast_head":"<!-- This site is optimized with the Yoast SEO Premium plugin v24.2 (Yoast SEO v25.6) - https:\/\/yoast.com\/wordpress\/plugins\/seo\/ -->\n<title>La Vernaccia di San Gimignano vince la battaglia del marchio ingannevole - intoscana<\/title>\n<meta name=\"description\" content=\"Il vino di Dante Alighieri sconfigge davanti al giudice la societ\u00e0 spagnola Gmarket che aveva registrato la \u201cVarnacia 1321\u201d\" \/>\n<meta name=\"robots\" content=\"index, follow, max-snippet:-1, max-image-preview:large, max-video-preview:-1\" \/>\n<link rel=\"canonical\" href=\"https:\/\/www.intoscana.it\/it\/la-vernaccia-di-san-gimignano-vince-la-battaglia-del-marchio-ingannevole\/\" \/>\n<meta property=\"og:locale\" content=\"it_IT\" \/>\n<meta property=\"og:type\" content=\"article\" \/>\n<meta property=\"og:title\" content=\"La Vernaccia di San Gimignano vince la battaglia del marchio ingannevole\" \/>\n<meta property=\"og:description\" content=\"Il vino di Dante Alighieri sconfigge davanti al giudice la societ\u00e0 spagnola Gmarket che aveva registrato la \u201cVarnacia 1321\u201d\" \/>\n<meta property=\"og:url\" content=\"https:\/\/www.intoscana.it\/it\/la-vernaccia-di-san-gimignano-vince-la-battaglia-del-marchio-ingannevole\/\" \/>\n<meta property=\"og:site_name\" content=\"intoscana\" \/>\n<meta property=\"article:publisher\" content=\"https:\/\/www.facebook.com\/intoscana.it\" \/>\n<meta property=\"article:published_time\" content=\"2025-09-23T09:32:05+00:00\" \/>\n<meta property=\"og:image\" content=\"https:\/\/www.intoscana.it\/wp-content\/uploads\/275491111_4373928646040476_6674543134063507432_n.jpg\" \/>\n\t<meta property=\"og:image:width\" content=\"2048\" \/>\n\t<meta property=\"og:image:height\" content=\"1367\" \/>\n\t<meta property=\"og:image:type\" content=\"image\/jpeg\" \/>\n<meta name=\"author\" content=\"Raffaella Galamini\" \/>\n<meta name=\"twitter:card\" content=\"summary_large_image\" \/>\n<meta name=\"twitter:creator\" content=\"@orio\" \/>\n<meta name=\"twitter:site\" content=\"@intoscana\" \/>\n<meta name=\"twitter:label1\" content=\"Written by\" \/>\n\t<meta name=\"twitter:data1\" content=\"Raffaella Galamini\" \/>\n\t<meta name=\"twitter:label2\" content=\"Est. reading time\" \/>\n\t<meta name=\"twitter:data2\" content=\"4 minuti\" \/>\n<script type=\"application\/ld+json\" class=\"yoast-schema-graph\">{\"@context\":\"https:\/\/schema.org\",\"@graph\":[{\"@type\":\"WebPage\",\"@id\":\"https:\/\/www.intoscana.it\/it\/la-vernaccia-di-san-gimignano-vince-la-battaglia-del-marchio-ingannevole\/\",\"url\":\"https:\/\/www.intoscana.it\/it\/la-vernaccia-di-san-gimignano-vince-la-battaglia-del-marchio-ingannevole\/\",\"name\":\"La Vernaccia di San Gimignano vince la battaglia del marchio ingannevole - intoscana\",\"isPartOf\":{\"@id\":\"https:\/\/www.intoscana.it\/it\/#website\"},\"primaryImageOfPage\":{\"@id\":\"https:\/\/www.intoscana.it\/it\/la-vernaccia-di-san-gimignano-vince-la-battaglia-del-marchio-ingannevole\/#primaryimage\"},\"image\":{\"@id\":\"https:\/\/www.intoscana.it\/it\/la-vernaccia-di-san-gimignano-vince-la-battaglia-del-marchio-ingannevole\/#primaryimage\"},\"thumbnailUrl\":\"https:\/\/www.intoscana.it\/wp-content\/uploads\/275491111_4373928646040476_6674543134063507432_n.jpg\",\"datePublished\":\"2025-09-23T09:32:05+00:00\",\"author\":{\"@id\":\"https:\/\/www.intoscana.it\/it\/#\/schema\/person\/9eb9daa846a49fe51af39a73d9d1986b\"},\"description\":\"Il vino di Dante Alighieri sconfigge davanti al giudice la societ\u00e0 spagnola Gmarket che aveva registrato la \u201cVarnacia 1321\u201d\",\"breadcrumb\":{\"@id\":\"https:\/\/www.intoscana.it\/it\/la-vernaccia-di-san-gimignano-vince-la-battaglia-del-marchio-ingannevole\/#breadcrumb\"},\"inLanguage\":\"it-IT\",\"potentialAction\":[{\"@type\":\"ReadAction\",\"target\":[\"https:\/\/www.intoscana.it\/it\/la-vernaccia-di-san-gimignano-vince-la-battaglia-del-marchio-ingannevole\/\"]}]},{\"@type\":\"ImageObject\",\"inLanguage\":\"it-IT\",\"@id\":\"https:\/\/www.intoscana.it\/it\/la-vernaccia-di-san-gimignano-vince-la-battaglia-del-marchio-ingannevole\/#primaryimage\",\"url\":\"https:\/\/www.intoscana.it\/wp-content\/uploads\/275491111_4373928646040476_6674543134063507432_n.jpg\",\"contentUrl\":\"https:\/\/www.intoscana.it\/wp-content\/uploads\/275491111_4373928646040476_6674543134063507432_n.jpg\",\"width\":2048,\"height\":1367,\"caption\":\"Vernaccia di San Gimignano\"},{\"@type\":\"BreadcrumbList\",\"@id\":\"https:\/\/www.intoscana.it\/it\/la-vernaccia-di-san-gimignano-vince-la-battaglia-del-marchio-ingannevole\/#breadcrumb\",\"itemListElement\":[{\"@type\":\"ListItem\",\"position\":1,\"name\":\"Home\",\"item\":\"https:\/\/www.intoscana.it\/it\/\"},{\"@type\":\"ListItem\",\"position\":2,\"name\":\"La Vernaccia di San Gimignano vince la battaglia del marchio ingannevole\"}]},{\"@type\":\"WebSite\",\"@id\":\"https:\/\/www.intoscana.it\/it\/#website\",\"url\":\"https:\/\/www.intoscana.it\/it\/\",\"name\":\"intoscana\",\"description\":\"\",\"potentialAction\":[{\"@type\":\"SearchAction\",\"target\":{\"@type\":\"EntryPoint\",\"urlTemplate\":\"https:\/\/www.intoscana.it\/it\/?s={search_term_string}\"},\"query-input\":{\"@type\":\"PropertyValueSpecification\",\"valueRequired\":true,\"valueName\":\"search_term_string\"}}],\"inLanguage\":\"it-IT\"},{\"@type\":\"Person\",\"@id\":\"https:\/\/www.intoscana.it\/it\/#\/schema\/person\/9eb9daa846a49fe51af39a73d9d1986b\",\"name\":\"Raffaella Galamini\",\"sameAs\":[\"https:\/\/x.com\/orio\"],\"url\":\"https:\/\/www.intoscana.it\/it\/author\/r-galamini\/\"}]}<\/script>\n<!-- \/ Yoast SEO Premium plugin. -->","yoast_head_json":{"title":"La Vernaccia di San Gimignano vince la battaglia del marchio ingannevole - intoscana","description":"Il vino di Dante Alighieri sconfigge davanti al giudice la societ\u00e0 spagnola Gmarket che aveva registrato la \u201cVarnacia 1321\u201d","robots":{"index":"index","follow":"follow","max-snippet":"max-snippet:-1","max-image-preview":"max-image-preview:large","max-video-preview":"max-video-preview:-1"},"canonical":"https:\/\/www.intoscana.it\/it\/la-vernaccia-di-san-gimignano-vince-la-battaglia-del-marchio-ingannevole\/","og_locale":"it_IT","og_type":"article","og_title":"La Vernaccia di San Gimignano vince la battaglia del marchio ingannevole","og_description":"Il vino di Dante Alighieri sconfigge davanti al giudice la societ\u00e0 spagnola Gmarket che aveva registrato la \u201cVarnacia 1321\u201d","og_url":"https:\/\/www.intoscana.it\/it\/la-vernaccia-di-san-gimignano-vince-la-battaglia-del-marchio-ingannevole\/","og_site_name":"intoscana","article_publisher":"https:\/\/www.facebook.com\/intoscana.it","article_published_time":"2025-09-23T09:32:05+00:00","og_image":[{"width":2048,"height":1367,"url":"https:\/\/www.intoscana.it\/wp-content\/uploads\/275491111_4373928646040476_6674543134063507432_n.jpg","type":"image\/jpeg"}],"author":"Raffaella Galamini","twitter_card":"summary_large_image","twitter_creator":"@orio","twitter_site":"@intoscana","twitter_misc":{"Written by":"Raffaella Galamini","Est. reading time":"4 minuti"},"schema":{"@context":"https:\/\/schema.org","@graph":[{"@type":"WebPage","@id":"https:\/\/www.intoscana.it\/it\/la-vernaccia-di-san-gimignano-vince-la-battaglia-del-marchio-ingannevole\/","url":"https:\/\/www.intoscana.it\/it\/la-vernaccia-di-san-gimignano-vince-la-battaglia-del-marchio-ingannevole\/","name":"La Vernaccia di San Gimignano vince la battaglia del marchio ingannevole - intoscana","isPartOf":{"@id":"https:\/\/www.intoscana.it\/it\/#website"},"primaryImageOfPage":{"@id":"https:\/\/www.intoscana.it\/it\/la-vernaccia-di-san-gimignano-vince-la-battaglia-del-marchio-ingannevole\/#primaryimage"},"image":{"@id":"https:\/\/www.intoscana.it\/it\/la-vernaccia-di-san-gimignano-vince-la-battaglia-del-marchio-ingannevole\/#primaryimage"},"thumbnailUrl":"https:\/\/www.intoscana.it\/wp-content\/uploads\/275491111_4373928646040476_6674543134063507432_n.jpg","datePublished":"2025-09-23T09:32:05+00:00","author":{"@id":"https:\/\/www.intoscana.it\/it\/#\/schema\/person\/9eb9daa846a49fe51af39a73d9d1986b"},"description":"Il vino di Dante Alighieri sconfigge davanti al giudice la societ\u00e0 spagnola Gmarket che aveva registrato la \u201cVarnacia 1321\u201d","breadcrumb":{"@id":"https:\/\/www.intoscana.it\/it\/la-vernaccia-di-san-gimignano-vince-la-battaglia-del-marchio-ingannevole\/#breadcrumb"},"inLanguage":"it-IT","potentialAction":[{"@type":"ReadAction","target":["https:\/\/www.intoscana.it\/it\/la-vernaccia-di-san-gimignano-vince-la-battaglia-del-marchio-ingannevole\/"]}]},{"@type":"ImageObject","inLanguage":"it-IT","@id":"https:\/\/www.intoscana.it\/it\/la-vernaccia-di-san-gimignano-vince-la-battaglia-del-marchio-ingannevole\/#primaryimage","url":"https:\/\/www.intoscana.it\/wp-content\/uploads\/275491111_4373928646040476_6674543134063507432_n.jpg","contentUrl":"https:\/\/www.intoscana.it\/wp-content\/uploads\/275491111_4373928646040476_6674543134063507432_n.jpg","width":2048,"height":1367,"caption":"Vernaccia di San Gimignano"},{"@type":"BreadcrumbList","@id":"https:\/\/www.intoscana.it\/it\/la-vernaccia-di-san-gimignano-vince-la-battaglia-del-marchio-ingannevole\/#breadcrumb","itemListElement":[{"@type":"ListItem","position":1,"name":"Home","item":"https:\/\/www.intoscana.it\/it\/"},{"@type":"ListItem","position":2,"name":"La Vernaccia di San Gimignano vince la battaglia del marchio ingannevole"}]},{"@type":"WebSite","@id":"https:\/\/www.intoscana.it\/it\/#website","url":"https:\/\/www.intoscana.it\/it\/","name":"intoscana","description":"","potentialAction":[{"@type":"SearchAction","target":{"@type":"EntryPoint","urlTemplate":"https:\/\/www.intoscana.it\/it\/?s={search_term_string}"},"query-input":{"@type":"PropertyValueSpecification","valueRequired":true,"valueName":"search_term_string"}}],"inLanguage":"it-IT"},{"@type":"Person","@id":"https:\/\/www.intoscana.it\/it\/#\/schema\/person\/9eb9daa846a49fe51af39a73d9d1986b","name":"Raffaella Galamini","sameAs":["https:\/\/x.com\/orio"],"url":"https:\/\/www.intoscana.it\/it\/author\/r-galamini\/"}]}},"_links":{"self":[{"href":"https:\/\/www.intoscana.it\/it\/wp-json\/wp\/v2\/posts\/400928","targetHints":{"allow":["GET"]}}],"collection":[{"href":"https:\/\/www.intoscana.it\/it\/wp-json\/wp\/v2\/posts"}],"about":[{"href":"https:\/\/www.intoscana.it\/it\/wp-json\/wp\/v2\/types\/post"}],"author":[{"embeddable":true,"href":"https:\/\/www.intoscana.it\/it\/wp-json\/wp\/v2\/users\/554"}],"replies":[{"embeddable":true,"href":"https:\/\/www.intoscana.it\/it\/wp-json\/wp\/v2\/comments?post=400928"}],"version-history":[{"count":4,"href":"https:\/\/www.intoscana.it\/it\/wp-json\/wp\/v2\/posts\/400928\/revisions"}],"predecessor-version":[{"id":400945,"href":"https:\/\/www.intoscana.it\/it\/wp-json\/wp\/v2\/posts\/400928\/revisions\/400945"}],"wp:featuredmedia":[{"embeddable":true,"href":"https:\/\/www.intoscana.it\/it\/wp-json\/wp\/v2\/media\/217456"}],"wp:attachment":[{"href":"https:\/\/www.intoscana.it\/it\/wp-json\/wp\/v2\/media?parent=400928"}],"wp:term":[{"taxonomy":"category","embeddable":true,"href":"https:\/\/www.intoscana.it\/it\/wp-json\/wp\/v2\/categories?post=400928"},{"taxonomy":"post_tag","embeddable":true,"href":"https:\/\/www.intoscana.it\/it\/wp-json\/wp\/v2\/tags?post=400928"}],"curies":[{"name":"wp","href":"https:\/\/api.w.org\/{rel}","templated":true}]}}