{"id":401734,"date":"2025-09-30T15:38:50","date_gmt":"2025-09-30T13:38:50","guid":{"rendered":"https:\/\/www.intoscana.it\/it\/?p=401734"},"modified":"2025-09-30T15:38:50","modified_gmt":"2025-09-30T13:38:50","slug":"nuovo-treno-regionale-a-200-km-h-toscana","status":"publish","type":"post","link":"https:\/\/www.intoscana.it\/it\/nuovo-treno-regionale-a-200-km-h-toscana\/","title":{"rendered":"Presentato il nuovo treno regionale a 200 km\/h: entrer\u00e0 in servizio anche in Toscana"},"content":{"rendered":"<p>Trenitalia (Gruppo FS Italiane) e Alstom, leader globale nella mobilit\u00e0 intelligente e sostenibile, hanno presentato il nuovo treno regionale capace di raggiungere i <strong>200 km\/h<\/strong>, in occasione dell\u2019inaugurazione di <strong>EXPO Ferroviaria 2025<\/strong>. Questo modello di nuova generazione rappresenta un importante avanzamento per la <strong>mobilit\u00e0 regionale<\/strong> in Italia.<\/p>\n<p>I nuovi treni entreranno a far parte della flotta Trenitalia e saranno utilizzati in <strong>Toscana<\/strong>, <strong>Umbria<\/strong> e <strong>Lazio<\/strong>. Appartenenti alla famiglia Coradia Stream di Alstom, questi convogli elettrici a unit\u00e0 multiple si caratterizzano per un design a pianale ribassato che facilita l\u2019accesso. Sono progettati per offrire <strong>elevate prestazioni<\/strong> e una configurabilit\u00e0 modulare; gli operatori possono personalizzare configurazioni e interni in base alle specifiche esigenze di servizio. Con oltre 800 treni Coradia Stream venduti in Europa, questa piattaforma si conferma una delle soluzioni pi\u00f9 efficienti per il trasporto regionale, interregionale, transfrontaliero e intercity.<\/p>\n<figure id=\"post-401741 media-401741\" class=\"align-none\"><img decoding=\"async\" src=\"https:\/\/www.intoscana.it\/wp-content\/uploads\/Regionale-a-200kmh-Trenitalia-1.jpg\" alt=\"\" \/><\/figure>\n<div class=\"titleimg\">Il nuovo treno Regionale, capace di raggiungere i 200 km\/h<\/div>\n<p>\u201cIl nuovo treno Regionale a 200 km\/h rappresenta un passaggio cruciale nel percorso di trasformazione e rinnovo della flotta che Trenitalia e il Gruppo FS stanno portando avanti\u201d ha dichiarato <strong>Gianpiero Strisciuglio<\/strong>, direttore generale Trenitalia. \u201cQuesto percorso, che si affianca al rinnovo della flotta AV e Intercity, \u00e8 frutto di un investimento complessivo di 7 miliardi di euro che entro il 2027 consentir\u00e0 di rinnovare l\u201980% della flotta regionale. <mark>Trenitalia \u00e8 impegnata a garantire treni all\u2019avanguardia, non solo moderni e confortevoli, ma soprattutto sostenibili, capaci di connettere territori e comunit\u00e0, promuovendo una mobilit\u00e0 pi\u00f9 efficiente, accessibile e rispettosa dell\u2019ambiente<\/mark>\u201d.<\/p>\n<p>\u201cSiamo orgogliosi di presentare insieme a Trenitalia questo nuovo Coradia Stream, un treno progettato e costruito interamente in Italia che rappresenta l\u2019eccellenza del nostro know-how industriale\u201d ha aggiunto <strong>Michele Viale<\/strong>, managing director Alstom Italia. \u201c<mark>Con questo convoglio di nuova generazione vogliamo dare un contributo concreto alla modernizzazione della mobilit\u00e0 regionale, offrendo ai passeggeri un\u2019esperienza di viaggio pi\u00f9 veloce, confortevole e sostenibile<\/mark>. Questo progetto testimonia il nostro impegno nel rafforzare la filiera ferroviaria italiana e nel sostenere lo sviluppo dei territori in cui operiamo\u201d.<\/p>\n<figure id=\"post-401740 media-401740\" class=\"align-none\"><img decoding=\"async\" src=\"https:\/\/www.intoscana.it\/wp-content\/uploads\/Regionale-a-200kmh-Trenitalia-2.jpg\" alt=\"\" \/><\/figure>\n<div class=\"titleimg\">Spazio bici sul nuovo treno regionale<\/div>\n<p>Prodotto negli stabilimenti Alstom di Savigliano (CN), Sesto San Giovanni (MI) e Bologna, il treno vanta un\u2019elevata ingegneria italiana. Offre <strong>accessibilit\u00e0<\/strong> senza barriere, incluse rampe di salita automatiche e 16 spazi dedicati alle <strong>biciclette<\/strong>, comprese le e-bike, e interni ampi e confortevoli. La <strong>sostenibilit\u00e0<\/strong> \u00e8 al centro del progetto: oltre il 96% dei materiali utilizzati \u00e8 riciclabile e i sistemi ad alta efficienza energetica consentono un risparmio nei consumi fino al 35%. Con una velocit\u00e0 massima di 200 km\/h, il treno garantisce collegamenti pi\u00f9 rapidi e pu\u00f2 ospitare fino a 1.076 passeggeri, di cui 618 seduti, distribuiti su otto carrozze. A bordo sono presenti <strong>sedili di nuova generazione<\/strong>, un sistema avanzato di climatizzazione e un ambiente silenzioso per un\u2019esperienza ancora pi\u00f9 confortevole.<\/p>\n<figure id=\"post-401738 media-401738\" class=\"align-none\"><img decoding=\"async\" src=\"https:\/\/www.intoscana.it\/wp-content\/uploads\/Regionale-a-200kmh-Trenitalia-5.jpg\" alt=\"\" \/><\/figure>\n<div class=\"titleimg\">Il nuovo treno Regionale, capace di raggiungere i 200 km\/h<\/div>\n<p>Dal punto di vista tecnologico, il convoglio integra sistemi di segnalamento ERTMS e il TCMS full Ethernet con diagnostica predittiva, che assicurano elevata affidabilit\u00e0 e riducono i tempi di <strong>manutenzione<\/strong>. La <strong>sicurezza<\/strong> \u00e8 garantita da un sistema antincendio automatico e dall\u2019impiego di materiali ignifughi.<\/p>\n","protected":false},"excerpt":{"rendered":"<p>Progettato e costruito in Italia nei siti Alstom, il nuovo convoglio pu\u00f2 trasportare fino a 1.076 passeggeri e offre un&#8217;esperienza di viaggio pi\u00f9 veloce, confortevole e sostenibile<\/p>\n","protected":false},"author":525,"featured_media":401739,"comment_status":"open","ping_status":"open","sticky":false,"template":"","format":"standard","meta":{"_acf_changed":false,"footnotes":""},"categories":[494],"tags":[1577,237],"class_list":["post-401734","post","type-post","status-publish","format-standard","has-post-thumbnail","hentry","category-attualita","tag-muoversi-in-toscana","tag-trenitalia"],"acf":[],"yoast_head":"<!-- This site is optimized with the Yoast SEO Premium plugin v24.2 (Yoast SEO v25.6) - https:\/\/yoast.com\/wordpress\/plugins\/seo\/ -->\n<title>Presentato il nuovo treno regionale a 200 km\/h: entrer\u00e0 in servizio anche in Toscana - intoscana<\/title>\n<meta name=\"description\" content=\"Trenitalia e Alstom, leader nella mobilit\u00e0 sostenibile, hanno presentato il nuovo treno Regionale, capace di raggiungere i 200 km\/h\" \/>\n<meta name=\"robots\" content=\"index, follow, max-snippet:-1, max-image-preview:large, max-video-preview:-1\" \/>\n<link rel=\"canonical\" href=\"https:\/\/www.intoscana.it\/it\/nuovo-treno-regionale-a-200-km-h-toscana\/\" \/>\n<meta property=\"og:locale\" content=\"it_IT\" \/>\n<meta property=\"og:type\" content=\"article\" \/>\n<meta property=\"og:title\" content=\"Presentato il nuovo treno regionale a 200 km\/h: entrer\u00e0 in servizio anche in Toscana\" \/>\n<meta property=\"og:description\" content=\"Trenitalia e Alstom, leader nella mobilit\u00e0 sostenibile, hanno presentato il nuovo treno Regionale, capace di raggiungere i 200 km\/h\" \/>\n<meta property=\"og:url\" content=\"https:\/\/www.intoscana.it\/it\/nuovo-treno-regionale-a-200-km-h-toscana\/\" \/>\n<meta property=\"og:site_name\" content=\"intoscana\" \/>\n<meta property=\"article:publisher\" content=\"https:\/\/www.facebook.com\/intoscana.it\" \/>\n<meta property=\"article:published_time\" content=\"2025-09-30T13:38:50+00:00\" \/>\n<meta property=\"og:image\" content=\"https:\/\/www.intoscana.it\/wp-content\/uploads\/Regionale-a-200kmh-Trenitalia-3.jpg\" \/>\n\t<meta property=\"og:image:width\" content=\"1280\" \/>\n\t<meta property=\"og:image:height\" content=\"853\" \/>\n\t<meta property=\"og:image:type\" content=\"image\/jpeg\" \/>\n<meta name=\"author\" content=\"Redazione\" \/>\n<meta name=\"twitter:card\" content=\"summary_large_image\" \/>\n<meta name=\"twitter:creator\" content=\"@intoscana\" \/>\n<meta name=\"twitter:site\" content=\"@intoscana\" \/>\n<meta name=\"twitter:label1\" content=\"Written by\" \/>\n\t<meta name=\"twitter:data1\" content=\"Redazione\" \/>\n\t<meta name=\"twitter:label2\" content=\"Est. reading time\" \/>\n\t<meta name=\"twitter:data2\" content=\"4 minuti\" \/>\n<script type=\"application\/ld+json\" class=\"yoast-schema-graph\">{\"@context\":\"https:\/\/schema.org\",\"@graph\":[{\"@type\":\"WebPage\",\"@id\":\"https:\/\/www.intoscana.it\/it\/nuovo-treno-regionale-a-200-km-h-toscana\/\",\"url\":\"https:\/\/www.intoscana.it\/it\/nuovo-treno-regionale-a-200-km-h-toscana\/\",\"name\":\"Presentato il nuovo treno regionale a 200 km\/h: entrer\u00e0 in servizio anche in Toscana - intoscana\",\"isPartOf\":{\"@id\":\"https:\/\/www.intoscana.it\/it\/#website\"},\"primaryImageOfPage\":{\"@id\":\"https:\/\/www.intoscana.it\/it\/nuovo-treno-regionale-a-200-km-h-toscana\/#primaryimage\"},\"image\":{\"@id\":\"https:\/\/www.intoscana.it\/it\/nuovo-treno-regionale-a-200-km-h-toscana\/#primaryimage\"},\"thumbnailUrl\":\"https:\/\/www.intoscana.it\/wp-content\/uploads\/Regionale-a-200kmh-Trenitalia-3.jpg\",\"datePublished\":\"2025-09-30T13:38:50+00:00\",\"author\":{\"@id\":\"https:\/\/www.intoscana.it\/it\/#\/schema\/person\/9223810753230f20bd670fdd322661f8\"},\"description\":\"Trenitalia e Alstom, leader nella mobilit\u00e0 sostenibile, hanno presentato il nuovo treno Regionale, capace di raggiungere i 200 km\/h\",\"breadcrumb\":{\"@id\":\"https:\/\/www.intoscana.it\/it\/nuovo-treno-regionale-a-200-km-h-toscana\/#breadcrumb\"},\"inLanguage\":\"it-IT\",\"potentialAction\":[{\"@type\":\"ReadAction\",\"target\":[\"https:\/\/www.intoscana.it\/it\/nuovo-treno-regionale-a-200-km-h-toscana\/\"]}]},{\"@type\":\"ImageObject\",\"inLanguage\":\"it-IT\",\"@id\":\"https:\/\/www.intoscana.it\/it\/nuovo-treno-regionale-a-200-km-h-toscana\/#primaryimage\",\"url\":\"https:\/\/www.intoscana.it\/wp-content\/uploads\/Regionale-a-200kmh-Trenitalia-3.jpg\",\"contentUrl\":\"https:\/\/www.intoscana.it\/wp-content\/uploads\/Regionale-a-200kmh-Trenitalia-3.jpg\",\"width\":1280,\"height\":853,\"caption\":\"Il nuovo treno Regionale, capace di raggiungere i 200 km\/h\"},{\"@type\":\"BreadcrumbList\",\"@id\":\"https:\/\/www.intoscana.it\/it\/nuovo-treno-regionale-a-200-km-h-toscana\/#breadcrumb\",\"itemListElement\":[{\"@type\":\"ListItem\",\"position\":1,\"name\":\"Home\",\"item\":\"https:\/\/www.intoscana.it\/it\/\"},{\"@type\":\"ListItem\",\"position\":2,\"name\":\"Presentato il nuovo treno regionale a 200 km\/h: entrer\u00e0 in servizio anche in Toscana\"}]},{\"@type\":\"WebSite\",\"@id\":\"https:\/\/www.intoscana.it\/it\/#website\",\"url\":\"https:\/\/www.intoscana.it\/it\/\",\"name\":\"intoscana\",\"description\":\"\",\"potentialAction\":[{\"@type\":\"SearchAction\",\"target\":{\"@type\":\"EntryPoint\",\"urlTemplate\":\"https:\/\/www.intoscana.it\/it\/?s={search_term_string}\"},\"query-input\":{\"@type\":\"PropertyValueSpecification\",\"valueRequired\":true,\"valueName\":\"search_term_string\"}}],\"inLanguage\":\"it-IT\"},{\"@type\":\"Person\",\"@id\":\"https:\/\/www.intoscana.it\/it\/#\/schema\/person\/9223810753230f20bd670fdd322661f8\",\"name\":\"Redazione\",\"url\":\"https:\/\/www.intoscana.it\/it\/author\/redazione\/\"}]}<\/script>\n<!-- \/ Yoast SEO Premium plugin. -->","yoast_head_json":{"title":"Presentato il nuovo treno regionale a 200 km\/h: entrer\u00e0 in servizio anche in Toscana - intoscana","description":"Trenitalia e Alstom, leader nella mobilit\u00e0 sostenibile, hanno presentato il nuovo treno Regionale, capace di raggiungere i 200 km\/h","robots":{"index":"index","follow":"follow","max-snippet":"max-snippet:-1","max-image-preview":"max-image-preview:large","max-video-preview":"max-video-preview:-1"},"canonical":"https:\/\/www.intoscana.it\/it\/nuovo-treno-regionale-a-200-km-h-toscana\/","og_locale":"it_IT","og_type":"article","og_title":"Presentato il nuovo treno regionale a 200 km\/h: entrer\u00e0 in servizio anche in Toscana","og_description":"Trenitalia e Alstom, leader nella mobilit\u00e0 sostenibile, hanno presentato il nuovo treno Regionale, capace di raggiungere i 200 km\/h","og_url":"https:\/\/www.intoscana.it\/it\/nuovo-treno-regionale-a-200-km-h-toscana\/","og_site_name":"intoscana","article_publisher":"https:\/\/www.facebook.com\/intoscana.it","article_published_time":"2025-09-30T13:38:50+00:00","og_image":[{"width":1280,"height":853,"url":"https:\/\/www.intoscana.it\/wp-content\/uploads\/Regionale-a-200kmh-Trenitalia-3.jpg","type":"image\/jpeg"}],"author":"Redazione","twitter_card":"summary_large_image","twitter_creator":"@intoscana","twitter_site":"@intoscana","twitter_misc":{"Written by":"Redazione","Est. reading time":"4 minuti"},"schema":{"@context":"https:\/\/schema.org","@graph":[{"@type":"WebPage","@id":"https:\/\/www.intoscana.it\/it\/nuovo-treno-regionale-a-200-km-h-toscana\/","url":"https:\/\/www.intoscana.it\/it\/nuovo-treno-regionale-a-200-km-h-toscana\/","name":"Presentato il nuovo treno regionale a 200 km\/h: entrer\u00e0 in servizio anche in Toscana - intoscana","isPartOf":{"@id":"https:\/\/www.intoscana.it\/it\/#website"},"primaryImageOfPage":{"@id":"https:\/\/www.intoscana.it\/it\/nuovo-treno-regionale-a-200-km-h-toscana\/#primaryimage"},"image":{"@id":"https:\/\/www.intoscana.it\/it\/nuovo-treno-regionale-a-200-km-h-toscana\/#primaryimage"},"thumbnailUrl":"https:\/\/www.intoscana.it\/wp-content\/uploads\/Regionale-a-200kmh-Trenitalia-3.jpg","datePublished":"2025-09-30T13:38:50+00:00","author":{"@id":"https:\/\/www.intoscana.it\/it\/#\/schema\/person\/9223810753230f20bd670fdd322661f8"},"description":"Trenitalia e Alstom, leader nella mobilit\u00e0 sostenibile, hanno presentato il nuovo treno Regionale, capace di raggiungere i 200 km\/h","breadcrumb":{"@id":"https:\/\/www.intoscana.it\/it\/nuovo-treno-regionale-a-200-km-h-toscana\/#breadcrumb"},"inLanguage":"it-IT","potentialAction":[{"@type":"ReadAction","target":["https:\/\/www.intoscana.it\/it\/nuovo-treno-regionale-a-200-km-h-toscana\/"]}]},{"@type":"ImageObject","inLanguage":"it-IT","@id":"https:\/\/www.intoscana.it\/it\/nuovo-treno-regionale-a-200-km-h-toscana\/#primaryimage","url":"https:\/\/www.intoscana.it\/wp-content\/uploads\/Regionale-a-200kmh-Trenitalia-3.jpg","contentUrl":"https:\/\/www.intoscana.it\/wp-content\/uploads\/Regionale-a-200kmh-Trenitalia-3.jpg","width":1280,"height":853,"caption":"Il nuovo treno Regionale, capace di raggiungere i 200 km\/h"},{"@type":"BreadcrumbList","@id":"https:\/\/www.intoscana.it\/it\/nuovo-treno-regionale-a-200-km-h-toscana\/#breadcrumb","itemListElement":[{"@type":"ListItem","position":1,"name":"Home","item":"https:\/\/www.intoscana.it\/it\/"},{"@type":"ListItem","position":2,"name":"Presentato il nuovo treno regionale a 200 km\/h: entrer\u00e0 in servizio anche in Toscana"}]},{"@type":"WebSite","@id":"https:\/\/www.intoscana.it\/it\/#website","url":"https:\/\/www.intoscana.it\/it\/","name":"intoscana","description":"","potentialAction":[{"@type":"SearchAction","target":{"@type":"EntryPoint","urlTemplate":"https:\/\/www.intoscana.it\/it\/?s={search_term_string}"},"query-input":{"@type":"PropertyValueSpecification","valueRequired":true,"valueName":"search_term_string"}}],"inLanguage":"it-IT"},{"@type":"Person","@id":"https:\/\/www.intoscana.it\/it\/#\/schema\/person\/9223810753230f20bd670fdd322661f8","name":"Redazione","url":"https:\/\/www.intoscana.it\/it\/author\/redazione\/"}]}},"_links":{"self":[{"href":"https:\/\/www.intoscana.it\/it\/wp-json\/wp\/v2\/posts\/401734","targetHints":{"allow":["GET"]}}],"collection":[{"href":"https:\/\/www.intoscana.it\/it\/wp-json\/wp\/v2\/posts"}],"about":[{"href":"https:\/\/www.intoscana.it\/it\/wp-json\/wp\/v2\/types\/post"}],"author":[{"embeddable":true,"href":"https:\/\/www.intoscana.it\/it\/wp-json\/wp\/v2\/users\/525"}],"replies":[{"embeddable":true,"href":"https:\/\/www.intoscana.it\/it\/wp-json\/wp\/v2\/comments?post=401734"}],"version-history":[{"count":5,"href":"https:\/\/www.intoscana.it\/it\/wp-json\/wp\/v2\/posts\/401734\/revisions"}],"predecessor-version":[{"id":401747,"href":"https:\/\/www.intoscana.it\/it\/wp-json\/wp\/v2\/posts\/401734\/revisions\/401747"}],"wp:featuredmedia":[{"embeddable":true,"href":"https:\/\/www.intoscana.it\/it\/wp-json\/wp\/v2\/media\/401739"}],"wp:attachment":[{"href":"https:\/\/www.intoscana.it\/it\/wp-json\/wp\/v2\/media?parent=401734"}],"wp:term":[{"taxonomy":"category","embeddable":true,"href":"https:\/\/www.intoscana.it\/it\/wp-json\/wp\/v2\/categories?post=401734"},{"taxonomy":"post_tag","embeddable":true,"href":"https:\/\/www.intoscana.it\/it\/wp-json\/wp\/v2\/tags?post=401734"}],"curies":[{"name":"wp","href":"https:\/\/api.w.org\/{rel}","templated":true}]}}