{"id":401900,"date":"2025-10-01T15:57:12","date_gmt":"2025-10-01T13:57:12","guid":{"rendered":"https:\/\/www.intoscana.it\/it\/?p=401900"},"modified":"2025-10-01T15:57:12","modified_gmt":"2025-10-01T13:57:12","slug":"lironia-ribelle-di-clemen-parrocchetti-in-mostra-a-palazzo-medici-riccardi-a-firenze","status":"publish","type":"post","link":"https:\/\/www.intoscana.it\/it\/lironia-ribelle-di-clemen-parrocchetti-in-mostra-a-palazzo-medici-riccardi-a-firenze\/","title":{"rendered":"L&#8217;arte ribelle, femminista e politica di Clemen Parrocchetti a Palazzo Medici Riccardi"},"content":{"rendered":"<p>Lottare per <strong>una creativit\u00e0 che non sia pi\u00f9 a misura della produttivit\u00e0<\/strong>, \u00e8 stato questo l&#8217;obiettivo di <strong>Clemen Parrocchetti artista ribelle del Novecento italiano<\/strong> che ha indagato la complessit\u00e0 della sfera femminile, delle relazioni affettive e della sessualit\u00e0,<strong> sfidando la visione dominante della cultura patriarcale.<\/strong><\/p>\n<p>Una mostra racconta quest&#8217;artista ancora poco nota a <strong>Palazzo Medici Riccardi a Firenze dal 2 ottobre 2025 al 6 gennaio 2026<\/strong> intitolata <strong><em>&#8220;Ironia ribelle&#8221;,<\/em><\/strong> promossa dalla Citt\u00e0 Metropolitana di Firenze, nasce da un progetto del Museo Novecento ed \u00e8 organizzata dalla Fondazione MUS.E in collaborazione con l\u2019<a href=\"https:\/\/www.archivioclemenparrocchetti.com\" target=\"_blank\" rel=\"noopener\"><strong>Archivio Clemen Parrocchetti.<\/strong><\/a><\/p>\n<p><em>&#8220;Negli ultimi anni il Museo Novecento ha dedicato grande attenzione alle artiste del contemporaneo e del Novecento, da <strong>Jenny Saville a Cecily Brown, da Rachel Feinstein a Anj Smith, da Louise Bourgeois a Haley Mellin<\/strong>, lo stesso impegno lo abbiamo profuso nei confronti delle nuove generazioni di artiste italiane dal duo <strong>Goldschmied&amp;Chiari a Francesca Banchelli, da Giulia Cenci a Alessandra Ferrini<\/strong> \u2013<\/em><strong> ha dichiarato Sergio Risaliti, direttore artistico del Museo Novecento<\/strong><em> \u2013 Oggi proseguiamo su questa strada presentando la prima ampia retrospettiva in un\u2019istituzione museale italiana dedicata a <strong>Clemen Parrocchetti<\/strong>, figura che ha saputo attraversare il proprio tempo in dialogo con le trasformazioni della societ\u00e0 e del movimento femminista, coniugando rivendicazioni sacrosante a un\u2019ironia affilata. Parrocchetti ha saputo appropriarsi di linguaggi storicamente dominati dal verbo maschile per rovesciarne i codici, introducendo una poetica gioiosa e ribelle che parla ancora al presente&#8221;.<\/em><\/p>\n<figure id=\"post-401966 media-401966\" class=\"align-none\"><img decoding=\"async\" src=\"https:\/\/www.intoscana.it\/wp-content\/uploads\/Clemen-Parrocchetti_Lamento_del_Sesso_1974-scaled.jpeg\" alt=\"\" \/><\/figure>\n<div class=\"titleimg\">Clemen Parrocchetti Lamento del Sesso, 1974<\/div>\n<h3>Gli &#8220;oggetti di cultura femminile&#8221; di Clemen Parrocchetti<\/h3>\n<p>La retrospettiva fiorentina ripercorre <strong>l\u2019intero arco creativo di Clemen Parrocchetti<\/strong>, artista milanese cheta espresso con forza la necessit\u00e0 di <strong>ridefinire il ruolo femminile nell\u2019arte e nella societ\u00e0.<\/strong><p><span class=\"citazione\">Parrocchetti ha saputo appropriarsi di linguaggi storicamente dominati dal verbo maschile per rovesciarne i codici, introducendo una poetica gioiosa e ribelle che parla ancora al presente<\/span><\/p><\/p>\n<p>Il percorso espositivo intreccia<strong> biografia, impegno politico e linguaggio visivo,<\/strong> raccontando una pratica autonoma e ribelle, capace di trasformare<strong> ago, filo e tessuto in strumenti di emancipazione.<\/strong><\/p>\n<p>Dalle prime tele esuberanti di <strong><em>Amore e divorazione<\/em><\/strong> (1969), definite da <strong>Dino Buzzati<\/strong> un intreccio di \u201c<strong>pop art, sesso, sadismo e carnevali popolari\u201d,<\/strong> si passa ai <strong><em>Trofei solari<\/em> <\/strong>e all\u2019opera-manifesto <strong><em>Promemoria per un oggetto di cultura femminile<\/em> <\/strong>(1973), legata al <strong>Movimento di Liberazione della Donna.<\/strong><\/p>\n<p>La sezione centrale \u00e8 dedicata agli<strong> \u201coggetti di cultura femminile\u201d,<\/strong> ready-made che ribaltano i simboli della domesticit\u00e0 \u2013 aghi, spole, bambole, utensili \u2013 in strumenti di denuncia, in dialogo con il pensiero femminista marxista degli anni Settanta.<\/p>\n<p>Un focus particolare \u00e8 riservato al 1978, anno in cui <strong>Parrocchetti entra nel Gruppo Immagine di Varese<\/strong>, partecipa al convegno Donna Arte e Societ\u00e0 e alla Biennale di Venezia. In mostra opere emblematiche come <strong><em>Macchina delle frustrazioni, Metamorfosi di una processione <\/em><\/strong>e <strong><em>Sveglia!! \u00c8 ora,<\/em><\/strong> testimonianze di <strong>un\u2019arte che diventa strumento di azione sociale.<\/strong><\/p>\n<p>Negli anni successivi l\u2019artista esplora nuovi linguaggi: <strong>arazzi e installazioni che occupano lo spazio (BARRIERE)<\/strong>, diari visivi su carta cucita con testi,<strong> frammenti autobiografici e materiali effimeri come paillettes e organza<\/strong>, in cui convivono ironia, memoria e liberazione.<\/p>\n<p>Infine, <strong>la svolta eco-femminista degli anni Novanta<\/strong>: disegni e sculture di <strong>insetti e parassiti domestici trasformati in figure poetiche,<\/strong> metafore della condizione femminile e del rapporto con la natura, a denunciare il parallelismo tra dominio patriarcale e sfruttamento ambientale.<\/p>\n<p><strong><em>\u201cNon \u00e8 possibile una vera rivoluzione sociale senza la coscienza delle donne del proprio ruolo\u201d<\/em><\/strong>, scriveva Parrocchetti. La mostra ne restituisce oggi l\u2019attualit\u00e0, mettendo in luce <strong>un percorso artistico che continua a parlare al presente.<\/strong><\/p>\n<figure id=\"post-401967 media-401967\" class=\"align-none\"><img decoding=\"async\" src=\"https:\/\/www.intoscana.it\/wp-content\/uploads\/Clemen-Parrocchetti-Senza-Titolo_1969-\u00a9Tiberio-Sorvillo-scaled.jpeg\" alt=\"\" \/><\/figure>\n<div class=\"titleimg\"><em>Clemen Parrocchetti, Senza Titolo, 1969 \u00a9Tiberio Sorvillo<\/em><\/div>\n<p>&nbsp;<\/p>\n","protected":false},"excerpt":{"rendered":"<p>A Firenze una mostra racconta l&#8217;artista che ha indagato la complessit\u00e0 della sfera femminile, delle relazioni affettive e della sessualit\u00e0, sfidando la visione dominante della cultura patriarcale<\/p>\n","protected":false},"author":518,"featured_media":401964,"comment_status":"open","ping_status":"open","sticky":false,"template":"","format":"standard","meta":{"_acf_changed":false,"footnotes":""},"categories":[493],"tags":[227,4474,202,222],"class_list":["post-401900","post","type-post","status-publish","format-standard","has-post-thumbnail","hentry","category-cultura","tag-arte-contemporanea","tag-eventi","tag-firenze","tag-mostre"],"acf":[],"yoast_head":"<!-- This site is optimized with the Yoast SEO Premium plugin v24.2 (Yoast SEO v25.6) - https:\/\/yoast.com\/wordpress\/plugins\/seo\/ -->\n<title>L&#039;arte ribelle, femminista e politica di Clemen Parrocchetti a Palazzo Medici Riccardi - intoscana<\/title>\n<meta name=\"description\" content=\"A Firenze una mostra racconta l&#039;artista che ha indagato la complessit\u00e0 della sfera femminile, delle relazioni affettive e della sessualit\u00e0\" \/>\n<meta name=\"robots\" content=\"index, follow, max-snippet:-1, max-image-preview:large, max-video-preview:-1\" \/>\n<link rel=\"canonical\" href=\"https:\/\/www.intoscana.it\/it\/lironia-ribelle-di-clemen-parrocchetti-in-mostra-a-palazzo-medici-riccardi-a-firenze\/\" \/>\n<meta property=\"og:locale\" content=\"it_IT\" \/>\n<meta property=\"og:type\" content=\"article\" \/>\n<meta property=\"og:title\" content=\"L&#039;arte ribelle, femminista e politica di Clemen Parrocchetti a Palazzo Medici Riccardi\" \/>\n<meta property=\"og:description\" content=\"A Firenze una mostra racconta l&#039;artista che ha indagato la complessit\u00e0 della sfera femminile, delle relazioni affettive e della sessualit\u00e0\" \/>\n<meta property=\"og:url\" content=\"https:\/\/www.intoscana.it\/it\/lironia-ribelle-di-clemen-parrocchetti-in-mostra-a-palazzo-medici-riccardi-a-firenze\/\" \/>\n<meta property=\"og:site_name\" content=\"intoscana\" \/>\n<meta property=\"article:publisher\" content=\"https:\/\/www.facebook.com\/intoscana.it\" \/>\n<meta property=\"article:published_time\" content=\"2025-10-01T13:57:12+00:00\" \/>\n<meta property=\"og:image\" content=\"https:\/\/www.intoscana.it\/wp-content\/uploads\/Clemen-Parrocchetti_Per-Ulriche-Meinhof_1976-scaled-e1759325244314.jpeg\" \/>\n\t<meta property=\"og:image:width\" content=\"2048\" \/>\n\t<meta property=\"og:image:height\" content=\"1505\" \/>\n\t<meta property=\"og:image:type\" content=\"image\/jpeg\" \/>\n<meta name=\"author\" content=\"Costanza Baldini\" \/>\n<meta name=\"twitter:card\" content=\"summary_large_image\" \/>\n<meta name=\"twitter:creator\" content=\"@intoscana\" \/>\n<meta name=\"twitter:site\" content=\"@intoscana\" \/>\n<meta name=\"twitter:label1\" content=\"Written by\" \/>\n\t<meta name=\"twitter:data1\" content=\"Costanza Baldini\" \/>\n\t<meta name=\"twitter:label2\" content=\"Est. reading time\" \/>\n\t<meta name=\"twitter:data2\" content=\"4 minuti\" \/>\n<script type=\"application\/ld+json\" class=\"yoast-schema-graph\">{\"@context\":\"https:\/\/schema.org\",\"@graph\":[{\"@type\":\"WebPage\",\"@id\":\"https:\/\/www.intoscana.it\/it\/lironia-ribelle-di-clemen-parrocchetti-in-mostra-a-palazzo-medici-riccardi-a-firenze\/\",\"url\":\"https:\/\/www.intoscana.it\/it\/lironia-ribelle-di-clemen-parrocchetti-in-mostra-a-palazzo-medici-riccardi-a-firenze\/\",\"name\":\"L'arte ribelle, femminista e politica di Clemen Parrocchetti a Palazzo Medici Riccardi - intoscana\",\"isPartOf\":{\"@id\":\"https:\/\/www.intoscana.it\/it\/#website\"},\"primaryImageOfPage\":{\"@id\":\"https:\/\/www.intoscana.it\/it\/lironia-ribelle-di-clemen-parrocchetti-in-mostra-a-palazzo-medici-riccardi-a-firenze\/#primaryimage\"},\"image\":{\"@id\":\"https:\/\/www.intoscana.it\/it\/lironia-ribelle-di-clemen-parrocchetti-in-mostra-a-palazzo-medici-riccardi-a-firenze\/#primaryimage\"},\"thumbnailUrl\":\"https:\/\/www.intoscana.it\/wp-content\/uploads\/Clemen-Parrocchetti_Per-Ulriche-Meinhof_1976-scaled-e1759325244314.jpeg\",\"datePublished\":\"2025-10-01T13:57:12+00:00\",\"author\":{\"@id\":\"https:\/\/www.intoscana.it\/it\/#\/schema\/person\/d469f35f09739bdf00bf5dd3f0647a82\"},\"description\":\"A Firenze una mostra racconta l'artista che ha indagato la complessit\u00e0 della sfera femminile, delle relazioni affettive e della sessualit\u00e0\",\"breadcrumb\":{\"@id\":\"https:\/\/www.intoscana.it\/it\/lironia-ribelle-di-clemen-parrocchetti-in-mostra-a-palazzo-medici-riccardi-a-firenze\/#breadcrumb\"},\"inLanguage\":\"it-IT\",\"potentialAction\":[{\"@type\":\"ReadAction\",\"target\":[\"https:\/\/www.intoscana.it\/it\/lironia-ribelle-di-clemen-parrocchetti-in-mostra-a-palazzo-medici-riccardi-a-firenze\/\"]}]},{\"@type\":\"ImageObject\",\"inLanguage\":\"it-IT\",\"@id\":\"https:\/\/www.intoscana.it\/it\/lironia-ribelle-di-clemen-parrocchetti-in-mostra-a-palazzo-medici-riccardi-a-firenze\/#primaryimage\",\"url\":\"https:\/\/www.intoscana.it\/wp-content\/uploads\/Clemen-Parrocchetti_Per-Ulriche-Meinhof_1976-scaled-e1759325244314.jpeg\",\"contentUrl\":\"https:\/\/www.intoscana.it\/wp-content\/uploads\/Clemen-Parrocchetti_Per-Ulriche-Meinhof_1976-scaled-e1759325244314.jpeg\",\"width\":2048,\"height\":1505},{\"@type\":\"BreadcrumbList\",\"@id\":\"https:\/\/www.intoscana.it\/it\/lironia-ribelle-di-clemen-parrocchetti-in-mostra-a-palazzo-medici-riccardi-a-firenze\/#breadcrumb\",\"itemListElement\":[{\"@type\":\"ListItem\",\"position\":1,\"name\":\"Home\",\"item\":\"https:\/\/www.intoscana.it\/it\/\"},{\"@type\":\"ListItem\",\"position\":2,\"name\":\"L&#8217;arte ribelle, femminista e politica di Clemen Parrocchetti a Palazzo Medici Riccardi\"}]},{\"@type\":\"WebSite\",\"@id\":\"https:\/\/www.intoscana.it\/it\/#website\",\"url\":\"https:\/\/www.intoscana.it\/it\/\",\"name\":\"intoscana\",\"description\":\"\",\"potentialAction\":[{\"@type\":\"SearchAction\",\"target\":{\"@type\":\"EntryPoint\",\"urlTemplate\":\"https:\/\/www.intoscana.it\/it\/?s={search_term_string}\"},\"query-input\":{\"@type\":\"PropertyValueSpecification\",\"valueRequired\":true,\"valueName\":\"search_term_string\"}}],\"inLanguage\":\"it-IT\"},{\"@type\":\"Person\",\"@id\":\"https:\/\/www.intoscana.it\/it\/#\/schema\/person\/d469f35f09739bdf00bf5dd3f0647a82\",\"name\":\"Costanza Baldini\",\"url\":\"https:\/\/www.intoscana.it\/it\/author\/costanza-baldini\/\"}]}<\/script>\n<!-- \/ Yoast SEO Premium plugin. -->","yoast_head_json":{"title":"L'arte ribelle, femminista e politica di Clemen Parrocchetti a Palazzo Medici Riccardi - intoscana","description":"A Firenze una mostra racconta l'artista che ha indagato la complessit\u00e0 della sfera femminile, delle relazioni affettive e della sessualit\u00e0","robots":{"index":"index","follow":"follow","max-snippet":"max-snippet:-1","max-image-preview":"max-image-preview:large","max-video-preview":"max-video-preview:-1"},"canonical":"https:\/\/www.intoscana.it\/it\/lironia-ribelle-di-clemen-parrocchetti-in-mostra-a-palazzo-medici-riccardi-a-firenze\/","og_locale":"it_IT","og_type":"article","og_title":"L'arte ribelle, femminista e politica di Clemen Parrocchetti a Palazzo Medici Riccardi","og_description":"A Firenze una mostra racconta l'artista che ha indagato la complessit\u00e0 della sfera femminile, delle relazioni affettive e della sessualit\u00e0","og_url":"https:\/\/www.intoscana.it\/it\/lironia-ribelle-di-clemen-parrocchetti-in-mostra-a-palazzo-medici-riccardi-a-firenze\/","og_site_name":"intoscana","article_publisher":"https:\/\/www.facebook.com\/intoscana.it","article_published_time":"2025-10-01T13:57:12+00:00","og_image":[{"width":2048,"height":1505,"url":"https:\/\/www.intoscana.it\/wp-content\/uploads\/Clemen-Parrocchetti_Per-Ulriche-Meinhof_1976-scaled-e1759325244314.jpeg","type":"image\/jpeg"}],"author":"Costanza Baldini","twitter_card":"summary_large_image","twitter_creator":"@intoscana","twitter_site":"@intoscana","twitter_misc":{"Written by":"Costanza Baldini","Est. reading time":"4 minuti"},"schema":{"@context":"https:\/\/schema.org","@graph":[{"@type":"WebPage","@id":"https:\/\/www.intoscana.it\/it\/lironia-ribelle-di-clemen-parrocchetti-in-mostra-a-palazzo-medici-riccardi-a-firenze\/","url":"https:\/\/www.intoscana.it\/it\/lironia-ribelle-di-clemen-parrocchetti-in-mostra-a-palazzo-medici-riccardi-a-firenze\/","name":"L'arte ribelle, femminista e politica di Clemen Parrocchetti a Palazzo Medici Riccardi - intoscana","isPartOf":{"@id":"https:\/\/www.intoscana.it\/it\/#website"},"primaryImageOfPage":{"@id":"https:\/\/www.intoscana.it\/it\/lironia-ribelle-di-clemen-parrocchetti-in-mostra-a-palazzo-medici-riccardi-a-firenze\/#primaryimage"},"image":{"@id":"https:\/\/www.intoscana.it\/it\/lironia-ribelle-di-clemen-parrocchetti-in-mostra-a-palazzo-medici-riccardi-a-firenze\/#primaryimage"},"thumbnailUrl":"https:\/\/www.intoscana.it\/wp-content\/uploads\/Clemen-Parrocchetti_Per-Ulriche-Meinhof_1976-scaled-e1759325244314.jpeg","datePublished":"2025-10-01T13:57:12+00:00","author":{"@id":"https:\/\/www.intoscana.it\/it\/#\/schema\/person\/d469f35f09739bdf00bf5dd3f0647a82"},"description":"A Firenze una mostra racconta l'artista che ha indagato la complessit\u00e0 della sfera femminile, delle relazioni affettive e della sessualit\u00e0","breadcrumb":{"@id":"https:\/\/www.intoscana.it\/it\/lironia-ribelle-di-clemen-parrocchetti-in-mostra-a-palazzo-medici-riccardi-a-firenze\/#breadcrumb"},"inLanguage":"it-IT","potentialAction":[{"@type":"ReadAction","target":["https:\/\/www.intoscana.it\/it\/lironia-ribelle-di-clemen-parrocchetti-in-mostra-a-palazzo-medici-riccardi-a-firenze\/"]}]},{"@type":"ImageObject","inLanguage":"it-IT","@id":"https:\/\/www.intoscana.it\/it\/lironia-ribelle-di-clemen-parrocchetti-in-mostra-a-palazzo-medici-riccardi-a-firenze\/#primaryimage","url":"https:\/\/www.intoscana.it\/wp-content\/uploads\/Clemen-Parrocchetti_Per-Ulriche-Meinhof_1976-scaled-e1759325244314.jpeg","contentUrl":"https:\/\/www.intoscana.it\/wp-content\/uploads\/Clemen-Parrocchetti_Per-Ulriche-Meinhof_1976-scaled-e1759325244314.jpeg","width":2048,"height":1505},{"@type":"BreadcrumbList","@id":"https:\/\/www.intoscana.it\/it\/lironia-ribelle-di-clemen-parrocchetti-in-mostra-a-palazzo-medici-riccardi-a-firenze\/#breadcrumb","itemListElement":[{"@type":"ListItem","position":1,"name":"Home","item":"https:\/\/www.intoscana.it\/it\/"},{"@type":"ListItem","position":2,"name":"L&#8217;arte ribelle, femminista e politica di Clemen Parrocchetti a Palazzo Medici Riccardi"}]},{"@type":"WebSite","@id":"https:\/\/www.intoscana.it\/it\/#website","url":"https:\/\/www.intoscana.it\/it\/","name":"intoscana","description":"","potentialAction":[{"@type":"SearchAction","target":{"@type":"EntryPoint","urlTemplate":"https:\/\/www.intoscana.it\/it\/?s={search_term_string}"},"query-input":{"@type":"PropertyValueSpecification","valueRequired":true,"valueName":"search_term_string"}}],"inLanguage":"it-IT"},{"@type":"Person","@id":"https:\/\/www.intoscana.it\/it\/#\/schema\/person\/d469f35f09739bdf00bf5dd3f0647a82","name":"Costanza Baldini","url":"https:\/\/www.intoscana.it\/it\/author\/costanza-baldini\/"}]}},"_links":{"self":[{"href":"https:\/\/www.intoscana.it\/it\/wp-json\/wp\/v2\/posts\/401900","targetHints":{"allow":["GET"]}}],"collection":[{"href":"https:\/\/www.intoscana.it\/it\/wp-json\/wp\/v2\/posts"}],"about":[{"href":"https:\/\/www.intoscana.it\/it\/wp-json\/wp\/v2\/types\/post"}],"author":[{"embeddable":true,"href":"https:\/\/www.intoscana.it\/it\/wp-json\/wp\/v2\/users\/518"}],"replies":[{"embeddable":true,"href":"https:\/\/www.intoscana.it\/it\/wp-json\/wp\/v2\/comments?post=401900"}],"version-history":[{"count":5,"href":"https:\/\/www.intoscana.it\/it\/wp-json\/wp\/v2\/posts\/401900\/revisions"}],"predecessor-version":[{"id":401985,"href":"https:\/\/www.intoscana.it\/it\/wp-json\/wp\/v2\/posts\/401900\/revisions\/401985"}],"wp:featuredmedia":[{"embeddable":true,"href":"https:\/\/www.intoscana.it\/it\/wp-json\/wp\/v2\/media\/401964"}],"wp:attachment":[{"href":"https:\/\/www.intoscana.it\/it\/wp-json\/wp\/v2\/media?parent=401900"}],"wp:term":[{"taxonomy":"category","embeddable":true,"href":"https:\/\/www.intoscana.it\/it\/wp-json\/wp\/v2\/categories?post=401900"},{"taxonomy":"post_tag","embeddable":true,"href":"https:\/\/www.intoscana.it\/it\/wp-json\/wp\/v2\/tags?post=401900"}],"curies":[{"name":"wp","href":"https:\/\/api.w.org\/{rel}","templated":true}]}}