{"id":402384,"date":"2025-10-03T16:31:01","date_gmt":"2025-10-03T14:31:01","guid":{"rendered":"https:\/\/www.intoscana.it\/it\/?p=402384"},"modified":"2025-10-03T16:31:01","modified_gmt":"2025-10-03T14:31:01","slug":"la-toscana-in-piazza-per-la-palestina-a-firenze-un-corteo-lungo-due-chilometri","status":"publish","type":"post","link":"https:\/\/www.intoscana.it\/it\/la-toscana-in-piazza-per-la-palestina-a-firenze-un-corteo-lungo-due-chilometri\/","title":{"rendered":"La Toscana in piazza per la Palestina: a Firenze un corteo lungo due chilometri"},"content":{"rendered":"<p>Migliaia di persone in Toscana per manifestare vicinanza e solidariet\u00e0 alla <strong>Palestina<\/strong> e alla <strong>Global Sumud Flotilla<\/strong>, in occasione dello sciopero generale indetto da Usb e Cgil in tutta Italia.<\/p>\n<p>A <strong>Firenze<\/strong>, il raduno \u00e8 stato alla Fortezza da Basso. Tantissime persone gi\u00e0 dalle 9 di mattina. <mark>Il corteo, partito poco prima delle 10, ha attraversato la citt\u00e0 fino a Campo di Marte, passando per piazza della Libert\u00e0, viale Don Minzoni, cavalcavia delle Cure, viale dei Mille e viale Paoli, per concludersi allo stadio Franchi, lato Maratona.<\/mark> A sfilare tantissimi giovani, studenti associazioni e movimenti. Bandiere delle pace e della Palestina hanno colorato un corteo lungo almeno <strong>due chilometri<\/strong>, a testimonianza di una partecipazione altissima. &#8220;\u00c8 dai tempi del Social Forum che non si vedeva cos\u00ec tanta gente in piazza&#8221;, dicono dalla Cgil riferendosi alla grande manifestazione del 2002.<\/p>\n<p>A <strong>Pisa<\/strong> sono scese in piazza almeno <strong>10 mila persone<\/strong>. I manifestanti si sono radunati nel centro storico, in piazza XX Settembre prima di muoversi in corteo per le principali vie del centro. <mark>Il movimento studentesco pisano, dopo le occupazioni della facolt\u00e0 di lettere e del rettorato dell&#8217;Universit\u00e0 di Pisa, ha occupato anche Palazzo della Carovana, sede della Scuola Normale Superiore.<\/mark><\/p>\n<p>A <strong>Pistoia<\/strong> circa 6.000 persone hanno partecipato alla manifestazione promossa dalla Cgil e dai sindacati di base. Un lungo corteo \u00e8 partito da piazza Gavinana e, dopo aver percorso via Cino, Corso Gramsci, via del Can Bianco e via Cavour, ha raggiunto piazza del Duomo. A <strong>Prato<\/strong> circa 1.500 persone si sono radunate per lo sciopero in piazza Mercatale.<\/p>\n<p>Un corteo pacifico di migliaia di persone, tra le quali molti studenti e lavoratori, ha attraversato le vie del centro di\u00a0<strong>Siena<\/strong>. In testa al corteo un lungo striscione con su scritto &#8220;Stop genocidio&#8221;.\u00a0 Ad <strong>Arezzo<\/strong> ci sono state due manifestazioni. Una molto affollata, in centro, con cittadini, studenti e insegnanti, e un sit in in piazza della Libert\u00e0, fra i palazzi del Comune e della Provincia.<\/p>\n<p>A <strong>Livorno<\/strong> oltre 5.000 manifestanti hanno bloccato la circolazione stradale nella zona nord di Livorno tra il varco Zara, via Leonardo da Vinci e il ponte Genova. A loro si \u00e8 unito in mattinata anche un corteo studentesco di oltre 3.000 giovani.<\/p>\n<h3><em>Le ripercussioni sulla mobilit\u00e0<\/em><\/h3>\n<p>Bloccato l&#8217;accesso al porto di Livorno, mentre a Pisa la circolazione stadale sulla F<strong>irenze-Pisa-Livorno<\/strong> in entrambe le direzioni di marcia \u00e8 stata interrotta dalla presenza dei manifestanti sulle carreggiate. <mark>Bloccato anche il casello Pisa Centro dell&#8217;autostrada A12 Rosignano-Genova.<\/mark><\/p>\n<p>Alcune ore di disagi anche per il traffico ferroviario, con l&#8217;occupazione dei binari dell&#8217;alta velocit\u00e0 a Firenze, e per quello aereo, con alcune persone che hanno invaso la pista e i piazzali dell&#8217;<strong>aeroporto di Pisa<\/strong>.<\/p>\n","protected":false},"excerpt":{"rendered":"<p>Decine di migliaia di persone hanno manifestato per Gaza e per la Global Sumud Flotilla, in occasione dello sciopero generale indetto da Usb e Cgil<\/p>\n","protected":false},"author":525,"featured_media":402390,"comment_status":"open","ping_status":"open","sticky":false,"template":"","format":"standard","meta":{"_acf_changed":false,"footnotes":""},"categories":[494],"tags":[196,202,273,203,215,259,164,356],"class_list":["post-402384","post","type-post","status-publish","format-standard","has-post-thumbnail","hentry","category-attualita","tag-arezzo","tag-firenze","tag-livorno","tag-pisa","tag-pistoia","tag-prato","tag-siena","tag-solidarieta"],"acf":[],"yoast_head":"<!-- This site is optimized with the Yoast SEO Premium plugin v24.2 (Yoast SEO v25.6) - https:\/\/yoast.com\/wordpress\/plugins\/seo\/ -->\n<title>La Toscana in piazza per la Palestina: a Firenze un corteo lungo due chilometri - intoscana<\/title>\n<meta name=\"description\" content=\"Decine di migliaia di persone hanno manifestato per Gaza e per la Global Sumud Flotilla, in occasione dello sciopero generale indetto da Usb e Cgil\u00a0\" \/>\n<meta name=\"robots\" content=\"index, follow, max-snippet:-1, max-image-preview:large, max-video-preview:-1\" \/>\n<link rel=\"canonical\" href=\"https:\/\/www.intoscana.it\/it\/la-toscana-in-piazza-per-la-palestina-a-firenze-un-corteo-lungo-due-chilometri\/\" \/>\n<meta property=\"og:locale\" content=\"it_IT\" \/>\n<meta property=\"og:type\" content=\"article\" \/>\n<meta property=\"og:title\" content=\"La Toscana in piazza per la Palestina: a Firenze un corteo lungo due chilometri\" \/>\n<meta property=\"og:description\" content=\"Decine di migliaia di persone hanno manifestato per Gaza e per la Global Sumud Flotilla, in occasione dello sciopero generale indetto da Usb e Cgil\u00a0\" \/>\n<meta property=\"og:url\" content=\"https:\/\/www.intoscana.it\/it\/la-toscana-in-piazza-per-la-palestina-a-firenze-un-corteo-lungo-due-chilometri\/\" \/>\n<meta property=\"og:site_name\" content=\"intoscana\" \/>\n<meta property=\"article:publisher\" content=\"https:\/\/www.facebook.com\/intoscana.it\" \/>\n<meta property=\"article:published_time\" content=\"2025-10-03T14:31:01+00:00\" \/>\n<meta property=\"og:image\" content=\"https:\/\/www.intoscana.it\/wp-content\/uploads\/IMG_9309.jpg\" \/>\n\t<meta property=\"og:image:width\" content=\"2048\" \/>\n\t<meta property=\"og:image:height\" content=\"1536\" \/>\n\t<meta property=\"og:image:type\" content=\"image\/jpeg\" \/>\n<meta name=\"author\" content=\"Redazione\" \/>\n<meta name=\"twitter:card\" content=\"summary_large_image\" \/>\n<meta name=\"twitter:creator\" content=\"@intoscana\" \/>\n<meta name=\"twitter:site\" content=\"@intoscana\" \/>\n<meta name=\"twitter:label1\" content=\"Written by\" \/>\n\t<meta name=\"twitter:data1\" content=\"Redazione\" \/>\n\t<meta name=\"twitter:label2\" content=\"Est. reading time\" \/>\n\t<meta name=\"twitter:data2\" content=\"3 minuti\" \/>\n<script type=\"application\/ld+json\" class=\"yoast-schema-graph\">{\"@context\":\"https:\/\/schema.org\",\"@graph\":[{\"@type\":\"WebPage\",\"@id\":\"https:\/\/www.intoscana.it\/it\/la-toscana-in-piazza-per-la-palestina-a-firenze-un-corteo-lungo-due-chilometri\/\",\"url\":\"https:\/\/www.intoscana.it\/it\/la-toscana-in-piazza-per-la-palestina-a-firenze-un-corteo-lungo-due-chilometri\/\",\"name\":\"La Toscana in piazza per la Palestina: a Firenze un corteo lungo due chilometri - intoscana\",\"isPartOf\":{\"@id\":\"https:\/\/www.intoscana.it\/it\/#website\"},\"primaryImageOfPage\":{\"@id\":\"https:\/\/www.intoscana.it\/it\/la-toscana-in-piazza-per-la-palestina-a-firenze-un-corteo-lungo-due-chilometri\/#primaryimage\"},\"image\":{\"@id\":\"https:\/\/www.intoscana.it\/it\/la-toscana-in-piazza-per-la-palestina-a-firenze-un-corteo-lungo-due-chilometri\/#primaryimage\"},\"thumbnailUrl\":\"https:\/\/www.intoscana.it\/wp-content\/uploads\/IMG_9309.jpg\",\"datePublished\":\"2025-10-03T14:31:01+00:00\",\"author\":{\"@id\":\"https:\/\/www.intoscana.it\/it\/#\/schema\/person\/9223810753230f20bd670fdd322661f8\"},\"description\":\"Decine di migliaia di persone hanno manifestato per Gaza e per la Global Sumud Flotilla, in occasione dello sciopero generale indetto da Usb e Cgil\u00a0\",\"breadcrumb\":{\"@id\":\"https:\/\/www.intoscana.it\/it\/la-toscana-in-piazza-per-la-palestina-a-firenze-un-corteo-lungo-due-chilometri\/#breadcrumb\"},\"inLanguage\":\"it-IT\",\"potentialAction\":[{\"@type\":\"ReadAction\",\"target\":[\"https:\/\/www.intoscana.it\/it\/la-toscana-in-piazza-per-la-palestina-a-firenze-un-corteo-lungo-due-chilometri\/\"]}]},{\"@type\":\"ImageObject\",\"inLanguage\":\"it-IT\",\"@id\":\"https:\/\/www.intoscana.it\/it\/la-toscana-in-piazza-per-la-palestina-a-firenze-un-corteo-lungo-due-chilometri\/#primaryimage\",\"url\":\"https:\/\/www.intoscana.it\/wp-content\/uploads\/IMG_9309.jpg\",\"contentUrl\":\"https:\/\/www.intoscana.it\/wp-content\/uploads\/IMG_9309.jpg\",\"width\":2048,\"height\":1536},{\"@type\":\"BreadcrumbList\",\"@id\":\"https:\/\/www.intoscana.it\/it\/la-toscana-in-piazza-per-la-palestina-a-firenze-un-corteo-lungo-due-chilometri\/#breadcrumb\",\"itemListElement\":[{\"@type\":\"ListItem\",\"position\":1,\"name\":\"Home\",\"item\":\"https:\/\/www.intoscana.it\/it\/\"},{\"@type\":\"ListItem\",\"position\":2,\"name\":\"La Toscana in piazza per la Palestina: a Firenze un corteo lungo due chilometri\"}]},{\"@type\":\"WebSite\",\"@id\":\"https:\/\/www.intoscana.it\/it\/#website\",\"url\":\"https:\/\/www.intoscana.it\/it\/\",\"name\":\"intoscana\",\"description\":\"\",\"potentialAction\":[{\"@type\":\"SearchAction\",\"target\":{\"@type\":\"EntryPoint\",\"urlTemplate\":\"https:\/\/www.intoscana.it\/it\/?s={search_term_string}\"},\"query-input\":{\"@type\":\"PropertyValueSpecification\",\"valueRequired\":true,\"valueName\":\"search_term_string\"}}],\"inLanguage\":\"it-IT\"},{\"@type\":\"Person\",\"@id\":\"https:\/\/www.intoscana.it\/it\/#\/schema\/person\/9223810753230f20bd670fdd322661f8\",\"name\":\"Redazione\",\"url\":\"https:\/\/www.intoscana.it\/it\/author\/redazione\/\"}]}<\/script>\n<!-- \/ Yoast SEO Premium plugin. -->","yoast_head_json":{"title":"La Toscana in piazza per la Palestina: a Firenze un corteo lungo due chilometri - intoscana","description":"Decine di migliaia di persone hanno manifestato per Gaza e per la Global Sumud Flotilla, in occasione dello sciopero generale indetto da Usb e Cgil\u00a0","robots":{"index":"index","follow":"follow","max-snippet":"max-snippet:-1","max-image-preview":"max-image-preview:large","max-video-preview":"max-video-preview:-1"},"canonical":"https:\/\/www.intoscana.it\/it\/la-toscana-in-piazza-per-la-palestina-a-firenze-un-corteo-lungo-due-chilometri\/","og_locale":"it_IT","og_type":"article","og_title":"La Toscana in piazza per la Palestina: a Firenze un corteo lungo due chilometri","og_description":"Decine di migliaia di persone hanno manifestato per Gaza e per la Global Sumud Flotilla, in occasione dello sciopero generale indetto da Usb e Cgil\u00a0","og_url":"https:\/\/www.intoscana.it\/it\/la-toscana-in-piazza-per-la-palestina-a-firenze-un-corteo-lungo-due-chilometri\/","og_site_name":"intoscana","article_publisher":"https:\/\/www.facebook.com\/intoscana.it","article_published_time":"2025-10-03T14:31:01+00:00","og_image":[{"width":2048,"height":1536,"url":"https:\/\/www.intoscana.it\/wp-content\/uploads\/IMG_9309.jpg","type":"image\/jpeg"}],"author":"Redazione","twitter_card":"summary_large_image","twitter_creator":"@intoscana","twitter_site":"@intoscana","twitter_misc":{"Written by":"Redazione","Est. reading time":"3 minuti"},"schema":{"@context":"https:\/\/schema.org","@graph":[{"@type":"WebPage","@id":"https:\/\/www.intoscana.it\/it\/la-toscana-in-piazza-per-la-palestina-a-firenze-un-corteo-lungo-due-chilometri\/","url":"https:\/\/www.intoscana.it\/it\/la-toscana-in-piazza-per-la-palestina-a-firenze-un-corteo-lungo-due-chilometri\/","name":"La Toscana in piazza per la Palestina: a Firenze un corteo lungo due chilometri - intoscana","isPartOf":{"@id":"https:\/\/www.intoscana.it\/it\/#website"},"primaryImageOfPage":{"@id":"https:\/\/www.intoscana.it\/it\/la-toscana-in-piazza-per-la-palestina-a-firenze-un-corteo-lungo-due-chilometri\/#primaryimage"},"image":{"@id":"https:\/\/www.intoscana.it\/it\/la-toscana-in-piazza-per-la-palestina-a-firenze-un-corteo-lungo-due-chilometri\/#primaryimage"},"thumbnailUrl":"https:\/\/www.intoscana.it\/wp-content\/uploads\/IMG_9309.jpg","datePublished":"2025-10-03T14:31:01+00:00","author":{"@id":"https:\/\/www.intoscana.it\/it\/#\/schema\/person\/9223810753230f20bd670fdd322661f8"},"description":"Decine di migliaia di persone hanno manifestato per Gaza e per la Global Sumud Flotilla, in occasione dello sciopero generale indetto da Usb e Cgil\u00a0","breadcrumb":{"@id":"https:\/\/www.intoscana.it\/it\/la-toscana-in-piazza-per-la-palestina-a-firenze-un-corteo-lungo-due-chilometri\/#breadcrumb"},"inLanguage":"it-IT","potentialAction":[{"@type":"ReadAction","target":["https:\/\/www.intoscana.it\/it\/la-toscana-in-piazza-per-la-palestina-a-firenze-un-corteo-lungo-due-chilometri\/"]}]},{"@type":"ImageObject","inLanguage":"it-IT","@id":"https:\/\/www.intoscana.it\/it\/la-toscana-in-piazza-per-la-palestina-a-firenze-un-corteo-lungo-due-chilometri\/#primaryimage","url":"https:\/\/www.intoscana.it\/wp-content\/uploads\/IMG_9309.jpg","contentUrl":"https:\/\/www.intoscana.it\/wp-content\/uploads\/IMG_9309.jpg","width":2048,"height":1536},{"@type":"BreadcrumbList","@id":"https:\/\/www.intoscana.it\/it\/la-toscana-in-piazza-per-la-palestina-a-firenze-un-corteo-lungo-due-chilometri\/#breadcrumb","itemListElement":[{"@type":"ListItem","position":1,"name":"Home","item":"https:\/\/www.intoscana.it\/it\/"},{"@type":"ListItem","position":2,"name":"La Toscana in piazza per la Palestina: a Firenze un corteo lungo due chilometri"}]},{"@type":"WebSite","@id":"https:\/\/www.intoscana.it\/it\/#website","url":"https:\/\/www.intoscana.it\/it\/","name":"intoscana","description":"","potentialAction":[{"@type":"SearchAction","target":{"@type":"EntryPoint","urlTemplate":"https:\/\/www.intoscana.it\/it\/?s={search_term_string}"},"query-input":{"@type":"PropertyValueSpecification","valueRequired":true,"valueName":"search_term_string"}}],"inLanguage":"it-IT"},{"@type":"Person","@id":"https:\/\/www.intoscana.it\/it\/#\/schema\/person\/9223810753230f20bd670fdd322661f8","name":"Redazione","url":"https:\/\/www.intoscana.it\/it\/author\/redazione\/"}]}},"_links":{"self":[{"href":"https:\/\/www.intoscana.it\/it\/wp-json\/wp\/v2\/posts\/402384","targetHints":{"allow":["GET"]}}],"collection":[{"href":"https:\/\/www.intoscana.it\/it\/wp-json\/wp\/v2\/posts"}],"about":[{"href":"https:\/\/www.intoscana.it\/it\/wp-json\/wp\/v2\/types\/post"}],"author":[{"embeddable":true,"href":"https:\/\/www.intoscana.it\/it\/wp-json\/wp\/v2\/users\/525"}],"replies":[{"embeddable":true,"href":"https:\/\/www.intoscana.it\/it\/wp-json\/wp\/v2\/comments?post=402384"}],"version-history":[{"count":5,"href":"https:\/\/www.intoscana.it\/it\/wp-json\/wp\/v2\/posts\/402384\/revisions"}],"predecessor-version":[{"id":402398,"href":"https:\/\/www.intoscana.it\/it\/wp-json\/wp\/v2\/posts\/402384\/revisions\/402398"}],"wp:featuredmedia":[{"embeddable":true,"href":"https:\/\/www.intoscana.it\/it\/wp-json\/wp\/v2\/media\/402390"}],"wp:attachment":[{"href":"https:\/\/www.intoscana.it\/it\/wp-json\/wp\/v2\/media?parent=402384"}],"wp:term":[{"taxonomy":"category","embeddable":true,"href":"https:\/\/www.intoscana.it\/it\/wp-json\/wp\/v2\/categories?post=402384"},{"taxonomy":"post_tag","embeddable":true,"href":"https:\/\/www.intoscana.it\/it\/wp-json\/wp\/v2\/tags?post=402384"}],"curies":[{"name":"wp","href":"https:\/\/api.w.org\/{rel}","templated":true}]}}