{"id":402599,"date":"2025-10-06T13:00:36","date_gmt":"2025-10-06T11:00:36","guid":{"rendered":"https:\/\/www.intoscana.it\/it\/?p=402599"},"modified":"2025-10-07T16:29:52","modified_gmt":"2025-10-07T14:29:52","slug":"firenze-giardino-verticale-toscana-energia","status":"publish","type":"post","link":"https:\/\/www.intoscana.it\/it\/firenze-giardino-verticale-toscana-energia\/","title":{"rendered":"Sostenibilit\u00e0: Firenze pi\u00f9 verde con il giardino verticale da 16mila piante di Toscana Energia"},"content":{"rendered":"<p>\u00c8 stato inaugurato oggi a Firenze il<strong> giardino verticale<\/strong> realizzato da <strong>Toscana Energia<\/strong> lungo la parete perimetrale della propria sede, tra via Barsanti e piazza Mattei, che unisce innovazione, sostenibilit\u00e0 e attenzione alla valorizzazione degli spazi urbani.<\/p>\n<h3>Una parete verde di 80 metri che migliora la qualit\u00e0 dell&#8217;aria<\/h3>\n<p>&#8220;Connessione Verde&#8221; conta circa 16mila piante appartenenti a <strong>14 specie vegetali<\/strong> selezionate. <mark>La parete verde \u00e8 lunga oltre 80 metri e contribuir\u00e0 a migliorare la qualit\u00e0 dell\u2019aria integrando architettura e natura. <\/mark>La superficie coperta \u00e8 di <strong>260 metri quadri<\/strong>, questo la rende al momento tra le pi\u00f9 grandi presenti in Toscana realizzate con tipologia di verde verticale modulare. Consentir\u00e0 un assorbimento di CO2 pari a circa 35-40kg al metro quadro.<\/p>\n<p>&#8220;Connessione Verde&#8221; \u00e8 stata realizzata con <strong>un innovativo sistema<\/strong>: Flexiverde Vydro, un sistema modulare composto da un sandwich di geocompositi ad alta tenacit\u00e0, con al loro interno un materassino con composto Bio Aktive, che funge da substrato per le piante. <strong>L&#8217;irrigazione delle piante avviene con ali gocciolanti<\/strong> inserite all&#8217;interno del modulo, e viene gestita da remoto, con l&#8217;ausilio di sensori di umidit\u00e0, di flusso, di temperature e di pressione.<\/p>\n<p><em>&#8220;Si chiede alle imprese di essere concrete e innovative<\/em> &#8211; ha detto <strong>l&#8217;amministratore delegato di Toscana Enegia Bruno Burigana,<\/strong> inaugurando il giardino verticale &#8211; <em>Connessione Verde \u00e8 un esempio concreto di rigenerazione urbana, di riconversione di architetture industriali in architetture verdi, quindi di rapporto con la natura. \u00c8 un esempio di innovazione perch\u00e9 adotta le migliori tecnologie di rinverdimento che oggi sono disponibili&#8221;.<\/em><\/p>\n<p>Al taglio del nastro ha partecipato anche il <strong>presidente della Regione Toscana<\/strong>: si tratta di un\u2019opera, ha sottolineato, che rappresenta un esempio virtuoso di come le aziende possano contribuire concretamente alla qualit\u00e0 della vita nelle citt\u00e0 e che dimostra come innovazione tecnologica e rispetto per l&#8217;ambiente possano convivere armoniosamente. Il presidente ha quindi ringraziato Toscana Energia per questo investimento che arricchisce il patrimonio verde di Firenze e sensibilizza i cittadini sull&#8217;importanza della <strong>rigenerazione urbana e della sostenibilit\u00e0.<\/strong><\/p>\n","protected":false},"excerpt":{"rendered":"<p>&#8220;Connessione Verde&#8221; si estende per oltre 80 metri e migliorer\u00e0 la qualit\u00e0 dell&#8217;aria assorbendo 35-40 kg di CO2 per metro quadro<\/p>\n","protected":false},"author":525,"featured_media":402603,"comment_status":"open","ping_status":"open","sticky":false,"template":"","format":"standard","meta":{"_acf_changed":false,"footnotes":""},"categories":[19],"tags":[202,371],"class_list":["post-402599","post","type-post","status-publish","format-standard","has-post-thumbnail","hentry","category-ambiente","tag-firenze","tag-sostenibilita"],"acf":[],"yoast_head":"<!-- This site is optimized with the Yoast SEO Premium plugin v24.2 (Yoast SEO v25.6) - https:\/\/yoast.com\/wordpress\/plugins\/seo\/ -->\n<title>Sostenibilit\u00e0: Firenze pi\u00f9 verde con il giardino verticale da 16mila piante di Toscana Energia - intoscana<\/title>\n<meta name=\"robots\" content=\"index, follow, max-snippet:-1, max-image-preview:large, max-video-preview:-1\" \/>\n<link rel=\"canonical\" href=\"https:\/\/www.intoscana.it\/it\/firenze-giardino-verticale-toscana-energia\/\" \/>\n<meta property=\"og:locale\" content=\"it_IT\" \/>\n<meta property=\"og:type\" content=\"article\" \/>\n<meta property=\"og:title\" content=\"Sostenibilit\u00e0: Firenze pi\u00f9 verde con il giardino verticale da 16mila piante di Toscana Energia\" \/>\n<meta property=\"og:description\" content=\"&quot;Connessione Verde&quot; si estende per oltre 80 metri e migliorer\u00e0 la qualit\u00e0 dell&#039;aria assorbendo 35-40 kg di CO2 per metro quadro\" \/>\n<meta property=\"og:url\" content=\"https:\/\/www.intoscana.it\/it\/firenze-giardino-verticale-toscana-energia\/\" \/>\n<meta property=\"og:site_name\" content=\"intoscana\" \/>\n<meta property=\"article:publisher\" content=\"https:\/\/www.facebook.com\/intoscana.it\" \/>\n<meta property=\"article:published_time\" content=\"2025-10-06T11:00:36+00:00\" \/>\n<meta property=\"article:modified_time\" content=\"2025-10-07T14:29:52+00:00\" \/>\n<meta property=\"og:image\" content=\"https:\/\/www.intoscana.it\/wp-content\/uploads\/vert.jpg\" \/>\n\t<meta property=\"og:image:width\" content=\"1600\" \/>\n\t<meta property=\"og:image:height\" content=\"900\" \/>\n\t<meta property=\"og:image:type\" content=\"image\/jpeg\" \/>\n<meta name=\"author\" content=\"Redazione\" \/>\n<meta name=\"twitter:card\" content=\"summary_large_image\" \/>\n<meta name=\"twitter:creator\" content=\"@intoscana\" \/>\n<meta name=\"twitter:site\" content=\"@intoscana\" \/>\n<meta name=\"twitter:label1\" content=\"Written by\" \/>\n\t<meta name=\"twitter:data1\" content=\"Redazione\" \/>\n\t<meta name=\"twitter:label2\" content=\"Est. reading time\" \/>\n\t<meta name=\"twitter:data2\" content=\"2 minuti\" \/>\n<script type=\"application\/ld+json\" class=\"yoast-schema-graph\">{\"@context\":\"https:\/\/schema.org\",\"@graph\":[{\"@type\":\"WebPage\",\"@id\":\"https:\/\/www.intoscana.it\/it\/firenze-giardino-verticale-toscana-energia\/\",\"url\":\"https:\/\/www.intoscana.it\/it\/firenze-giardino-verticale-toscana-energia\/\",\"name\":\"Sostenibilit\u00e0: Firenze pi\u00f9 verde con il giardino verticale da 16mila piante di Toscana Energia - intoscana\",\"isPartOf\":{\"@id\":\"https:\/\/www.intoscana.it\/it\/#website\"},\"primaryImageOfPage\":{\"@id\":\"https:\/\/www.intoscana.it\/it\/firenze-giardino-verticale-toscana-energia\/#primaryimage\"},\"image\":{\"@id\":\"https:\/\/www.intoscana.it\/it\/firenze-giardino-verticale-toscana-energia\/#primaryimage\"},\"thumbnailUrl\":\"https:\/\/www.intoscana.it\/wp-content\/uploads\/vert.jpg\",\"datePublished\":\"2025-10-06T11:00:36+00:00\",\"dateModified\":\"2025-10-07T14:29:52+00:00\",\"author\":{\"@id\":\"https:\/\/www.intoscana.it\/it\/#\/schema\/person\/9223810753230f20bd670fdd322661f8\"},\"breadcrumb\":{\"@id\":\"https:\/\/www.intoscana.it\/it\/firenze-giardino-verticale-toscana-energia\/#breadcrumb\"},\"inLanguage\":\"it-IT\",\"potentialAction\":[{\"@type\":\"ReadAction\",\"target\":[\"https:\/\/www.intoscana.it\/it\/firenze-giardino-verticale-toscana-energia\/\"]}]},{\"@type\":\"ImageObject\",\"inLanguage\":\"it-IT\",\"@id\":\"https:\/\/www.intoscana.it\/it\/firenze-giardino-verticale-toscana-energia\/#primaryimage\",\"url\":\"https:\/\/www.intoscana.it\/wp-content\/uploads\/vert.jpg\",\"contentUrl\":\"https:\/\/www.intoscana.it\/wp-content\/uploads\/vert.jpg\",\"width\":1600,\"height\":900},{\"@type\":\"BreadcrumbList\",\"@id\":\"https:\/\/www.intoscana.it\/it\/firenze-giardino-verticale-toscana-energia\/#breadcrumb\",\"itemListElement\":[{\"@type\":\"ListItem\",\"position\":1,\"name\":\"Home\",\"item\":\"https:\/\/www.intoscana.it\/it\/\"},{\"@type\":\"ListItem\",\"position\":2,\"name\":\"Sostenibilit\u00e0: Firenze pi\u00f9 verde con il giardino verticale da 16mila piante di Toscana Energia\"}]},{\"@type\":\"WebSite\",\"@id\":\"https:\/\/www.intoscana.it\/it\/#website\",\"url\":\"https:\/\/www.intoscana.it\/it\/\",\"name\":\"intoscana\",\"description\":\"\",\"potentialAction\":[{\"@type\":\"SearchAction\",\"target\":{\"@type\":\"EntryPoint\",\"urlTemplate\":\"https:\/\/www.intoscana.it\/it\/?s={search_term_string}\"},\"query-input\":{\"@type\":\"PropertyValueSpecification\",\"valueRequired\":true,\"valueName\":\"search_term_string\"}}],\"inLanguage\":\"it-IT\"},{\"@type\":\"Person\",\"@id\":\"https:\/\/www.intoscana.it\/it\/#\/schema\/person\/9223810753230f20bd670fdd322661f8\",\"name\":\"Redazione\",\"url\":\"https:\/\/www.intoscana.it\/it\/author\/redazione\/\"}]}<\/script>\n<!-- \/ Yoast SEO Premium plugin. -->","yoast_head_json":{"title":"Sostenibilit\u00e0: Firenze pi\u00f9 verde con il giardino verticale da 16mila piante di Toscana Energia - intoscana","robots":{"index":"index","follow":"follow","max-snippet":"max-snippet:-1","max-image-preview":"max-image-preview:large","max-video-preview":"max-video-preview:-1"},"canonical":"https:\/\/www.intoscana.it\/it\/firenze-giardino-verticale-toscana-energia\/","og_locale":"it_IT","og_type":"article","og_title":"Sostenibilit\u00e0: Firenze pi\u00f9 verde con il giardino verticale da 16mila piante di Toscana Energia","og_description":"\"Connessione Verde\" si estende per oltre 80 metri e migliorer\u00e0 la qualit\u00e0 dell'aria assorbendo 35-40 kg di CO2 per metro quadro","og_url":"https:\/\/www.intoscana.it\/it\/firenze-giardino-verticale-toscana-energia\/","og_site_name":"intoscana","article_publisher":"https:\/\/www.facebook.com\/intoscana.it","article_published_time":"2025-10-06T11:00:36+00:00","article_modified_time":"2025-10-07T14:29:52+00:00","og_image":[{"width":1600,"height":900,"url":"https:\/\/www.intoscana.it\/wp-content\/uploads\/vert.jpg","type":"image\/jpeg"}],"author":"Redazione","twitter_card":"summary_large_image","twitter_creator":"@intoscana","twitter_site":"@intoscana","twitter_misc":{"Written by":"Redazione","Est. reading time":"2 minuti"},"schema":{"@context":"https:\/\/schema.org","@graph":[{"@type":"WebPage","@id":"https:\/\/www.intoscana.it\/it\/firenze-giardino-verticale-toscana-energia\/","url":"https:\/\/www.intoscana.it\/it\/firenze-giardino-verticale-toscana-energia\/","name":"Sostenibilit\u00e0: Firenze pi\u00f9 verde con il giardino verticale da 16mila piante di Toscana Energia - intoscana","isPartOf":{"@id":"https:\/\/www.intoscana.it\/it\/#website"},"primaryImageOfPage":{"@id":"https:\/\/www.intoscana.it\/it\/firenze-giardino-verticale-toscana-energia\/#primaryimage"},"image":{"@id":"https:\/\/www.intoscana.it\/it\/firenze-giardino-verticale-toscana-energia\/#primaryimage"},"thumbnailUrl":"https:\/\/www.intoscana.it\/wp-content\/uploads\/vert.jpg","datePublished":"2025-10-06T11:00:36+00:00","dateModified":"2025-10-07T14:29:52+00:00","author":{"@id":"https:\/\/www.intoscana.it\/it\/#\/schema\/person\/9223810753230f20bd670fdd322661f8"},"breadcrumb":{"@id":"https:\/\/www.intoscana.it\/it\/firenze-giardino-verticale-toscana-energia\/#breadcrumb"},"inLanguage":"it-IT","potentialAction":[{"@type":"ReadAction","target":["https:\/\/www.intoscana.it\/it\/firenze-giardino-verticale-toscana-energia\/"]}]},{"@type":"ImageObject","inLanguage":"it-IT","@id":"https:\/\/www.intoscana.it\/it\/firenze-giardino-verticale-toscana-energia\/#primaryimage","url":"https:\/\/www.intoscana.it\/wp-content\/uploads\/vert.jpg","contentUrl":"https:\/\/www.intoscana.it\/wp-content\/uploads\/vert.jpg","width":1600,"height":900},{"@type":"BreadcrumbList","@id":"https:\/\/www.intoscana.it\/it\/firenze-giardino-verticale-toscana-energia\/#breadcrumb","itemListElement":[{"@type":"ListItem","position":1,"name":"Home","item":"https:\/\/www.intoscana.it\/it\/"},{"@type":"ListItem","position":2,"name":"Sostenibilit\u00e0: Firenze pi\u00f9 verde con il giardino verticale da 16mila piante di Toscana Energia"}]},{"@type":"WebSite","@id":"https:\/\/www.intoscana.it\/it\/#website","url":"https:\/\/www.intoscana.it\/it\/","name":"intoscana","description":"","potentialAction":[{"@type":"SearchAction","target":{"@type":"EntryPoint","urlTemplate":"https:\/\/www.intoscana.it\/it\/?s={search_term_string}"},"query-input":{"@type":"PropertyValueSpecification","valueRequired":true,"valueName":"search_term_string"}}],"inLanguage":"it-IT"},{"@type":"Person","@id":"https:\/\/www.intoscana.it\/it\/#\/schema\/person\/9223810753230f20bd670fdd322661f8","name":"Redazione","url":"https:\/\/www.intoscana.it\/it\/author\/redazione\/"}]}},"_links":{"self":[{"href":"https:\/\/www.intoscana.it\/it\/wp-json\/wp\/v2\/posts\/402599","targetHints":{"allow":["GET"]}}],"collection":[{"href":"https:\/\/www.intoscana.it\/it\/wp-json\/wp\/v2\/posts"}],"about":[{"href":"https:\/\/www.intoscana.it\/it\/wp-json\/wp\/v2\/types\/post"}],"author":[{"embeddable":true,"href":"https:\/\/www.intoscana.it\/it\/wp-json\/wp\/v2\/users\/525"}],"replies":[{"embeddable":true,"href":"https:\/\/www.intoscana.it\/it\/wp-json\/wp\/v2\/comments?post=402599"}],"version-history":[{"count":5,"href":"https:\/\/www.intoscana.it\/it\/wp-json\/wp\/v2\/posts\/402599\/revisions"}],"predecessor-version":[{"id":402642,"href":"https:\/\/www.intoscana.it\/it\/wp-json\/wp\/v2\/posts\/402599\/revisions\/402642"}],"wp:featuredmedia":[{"embeddable":true,"href":"https:\/\/www.intoscana.it\/it\/wp-json\/wp\/v2\/media\/402603"}],"wp:attachment":[{"href":"https:\/\/www.intoscana.it\/it\/wp-json\/wp\/v2\/media?parent=402599"}],"wp:term":[{"taxonomy":"category","embeddable":true,"href":"https:\/\/www.intoscana.it\/it\/wp-json\/wp\/v2\/categories?post=402599"},{"taxonomy":"post_tag","embeddable":true,"href":"https:\/\/www.intoscana.it\/it\/wp-json\/wp\/v2\/tags?post=402599"}],"curies":[{"name":"wp","href":"https:\/\/api.w.org\/{rel}","templated":true}]}}