{"id":402806,"date":"2025-10-07T11:00:03","date_gmt":"2025-10-07T09:00:03","guid":{"rendered":"https:\/\/www.intoscana.it\/it\/?p=402806"},"modified":"2025-10-07T11:00:26","modified_gmt":"2025-10-07T09:00:26","slug":"firenze-books-2025-le-librerie-indipendenti-si-incontrano-ippodromo-del-visarno","status":"publish","type":"post","link":"https:\/\/www.intoscana.it\/it\/firenze-books-2025-le-librerie-indipendenti-si-incontrano-ippodromo-del-visarno\/","title":{"rendered":"Firenze Books 2025: le librerie indipendenti si incontrano all&#8217;Ippodromo del Visarno"},"content":{"rendered":"<p>Firenze torna a essere capitale della parola scritta con <strong>Firenze Books,<\/strong> il festival che ogni anno celebra<strong> la lettura in tutte le sue forme.<\/strong><\/p>\n<p><strong>Dal 10 al 12 ottobre<\/strong> i tre giorni organizzati da<a href=\"https:\/\/www.confartigianatofirenze.it\" target=\"_blank\" rel=\"noopener\"><strong> Confartigianato Imprese Firenze<\/strong><\/a> in collaborazione con <strong>Libreria Alfani, Libreria Farollo e Falpal\u00e0, Libreria Florida, Libreria Leggermente<\/strong> si svolgeranno nuovamente presso l\u2019<strong>Ippodromo del Visarno al Piazzale delle Cascine a Firenze,<\/strong> unendo<strong> lettrici e lettori, autrici e autori,<\/strong> in una manifestazione che si rivolge a tutte le fasce d&#8217;et\u00e0.<\/p>\n<p><strong>Tra presentazioni, incontri con autori, dibattiti e laboratori,<\/strong> <strong>Firenze Books<\/strong> trasforma la citt\u00e0 in<strong> un grande salotto letterario dove lettori, scrittori ed editori<\/strong> si incontrano per condividere storie, idee e passioni.<\/p>\n<p>Un appuntamento che conferma quanto<strong> la cultura a Firenze,<\/strong> non sia solo memoria del passato ma <strong>linfa vitale del presente.<\/strong><\/p>\n<div class=\"titleimg\">\n<figure id=\"post-402810 media-402810\" class=\"align-none\"><img decoding=\"async\" src=\"https:\/\/www.intoscana.it\/wp-content\/uploads\/245140229_1034639183979460_5827366167823694757_n.jpg-1.webp\" alt=\"\" \/><\/figure>\n<div class=\"titleimg\">Firenze Books<\/div>\n<\/div>\n<h3>Il programma<\/h3>\n<p><strong>Venerd\u00ec 10 ottobre<\/strong><\/p>\n<p>Il pomeriggio di apertura si apre alle 15 sul Palco con <strong>Eleonora Brandigi,<\/strong> che presenta la rassegna <strong>Dialoghi urbani<\/strong> e il <strong>Patto per la lettura,<\/strong> in dialogo con Jacopo Vicini, Assessore allo Sviluppo Economico del Comune di Firenze. In contemporanea, nel salotto,<strong> Iacopo Gianassi<\/strong> presenta il suo libro <strong><em>Il dono delle stelle: l\u2019ultimo guardiano<\/em><\/strong> (Albatros).<br \/>\nAlle 16, il Palco ospita <strong>Francesco Musolino<\/strong> con <strong><em>Giallo Lipari<\/em> <\/strong>(E\/O), intervistato da Alessandra Manenti.<br \/>\nSegue, alle 17, un momento dedicato ai pi\u00f9 piccoli con<strong> Farollo<\/strong> e le sue <strong><em>Letture da paura,<\/em><\/strong> pensate per bambini dai 4 anni in su, nell\u2019ambito di Firenze Books Junior. Contemporaneamente, nel salotto, <strong>Lavinia Bianca<\/strong> presenta <strong><em>La vita potenziale<\/em> <\/strong>(Gramma Feltrinelli), in dialogo con Lorenzo Berto (@faunaletteraria).<br \/>\nAlle 18, torna il sorriso con<strong> Laura Formenti<\/strong> e il suo libro<strong><em> L\u2019umorismo non salver\u00e0 il mondo. Ma salva te dal mondo!<\/em> <\/strong>(Sperling &amp; Kupfer), mentre nel salotto Alessandra Pomilio parla di Generazione R (E\/O) insieme a Paola Landi (@libri_amo_insieme).<br \/>\nLa giornata si chiude alle 19: sul palco,<strong> Luca Ongaro<\/strong> presenta <strong><em>Una brutta strada per il Commissario Campani<\/em><\/strong> (I Dobloni), in dialogo con Wladimiro Borchi; nel salotto, <strong>Lucia Petraroli<\/strong> racconta <strong><em>Data di scadenza<\/em><\/strong> (Effigi), con Giovanni Bettarini.<\/p>\n<p><strong>Sabato 11 ottobre<\/strong><\/p>\n<p>La seconda giornata si apre alle 10 con un incontro educativo sul palco:<strong> Caterina Di Chio<\/strong> presenta<strong><em> Chiedimi se lo voglio. Promuovere il consenso, rispettando se stessi e gli altri<\/em> <\/strong>(Erickson), un appuntamento rivolto ad adolescenti, genitori e insegnanti, all\u2019interno di Firenze Books Junior. Nel salotto, <strong>Giusy De Gori<\/strong> esplora il mondo del design e dell\u2019armocromia con <strong><em>Vesti la tua casa e la tua attivit\u00e0<\/em> <\/strong>(Maggioli).<br \/>\nAlle 11, sul palco,<strong> Sofia Gallo<\/strong> conduce i bambini nel mito con<strong><em> Il viaggio di Ulisse<\/em> <\/strong>(Giralangolo), mentre nel salotto <strong>Linda Scaffidi<\/strong> parla del suo romanzo<strong><em> Sette fate di Youssef<\/em><\/strong> (Fazi) con Serena Vavolo.<br \/>\nA mezzogiorno, <strong>Ilide Carmignani<\/strong> presenta sul palco <strong><em>Saltare nelle pozzanghere<\/em> <\/strong>(Rizzoli) insieme a Nicoletta Verna; nel salotto<strong>, Silvana Bartoli<\/strong> racconta <strong><em>Le scelte di Cristina Trivulzio. Storia di un\u2019emancipazione<\/em> <\/strong>(Olschki) con Serena Panerai.<br \/>\nDopo la pausa, alle 14, <strong>Antonella Mollicone<\/strong> sale sul palco con <strong><em>La femminanza<\/em> <\/strong>(Nord), dialogando con Carolina Natoli, mentre nel salotto <strong>Elena Andreini<\/strong> presenta<strong><em> Il cielo sottosopra<\/em><\/strong> (Apice).<br \/>\nAlle 15, il palco accoglie<strong> Francesco Muzzopappa<\/strong> con la sua ironica <strong><em>La contessa va in crociera<\/em> <\/strong>(Solferino), intervistato da Edoardo Semmola. Nel salotto, <strong>Barbara Cagni<\/strong> propone <strong><em>Alba della nostra libert\u00e0<\/em><\/strong> (Fazi), ancora con Carolina Natoli.<br \/>\nAlle 16, i riflettori tornano sui bambini: <strong>Lucia Stipari<\/strong> spiega <strong><em>Che cos\u2019\u00e8 un libro<\/em><\/strong> (Castoro), per piccoli lettori dai 4 anni in su. In contemporanea nel salotto, il poeta <strong>Massimo Gezzi<\/strong> presenta <strong><em>Adriatica<\/em><\/strong> (Gramma Feltrinelli) con Edoardo Semmola.<br \/>\nAlle 17, il palco ospita<strong> Fabio Bac\u00e0<\/strong> con <strong><em>L\u2019era dell\u2019acquario<\/em><\/strong> (Adelphi), intervistato da Simone Innocenti, mentre nel salotto si gioca con <strong><em>Investigators: un pomeriggio da investigatori,<\/em> <\/strong>laboratorio per bambini da 6 anni in su curato da Farollo.<br \/>\nAlle 18, <strong>Antonella Fioravanti<\/strong> propone sul palco<strong><em> Viaggio nel mondo invisibile<\/em><\/strong> (Aboca), mentre nel salotto Cecilia Rita parla del suo romanzo<strong><em> Mantide<\/em> <\/strong>(NN) con Serena Vavolo.<br \/>\nA concludere la giornata, alle 19, un doppio appuntamento: sul palco, il <strong>neuroscienziato Giorgio Vallortigara<\/strong> presenta <em><strong>Desiderare<\/strong><\/em> (Marsilio) insieme a Tommaso Codignola e Alessandro Pagnini; nel salotto, Wladimiro Borchi racconta <strong><em>Omicidio al lampredotto<\/em><\/strong> (Frilli), in dialogo con Luca Ongaro.<\/p>\n<p><strong>Domenica 12 ottobre<\/strong><\/p>\n<p>La giornata conclusiva comincia alle 10 con un incontro per bambini dai 5 anni in su: Francesco Viliani porta sul <strong><em>Palco Piccole e grandi cose della scuola,<\/em><\/strong> mentre nel salotto<strong> Francesca Tofanari<\/strong> presenta <strong><em>La stagione delle anime fragili<\/em><\/strong> (Bonfirraro) con Massimiliano Scudeletti.<br \/>\nAlle 11, il palco si anima con <strong>Eleonora Babbo, Vincenzo Galli e Francesca Carabelli,<\/strong> che presentano<strong><em> I resistosauri. Pioggia puzzosa<\/em><\/strong> (Castoro), per bambini dai 6 anni in su. Nel salotto,<strong> Silvia Montemurro<\/strong> introduce <strong><em>La Mondina<\/em> <\/strong>(E\/O) in dialogo con Francesca Tofanari.<br \/>\nA mezzogiorno, il palco ospita <strong>Daniela Bencivenni e Roberto Malesci<\/strong> con<strong><em> Alberi e arbusti. Usi alimentari, rimedi tradizionali e tanto altro<\/em><\/strong> (Sarnus), mentre nel salotto <strong>Romina Cecconi<\/strong> presenta <strong><em>Io, la Romanina<\/em> <\/strong>(Le Plurali), in dialogo con Vincent Vallon (@altrasponda).<br \/>\nAlle 13, ancora nel salotto, <strong>Claudia Camilletti<\/strong> propone una doppia lettura: <strong><em>Fe-li-ci-t\u00e0 al profumo di vaniglia <\/em><\/strong>e<strong><em> SopraSotto che casino<\/em><\/strong> (Giovane Holden).<br \/>\nIl pomeriggio riparte alle 14 con <strong>Elvira Mujcic,<\/strong> che presenta<strong><em> La stagione che non c\u2019era<\/em><\/strong> (Guanda) sul palco, in dialogo con Raffaele Palumbo.<br \/>\nAlle 15, <strong>Riccardo Pedicone<\/strong> sale sul palco con <strong><em>E sembra quasi vero<\/em><\/strong> (Rizzoli), insieme a Maddalena Mariani; nel salotto, <strong>Gian Andrea Cerone<\/strong> discute di <strong><em>La curva dell\u2019oblio<\/em><\/strong> (Guanda) con Raffaele Palumbo.<br \/>\nAlle 16, spazio ancora ai bambini con<strong> Simone Frasca<\/strong> e il suo <em><strong>Buon compleanno, Bruno Lo Zozzo!<\/strong><\/em> (Piemme), mentre nel salotto Nadia Noio presenta<strong><em> Torner\u00e0 la primavera<\/em><\/strong> (Fazi) con Alice Lobreglio.<br \/>\nAlle 17, sul palco, <strong>Nadeesha Uyangoda<\/strong> parla di <strong><em>Acqua sporca<\/em><\/strong> (Einaudi) con Sabrina Carollo, mentre nel salotto <strong>Tommaso Codignola<\/strong> presenta <strong><em>La civilt\u00e0 dell\u2019eccesso<\/em><\/strong> (Edizioni Storia e Letteratura).<br \/>\nAlle 18, <strong>Agnese Pini<\/strong> \u00e8 protagonista sul palco con <strong><em>La verit\u00e0 \u00e8 un fuoco<\/em> <\/strong>(Garzanti), ancora in dialogo con Sabrina Carollo. In contemporanea nel salotto, <strong>Massimiliano Scudeletti<\/strong> presenta<strong><em> La laguna del disincanto<\/em><\/strong> (Arkadia) con Francesca Tofanari.<br \/>\nChiudono la rassegna, alle 19 <strong>Gigi Paoli e Gianluca Campagna<\/strong> che presentano rispettivamente <strong><em>L\u2019ordine del drago<\/em> <\/strong>(Giunti) e <strong><em>Il giardino dei nani solitari<\/em> <\/strong>(Arkadia), in un dialogo conclusivo sul palco.<\/p>\n<div class=\"titleimg\">\n<figure id=\"post-402808 media-402808\" class=\"align-none\"><img decoding=\"async\" src=\"https:\/\/www.intoscana.it\/wp-content\/uploads\/Firenze-Books-2025-Sito-web-9.png\" alt=\"\" \/><\/figure>\n<div class=\"titleimg\"><\/div>\n<\/div>\n","protected":false},"excerpt":{"rendered":"<p>Dal 10 al 12 ottobre tre giorni di presentazioni, incontri con autori, dibattiti e laboratori che trasformeranno la citt\u00e0 in un grande salotto letterario dove lettori, scrittori ed editori potranno condividere storie, idee e passioni<\/p>\n","protected":false},"author":518,"featured_media":402811,"comment_status":"open","ping_status":"open","sticky":false,"template":"","format":"standard","meta":{"_acf_changed":false,"footnotes":""},"categories":[493],"tags":[4474,5186,228,210],"class_list":["post-402806","post","type-post","status-publish","format-standard","has-post-thumbnail","hentry","category-cultura","tag-eventi","tag-famiglie","tag-festival","tag-libri"],"acf":[],"yoast_head":"<!-- This site is optimized with the Yoast SEO Premium plugin v24.2 (Yoast SEO v25.6) - https:\/\/yoast.com\/wordpress\/plugins\/seo\/ -->\n<title>Firenze Books 2025: le librerie indipendenti si incontrano all&#039;Ippodromo del Visarno - intoscana<\/title>\n<meta name=\"description\" content=\"Dal 10 al 12 ottobre tre giorni di presentazioni, incontri, dibattiti e laboratori che trasformeranno la citt\u00e0 in un salotto letterario\" \/>\n<meta name=\"robots\" content=\"index, follow, max-snippet:-1, max-image-preview:large, max-video-preview:-1\" \/>\n<link rel=\"canonical\" href=\"https:\/\/www.intoscana.it\/it\/firenze-books-2025-le-librerie-indipendenti-si-incontrano-ippodromo-del-visarno\/\" \/>\n<meta property=\"og:locale\" content=\"it_IT\" \/>\n<meta property=\"og:type\" content=\"article\" \/>\n<meta property=\"og:title\" content=\"Firenze Books 2025: le librerie indipendenti si incontrano all&#039;Ippodromo del Visarno\" \/>\n<meta property=\"og:description\" content=\"Dal 10 al 12 ottobre tre giorni di presentazioni, incontri, dibattiti e laboratori che trasformeranno la citt\u00e0 in un salotto letterario\" \/>\n<meta property=\"og:url\" content=\"https:\/\/www.intoscana.it\/it\/firenze-books-2025-le-librerie-indipendenti-si-incontrano-ippodromo-del-visarno\/\" \/>\n<meta property=\"og:site_name\" content=\"intoscana\" \/>\n<meta property=\"article:publisher\" content=\"https:\/\/www.facebook.com\/intoscana.it\" \/>\n<meta property=\"article:published_time\" content=\"2025-10-07T09:00:03+00:00\" \/>\n<meta property=\"article:modified_time\" content=\"2025-10-07T09:00:26+00:00\" \/>\n<meta property=\"og:image\" content=\"https:\/\/www.intoscana.it\/wp-content\/uploads\/Firenze-Books-8.jpeg\" \/>\n\t<meta property=\"og:image:width\" content=\"1280\" \/>\n\t<meta property=\"og:image:height\" content=\"720\" \/>\n\t<meta property=\"og:image:type\" content=\"image\/jpeg\" \/>\n<meta name=\"author\" content=\"Costanza Baldini\" \/>\n<meta name=\"twitter:card\" content=\"summary_large_image\" \/>\n<meta name=\"twitter:creator\" content=\"@intoscana\" \/>\n<meta name=\"twitter:site\" content=\"@intoscana\" \/>\n<meta name=\"twitter:label1\" content=\"Written by\" \/>\n\t<meta name=\"twitter:data1\" content=\"Costanza Baldini\" \/>\n\t<meta name=\"twitter:label2\" content=\"Est. reading time\" \/>\n\t<meta name=\"twitter:data2\" content=\"6 minuti\" \/>\n<script type=\"application\/ld+json\" class=\"yoast-schema-graph\">{\"@context\":\"https:\/\/schema.org\",\"@graph\":[{\"@type\":\"WebPage\",\"@id\":\"https:\/\/www.intoscana.it\/it\/firenze-books-2025-le-librerie-indipendenti-si-incontrano-ippodromo-del-visarno\/\",\"url\":\"https:\/\/www.intoscana.it\/it\/firenze-books-2025-le-librerie-indipendenti-si-incontrano-ippodromo-del-visarno\/\",\"name\":\"Firenze Books 2025: le librerie indipendenti si incontrano all'Ippodromo del Visarno - intoscana\",\"isPartOf\":{\"@id\":\"https:\/\/www.intoscana.it\/it\/#website\"},\"primaryImageOfPage\":{\"@id\":\"https:\/\/www.intoscana.it\/it\/firenze-books-2025-le-librerie-indipendenti-si-incontrano-ippodromo-del-visarno\/#primaryimage\"},\"image\":{\"@id\":\"https:\/\/www.intoscana.it\/it\/firenze-books-2025-le-librerie-indipendenti-si-incontrano-ippodromo-del-visarno\/#primaryimage\"},\"thumbnailUrl\":\"https:\/\/www.intoscana.it\/wp-content\/uploads\/Firenze-Books-8.jpeg\",\"datePublished\":\"2025-10-07T09:00:03+00:00\",\"dateModified\":\"2025-10-07T09:00:26+00:00\",\"author\":{\"@id\":\"https:\/\/www.intoscana.it\/it\/#\/schema\/person\/d469f35f09739bdf00bf5dd3f0647a82\"},\"description\":\"Dal 10 al 12 ottobre tre giorni di presentazioni, incontri, dibattiti e laboratori che trasformeranno la citt\u00e0 in un salotto letterario\",\"breadcrumb\":{\"@id\":\"https:\/\/www.intoscana.it\/it\/firenze-books-2025-le-librerie-indipendenti-si-incontrano-ippodromo-del-visarno\/#breadcrumb\"},\"inLanguage\":\"it-IT\",\"potentialAction\":[{\"@type\":\"ReadAction\",\"target\":[\"https:\/\/www.intoscana.it\/it\/firenze-books-2025-le-librerie-indipendenti-si-incontrano-ippodromo-del-visarno\/\"]}]},{\"@type\":\"ImageObject\",\"inLanguage\":\"it-IT\",\"@id\":\"https:\/\/www.intoscana.it\/it\/firenze-books-2025-le-librerie-indipendenti-si-incontrano-ippodromo-del-visarno\/#primaryimage\",\"url\":\"https:\/\/www.intoscana.it\/wp-content\/uploads\/Firenze-Books-8.jpeg\",\"contentUrl\":\"https:\/\/www.intoscana.it\/wp-content\/uploads\/Firenze-Books-8.jpeg\",\"width\":1280,\"height\":720,\"caption\":\"Firenze Books\"},{\"@type\":\"BreadcrumbList\",\"@id\":\"https:\/\/www.intoscana.it\/it\/firenze-books-2025-le-librerie-indipendenti-si-incontrano-ippodromo-del-visarno\/#breadcrumb\",\"itemListElement\":[{\"@type\":\"ListItem\",\"position\":1,\"name\":\"Home\",\"item\":\"https:\/\/www.intoscana.it\/it\/\"},{\"@type\":\"ListItem\",\"position\":2,\"name\":\"Firenze Books 2025: le librerie indipendenti si incontrano all&#8217;Ippodromo del Visarno\"}]},{\"@type\":\"WebSite\",\"@id\":\"https:\/\/www.intoscana.it\/it\/#website\",\"url\":\"https:\/\/www.intoscana.it\/it\/\",\"name\":\"intoscana\",\"description\":\"\",\"potentialAction\":[{\"@type\":\"SearchAction\",\"target\":{\"@type\":\"EntryPoint\",\"urlTemplate\":\"https:\/\/www.intoscana.it\/it\/?s={search_term_string}\"},\"query-input\":{\"@type\":\"PropertyValueSpecification\",\"valueRequired\":true,\"valueName\":\"search_term_string\"}}],\"inLanguage\":\"it-IT\"},{\"@type\":\"Person\",\"@id\":\"https:\/\/www.intoscana.it\/it\/#\/schema\/person\/d469f35f09739bdf00bf5dd3f0647a82\",\"name\":\"Costanza Baldini\",\"url\":\"https:\/\/www.intoscana.it\/it\/author\/costanza-baldini\/\"}]}<\/script>\n<!-- \/ Yoast SEO Premium plugin. -->","yoast_head_json":{"title":"Firenze Books 2025: le librerie indipendenti si incontrano all'Ippodromo del Visarno - intoscana","description":"Dal 10 al 12 ottobre tre giorni di presentazioni, incontri, dibattiti e laboratori che trasformeranno la citt\u00e0 in un salotto letterario","robots":{"index":"index","follow":"follow","max-snippet":"max-snippet:-1","max-image-preview":"max-image-preview:large","max-video-preview":"max-video-preview:-1"},"canonical":"https:\/\/www.intoscana.it\/it\/firenze-books-2025-le-librerie-indipendenti-si-incontrano-ippodromo-del-visarno\/","og_locale":"it_IT","og_type":"article","og_title":"Firenze Books 2025: le librerie indipendenti si incontrano all'Ippodromo del Visarno","og_description":"Dal 10 al 12 ottobre tre giorni di presentazioni, incontri, dibattiti e laboratori che trasformeranno la citt\u00e0 in un salotto letterario","og_url":"https:\/\/www.intoscana.it\/it\/firenze-books-2025-le-librerie-indipendenti-si-incontrano-ippodromo-del-visarno\/","og_site_name":"intoscana","article_publisher":"https:\/\/www.facebook.com\/intoscana.it","article_published_time":"2025-10-07T09:00:03+00:00","article_modified_time":"2025-10-07T09:00:26+00:00","og_image":[{"width":1280,"height":720,"url":"https:\/\/www.intoscana.it\/wp-content\/uploads\/Firenze-Books-8.jpeg","type":"image\/jpeg"}],"author":"Costanza Baldini","twitter_card":"summary_large_image","twitter_creator":"@intoscana","twitter_site":"@intoscana","twitter_misc":{"Written by":"Costanza Baldini","Est. reading time":"6 minuti"},"schema":{"@context":"https:\/\/schema.org","@graph":[{"@type":"WebPage","@id":"https:\/\/www.intoscana.it\/it\/firenze-books-2025-le-librerie-indipendenti-si-incontrano-ippodromo-del-visarno\/","url":"https:\/\/www.intoscana.it\/it\/firenze-books-2025-le-librerie-indipendenti-si-incontrano-ippodromo-del-visarno\/","name":"Firenze Books 2025: le librerie indipendenti si incontrano all'Ippodromo del Visarno - intoscana","isPartOf":{"@id":"https:\/\/www.intoscana.it\/it\/#website"},"primaryImageOfPage":{"@id":"https:\/\/www.intoscana.it\/it\/firenze-books-2025-le-librerie-indipendenti-si-incontrano-ippodromo-del-visarno\/#primaryimage"},"image":{"@id":"https:\/\/www.intoscana.it\/it\/firenze-books-2025-le-librerie-indipendenti-si-incontrano-ippodromo-del-visarno\/#primaryimage"},"thumbnailUrl":"https:\/\/www.intoscana.it\/wp-content\/uploads\/Firenze-Books-8.jpeg","datePublished":"2025-10-07T09:00:03+00:00","dateModified":"2025-10-07T09:00:26+00:00","author":{"@id":"https:\/\/www.intoscana.it\/it\/#\/schema\/person\/d469f35f09739bdf00bf5dd3f0647a82"},"description":"Dal 10 al 12 ottobre tre giorni di presentazioni, incontri, dibattiti e laboratori che trasformeranno la citt\u00e0 in un salotto letterario","breadcrumb":{"@id":"https:\/\/www.intoscana.it\/it\/firenze-books-2025-le-librerie-indipendenti-si-incontrano-ippodromo-del-visarno\/#breadcrumb"},"inLanguage":"it-IT","potentialAction":[{"@type":"ReadAction","target":["https:\/\/www.intoscana.it\/it\/firenze-books-2025-le-librerie-indipendenti-si-incontrano-ippodromo-del-visarno\/"]}]},{"@type":"ImageObject","inLanguage":"it-IT","@id":"https:\/\/www.intoscana.it\/it\/firenze-books-2025-le-librerie-indipendenti-si-incontrano-ippodromo-del-visarno\/#primaryimage","url":"https:\/\/www.intoscana.it\/wp-content\/uploads\/Firenze-Books-8.jpeg","contentUrl":"https:\/\/www.intoscana.it\/wp-content\/uploads\/Firenze-Books-8.jpeg","width":1280,"height":720,"caption":"Firenze Books"},{"@type":"BreadcrumbList","@id":"https:\/\/www.intoscana.it\/it\/firenze-books-2025-le-librerie-indipendenti-si-incontrano-ippodromo-del-visarno\/#breadcrumb","itemListElement":[{"@type":"ListItem","position":1,"name":"Home","item":"https:\/\/www.intoscana.it\/it\/"},{"@type":"ListItem","position":2,"name":"Firenze Books 2025: le librerie indipendenti si incontrano all&#8217;Ippodromo del Visarno"}]},{"@type":"WebSite","@id":"https:\/\/www.intoscana.it\/it\/#website","url":"https:\/\/www.intoscana.it\/it\/","name":"intoscana","description":"","potentialAction":[{"@type":"SearchAction","target":{"@type":"EntryPoint","urlTemplate":"https:\/\/www.intoscana.it\/it\/?s={search_term_string}"},"query-input":{"@type":"PropertyValueSpecification","valueRequired":true,"valueName":"search_term_string"}}],"inLanguage":"it-IT"},{"@type":"Person","@id":"https:\/\/www.intoscana.it\/it\/#\/schema\/person\/d469f35f09739bdf00bf5dd3f0647a82","name":"Costanza Baldini","url":"https:\/\/www.intoscana.it\/it\/author\/costanza-baldini\/"}]}},"_links":{"self":[{"href":"https:\/\/www.intoscana.it\/it\/wp-json\/wp\/v2\/posts\/402806","targetHints":{"allow":["GET"]}}],"collection":[{"href":"https:\/\/www.intoscana.it\/it\/wp-json\/wp\/v2\/posts"}],"about":[{"href":"https:\/\/www.intoscana.it\/it\/wp-json\/wp\/v2\/types\/post"}],"author":[{"embeddable":true,"href":"https:\/\/www.intoscana.it\/it\/wp-json\/wp\/v2\/users\/518"}],"replies":[{"embeddable":true,"href":"https:\/\/www.intoscana.it\/it\/wp-json\/wp\/v2\/comments?post=402806"}],"version-history":[{"count":5,"href":"https:\/\/www.intoscana.it\/it\/wp-json\/wp\/v2\/posts\/402806\/revisions"}],"predecessor-version":[{"id":402840,"href":"https:\/\/www.intoscana.it\/it\/wp-json\/wp\/v2\/posts\/402806\/revisions\/402840"}],"wp:featuredmedia":[{"embeddable":true,"href":"https:\/\/www.intoscana.it\/it\/wp-json\/wp\/v2\/media\/402811"}],"wp:attachment":[{"href":"https:\/\/www.intoscana.it\/it\/wp-json\/wp\/v2\/media?parent=402806"}],"wp:term":[{"taxonomy":"category","embeddable":true,"href":"https:\/\/www.intoscana.it\/it\/wp-json\/wp\/v2\/categories?post=402806"},{"taxonomy":"post_tag","embeddable":true,"href":"https:\/\/www.intoscana.it\/it\/wp-json\/wp\/v2\/tags?post=402806"}],"curies":[{"name":"wp","href":"https:\/\/api.w.org\/{rel}","templated":true}]}}