{"id":403437,"date":"2025-10-13T14:04:43","date_gmt":"2025-10-13T12:04:43","guid":{"rendered":"https:\/\/www.intoscana.it\/it\/?p=403437"},"modified":"2025-12-06T11:44:51","modified_gmt":"2025-12-06T10:44:51","slug":"mercatini-natale-toscana-2025","status":"publish","type":"post","link":"https:\/\/www.intoscana.it\/it\/mercatini-natale-toscana-2025\/","title":{"rendered":"La magia dei mercatini di Natale in Toscana: tra casette di legno, artigianato e luci scintillanti"},"content":{"rendered":"<p>Da novembre a dicembre la <strong>Toscana si veste di magia<\/strong>, le piazze si illuminano, l\u2019aria profuma di <strong>vin brul\u00e9 e cannella<\/strong>\u00a0e nelle vie dei borghi storici risuonano le<strong> melodie natalizie<\/strong> che accompagnano le passeggiate tra <strong>bancarelle di artigianato e prelibatezze locali.<\/strong><\/p>\n<p>Dai grandi centri come <strong>Firenze e Siena<\/strong> ai piccoli gioielli come <strong>Montepulciano e Arezzo<\/strong>, i <strong>mercatini di Natale <\/strong>regalano <strong>atmosfere fiabesche,<\/strong> dove la<strong> tradizione<\/strong> si unisce al calore dell\u2019ospitalit\u00e0 e alla bellezza senza tempo del paesaggio toscano.<\/p>\n<p>Un viaggio tra<strong> luci, sapori e antichi mestieri<\/strong> che accende lo<strong> spirito delle feste<\/strong> e trasforma ogni citt\u00e0 in un<strong> piccolo villaggio incantato.<\/strong><\/p>\n<h3>1-Arezzo Citt\u00e0 del Natale<\/h3>\n<p><strong>Dal 15 novembre 2025 fino al 6 gennaio<\/strong> 2026 torna <a href=\"https:\/\/www.intoscana.it\/it\/arezzo-citta-del-natale-il-centro-storico-si-veste-a-festa-con-la-magia-delle-arti\/\" target=\"_blank\" rel=\"noopener\"><strong>Arezzo Citt\u00e0 del Natale<\/strong> <\/a>con il villaggio tirolese. Appuntamento in piazza Grande con tante attrazioni ed un ricco calendario di appuntamenti che ogni fine settimana vestir\u00e0 a festa il<strong> meraviglioso centro storico<\/strong> della citt\u00e0 toscana.<strong> Mercatini, spettacoli di luce, ruota panoramica, la Brik House<\/strong> con i mattonino Lego, il bosco delle emozioni, eventi per grandi e piccini nel cuore di una delle citt\u00e0 pi\u00f9 belle d\u2019Italia.<\/p>\n<h3>2-Empoli Citt\u00e0 del Natale<\/h3>\n<p><strong>Dal 15 novembre 2025 all&#8217;11 gennaio<\/strong> 2026 <a href=\"https:\/\/www.empolicittadelnatale.it\" target=\"_blank\" rel=\"noopener\"><strong>Empoli si trasforma nella \u201cCitt\u00e0 del Natale\u201d<\/strong><\/a>. Le vie del centro storico saranno invase dalle installazioni luminose e il <strong>grande albero di Natale<\/strong> riempir\u00e0 e scalder\u00e0 i cuori di tutti. In piazza della Vittoria e piazza Farinata degli Uberti invece torna il tradizionale<strong> mercatino di Natale<\/strong>. Sar\u00e0 possibile fare una piacevole passeggiata tra gli stand di prodotti gastronomici e artigianali tipici, con in mano una <strong>cioccolata calda<\/strong>. Ci sar\u00e0 anche il<strong> winter park in piazza Matteotti con la pista di ghiaccio, la ruota panoramica e il trenino turistico.<\/strong>\u00a0Inoltre tutti i sabati e le domeniche ci sar\u00e0 anche la<strong> parata di Natale.<\/strong><\/p>\n<h3>3-Weihnachtsmarkt in piazza Santa Croce a Firenze<\/h3>\n<p>Come ogni anno torna<strong> dal 15 novembre al 21 dicembre<\/strong> 2025 il <a href=\"https:\/\/www.facebook.com\/mercatodinatalefirenze\" target=\"_blank\" rel=\"noopener\"><strong>\u201cWeihnachtsmarkt\u201d il mercatino di Natale<\/strong><\/a> in piazza Santa Croce a Firenze.<strong> Oltre 50 stand<\/strong> che porteranno nel capoluogo toscano i sapori del Natale e proporranno<strong> artigianato, prodotti tipici dal mondo, decorazioni natalizie, idee regalo, concerti e sorprese<\/strong>. Sar\u00e0 anche possibile consegnare<strong> la letterina di Babbo Natale<\/strong> e assaggiare i tipici<strong> strudel, bretzel, w\u00fcrstel e lo stinco di maiale<\/strong> cotto nella birra.<\/p>\n<figure id=\"post-259082 media-259082\" class=\"align-none\"><img decoding=\"async\" src=\"https:\/\/www.intoscana.it\/wp-content\/uploads\/315633411_174927831851488_4519795127012978799_n.jpg\" alt=\"\" \/><\/figure>\n<p>Natale a Montepulciano<\/p>\n<h3>4-Il Tempio di Babbo Natale a Montecatini Terme<\/h3>\n<p><strong>Dal 22 novembre 2025 al 6 gennaio<\/strong> 2026 arriva a Montecatini Terme il <a href=\"https:\/\/babbonatalemontecatini.it\/villaggio-dibabbonatale.php\" target=\"_blank\" rel=\"noopener\"><strong>Tempio di Babbo Natale.<\/strong> <\/a>Protagonista assoluto sar\u00e0 proprio lui <strong>Babbo Natale<\/strong> con cui sar\u00e0 possibile fare una <strong>Cena di Gala.<\/strong> Con il suo grande tavolo al centro della sala, racconter\u00e0 storie mirabolanti e racconti affascinanti. Vi siete mai chiesti come riesce Babbo Natale a consegnare i regali a tutti i bambini del mondo in una sola notte? <strong>Il Segreto sar\u00e0 svelato&#8230; <\/strong>Inoltre entrare nel <strong>Tempio di Babbo Natale<\/strong> sar\u00e0 emozionante, <strong>gli elfi giocherelloni hanno preparato 5 m<\/strong><strong>issioni segrete<\/strong> (pensate per i piccoli da 2 a 8 anni) da vivere con mamma e pap\u00e0 come un vero gioco di squadra. Il programma include anche ogni sabato pomeriggio il <strong>party con la Principessa e il SuperEroe<\/strong>.<\/p>\n<h3>5-La Baita di Babbo Natale a Pontedera<\/h3>\n<p>Torna a Pontedera, in via della Stazione Vecchia, <strong>la <a href=\"https:\/\/www.intoscana.it\/it\/torna-a-pontedera-la-baita-di-babbo-natale-con-tante-sorprese-tra-sogno-e-realta\/\" target=\"_blank\" rel=\"noopener\">Baita di Babbo Natale<\/a>,<\/strong> il villaggio incantato che da dodici anni fa sognare grandi e piccini. L\u2019iniziativa aprir\u00e0 i battenti<strong> dal 22 novembre,<\/strong> confermando la suggestiva ambientazione a due passi dal Piazzone. All\u2019interno della Baita, i visitatori potranno vivere un vero e proprio<strong> viaggio nella magia del Natale: tra renne, igloo, abeti decorati e l\u2019immancabile fabbrica dei giocattoli<\/strong>, fino all\u2019incontro con Babbo Natale in persona, pronto ad accogliere i bambini nella sua casa piena di luci e colori. Accanto alla Baita torner\u00e0 anche il <strong><em>\u201cLaboratorio pi\u00f9 pazzo del mondo\u201d<\/em>, a ingresso gratuito,<\/strong> dove i pi\u00f9 piccoli potranno creare addobbi e oggetti natalizi da portare a casa. Novit\u00e0 di quest\u2019anno, il mercatino natalizio con le tradizionali casette di legno che animer\u00e0 via della Stazione Vecchia con regali e prodotti artigianali.<strong> La Baita di Babbo Natale sar\u00e0 aperta<\/strong> nei giorni 22 e 23 novembre e poi il 5, 6, 7, 8, 13, 14, 20, 21, 23, 24, 25 e 26 dicembre 2025.<\/p>\n<h3>6-Il Castello di Babbo Natale a Montepulciano<\/h3>\n<p><strong>Dal 22 novembre 2025 al 6 gennaio<\/strong> 2026 la <strong>Fortezza medievale di Montepulciano<\/strong> ospiter\u00e0 il <a href=\"https:\/\/nataleamontepulciano.it\/castello-di-babbo-natale\/\" target=\"_blank\" rel=\"noopener\"><strong>\u201cCastello di Babbo Natale\u201d<\/strong><\/a> dove i visitatori potranno scoprire le<strong> camerette degli elfi, il giardino dove si riposano le renne<\/strong> e salire sulla magica slitta. Nella <strong>stanza del trono<\/strong> si potr\u00e0 incontrare il padrone di casa e<strong> imbucare la propria letterina,<\/strong> mentre nel giardino sar\u00e0 possibile <strong>fare un giro sui docili pony<\/strong> e gustare una ricca offerta di street food. Nella magica cornice di Piazza Grande, in via San Donato e nelle vie adiacenti ci sar\u00e0 il <strong>mercatino natalizio.<\/strong><\/p>\n<h3>7-Pistoia Citt\u00e0 del Natale<\/h3>\n<p><strong>Dal 25 novembre 2025 al 6 gennaio<\/strong> 2026 <a href=\"https:\/\/pistoiacittadelnatale.it\" target=\"_blank\" rel=\"noopener\"><strong>Pistoia diventa la Citt\u00e0 del Natale<\/strong><\/a>: luci e addobbi decoreranno strade, piazze e monumenti del centro storico, attrazioni e tanti eventi culturali animeranno le giornate. Cuore del villaggio sar\u00e0 la<strong> Casa di Babbo Natale,<\/strong> allestita nelle sale affrescate del <strong>Palazzo Comunale.<\/strong> Qui i pi\u00f9 piccoli potranno fare un viaggio, guidato da animatori attraverso paesaggi artici e boschi innevati, assistere a spettacoli,<strong> vedere gli Elfi al lavoro nel loro laboratorio, spedire la propria letterina<\/strong> nell\u2019ufficio postale o <strong>consegnarla direttamente a Babbo Natale.<\/strong><\/p>\n<figure id=\"post-259141 media-259141\" class=\"align-none\"><img decoding=\"async\" src=\"https:\/\/www.intoscana.it\/wp-content\/uploads\/Natale-in-Santa-Croce-scaled.jpg\" alt=\"\" \/><\/figure>\n<p><em>Natale in Santa Croce &#8211; \u00a9 Costanza Baldini<\/em><\/p>\n<h3>8-Pisa si trasforma nella Citt\u00e0 del Natale<\/h3>\n<p>A novembre Pisa \u00e8 pronta a trasformarsi in una vera e propria \u2018<strong>Citt\u00e0 del Natale\u2019,<\/strong> con tante novit\u00e0, eventi e attrazioni pensate per coinvolgere famiglie, turisti e cittadini. Il cuore pulsante delle festivit\u00e0 sar\u00e0 l\u2019area della <strong>Cittadella<\/strong> che quest\u2019anno si trasformer\u00e0 in un <strong>Villaggio Natalizio<\/strong>. Qui sar\u00e0 allestita<strong> una grande pista di pattinaggio sul ghiaccio,<\/strong> aperta ogni giorno. A rendere l\u2019esperienza ancora pi\u00f9 immersiva, decorazioni luminose, musica, scenografie tematiche e la tradizionale <a href=\"https:\/\/www.lafabbricadibabbonatale.it\" target=\"_blank\" rel=\"noopener\"><strong>Fabbrica di Babbo Natale,<\/strong> <\/a>un punto di riferimento per i pi\u00f9 piccoli. Tra le grandi novit\u00e0 del Natale 2025 anche l\u2019arrivo di una<strong> ruota panoramica in Piazza Vittorio Emanuele II<\/strong>. Alta tra i 30 e i 36 metri, offrir\u00e0 una vista mozzafiato sulla citt\u00e0 vestita a festa. Confermati e ampliati anche i <strong>mercatini di Natale<\/strong> in Piazza Vittorio Emanuele II, Logge di Banchi e Giardino Scotto.<\/p>\n<h3>9-A Siena torna il Mercato medievale in piazza del Campo<\/h3>\n<p><strong>Il 6, 7 e 8 dicembre<\/strong>\u00a0in <strong>Piazza del Campo a Siena<\/strong> torna il tradizionale<strong> mercato medievale<\/strong>, appuntamento che ai tempi della Republica senese rappresentava un momento di socialit\u00e0 e approvvigionamento. Il <strong>mercato del Campo<\/strong> si terr\u00e0 quest\u2019anno in tre giornate dalle 8 alle 20, con <strong>130 espositori da tutta Italia<\/strong> che proporranno le loro merci cos\u00ec come avveniva gi\u00e0 nel XIV secolo. Un lungo weekend che avvicina al Natale all\u2019insegna della bellezza e della tipicit\u00e0.<\/p>\n<h3>10-A Fucecchio Natalia Il Magico Paese della Parata di Babbo Natale<\/h3>\n<p>Il <strong>7, 8, 14 e 21 dicembre<\/strong> torna nel parco Corsini a Fucecchio <a href=\"https:\/\/www.facebook.com\/NataliaIlPaesediBabboNatale\/\" target=\"_blank\" rel=\"noopener\"><strong>Natalia \u2013 il Magico Paese della Parata di Babbo Natale<\/strong><\/a>. Torner\u00e0 la <strong>parata di Babbo Natale<\/strong>, un momento di magia da vivere con tutta la famiglia.<strong> Elfi, ballerini, mascotte, carri e Babbo Natale in persona<\/strong> con la slitta e le renne attraverseranno le strade del centro alle ore 18.30. Sar\u00e0 possibile fare merenda con Babbo Natale, un\u2019esperienza unica per tutti i bambini che avranno l\u2019onore e il piacere di<strong> raccontare tutti i loro desideri.<\/strong><\/p>\n<figure id=\"post-97826 media-97826\" class=\"align-none\"><img decoding=\"async\" src=\"https:\/\/www.intoscana.it\/wp-content\/uploads\/mercato-nel-campo-siena-2-1.jpg\" alt=\"\" \/><\/figure>\n<p>Mercato nel Campo a Siena<\/p>\n","protected":false},"excerpt":{"rendered":"<p>La Toscana si accende di luci, musica e tradizioni: tra borghi illuminati e profumo di vin brul\u00e9, un viaggio nel cuore pi\u00f9 autentico delle feste dell&#8217;inverno<\/p>\n","protected":false},"author":518,"featured_media":403444,"comment_status":"open","ping_status":"open","sticky":false,"template":"","format":"standard","meta":{"_acf_changed":false,"footnotes":""},"categories":[6],"tags":[409,1583],"class_list":["post-403437","post","type-post","status-publish","format-standard","has-post-thumbnail","hentry","category-viaggi","tag-natale","tag-natale-in-toscana"],"acf":[],"yoast_head":"<!-- This site is optimized with the Yoast SEO Premium plugin v24.2 (Yoast SEO v25.6) - https:\/\/yoast.com\/wordpress\/plugins\/seo\/ -->\n<title>La magia dei mercatini di Natale in Toscana: tra casette di legno, artigianato e luci scintillanti - intoscana<\/title>\n<meta name=\"description\" content=\"La Toscana a novembre e dicembre si accende di luci, musica e tradizioni: tra borghi illuminati e profumo di vin brul\u00e9\" \/>\n<meta name=\"robots\" content=\"index, follow, max-snippet:-1, max-image-preview:large, max-video-preview:-1\" \/>\n<link rel=\"canonical\" href=\"https:\/\/www.intoscana.it\/it\/mercatini-natale-toscana-2025\/\" \/>\n<meta property=\"og:locale\" content=\"it_IT\" \/>\n<meta property=\"og:type\" content=\"article\" \/>\n<meta property=\"og:title\" content=\"La magia dei mercatini di Natale in Toscana: tra casette di legno, artigianato e luci scintillanti\" \/>\n<meta property=\"og:description\" content=\"La Toscana a novembre e dicembre si accende di luci, musica e tradizioni: tra borghi illuminati e profumo di vin brul\u00e9\" \/>\n<meta property=\"og:url\" content=\"https:\/\/www.intoscana.it\/it\/mercatini-natale-toscana-2025\/\" \/>\n<meta property=\"og:site_name\" content=\"intoscana\" \/>\n<meta property=\"article:publisher\" content=\"https:\/\/www.facebook.com\/intoscana.it\" \/>\n<meta property=\"article:published_time\" content=\"2025-10-13T12:04:43+00:00\" \/>\n<meta property=\"article:modified_time\" content=\"2025-12-06T10:44:51+00:00\" \/>\n<meta property=\"og:image\" content=\"https:\/\/www.intoscana.it\/wp-content\/uploads\/ChatGPT-Image-13-ott-2025-11_36_18.jpg\" \/>\n\t<meta property=\"og:image:width\" content=\"1536\" \/>\n\t<meta property=\"og:image:height\" content=\"1024\" \/>\n\t<meta property=\"og:image:type\" content=\"image\/jpeg\" \/>\n<meta name=\"author\" content=\"Costanza Baldini\" \/>\n<meta name=\"twitter:card\" content=\"summary_large_image\" \/>\n<meta name=\"twitter:creator\" content=\"@intoscana\" \/>\n<meta name=\"twitter:site\" content=\"@intoscana\" \/>\n<meta name=\"twitter:label1\" content=\"Written by\" \/>\n\t<meta name=\"twitter:data1\" content=\"Costanza Baldini\" \/>\n\t<meta name=\"twitter:label2\" content=\"Est. reading time\" \/>\n\t<meta name=\"twitter:data2\" content=\"8 minuti\" \/>\n<script type=\"application\/ld+json\" class=\"yoast-schema-graph\">{\"@context\":\"https:\/\/schema.org\",\"@graph\":[{\"@type\":\"WebPage\",\"@id\":\"https:\/\/www.intoscana.it\/it\/mercatini-natale-toscana-2025\/\",\"url\":\"https:\/\/www.intoscana.it\/it\/mercatini-natale-toscana-2025\/\",\"name\":\"La magia dei mercatini di Natale in Toscana: tra casette di legno, artigianato e luci scintillanti - intoscana\",\"isPartOf\":{\"@id\":\"https:\/\/www.intoscana.it\/it\/#website\"},\"primaryImageOfPage\":{\"@id\":\"https:\/\/www.intoscana.it\/it\/mercatini-natale-toscana-2025\/#primaryimage\"},\"image\":{\"@id\":\"https:\/\/www.intoscana.it\/it\/mercatini-natale-toscana-2025\/#primaryimage\"},\"thumbnailUrl\":\"https:\/\/www.intoscana.it\/wp-content\/uploads\/ChatGPT-Image-13-ott-2025-11_36_18.jpg\",\"datePublished\":\"2025-10-13T12:04:43+00:00\",\"dateModified\":\"2025-12-06T10:44:51+00:00\",\"author\":{\"@id\":\"https:\/\/www.intoscana.it\/it\/#\/schema\/person\/d469f35f09739bdf00bf5dd3f0647a82\"},\"description\":\"La Toscana a novembre e dicembre si accende di luci, musica e tradizioni: tra borghi illuminati e profumo di vin brul\u00e9\",\"breadcrumb\":{\"@id\":\"https:\/\/www.intoscana.it\/it\/mercatini-natale-toscana-2025\/#breadcrumb\"},\"inLanguage\":\"it-IT\",\"potentialAction\":[{\"@type\":\"ReadAction\",\"target\":[\"https:\/\/www.intoscana.it\/it\/mercatini-natale-toscana-2025\/\"]}]},{\"@type\":\"ImageObject\",\"inLanguage\":\"it-IT\",\"@id\":\"https:\/\/www.intoscana.it\/it\/mercatini-natale-toscana-2025\/#primaryimage\",\"url\":\"https:\/\/www.intoscana.it\/wp-content\/uploads\/ChatGPT-Image-13-ott-2025-11_36_18.jpg\",\"contentUrl\":\"https:\/\/www.intoscana.it\/wp-content\/uploads\/ChatGPT-Image-13-ott-2025-11_36_18.jpg\",\"width\":1536,\"height\":1024,\"caption\":\"Mercatini di Natale in Toscana\"},{\"@type\":\"BreadcrumbList\",\"@id\":\"https:\/\/www.intoscana.it\/it\/mercatini-natale-toscana-2025\/#breadcrumb\",\"itemListElement\":[{\"@type\":\"ListItem\",\"position\":1,\"name\":\"Home\",\"item\":\"https:\/\/www.intoscana.it\/it\/\"},{\"@type\":\"ListItem\",\"position\":2,\"name\":\"La magia dei mercatini di Natale in Toscana: tra casette di legno, artigianato e luci scintillanti\"}]},{\"@type\":\"WebSite\",\"@id\":\"https:\/\/www.intoscana.it\/it\/#website\",\"url\":\"https:\/\/www.intoscana.it\/it\/\",\"name\":\"intoscana\",\"description\":\"\",\"potentialAction\":[{\"@type\":\"SearchAction\",\"target\":{\"@type\":\"EntryPoint\",\"urlTemplate\":\"https:\/\/www.intoscana.it\/it\/?s={search_term_string}\"},\"query-input\":{\"@type\":\"PropertyValueSpecification\",\"valueRequired\":true,\"valueName\":\"search_term_string\"}}],\"inLanguage\":\"it-IT\"},{\"@type\":\"Person\",\"@id\":\"https:\/\/www.intoscana.it\/it\/#\/schema\/person\/d469f35f09739bdf00bf5dd3f0647a82\",\"name\":\"Costanza Baldini\",\"url\":\"https:\/\/www.intoscana.it\/it\/author\/costanza-baldini\/\"}]}<\/script>\n<!-- \/ Yoast SEO Premium plugin. -->","yoast_head_json":{"title":"La magia dei mercatini di Natale in Toscana: tra casette di legno, artigianato e luci scintillanti - intoscana","description":"La Toscana a novembre e dicembre si accende di luci, musica e tradizioni: tra borghi illuminati e profumo di vin brul\u00e9","robots":{"index":"index","follow":"follow","max-snippet":"max-snippet:-1","max-image-preview":"max-image-preview:large","max-video-preview":"max-video-preview:-1"},"canonical":"https:\/\/www.intoscana.it\/it\/mercatini-natale-toscana-2025\/","og_locale":"it_IT","og_type":"article","og_title":"La magia dei mercatini di Natale in Toscana: tra casette di legno, artigianato e luci scintillanti","og_description":"La Toscana a novembre e dicembre si accende di luci, musica e tradizioni: tra borghi illuminati e profumo di vin brul\u00e9","og_url":"https:\/\/www.intoscana.it\/it\/mercatini-natale-toscana-2025\/","og_site_name":"intoscana","article_publisher":"https:\/\/www.facebook.com\/intoscana.it","article_published_time":"2025-10-13T12:04:43+00:00","article_modified_time":"2025-12-06T10:44:51+00:00","og_image":[{"width":1536,"height":1024,"url":"https:\/\/www.intoscana.it\/wp-content\/uploads\/ChatGPT-Image-13-ott-2025-11_36_18.jpg","type":"image\/jpeg"}],"author":"Costanza Baldini","twitter_card":"summary_large_image","twitter_creator":"@intoscana","twitter_site":"@intoscana","twitter_misc":{"Written by":"Costanza Baldini","Est. reading time":"8 minuti"},"schema":{"@context":"https:\/\/schema.org","@graph":[{"@type":"WebPage","@id":"https:\/\/www.intoscana.it\/it\/mercatini-natale-toscana-2025\/","url":"https:\/\/www.intoscana.it\/it\/mercatini-natale-toscana-2025\/","name":"La magia dei mercatini di Natale in Toscana: tra casette di legno, artigianato e luci scintillanti - intoscana","isPartOf":{"@id":"https:\/\/www.intoscana.it\/it\/#website"},"primaryImageOfPage":{"@id":"https:\/\/www.intoscana.it\/it\/mercatini-natale-toscana-2025\/#primaryimage"},"image":{"@id":"https:\/\/www.intoscana.it\/it\/mercatini-natale-toscana-2025\/#primaryimage"},"thumbnailUrl":"https:\/\/www.intoscana.it\/wp-content\/uploads\/ChatGPT-Image-13-ott-2025-11_36_18.jpg","datePublished":"2025-10-13T12:04:43+00:00","dateModified":"2025-12-06T10:44:51+00:00","author":{"@id":"https:\/\/www.intoscana.it\/it\/#\/schema\/person\/d469f35f09739bdf00bf5dd3f0647a82"},"description":"La Toscana a novembre e dicembre si accende di luci, musica e tradizioni: tra borghi illuminati e profumo di vin brul\u00e9","breadcrumb":{"@id":"https:\/\/www.intoscana.it\/it\/mercatini-natale-toscana-2025\/#breadcrumb"},"inLanguage":"it-IT","potentialAction":[{"@type":"ReadAction","target":["https:\/\/www.intoscana.it\/it\/mercatini-natale-toscana-2025\/"]}]},{"@type":"ImageObject","inLanguage":"it-IT","@id":"https:\/\/www.intoscana.it\/it\/mercatini-natale-toscana-2025\/#primaryimage","url":"https:\/\/www.intoscana.it\/wp-content\/uploads\/ChatGPT-Image-13-ott-2025-11_36_18.jpg","contentUrl":"https:\/\/www.intoscana.it\/wp-content\/uploads\/ChatGPT-Image-13-ott-2025-11_36_18.jpg","width":1536,"height":1024,"caption":"Mercatini di Natale in Toscana"},{"@type":"BreadcrumbList","@id":"https:\/\/www.intoscana.it\/it\/mercatini-natale-toscana-2025\/#breadcrumb","itemListElement":[{"@type":"ListItem","position":1,"name":"Home","item":"https:\/\/www.intoscana.it\/it\/"},{"@type":"ListItem","position":2,"name":"La magia dei mercatini di Natale in Toscana: tra casette di legno, artigianato e luci scintillanti"}]},{"@type":"WebSite","@id":"https:\/\/www.intoscana.it\/it\/#website","url":"https:\/\/www.intoscana.it\/it\/","name":"intoscana","description":"","potentialAction":[{"@type":"SearchAction","target":{"@type":"EntryPoint","urlTemplate":"https:\/\/www.intoscana.it\/it\/?s={search_term_string}"},"query-input":{"@type":"PropertyValueSpecification","valueRequired":true,"valueName":"search_term_string"}}],"inLanguage":"it-IT"},{"@type":"Person","@id":"https:\/\/www.intoscana.it\/it\/#\/schema\/person\/d469f35f09739bdf00bf5dd3f0647a82","name":"Costanza Baldini","url":"https:\/\/www.intoscana.it\/it\/author\/costanza-baldini\/"}]}},"_links":{"self":[{"href":"https:\/\/www.intoscana.it\/it\/wp-json\/wp\/v2\/posts\/403437","targetHints":{"allow":["GET"]}}],"collection":[{"href":"https:\/\/www.intoscana.it\/it\/wp-json\/wp\/v2\/posts"}],"about":[{"href":"https:\/\/www.intoscana.it\/it\/wp-json\/wp\/v2\/types\/post"}],"author":[{"embeddable":true,"href":"https:\/\/www.intoscana.it\/it\/wp-json\/wp\/v2\/users\/518"}],"replies":[{"embeddable":true,"href":"https:\/\/www.intoscana.it\/it\/wp-json\/wp\/v2\/comments?post=403437"}],"version-history":[{"count":6,"href":"https:\/\/www.intoscana.it\/it\/wp-json\/wp\/v2\/posts\/403437\/revisions"}],"predecessor-version":[{"id":409724,"href":"https:\/\/www.intoscana.it\/it\/wp-json\/wp\/v2\/posts\/403437\/revisions\/409724"}],"wp:featuredmedia":[{"embeddable":true,"href":"https:\/\/www.intoscana.it\/it\/wp-json\/wp\/v2\/media\/403444"}],"wp:attachment":[{"href":"https:\/\/www.intoscana.it\/it\/wp-json\/wp\/v2\/media?parent=403437"}],"wp:term":[{"taxonomy":"category","embeddable":true,"href":"https:\/\/www.intoscana.it\/it\/wp-json\/wp\/v2\/categories?post=403437"},{"taxonomy":"post_tag","embeddable":true,"href":"https:\/\/www.intoscana.it\/it\/wp-json\/wp\/v2\/tags?post=403437"}],"curies":[{"name":"wp","href":"https:\/\/api.w.org\/{rel}","templated":true}]}}