{"id":403657,"date":"2025-10-14T16:16:29","date_gmt":"2025-10-14T14:16:29","guid":{"rendered":"https:\/\/www.intoscana.it\/it\/?p=403657"},"modified":"2025-10-16T10:51:31","modified_gmt":"2025-10-16T08:51:31","slug":"eugenio-giani-riconfermato-presidente-della-regione-la-nuova-giunta-il-consiglio-e-i-tempi-da-rispettare","status":"publish","type":"post","link":"https:\/\/www.intoscana.it\/it\/eugenio-giani-riconfermato-presidente-della-regione-la-nuova-giunta-il-consiglio-e-i-tempi-da-rispettare\/","title":{"rendered":"Eugenio Giani riconfermato presidente della Regione: la nuova giunta, il Consiglio e i tempi da rispettare"},"content":{"rendered":"<p>Secondo mandato per il presidente <strong>Eugenio Giani<\/strong> che il giorno dopo le elezioni della ricorferma commenta i risultati emersi dalle urne. <mark>&#8220;Sono soddisfatto per una composizione del Consiglio regionale con un equilibrio delle forze di maggioranza che indubbiamente ci far\u00e0 lavorare nel migliore dei modi&#8221;,<\/mark> ha commentato i voti delle liste che lo sostengono: oltre al Partito Democratico, Giani Presidente-Casa Riformista, Avs, Movimento Cinque stelle.<\/p>\n<p><iframe loading=\"lazy\" title=\"Giani riconfermato presidente: &quot;Consiglio regionale in tempi brevi per approvare il bilancio&quot;\" src=\"https:\/\/www.youtube.com\/embed\/gJwX3WDLszA\" width=\"850\" height=\"400\" frameborder=\"0\" allowfullscreen=\"allowfullscreen\"><\/iframe><\/p>\n<h3><em>I tempi e la nuova giunta<\/em><\/h3>\n<p>I risultati elettorali rimangono ufficiosi fino a quando i tribunali non avranno esaminato e riletto i verbali di tutte le sezioni elettorali toscane. Spetter\u00e0 poi alla <strong>Corte di Appello<\/strong> proclamare il nuovo presidente, di solito entro i quindici giorni successivi alle elezioni. Da quel momento il presidente eletto avr\u00e0 altri dieci giorni di tempo per convocarte il nuovo consiglio regionale in cui far\u00e0 una sintesi programmatica del mandato e presenter\u00e0 la nuova giunta regionale.<\/p>\n<p>Sulla composizione della squadra di governo regionale, Giani ha tenuto a sottolineare come &#8220;le preferenze dei singoli candidati non saranno l&#8217;unico criterio che seguir\u00e0 per la composizione&#8221;. &#8220;\u00c8 evidente che il livello di gradimento personale ottenuto nel risultato peser\u00e0&#8221;, per\u00f2 &#8220;\u00e8 altrettanto evidente che peseranno anche tanti altri fattori: il merito, la competenza&#8221;. <mark>&#8220;Fare una squadra che lavori con le persone giuste al punto giusto&#8221;, e\u00a0 &#8220;non necessariamente della giunta faranno parte solo eletti&#8221;.<\/mark> Altro fattore da considerare \u00e8 la composizione allargata della coalizione di centrosinistra: &#8220;\u00c8 indubbio che questa volta avr\u00f2 da dover rappresentare pi\u00f9 forze politiche&#8221;, &#8220;la Giunta terr\u00e0 conto di tutto questo&#8221;.<\/p>\n<h3><em>Obiettivo: approvare il bilancio entro la fine dell&#8217;anno<\/em><\/h3>\n<p>I tempi sono stretti anche per un&#8217;altra scadenza importante, l&#8217;approvazione del bilancio. &#8220;Voglio convocare il <strong>Consiglio<\/strong> in tempi ragionevolmente brevi, perch\u00e9 l&#8217;obiettivo che mi propongo \u00e8 arrivare entro fine anno all&#8217;approvazione del bilancio, cos\u00ec come ho fatto nei cinque anni precedenti&#8221;, ha spiegato il presidente Giani. <mark>&#8220;\u00c8 uno dei motivi per cui io mi sono poi differenziato dai governatori che non possono essere rieletti di Veneto Campania e Puglia&#8221; e che hanno optato per fine novembre.<\/mark>&#8220;Io ho voluto fare prima perch\u00e9 voglio avere il tempo di arrivare a preparare il bilancio e approvarlo&#8221;.<\/p>\n<p>Il motivo? &#8220;Se non avviene si va all&#8217;esercizio provvisorio che significa spendere per <strong>dodicesimi<\/strong>&#8220;, ossia &#8220;fare scelte non strategiche&#8221;.<\/p>\n<div class=\"rt-page__content rt-page-content--left\">\n<div class=\"rt-page__content-text\">\n<p>&nbsp;<\/p>\n<\/div>\n<\/div>\n<div class=\"rt-btn-wrapper rt-btn-wrapper--right-align\">\n<div class=\"a2a_kit a2a_kit_size_32 a2a_default_style\" data-a2a-title=\"Il giorno dopo l\u2019elezione, Giani: \u201cMolta armonia tra le forze di maggioranza\u201d\"><\/div>\n<\/div>\n","protected":false},"excerpt":{"rendered":"<p>Il giorno dopo il voto, analisi dei risultati elettorali: &#8220;Soddisfatto dell&#8217;equilibrio delle forze di maggioranza che indubbiamente ci far\u00e0 lavorare nel migliore dei modi&#8221;<\/p>\n","protected":false},"author":525,"featured_media":403691,"comment_status":"open","ping_status":"open","sticky":false,"template":"","format":"standard","meta":{"_acf_changed":false,"footnotes":""},"categories":[494],"tags":[158,151],"class_list":["post-403657","post","type-post","status-publish","format-standard","has-post-thumbnail","hentry","category-attualita","tag-eugenio-giani","tag-regione-toscana"],"acf":[],"yoast_head":"<!-- This site is optimized with the Yoast SEO Premium plugin v24.2 (Yoast SEO v25.6) - https:\/\/yoast.com\/wordpress\/plugins\/seo\/ -->\n<title>Eugenio Giani riconfermato presidente della Regione: la nuova giunta, il Consiglio e i tempi da rispettare - intoscana<\/title>\n<meta name=\"description\" content=\"Il giorno dopo il voto, analisi dei risultati elettorali: &quot;Soddisfatto dell&#039;equilibrio delle forze di maggioranza che indubbiamente ci far\u00e0 lavorare nel migliore dei modi&quot;\" \/>\n<meta name=\"robots\" content=\"index, follow, max-snippet:-1, max-image-preview:large, max-video-preview:-1\" \/>\n<link rel=\"canonical\" href=\"https:\/\/www.intoscana.it\/it\/eugenio-giani-riconfermato-presidente-della-regione-la-nuova-giunta-il-consiglio-e-i-tempi-da-rispettare\/\" \/>\n<meta property=\"og:locale\" content=\"it_IT\" \/>\n<meta property=\"og:type\" content=\"article\" \/>\n<meta property=\"og:title\" content=\"Eugenio Giani riconfermato presidente della Regione: la nuova giunta, il Consiglio e i tempi da rispettare\" \/>\n<meta property=\"og:description\" content=\"Il giorno dopo il voto, analisi dei risultati elettorali: &quot;Soddisfatto dell&#039;equilibrio delle forze di maggioranza che indubbiamente ci far\u00e0 lavorare nel migliore dei modi&quot;\" \/>\n<meta property=\"og:url\" content=\"https:\/\/www.intoscana.it\/it\/eugenio-giani-riconfermato-presidente-della-regione-la-nuova-giunta-il-consiglio-e-i-tempi-da-rispettare\/\" \/>\n<meta property=\"og:site_name\" content=\"intoscana\" \/>\n<meta property=\"article:publisher\" content=\"https:\/\/www.facebook.com\/intoscana.it\" \/>\n<meta property=\"article:published_time\" content=\"2025-10-14T14:16:29+00:00\" \/>\n<meta property=\"article:modified_time\" content=\"2025-10-16T08:51:31+00:00\" \/>\n<meta property=\"og:image\" content=\"https:\/\/www.intoscana.it\/wp-content\/uploads\/WhatsApp-Image-2025-10-14-at-13.53.26-1.jpeg\" \/>\n\t<meta property=\"og:image:width\" content=\"1280\" \/>\n\t<meta property=\"og:image:height\" content=\"853\" \/>\n\t<meta property=\"og:image:type\" content=\"image\/jpeg\" \/>\n<meta name=\"author\" content=\"Redazione\" \/>\n<meta name=\"twitter:card\" content=\"summary_large_image\" \/>\n<meta name=\"twitter:creator\" content=\"@intoscana\" \/>\n<meta name=\"twitter:site\" content=\"@intoscana\" \/>\n<meta name=\"twitter:label1\" content=\"Written by\" \/>\n\t<meta name=\"twitter:data1\" content=\"Redazione\" \/>\n\t<meta name=\"twitter:label2\" content=\"Est. reading time\" \/>\n\t<meta name=\"twitter:data2\" content=\"3 minuti\" \/>\n<script type=\"application\/ld+json\" class=\"yoast-schema-graph\">{\"@context\":\"https:\/\/schema.org\",\"@graph\":[{\"@type\":\"WebPage\",\"@id\":\"https:\/\/www.intoscana.it\/it\/eugenio-giani-riconfermato-presidente-della-regione-la-nuova-giunta-il-consiglio-e-i-tempi-da-rispettare\/\",\"url\":\"https:\/\/www.intoscana.it\/it\/eugenio-giani-riconfermato-presidente-della-regione-la-nuova-giunta-il-consiglio-e-i-tempi-da-rispettare\/\",\"name\":\"Eugenio Giani riconfermato presidente della Regione: la nuova giunta, il Consiglio e i tempi da rispettare - intoscana\",\"isPartOf\":{\"@id\":\"https:\/\/www.intoscana.it\/it\/#website\"},\"primaryImageOfPage\":{\"@id\":\"https:\/\/www.intoscana.it\/it\/eugenio-giani-riconfermato-presidente-della-regione-la-nuova-giunta-il-consiglio-e-i-tempi-da-rispettare\/#primaryimage\"},\"image\":{\"@id\":\"https:\/\/www.intoscana.it\/it\/eugenio-giani-riconfermato-presidente-della-regione-la-nuova-giunta-il-consiglio-e-i-tempi-da-rispettare\/#primaryimage\"},\"thumbnailUrl\":\"https:\/\/www.intoscana.it\/wp-content\/uploads\/WhatsApp-Image-2025-10-14-at-13.53.26-1.jpeg\",\"datePublished\":\"2025-10-14T14:16:29+00:00\",\"dateModified\":\"2025-10-16T08:51:31+00:00\",\"author\":{\"@id\":\"https:\/\/www.intoscana.it\/it\/#\/schema\/person\/9223810753230f20bd670fdd322661f8\"},\"description\":\"Il giorno dopo il voto, analisi dei risultati elettorali: \\\"Soddisfatto dell'equilibrio delle forze di maggioranza che indubbiamente ci far\u00e0 lavorare nel migliore dei modi\\\"\",\"breadcrumb\":{\"@id\":\"https:\/\/www.intoscana.it\/it\/eugenio-giani-riconfermato-presidente-della-regione-la-nuova-giunta-il-consiglio-e-i-tempi-da-rispettare\/#breadcrumb\"},\"inLanguage\":\"it-IT\",\"potentialAction\":[{\"@type\":\"ReadAction\",\"target\":[\"https:\/\/www.intoscana.it\/it\/eugenio-giani-riconfermato-presidente-della-regione-la-nuova-giunta-il-consiglio-e-i-tempi-da-rispettare\/\"]}]},{\"@type\":\"ImageObject\",\"inLanguage\":\"it-IT\",\"@id\":\"https:\/\/www.intoscana.it\/it\/eugenio-giani-riconfermato-presidente-della-regione-la-nuova-giunta-il-consiglio-e-i-tempi-da-rispettare\/#primaryimage\",\"url\":\"https:\/\/www.intoscana.it\/wp-content\/uploads\/WhatsApp-Image-2025-10-14-at-13.53.26-1.jpeg\",\"contentUrl\":\"https:\/\/www.intoscana.it\/wp-content\/uploads\/WhatsApp-Image-2025-10-14-at-13.53.26-1.jpeg\",\"width\":1280,\"height\":853},{\"@type\":\"BreadcrumbList\",\"@id\":\"https:\/\/www.intoscana.it\/it\/eugenio-giani-riconfermato-presidente-della-regione-la-nuova-giunta-il-consiglio-e-i-tempi-da-rispettare\/#breadcrumb\",\"itemListElement\":[{\"@type\":\"ListItem\",\"position\":1,\"name\":\"Home\",\"item\":\"https:\/\/www.intoscana.it\/it\/\"},{\"@type\":\"ListItem\",\"position\":2,\"name\":\"Eugenio Giani riconfermato presidente della Regione: la nuova giunta, il Consiglio e i tempi da rispettare\"}]},{\"@type\":\"WebSite\",\"@id\":\"https:\/\/www.intoscana.it\/it\/#website\",\"url\":\"https:\/\/www.intoscana.it\/it\/\",\"name\":\"intoscana\",\"description\":\"\",\"potentialAction\":[{\"@type\":\"SearchAction\",\"target\":{\"@type\":\"EntryPoint\",\"urlTemplate\":\"https:\/\/www.intoscana.it\/it\/?s={search_term_string}\"},\"query-input\":{\"@type\":\"PropertyValueSpecification\",\"valueRequired\":true,\"valueName\":\"search_term_string\"}}],\"inLanguage\":\"it-IT\"},{\"@type\":\"Person\",\"@id\":\"https:\/\/www.intoscana.it\/it\/#\/schema\/person\/9223810753230f20bd670fdd322661f8\",\"name\":\"Redazione\",\"url\":\"https:\/\/www.intoscana.it\/it\/author\/redazione\/\"}]}<\/script>\n<!-- \/ Yoast SEO Premium plugin. -->","yoast_head_json":{"title":"Eugenio Giani riconfermato presidente della Regione: la nuova giunta, il Consiglio e i tempi da rispettare - intoscana","description":"Il giorno dopo il voto, analisi dei risultati elettorali: \"Soddisfatto dell'equilibrio delle forze di maggioranza che indubbiamente ci far\u00e0 lavorare nel migliore dei modi\"","robots":{"index":"index","follow":"follow","max-snippet":"max-snippet:-1","max-image-preview":"max-image-preview:large","max-video-preview":"max-video-preview:-1"},"canonical":"https:\/\/www.intoscana.it\/it\/eugenio-giani-riconfermato-presidente-della-regione-la-nuova-giunta-il-consiglio-e-i-tempi-da-rispettare\/","og_locale":"it_IT","og_type":"article","og_title":"Eugenio Giani riconfermato presidente della Regione: la nuova giunta, il Consiglio e i tempi da rispettare","og_description":"Il giorno dopo il voto, analisi dei risultati elettorali: \"Soddisfatto dell'equilibrio delle forze di maggioranza che indubbiamente ci far\u00e0 lavorare nel migliore dei modi\"","og_url":"https:\/\/www.intoscana.it\/it\/eugenio-giani-riconfermato-presidente-della-regione-la-nuova-giunta-il-consiglio-e-i-tempi-da-rispettare\/","og_site_name":"intoscana","article_publisher":"https:\/\/www.facebook.com\/intoscana.it","article_published_time":"2025-10-14T14:16:29+00:00","article_modified_time":"2025-10-16T08:51:31+00:00","og_image":[{"width":1280,"height":853,"url":"https:\/\/www.intoscana.it\/wp-content\/uploads\/WhatsApp-Image-2025-10-14-at-13.53.26-1.jpeg","type":"image\/jpeg"}],"author":"Redazione","twitter_card":"summary_large_image","twitter_creator":"@intoscana","twitter_site":"@intoscana","twitter_misc":{"Written by":"Redazione","Est. reading time":"3 minuti"},"schema":{"@context":"https:\/\/schema.org","@graph":[{"@type":"WebPage","@id":"https:\/\/www.intoscana.it\/it\/eugenio-giani-riconfermato-presidente-della-regione-la-nuova-giunta-il-consiglio-e-i-tempi-da-rispettare\/","url":"https:\/\/www.intoscana.it\/it\/eugenio-giani-riconfermato-presidente-della-regione-la-nuova-giunta-il-consiglio-e-i-tempi-da-rispettare\/","name":"Eugenio Giani riconfermato presidente della Regione: la nuova giunta, il Consiglio e i tempi da rispettare - intoscana","isPartOf":{"@id":"https:\/\/www.intoscana.it\/it\/#website"},"primaryImageOfPage":{"@id":"https:\/\/www.intoscana.it\/it\/eugenio-giani-riconfermato-presidente-della-regione-la-nuova-giunta-il-consiglio-e-i-tempi-da-rispettare\/#primaryimage"},"image":{"@id":"https:\/\/www.intoscana.it\/it\/eugenio-giani-riconfermato-presidente-della-regione-la-nuova-giunta-il-consiglio-e-i-tempi-da-rispettare\/#primaryimage"},"thumbnailUrl":"https:\/\/www.intoscana.it\/wp-content\/uploads\/WhatsApp-Image-2025-10-14-at-13.53.26-1.jpeg","datePublished":"2025-10-14T14:16:29+00:00","dateModified":"2025-10-16T08:51:31+00:00","author":{"@id":"https:\/\/www.intoscana.it\/it\/#\/schema\/person\/9223810753230f20bd670fdd322661f8"},"description":"Il giorno dopo il voto, analisi dei risultati elettorali: \"Soddisfatto dell'equilibrio delle forze di maggioranza che indubbiamente ci far\u00e0 lavorare nel migliore dei modi\"","breadcrumb":{"@id":"https:\/\/www.intoscana.it\/it\/eugenio-giani-riconfermato-presidente-della-regione-la-nuova-giunta-il-consiglio-e-i-tempi-da-rispettare\/#breadcrumb"},"inLanguage":"it-IT","potentialAction":[{"@type":"ReadAction","target":["https:\/\/www.intoscana.it\/it\/eugenio-giani-riconfermato-presidente-della-regione-la-nuova-giunta-il-consiglio-e-i-tempi-da-rispettare\/"]}]},{"@type":"ImageObject","inLanguage":"it-IT","@id":"https:\/\/www.intoscana.it\/it\/eugenio-giani-riconfermato-presidente-della-regione-la-nuova-giunta-il-consiglio-e-i-tempi-da-rispettare\/#primaryimage","url":"https:\/\/www.intoscana.it\/wp-content\/uploads\/WhatsApp-Image-2025-10-14-at-13.53.26-1.jpeg","contentUrl":"https:\/\/www.intoscana.it\/wp-content\/uploads\/WhatsApp-Image-2025-10-14-at-13.53.26-1.jpeg","width":1280,"height":853},{"@type":"BreadcrumbList","@id":"https:\/\/www.intoscana.it\/it\/eugenio-giani-riconfermato-presidente-della-regione-la-nuova-giunta-il-consiglio-e-i-tempi-da-rispettare\/#breadcrumb","itemListElement":[{"@type":"ListItem","position":1,"name":"Home","item":"https:\/\/www.intoscana.it\/it\/"},{"@type":"ListItem","position":2,"name":"Eugenio Giani riconfermato presidente della Regione: la nuova giunta, il Consiglio e i tempi da rispettare"}]},{"@type":"WebSite","@id":"https:\/\/www.intoscana.it\/it\/#website","url":"https:\/\/www.intoscana.it\/it\/","name":"intoscana","description":"","potentialAction":[{"@type":"SearchAction","target":{"@type":"EntryPoint","urlTemplate":"https:\/\/www.intoscana.it\/it\/?s={search_term_string}"},"query-input":{"@type":"PropertyValueSpecification","valueRequired":true,"valueName":"search_term_string"}}],"inLanguage":"it-IT"},{"@type":"Person","@id":"https:\/\/www.intoscana.it\/it\/#\/schema\/person\/9223810753230f20bd670fdd322661f8","name":"Redazione","url":"https:\/\/www.intoscana.it\/it\/author\/redazione\/"}]}},"_links":{"self":[{"href":"https:\/\/www.intoscana.it\/it\/wp-json\/wp\/v2\/posts\/403657","targetHints":{"allow":["GET"]}}],"collection":[{"href":"https:\/\/www.intoscana.it\/it\/wp-json\/wp\/v2\/posts"}],"about":[{"href":"https:\/\/www.intoscana.it\/it\/wp-json\/wp\/v2\/types\/post"}],"author":[{"embeddable":true,"href":"https:\/\/www.intoscana.it\/it\/wp-json\/wp\/v2\/users\/525"}],"replies":[{"embeddable":true,"href":"https:\/\/www.intoscana.it\/it\/wp-json\/wp\/v2\/comments?post=403657"}],"version-history":[{"count":5,"href":"https:\/\/www.intoscana.it\/it\/wp-json\/wp\/v2\/posts\/403657\/revisions"}],"predecessor-version":[{"id":403816,"href":"https:\/\/www.intoscana.it\/it\/wp-json\/wp\/v2\/posts\/403657\/revisions\/403816"}],"wp:featuredmedia":[{"embeddable":true,"href":"https:\/\/www.intoscana.it\/it\/wp-json\/wp\/v2\/media\/403691"}],"wp:attachment":[{"href":"https:\/\/www.intoscana.it\/it\/wp-json\/wp\/v2\/media?parent=403657"}],"wp:term":[{"taxonomy":"category","embeddable":true,"href":"https:\/\/www.intoscana.it\/it\/wp-json\/wp\/v2\/categories?post=403657"},{"taxonomy":"post_tag","embeddable":true,"href":"https:\/\/www.intoscana.it\/it\/wp-json\/wp\/v2\/tags?post=403657"}],"curies":[{"name":"wp","href":"https:\/\/api.w.org\/{rel}","templated":true}]}}