{"id":403780,"date":"2025-10-15T16:46:57","date_gmt":"2025-10-15T14:46:57","guid":{"rendered":"https:\/\/www.intoscana.it\/it\/?p=403780"},"modified":"2025-10-15T16:50:47","modified_gmt":"2025-10-15T14:50:47","slug":"siena-guida-litalia-del-turismo-lento-con-la-giornata-nazionale-del-trekking-urbano","status":"publish","type":"post","link":"https:\/\/www.intoscana.it\/it\/siena-guida-litalia-del-turismo-lento-con-la-giornata-nazionale-del-trekking-urbano\/","title":{"rendered":"Siena guida l\u2019Italia del turismo lento con la giornata nazionale del Trekking Urbano"},"content":{"rendered":"<p>Ventidue anni fa a <strong>Siena<\/strong> nasceva un modo nuovo di <mark>vivere le citt\u00e0: a passo lento<\/mark>, riscoprendone i dettagli, la storia e le persone. Debuttava la <strong>giornata nazionale del Trekking Urbano<\/strong>. Oggi \u00e8 un movimento che unisce l\u2019Italia nel segno del <strong>turismo sostenibile<\/strong>, della cultura e del benessere.<\/p>\n<p>Il <strong>31 ottobre<\/strong> la manifestazione taglia il traguardo della <strong>XXII edizione<\/strong>, coinvolgendo <strong>85 citt\u00e0 in 19 regioni<\/strong>, dalle grandi capitali d\u2019arte ai borghi pi\u00f9 suggestivi. Tutte accomunate dal tema di quest&#8217;anno \u201c<em>Le Vie del Giubileo tra storia, cultura e spiritualit\u00e0<\/em>\u201d.<\/p>\n<p>La scelta non \u00e8 casuale: il 2025 \u00e8 <strong>Anno Santo Giubilare<\/strong>, occasione che da secoli richiama <strong>pellegrini e viaggiatori<\/strong> lungo i cammini italiani. I percorsi di quest\u2019anno racconteranno quei <strong>sentieri della fede<\/strong> e della memoria, ma anche le storie di chi ha fatto della cultura, della<strong> solidariet\u00e0<\/strong> e della <strong>spiritualit\u00e0<\/strong> una scelta di vita.<\/p>\n<p><em>\u201cIl cammino \u00e8 il gesto pi\u00f9 antico e allo stesso tempo pi\u00f9 moderno<\/em> \u2013 sottolinea <strong>Vanna Giunti<\/strong>, assessore al turismo e al sito Unesco del Comune di Siena \u2013<em>. In un mondo che corre veloce, il Trekking Urbano invita a rallentare, a riscoprire la dimensione del viaggio lento, sostenibile e salutare. La forza di questa giornata \u00e8 proprio qui: un\u2019Italia che cammina nello stesso giorno, condividendo un\u2019idea di turismo che \u00e8 insieme cultura, sport, spiritualit\u00e0 e benessere\u201d.<\/em><\/p>\n<h3>Siena, la citt\u00e0 capofila<\/h3>\n<p>A <strong>Siena <\/strong>il percorso proposto per l\u2019edizione 2025 porta il titolo \u201c<em>1300\u20132025 Giubileo e cammini: luoghi, pellegrini e spiritualit\u00e0 nei secoli<\/em>\u201d. Un itinerario pensato per cittadini e visitatori che, partendo da <strong>Piazza del Campo<\/strong>, condurr\u00e0 fino al <strong>Duomo<\/strong> e al <strong>Santa Maria della Scala<\/strong>, luoghi simbolo della spiritualit\u00e0 senese lungo <strong>la Via Francigena<\/strong>.<\/p>\n<p>Le <strong>dieci partenze<\/strong> in programma (dalle ore 14 alle 17) accompagneranno i partecipanti in un viaggio di circa due ore, lungo due chilometri di cammino e con bassa difficolt\u00e0. Tra le tappe, le chiese di <strong>San Giuseppe e Sant\u2019Agostino<\/strong>, con la possibilit\u00e0 di ammirare opere conservate nella Pinacoteca, e luoghi legati a figure centrali della devozione cittadina come <strong>San Bernardino e Sant\u2019Ansano<\/strong>. Il percorso si concluder\u00e0 presso il complesso del <strong>Santa Maria della Scala<\/strong>.<\/p>\n<p>\u201c<em>Camminare oggi<\/em> \u2013 spiega<strong> Chiara Valdambrini<\/strong>, direttrice della Fondazione Antico Ospedale Santa Maria della Scala \u2013 <em>significa riscoprire un legame profondo tra il viaggio, le persone e l\u2019anima dei luoghi. Il Pellegrinaio, con i suoi affreschi che raccontano la carit\u00e0 e la devozione, sar\u00e0 il cuore narrante del percorso: un luogo dove l\u2019arte diventa testimonianza viva del passaggio umano che si rinnova\u201d.<\/em><\/p>\n<p>Le partenze e gli arrivi sono previsti all\u2019ufficio informazioni turistiche di Piazza del Campo 7, aperto tutti i giorni dalle 9 alle 18 (tel. 0577 292222, mail siena.iat@terredisiena.it). Tutti i dettagli e le citt\u00e0 aderenti alla giornata nazionale sul <a href=\"http:\/\/www.trekkingurbano.info\" target=\"_blank\" rel=\"noopener\">sito<\/a>.<\/p>\n<h3>Un modo sostenibile di vivere la citt\u00e0<\/h3>\n<p>Il <strong>Trekking Urbano<\/strong> \u00e8 oggi una pratica diffusa in tutto il Paese, ma resta fortemente legata alla filosofia senese che l\u2019ha vista nascere: unire la scoperta alla <strong>consapevolezza ambientale<\/strong>.<\/p>\n<p><em>\u201cCamminare \u00e8 un gesto semplice ma profondamente ecologico<\/em> \u2013 osserva <strong>Barbara Magi<\/strong>, assessore all\u2019ambiente del Comune di Siena \u2013. <em>Rappresenta un modo autentico e sostenibile di vivere la citt\u00e0, un atto di cura verso il territorio e verso se stessi. Siena, vincitrice del Green Leaf Award della Commissione Europea, dimostra che tutela ambientale e valorizzazione del patrimonio culturale possono andare di pari passo\u201d.<\/em><\/p>\n<p>L\u2019attenzione all\u2019ambiente proseguir\u00e0 anche con l\u2019iniziativa di <strong>plogging<\/strong> dell\u20198 novembre, una giornata dedicata alla <strong>raccolta dei rifiuti<\/strong> durante l\u2019<strong>attivit\u00e0 sportiva<\/strong>, in un gesto che unisce benessere e responsabilit\u00e0.<\/p>\n<h3>Un novembre di cammini, arte e incontri<\/h3>\n<p>A Siena il <strong>Trekking Urbano<\/strong> non si esaurisce in un giorno: per tutto novembre la citt\u00e0 si trasformer\u00e0 in un <strong>festival del camminare<\/strong>, con itinerari tematici e <strong>visite guidate gratuite<\/strong> per gli ospiti delle strutture ricettive.<\/p>\n<p>Tra gli appuntamenti in calendario: \u201c<em>La Via Francigena a Siena<\/em>\u201d sulle orme dei pellegrini medievali; \u201c<em>I luoghi di Santa Caterina<\/em>\u201d dalla Casa-Santuario alla Basilica di San Domenico; \u201c<em>Siena e i suoi personaggi<\/em>\u201d dedicato ai santi e ai beati della citt\u00e0; \u201c<em>Assistere il buio<\/em>\u201d, percorso di arte contemporanea curato da Serena Fineschi, con 17 artisti e 17 lanterne a disegnare una nuova geografia urbana.<\/p>\n<h3>Il \u201cSiena Trek Summit\u201d del 7 novembre<\/h3>\n<p>Tra gli eventi collaterali spicca il <strong>Siena Trek Summit<\/strong>, in programma il 7 novembre al complesso museale di<strong> Santa Maria della Scala<\/strong>, con il patrocinio del Ministero del Turismo, ENIT e Sport e Salute spa.<\/p>\n<p>Dopo il successo della prima edizione, il summit conferma la sua <strong>vocazione internazionale<\/strong>, portando a Siena le esperienze di <strong>Barcellona, Valencia e Copenaghen<\/strong>, tre citt\u00e0 europee impegnate su temi come la gestione dei flussi turistici, la tutela dei residenti e la rigenerazione urbana. La giornata alterner\u00e0 una sessione plenaria e workshop tematici aperti agli operatori del settore.<\/p>\n<p>Le iscrizioni sono obbligatorie su Eventbrite (Siena Trek Summit 7 novembre 2025) o tramite la segreteria organizzativa (+39 351 3001061, comunicazioni@trekkingurbano.info).<\/p>\n","protected":false},"excerpt":{"rendered":"<p>L&#8217;appuntamento il 31 ottobre. La manifestazione taglia il traguardo della XXII edizione: in cammino 85 citt\u00e0 in 19 regioni<\/p>\n","protected":false},"author":525,"featured_media":80712,"comment_status":"open","ping_status":"open","sticky":false,"template":"","format":"standard","meta":{"_acf_changed":false,"footnotes":""},"categories":[6],"tags":[164,4494,3944],"class_list":["post-403780","post","type-post","status-publish","format-standard","has-post-thumbnail","hentry","category-viaggi","tag-siena","tag-trekking-urbano","tag-turismo-lento"],"acf":[],"yoast_head":"<!-- This site is optimized with the Yoast SEO Premium plugin v24.2 (Yoast SEO v25.6) - https:\/\/yoast.com\/wordpress\/plugins\/seo\/ -->\n<title>Siena guida l\u2019Italia del turismo lento con la giornata nazionale del Trekking Urbano - intoscana<\/title>\n<meta name=\"description\" content=\"L&#039;appuntamento il 31 ottobre. La manifestazione taglia il traguardo della XXII edizione: in cammino 85 citt\u00e0 in 19 regioni\" \/>\n<meta name=\"robots\" content=\"index, follow, max-snippet:-1, max-image-preview:large, max-video-preview:-1\" \/>\n<link rel=\"canonical\" href=\"https:\/\/www.intoscana.it\/it\/siena-guida-litalia-del-turismo-lento-con-la-giornata-nazionale-del-trekking-urbano\/\" \/>\n<meta property=\"og:locale\" content=\"it_IT\" \/>\n<meta property=\"og:type\" content=\"article\" \/>\n<meta property=\"og:title\" content=\"Siena guida l\u2019Italia del turismo lento con la giornata nazionale del Trekking Urbano\" \/>\n<meta property=\"og:description\" content=\"L&#039;appuntamento il 31 ottobre. La manifestazione taglia il traguardo della XXII edizione: in cammino 85 citt\u00e0 in 19 regioni\" \/>\n<meta property=\"og:url\" content=\"https:\/\/www.intoscana.it\/it\/siena-guida-litalia-del-turismo-lento-con-la-giornata-nazionale-del-trekking-urbano\/\" \/>\n<meta property=\"og:site_name\" content=\"intoscana\" \/>\n<meta property=\"article:publisher\" content=\"https:\/\/www.facebook.com\/intoscana.it\" \/>\n<meta property=\"article:published_time\" content=\"2025-10-15T14:46:57+00:00\" \/>\n<meta property=\"article:modified_time\" content=\"2025-10-15T14:50:47+00:00\" \/>\n<meta property=\"og:image\" content=\"https:\/\/www.intoscana.it\/wp-content\/uploads\/trekking-urbano-1.jpg\" \/>\n\t<meta property=\"og:image:width\" content=\"600\" \/>\n\t<meta property=\"og:image:height\" content=\"450\" \/>\n\t<meta property=\"og:image:type\" content=\"image\/jpeg\" \/>\n<meta name=\"author\" content=\"Redazione\" \/>\n<meta name=\"twitter:card\" content=\"summary_large_image\" \/>\n<meta name=\"twitter:creator\" content=\"@intoscana\" \/>\n<meta name=\"twitter:site\" content=\"@intoscana\" \/>\n<meta name=\"twitter:label1\" content=\"Written by\" \/>\n\t<meta name=\"twitter:data1\" content=\"Redazione\" \/>\n\t<meta name=\"twitter:label2\" content=\"Est. reading time\" \/>\n\t<meta name=\"twitter:data2\" content=\"5 minuti\" \/>\n<script type=\"application\/ld+json\" class=\"yoast-schema-graph\">{\"@context\":\"https:\/\/schema.org\",\"@graph\":[{\"@type\":\"WebPage\",\"@id\":\"https:\/\/www.intoscana.it\/it\/siena-guida-litalia-del-turismo-lento-con-la-giornata-nazionale-del-trekking-urbano\/\",\"url\":\"https:\/\/www.intoscana.it\/it\/siena-guida-litalia-del-turismo-lento-con-la-giornata-nazionale-del-trekking-urbano\/\",\"name\":\"Siena guida l\u2019Italia del turismo lento con la giornata nazionale del Trekking Urbano - intoscana\",\"isPartOf\":{\"@id\":\"https:\/\/www.intoscana.it\/it\/#website\"},\"primaryImageOfPage\":{\"@id\":\"https:\/\/www.intoscana.it\/it\/siena-guida-litalia-del-turismo-lento-con-la-giornata-nazionale-del-trekking-urbano\/#primaryimage\"},\"image\":{\"@id\":\"https:\/\/www.intoscana.it\/it\/siena-guida-litalia-del-turismo-lento-con-la-giornata-nazionale-del-trekking-urbano\/#primaryimage\"},\"thumbnailUrl\":\"https:\/\/www.intoscana.it\/wp-content\/uploads\/trekking-urbano-1.jpg\",\"datePublished\":\"2025-10-15T14:46:57+00:00\",\"dateModified\":\"2025-10-15T14:50:47+00:00\",\"author\":{\"@id\":\"https:\/\/www.intoscana.it\/it\/#\/schema\/person\/9223810753230f20bd670fdd322661f8\"},\"description\":\"L'appuntamento il 31 ottobre. La manifestazione taglia il traguardo della XXII edizione: in cammino 85 citt\u00e0 in 19 regioni\",\"breadcrumb\":{\"@id\":\"https:\/\/www.intoscana.it\/it\/siena-guida-litalia-del-turismo-lento-con-la-giornata-nazionale-del-trekking-urbano\/#breadcrumb\"},\"inLanguage\":\"it-IT\",\"potentialAction\":[{\"@type\":\"ReadAction\",\"target\":[\"https:\/\/www.intoscana.it\/it\/siena-guida-litalia-del-turismo-lento-con-la-giornata-nazionale-del-trekking-urbano\/\"]}]},{\"@type\":\"ImageObject\",\"inLanguage\":\"it-IT\",\"@id\":\"https:\/\/www.intoscana.it\/it\/siena-guida-litalia-del-turismo-lento-con-la-giornata-nazionale-del-trekking-urbano\/#primaryimage\",\"url\":\"https:\/\/www.intoscana.it\/wp-content\/uploads\/trekking-urbano-1.jpg\",\"contentUrl\":\"https:\/\/www.intoscana.it\/wp-content\/uploads\/trekking-urbano-1.jpg\",\"width\":600,\"height\":450},{\"@type\":\"BreadcrumbList\",\"@id\":\"https:\/\/www.intoscana.it\/it\/siena-guida-litalia-del-turismo-lento-con-la-giornata-nazionale-del-trekking-urbano\/#breadcrumb\",\"itemListElement\":[{\"@type\":\"ListItem\",\"position\":1,\"name\":\"Home\",\"item\":\"https:\/\/www.intoscana.it\/it\/\"},{\"@type\":\"ListItem\",\"position\":2,\"name\":\"Siena guida l\u2019Italia del turismo lento con la giornata nazionale del Trekking Urbano\"}]},{\"@type\":\"WebSite\",\"@id\":\"https:\/\/www.intoscana.it\/it\/#website\",\"url\":\"https:\/\/www.intoscana.it\/it\/\",\"name\":\"intoscana\",\"description\":\"\",\"potentialAction\":[{\"@type\":\"SearchAction\",\"target\":{\"@type\":\"EntryPoint\",\"urlTemplate\":\"https:\/\/www.intoscana.it\/it\/?s={search_term_string}\"},\"query-input\":{\"@type\":\"PropertyValueSpecification\",\"valueRequired\":true,\"valueName\":\"search_term_string\"}}],\"inLanguage\":\"it-IT\"},{\"@type\":\"Person\",\"@id\":\"https:\/\/www.intoscana.it\/it\/#\/schema\/person\/9223810753230f20bd670fdd322661f8\",\"name\":\"Redazione\",\"url\":\"https:\/\/www.intoscana.it\/it\/author\/redazione\/\"}]}<\/script>\n<!-- \/ Yoast SEO Premium plugin. -->","yoast_head_json":{"title":"Siena guida l\u2019Italia del turismo lento con la giornata nazionale del Trekking Urbano - intoscana","description":"L'appuntamento il 31 ottobre. La manifestazione taglia il traguardo della XXII edizione: in cammino 85 citt\u00e0 in 19 regioni","robots":{"index":"index","follow":"follow","max-snippet":"max-snippet:-1","max-image-preview":"max-image-preview:large","max-video-preview":"max-video-preview:-1"},"canonical":"https:\/\/www.intoscana.it\/it\/siena-guida-litalia-del-turismo-lento-con-la-giornata-nazionale-del-trekking-urbano\/","og_locale":"it_IT","og_type":"article","og_title":"Siena guida l\u2019Italia del turismo lento con la giornata nazionale del Trekking Urbano","og_description":"L'appuntamento il 31 ottobre. La manifestazione taglia il traguardo della XXII edizione: in cammino 85 citt\u00e0 in 19 regioni","og_url":"https:\/\/www.intoscana.it\/it\/siena-guida-litalia-del-turismo-lento-con-la-giornata-nazionale-del-trekking-urbano\/","og_site_name":"intoscana","article_publisher":"https:\/\/www.facebook.com\/intoscana.it","article_published_time":"2025-10-15T14:46:57+00:00","article_modified_time":"2025-10-15T14:50:47+00:00","og_image":[{"width":600,"height":450,"url":"https:\/\/www.intoscana.it\/wp-content\/uploads\/trekking-urbano-1.jpg","type":"image\/jpeg"}],"author":"Redazione","twitter_card":"summary_large_image","twitter_creator":"@intoscana","twitter_site":"@intoscana","twitter_misc":{"Written by":"Redazione","Est. reading time":"5 minuti"},"schema":{"@context":"https:\/\/schema.org","@graph":[{"@type":"WebPage","@id":"https:\/\/www.intoscana.it\/it\/siena-guida-litalia-del-turismo-lento-con-la-giornata-nazionale-del-trekking-urbano\/","url":"https:\/\/www.intoscana.it\/it\/siena-guida-litalia-del-turismo-lento-con-la-giornata-nazionale-del-trekking-urbano\/","name":"Siena guida l\u2019Italia del turismo lento con la giornata nazionale del Trekking Urbano - intoscana","isPartOf":{"@id":"https:\/\/www.intoscana.it\/it\/#website"},"primaryImageOfPage":{"@id":"https:\/\/www.intoscana.it\/it\/siena-guida-litalia-del-turismo-lento-con-la-giornata-nazionale-del-trekking-urbano\/#primaryimage"},"image":{"@id":"https:\/\/www.intoscana.it\/it\/siena-guida-litalia-del-turismo-lento-con-la-giornata-nazionale-del-trekking-urbano\/#primaryimage"},"thumbnailUrl":"https:\/\/www.intoscana.it\/wp-content\/uploads\/trekking-urbano-1.jpg","datePublished":"2025-10-15T14:46:57+00:00","dateModified":"2025-10-15T14:50:47+00:00","author":{"@id":"https:\/\/www.intoscana.it\/it\/#\/schema\/person\/9223810753230f20bd670fdd322661f8"},"description":"L'appuntamento il 31 ottobre. La manifestazione taglia il traguardo della XXII edizione: in cammino 85 citt\u00e0 in 19 regioni","breadcrumb":{"@id":"https:\/\/www.intoscana.it\/it\/siena-guida-litalia-del-turismo-lento-con-la-giornata-nazionale-del-trekking-urbano\/#breadcrumb"},"inLanguage":"it-IT","potentialAction":[{"@type":"ReadAction","target":["https:\/\/www.intoscana.it\/it\/siena-guida-litalia-del-turismo-lento-con-la-giornata-nazionale-del-trekking-urbano\/"]}]},{"@type":"ImageObject","inLanguage":"it-IT","@id":"https:\/\/www.intoscana.it\/it\/siena-guida-litalia-del-turismo-lento-con-la-giornata-nazionale-del-trekking-urbano\/#primaryimage","url":"https:\/\/www.intoscana.it\/wp-content\/uploads\/trekking-urbano-1.jpg","contentUrl":"https:\/\/www.intoscana.it\/wp-content\/uploads\/trekking-urbano-1.jpg","width":600,"height":450},{"@type":"BreadcrumbList","@id":"https:\/\/www.intoscana.it\/it\/siena-guida-litalia-del-turismo-lento-con-la-giornata-nazionale-del-trekking-urbano\/#breadcrumb","itemListElement":[{"@type":"ListItem","position":1,"name":"Home","item":"https:\/\/www.intoscana.it\/it\/"},{"@type":"ListItem","position":2,"name":"Siena guida l\u2019Italia del turismo lento con la giornata nazionale del Trekking Urbano"}]},{"@type":"WebSite","@id":"https:\/\/www.intoscana.it\/it\/#website","url":"https:\/\/www.intoscana.it\/it\/","name":"intoscana","description":"","potentialAction":[{"@type":"SearchAction","target":{"@type":"EntryPoint","urlTemplate":"https:\/\/www.intoscana.it\/it\/?s={search_term_string}"},"query-input":{"@type":"PropertyValueSpecification","valueRequired":true,"valueName":"search_term_string"}}],"inLanguage":"it-IT"},{"@type":"Person","@id":"https:\/\/www.intoscana.it\/it\/#\/schema\/person\/9223810753230f20bd670fdd322661f8","name":"Redazione","url":"https:\/\/www.intoscana.it\/it\/author\/redazione\/"}]}},"_links":{"self":[{"href":"https:\/\/www.intoscana.it\/it\/wp-json\/wp\/v2\/posts\/403780","targetHints":{"allow":["GET"]}}],"collection":[{"href":"https:\/\/www.intoscana.it\/it\/wp-json\/wp\/v2\/posts"}],"about":[{"href":"https:\/\/www.intoscana.it\/it\/wp-json\/wp\/v2\/types\/post"}],"author":[{"embeddable":true,"href":"https:\/\/www.intoscana.it\/it\/wp-json\/wp\/v2\/users\/525"}],"replies":[{"embeddable":true,"href":"https:\/\/www.intoscana.it\/it\/wp-json\/wp\/v2\/comments?post=403780"}],"version-history":[{"count":5,"href":"https:\/\/www.intoscana.it\/it\/wp-json\/wp\/v2\/posts\/403780\/revisions"}],"predecessor-version":[{"id":403787,"href":"https:\/\/www.intoscana.it\/it\/wp-json\/wp\/v2\/posts\/403780\/revisions\/403787"}],"wp:featuredmedia":[{"embeddable":true,"href":"https:\/\/www.intoscana.it\/it\/wp-json\/wp\/v2\/media\/80712"}],"wp:attachment":[{"href":"https:\/\/www.intoscana.it\/it\/wp-json\/wp\/v2\/media?parent=403780"}],"wp:term":[{"taxonomy":"category","embeddable":true,"href":"https:\/\/www.intoscana.it\/it\/wp-json\/wp\/v2\/categories?post=403780"},{"taxonomy":"post_tag","embeddable":true,"href":"https:\/\/www.intoscana.it\/it\/wp-json\/wp\/v2\/tags?post=403780"}],"curies":[{"name":"wp","href":"https:\/\/api.w.org\/{rel}","templated":true}]}}