{"id":403932,"date":"2025-10-17T12:32:41","date_gmt":"2025-10-17T10:32:41","guid":{"rendered":"https:\/\/www.intoscana.it\/it\/?p=403932"},"modified":"2025-10-17T12:45:46","modified_gmt":"2025-10-17T10:45:46","slug":"semiel-superfuxia-concerti","status":"publish","type":"post","link":"https:\/\/www.intoscana.it\/it\/semiel-superfuxia-concerti\/","title":{"rendered":"Prime volte e rivoluzioni sonore: Samuel Matta in arte S\u00e8mi\u00e8l debutta con &#8220;Superfuxia&#8221;"},"content":{"rendered":"<p><strong><em>&#8220;Superfuxia&#8221;<\/em> <\/strong>\u00e8 il titolo dell&#8217;album d&#8217;esordio di<strong> S\u00e8mi\u00e8l:<\/strong> un progetto che \u00e8 insieme <strong>manifesto artistico e viaggio emotivo. <\/strong><\/p>\n<p>Frutto di <strong>quattro anni di lavoro e sperimentazione tra Bologna, Pisa e Livorno<\/strong>, il disco si presenta come <strong>un mosaico sonoro<\/strong> in cui culture, linguaggi e generi diversi si intrecciano in un sound design avveniristico e inclusivo.<\/p>\n<p>Dietro il nome <strong>S\u00e8mi\u00e8l c\u2019\u00e8 Samuele Matta<\/strong>, cantautore toscano che, dopo anni di esperienza in lingua inglese con due album e tre EP pubblicati, debutta ora in italiano.<\/p>\n<p>Attivo sulla scena <strong>dal 2009 come chitarrista<\/strong> e autore in diverse <strong>band alternative rock e hardcore,<\/strong> ha collezionato tour in <strong>Italia, Europa, Gran Bretagna e Giappone,<\/strong> collaborando con etichette come <strong>ADA\/WMG, CR Japan, The Orchard, Believe e Horus Music Ltd.<\/strong><\/p>\n<p>Nel 2020 inizia a lavorare al suo primo progetto italiano, prodotto da <strong>Andrea Pachetti presso il 360 Music Factory di Livorno<\/strong> e sviluppato nell\u2019arco di oltre due anni.<\/p>\n<p><em><strong>&#8220;Superfuxia&#8221;,<\/strong><\/em> disponibile sulle principali piattaforme digitali<strong>,<\/strong> \u00e8 il risultato di <strong>una ricerca profonda sulla libert\u00e0 creativa e sulla necessit\u00e0 di mettersi in gioco:<\/strong> un\u2019opera coerente e visionaria che segna l\u2019ingresso di <strong>S\u00e8mi\u00e8l tra le voci pi\u00f9 originali del nuovo panorama musicale italiano.<\/strong><\/p>\n<figure id=\"post-403092 media-403092\" class=\"align-none\"><img decoding=\"async\" src=\"https:\/\/www.intoscana.it\/wp-content\/uploads\/df6bb6f2-6355-4fc1-b707-255517e2b6ed.jpeg\" alt=\"\" \/><\/figure>\n<div class=\"titleimg\">S\u00e8mi\u00e8l<\/div>\n<h3>Ecco la nostra intervista a S\u00e8mi\u00e8l<\/h3>\n<p><strong>Ciao Samuele! Raccontami com&#8217;\u00e8 iniziato il tuo percorso musicale, quando hai iniziato a suonare?<\/strong><\/p>\n<p>Ho iniziato a 16 anni a suonare come chitarrista in gruppi punk toscani. Nel 2010 ha preso il via il mio <strong>progetto sempre all&#8217;interno del punk rock<\/strong> con i <strong>30 Miles<\/strong>. Dal 2010 al 2018 mi sono tolto delle belle soddisfazioni ho fatto tour in tutta Europa e anche in Giappone. <strong>S\u00e8mi\u00e8l nasce durante il covid,<\/strong> ero tornato dal Giappone, ho iniziato a lavorare come dipendente per le produzioni dei grandi festival con aziende come <strong>Vivo Concerti e Live Nation<\/strong>. Poi ho conosciuto <strong>Andrea Pachetti produttore di Emma Nolde e The Zen Circus,\u00a0<\/strong>che come ascolti \u00e8 molto simile a me. Mi ha chiesto di mandargli qualche demo e cos\u00ec \u00e8 cominciato tutto.<p><span class=\"citazione\">Superfuxia \u00e8 una reazione, un termine autocelebrativo carico di rivalsa, sacrificio, meraviglia e tecnica. Meravigliarsi quando si fa musica \u00e8 necessario, altrimenti non si scopre niente<\/span><\/p><\/p>\n<p><strong>Come avete lavorato insieme te e Andrea?<\/strong><\/p>\n<p>Per realizzare il disco abbiamo impiegato tre, quattro anni. Andrea \u00e8 stato fenomenale, per me era la prima volta che lavoravo con un produttore in studio perch\u00e9 <strong>sono un po&#8217; una &#8220;bestiaccia&#8221;. Lui con la sua grande esperienza \u00e8 riuscito a gestirmi<\/strong> e abbiamo portato a casa un risultato che nessuno dei due si immaginava.<\/p>\n<p><strong>Come mai il disco si intitola &#8220;Superfuxia&#8221;? Forse perch\u00e9 \u00e8 un po&#8217; pop?<\/strong><\/p>\n<p>Non necessariamente per la questione del genere, sono tante cose che vanno a convergere. <strong>Superfuxia \u00e8 una reazione, un termine autocelebrativo carico di rivalsa, sacrificio, meraviglia<\/strong> e tecnica.<strong> Meravigliarsi quando si fa musica \u00e8 necessario, altrimenti non si scopre niente<\/strong>. Ogni canzone di questo album \u00e8 un sistema che va a comporre un complesso di sistemi, un super-sistema! Letteralmente il massimo risultato ottenibile.<\/p>\n<p><strong>Che cosa c&#8217;\u00e8 dentro questo disco?<\/strong><\/p>\n<p>A livello di liriche ci sono <strong>appunti, considerazioni e pensieri che ho raccolto in quattro anni,<\/strong> spalmati nel tempo. Mentre a livello di ascolti la cosa fondamentale per me \u00e8 stato non fare ascolti. <strong>Io vengo dalla musica internazionale quindi nella musica italiana non mi trovo benissimo,<\/strong> ho sempre cantato in inglese, con le sillabe pi\u00f9 corte e melodie pi\u00f9 libere. L&#8217;italiano secondo me ha delle parole che sono pi\u00f9 legate dal punto di vista melodico.<strong> Sono comunque riuscito a &#8220;spezzettare&#8221; le mie sillabe per inserirle nelle note che volevo io.<\/strong> Quindi non ascoltare cantautorato o pop music mi ha fatto evitare di poter anche solo pensare di copiare qualcosa o qualcuno.<\/p>\n<p><strong>Direi che ci sei riuscito perch\u00e9 \u00e8 un disco molto &#8220;fresco&#8221;, nel senso pi\u00f9 positivo possibile del termine, lo hai gi\u00e0 suonato in giro?<\/strong><\/p>\n<p>S\u00ec sono stato a Palermo e Bologna allo Sghetto Club, all&#8217;interno del<strong><em> Tutto Molto bello<\/em><\/strong>, \u00e8 andata bene, la reazione delle persone \u00e8 stata positiva. Mi hanno applaudito e mi hanno anche chiesto il bis. La dimensione live <strong>per me \u00e8 un banco prova molto importante in vista del 2026.\u00a0<\/strong><\/p>\n<p><strong>Dove e quando potremo venire a sentirti live?<\/strong><\/p>\n<p>Stiamo fissando le date, ma io sono sempre l&#8217;ultimo a sapere le cose. <strong>Verso novembre inizier\u00e0 la tourn\u00e9e<\/strong> e la Toscana sar\u00e0 una delle ultime. Il 28 e 29 sar\u00f2 al <strong>Festival della canzone d&#8217;autore a Montemurlo<\/strong>. Spero di ingranare anche perch\u00e9<strong> sto gi\u00e0 scrivendo roba nuova.\u00a0<\/strong><\/p>\n<h3>Superfuxia, S\u00e8mi\u00e8l<\/h3>\n<figure id=\"post-403949 media-403949\" class=\"align-none\"><img decoding=\"async\" src=\"https:\/\/www.intoscana.it\/wp-content\/uploads\/72586.jpg-1000x1000-1.webp\" alt=\"\" \/><\/figure>\n<div class=\"titleimg\"><em>S\u00e8mi\u00e8l, Superfuxia<\/em><\/div>\n<p>&nbsp;<\/p>\n<div class=\"titleimg\"><\/div>\n<p>&nbsp;<\/p>\n<p>&nbsp;<\/p>\n","protected":false},"excerpt":{"rendered":"<p>Il disco \u00e8 frutto di quattro anni di lavoro e sperimentazione tra Bologna, Pisa e Livorno, si presenta come un mosaico sonoro in cui culture, linguaggi e generi diversi si intrecciano in un sound design avveniristico e inclusivo<\/p>\n","protected":false},"author":518,"featured_media":403088,"comment_status":"open","ping_status":"open","sticky":false,"template":"","format":"standard","meta":{"_acf_changed":false,"footnotes":""},"categories":[14],"tags":[216,4900],"class_list":["post-403932","post","type-post","status-publish","format-standard","has-post-thumbnail","hentry","category-musica","tag-concerti","tag-intervista-agli-artisti"],"acf":[],"yoast_head":"<!-- This site is optimized with the Yoast SEO Premium plugin v24.2 (Yoast SEO v25.6) - https:\/\/yoast.com\/wordpress\/plugins\/seo\/ -->\n<title>Prime volte e rivoluzioni sonore: Samuel Matta in arte S\u00e8mi\u00e8l debutta con &quot;Superfuxia&quot; - intoscana<\/title>\n<meta name=\"description\" content=\"Il disco \u00e8 frutto di quattro anni di lavoro e sperimentazione tra Bologna, Pisa e Livorno, si presenta come un mosaico sonoro\" \/>\n<meta name=\"robots\" content=\"index, follow, max-snippet:-1, max-image-preview:large, max-video-preview:-1\" \/>\n<link rel=\"canonical\" href=\"https:\/\/www.intoscana.it\/it\/semiel-superfuxia-concerti\/\" \/>\n<meta property=\"og:locale\" content=\"it_IT\" \/>\n<meta property=\"og:type\" content=\"article\" \/>\n<meta property=\"og:title\" content=\"Prime volte e rivoluzioni sonore: Samuel Matta in arte S\u00e8mi\u00e8l debutta con &quot;Superfuxia&quot;\" \/>\n<meta property=\"og:description\" content=\"Il disco \u00e8 frutto di quattro anni di lavoro e sperimentazione tra Bologna, Pisa e Livorno, si presenta come un mosaico sonoro\" \/>\n<meta property=\"og:url\" content=\"https:\/\/www.intoscana.it\/it\/semiel-superfuxia-concerti\/\" \/>\n<meta property=\"og:site_name\" content=\"intoscana\" \/>\n<meta property=\"article:publisher\" content=\"https:\/\/www.facebook.com\/intoscana.it\" \/>\n<meta property=\"article:published_time\" content=\"2025-10-17T10:32:41+00:00\" \/>\n<meta property=\"article:modified_time\" content=\"2025-10-17T10:45:46+00:00\" \/>\n<meta property=\"og:image\" content=\"https:\/\/www.intoscana.it\/wp-content\/uploads\/3b38c47f-48ae-4dbf-9833-facbeab87c7c-e1760686211674.jpeg\" \/>\n\t<meta property=\"og:image:width\" content=\"1200\" \/>\n\t<meta property=\"og:image:height\" content=\"837\" \/>\n\t<meta property=\"og:image:type\" content=\"image\/jpeg\" \/>\n<meta name=\"author\" content=\"Costanza Baldini\" \/>\n<meta name=\"twitter:card\" content=\"summary_large_image\" \/>\n<meta name=\"twitter:creator\" content=\"@intoscana\" \/>\n<meta name=\"twitter:site\" content=\"@intoscana\" \/>\n<meta name=\"twitter:label1\" content=\"Written by\" \/>\n\t<meta name=\"twitter:data1\" content=\"Costanza Baldini\" \/>\n\t<meta name=\"twitter:label2\" content=\"Est. reading time\" \/>\n\t<meta name=\"twitter:data2\" content=\"5 minuti\" \/>\n<script type=\"application\/ld+json\" class=\"yoast-schema-graph\">{\"@context\":\"https:\/\/schema.org\",\"@graph\":[{\"@type\":\"WebPage\",\"@id\":\"https:\/\/www.intoscana.it\/it\/semiel-superfuxia-concerti\/\",\"url\":\"https:\/\/www.intoscana.it\/it\/semiel-superfuxia-concerti\/\",\"name\":\"Prime volte e rivoluzioni sonore: Samuel Matta in arte S\u00e8mi\u00e8l debutta con \\\"Superfuxia\\\" - intoscana\",\"isPartOf\":{\"@id\":\"https:\/\/www.intoscana.it\/it\/#website\"},\"primaryImageOfPage\":{\"@id\":\"https:\/\/www.intoscana.it\/it\/semiel-superfuxia-concerti\/#primaryimage\"},\"image\":{\"@id\":\"https:\/\/www.intoscana.it\/it\/semiel-superfuxia-concerti\/#primaryimage\"},\"thumbnailUrl\":\"https:\/\/www.intoscana.it\/wp-content\/uploads\/3b38c47f-48ae-4dbf-9833-facbeab87c7c-e1760686211674.jpeg\",\"datePublished\":\"2025-10-17T10:32:41+00:00\",\"dateModified\":\"2025-10-17T10:45:46+00:00\",\"author\":{\"@id\":\"https:\/\/www.intoscana.it\/it\/#\/schema\/person\/d469f35f09739bdf00bf5dd3f0647a82\"},\"description\":\"Il disco \u00e8 frutto di quattro anni di lavoro e sperimentazione tra Bologna, Pisa e Livorno, si presenta come un mosaico sonoro\",\"breadcrumb\":{\"@id\":\"https:\/\/www.intoscana.it\/it\/semiel-superfuxia-concerti\/#breadcrumb\"},\"inLanguage\":\"it-IT\",\"potentialAction\":[{\"@type\":\"ReadAction\",\"target\":[\"https:\/\/www.intoscana.it\/it\/semiel-superfuxia-concerti\/\"]}]},{\"@type\":\"ImageObject\",\"inLanguage\":\"it-IT\",\"@id\":\"https:\/\/www.intoscana.it\/it\/semiel-superfuxia-concerti\/#primaryimage\",\"url\":\"https:\/\/www.intoscana.it\/wp-content\/uploads\/3b38c47f-48ae-4dbf-9833-facbeab87c7c-e1760686211674.jpeg\",\"contentUrl\":\"https:\/\/www.intoscana.it\/wp-content\/uploads\/3b38c47f-48ae-4dbf-9833-facbeab87c7c-e1760686211674.jpeg\",\"width\":1200,\"height\":837,\"caption\":\"S\u00e8mi\u00e8l\"},{\"@type\":\"BreadcrumbList\",\"@id\":\"https:\/\/www.intoscana.it\/it\/semiel-superfuxia-concerti\/#breadcrumb\",\"itemListElement\":[{\"@type\":\"ListItem\",\"position\":1,\"name\":\"Home\",\"item\":\"https:\/\/www.intoscana.it\/it\/\"},{\"@type\":\"ListItem\",\"position\":2,\"name\":\"Prime volte e rivoluzioni sonore: Samuel Matta in arte S\u00e8mi\u00e8l debutta con &#8220;Superfuxia&#8221;\"}]},{\"@type\":\"WebSite\",\"@id\":\"https:\/\/www.intoscana.it\/it\/#website\",\"url\":\"https:\/\/www.intoscana.it\/it\/\",\"name\":\"intoscana\",\"description\":\"\",\"potentialAction\":[{\"@type\":\"SearchAction\",\"target\":{\"@type\":\"EntryPoint\",\"urlTemplate\":\"https:\/\/www.intoscana.it\/it\/?s={search_term_string}\"},\"query-input\":{\"@type\":\"PropertyValueSpecification\",\"valueRequired\":true,\"valueName\":\"search_term_string\"}}],\"inLanguage\":\"it-IT\"},{\"@type\":\"Person\",\"@id\":\"https:\/\/www.intoscana.it\/it\/#\/schema\/person\/d469f35f09739bdf00bf5dd3f0647a82\",\"name\":\"Costanza Baldini\",\"url\":\"https:\/\/www.intoscana.it\/it\/author\/costanza-baldini\/\"}]}<\/script>\n<!-- \/ Yoast SEO Premium plugin. -->","yoast_head_json":{"title":"Prime volte e rivoluzioni sonore: Samuel Matta in arte S\u00e8mi\u00e8l debutta con \"Superfuxia\" - intoscana","description":"Il disco \u00e8 frutto di quattro anni di lavoro e sperimentazione tra Bologna, Pisa e Livorno, si presenta come un mosaico sonoro","robots":{"index":"index","follow":"follow","max-snippet":"max-snippet:-1","max-image-preview":"max-image-preview:large","max-video-preview":"max-video-preview:-1"},"canonical":"https:\/\/www.intoscana.it\/it\/semiel-superfuxia-concerti\/","og_locale":"it_IT","og_type":"article","og_title":"Prime volte e rivoluzioni sonore: Samuel Matta in arte S\u00e8mi\u00e8l debutta con \"Superfuxia\"","og_description":"Il disco \u00e8 frutto di quattro anni di lavoro e sperimentazione tra Bologna, Pisa e Livorno, si presenta come un mosaico sonoro","og_url":"https:\/\/www.intoscana.it\/it\/semiel-superfuxia-concerti\/","og_site_name":"intoscana","article_publisher":"https:\/\/www.facebook.com\/intoscana.it","article_published_time":"2025-10-17T10:32:41+00:00","article_modified_time":"2025-10-17T10:45:46+00:00","og_image":[{"width":1200,"height":837,"url":"https:\/\/www.intoscana.it\/wp-content\/uploads\/3b38c47f-48ae-4dbf-9833-facbeab87c7c-e1760686211674.jpeg","type":"image\/jpeg"}],"author":"Costanza Baldini","twitter_card":"summary_large_image","twitter_creator":"@intoscana","twitter_site":"@intoscana","twitter_misc":{"Written by":"Costanza Baldini","Est. reading time":"5 minuti"},"schema":{"@context":"https:\/\/schema.org","@graph":[{"@type":"WebPage","@id":"https:\/\/www.intoscana.it\/it\/semiel-superfuxia-concerti\/","url":"https:\/\/www.intoscana.it\/it\/semiel-superfuxia-concerti\/","name":"Prime volte e rivoluzioni sonore: Samuel Matta in arte S\u00e8mi\u00e8l debutta con \"Superfuxia\" - intoscana","isPartOf":{"@id":"https:\/\/www.intoscana.it\/it\/#website"},"primaryImageOfPage":{"@id":"https:\/\/www.intoscana.it\/it\/semiel-superfuxia-concerti\/#primaryimage"},"image":{"@id":"https:\/\/www.intoscana.it\/it\/semiel-superfuxia-concerti\/#primaryimage"},"thumbnailUrl":"https:\/\/www.intoscana.it\/wp-content\/uploads\/3b38c47f-48ae-4dbf-9833-facbeab87c7c-e1760686211674.jpeg","datePublished":"2025-10-17T10:32:41+00:00","dateModified":"2025-10-17T10:45:46+00:00","author":{"@id":"https:\/\/www.intoscana.it\/it\/#\/schema\/person\/d469f35f09739bdf00bf5dd3f0647a82"},"description":"Il disco \u00e8 frutto di quattro anni di lavoro e sperimentazione tra Bologna, Pisa e Livorno, si presenta come un mosaico sonoro","breadcrumb":{"@id":"https:\/\/www.intoscana.it\/it\/semiel-superfuxia-concerti\/#breadcrumb"},"inLanguage":"it-IT","potentialAction":[{"@type":"ReadAction","target":["https:\/\/www.intoscana.it\/it\/semiel-superfuxia-concerti\/"]}]},{"@type":"ImageObject","inLanguage":"it-IT","@id":"https:\/\/www.intoscana.it\/it\/semiel-superfuxia-concerti\/#primaryimage","url":"https:\/\/www.intoscana.it\/wp-content\/uploads\/3b38c47f-48ae-4dbf-9833-facbeab87c7c-e1760686211674.jpeg","contentUrl":"https:\/\/www.intoscana.it\/wp-content\/uploads\/3b38c47f-48ae-4dbf-9833-facbeab87c7c-e1760686211674.jpeg","width":1200,"height":837,"caption":"S\u00e8mi\u00e8l"},{"@type":"BreadcrumbList","@id":"https:\/\/www.intoscana.it\/it\/semiel-superfuxia-concerti\/#breadcrumb","itemListElement":[{"@type":"ListItem","position":1,"name":"Home","item":"https:\/\/www.intoscana.it\/it\/"},{"@type":"ListItem","position":2,"name":"Prime volte e rivoluzioni sonore: Samuel Matta in arte S\u00e8mi\u00e8l debutta con &#8220;Superfuxia&#8221;"}]},{"@type":"WebSite","@id":"https:\/\/www.intoscana.it\/it\/#website","url":"https:\/\/www.intoscana.it\/it\/","name":"intoscana","description":"","potentialAction":[{"@type":"SearchAction","target":{"@type":"EntryPoint","urlTemplate":"https:\/\/www.intoscana.it\/it\/?s={search_term_string}"},"query-input":{"@type":"PropertyValueSpecification","valueRequired":true,"valueName":"search_term_string"}}],"inLanguage":"it-IT"},{"@type":"Person","@id":"https:\/\/www.intoscana.it\/it\/#\/schema\/person\/d469f35f09739bdf00bf5dd3f0647a82","name":"Costanza Baldini","url":"https:\/\/www.intoscana.it\/it\/author\/costanza-baldini\/"}]}},"_links":{"self":[{"href":"https:\/\/www.intoscana.it\/it\/wp-json\/wp\/v2\/posts\/403932","targetHints":{"allow":["GET"]}}],"collection":[{"href":"https:\/\/www.intoscana.it\/it\/wp-json\/wp\/v2\/posts"}],"about":[{"href":"https:\/\/www.intoscana.it\/it\/wp-json\/wp\/v2\/types\/post"}],"author":[{"embeddable":true,"href":"https:\/\/www.intoscana.it\/it\/wp-json\/wp\/v2\/users\/518"}],"replies":[{"embeddable":true,"href":"https:\/\/www.intoscana.it\/it\/wp-json\/wp\/v2\/comments?post=403932"}],"version-history":[{"count":5,"href":"https:\/\/www.intoscana.it\/it\/wp-json\/wp\/v2\/posts\/403932\/revisions"}],"predecessor-version":[{"id":404006,"href":"https:\/\/www.intoscana.it\/it\/wp-json\/wp\/v2\/posts\/403932\/revisions\/404006"}],"wp:featuredmedia":[{"embeddable":true,"href":"https:\/\/www.intoscana.it\/it\/wp-json\/wp\/v2\/media\/403088"}],"wp:attachment":[{"href":"https:\/\/www.intoscana.it\/it\/wp-json\/wp\/v2\/media?parent=403932"}],"wp:term":[{"taxonomy":"category","embeddable":true,"href":"https:\/\/www.intoscana.it\/it\/wp-json\/wp\/v2\/categories?post=403932"},{"taxonomy":"post_tag","embeddable":true,"href":"https:\/\/www.intoscana.it\/it\/wp-json\/wp\/v2\/tags?post=403932"}],"curies":[{"name":"wp","href":"https:\/\/api.w.org\/{rel}","templated":true}]}}