{"id":403956,"date":"2025-10-17T11:28:16","date_gmt":"2025-10-17T09:28:16","guid":{"rendered":"https:\/\/www.intoscana.it\/it\/?p=403956"},"modified":"2025-10-17T11:28:16","modified_gmt":"2025-10-17T09:28:16","slug":"open-day-a-scandicci-per-la-scuola-cani-guida-per-ciechi-della-regione-toscana","status":"publish","type":"post","link":"https:\/\/www.intoscana.it\/it\/open-day-a-scandicci-per-la-scuola-cani-guida-per-ciechi-della-regione-toscana\/","title":{"rendered":"Open day a Scandicci per la Scuola cani guida per ciechi della Regione Toscana"},"content":{"rendered":"<div class=\"rt-page__content rt-page-content--left\">\n<div class=\"rt-page__content-text\">\n<p data-start=\"87\" data-end=\"446\">Andare oltre i limiti, <strong>oltre la disabilit\u00e0<\/strong> e la paura per costruire insieme autonomia, fiducia e inclusione. Questo lo spirito che da sempre anima la <strong>Scuola nazionale cani guida per ciechi<\/strong> della Regione Toscana. <strong>Sabato 18 ottobre<\/strong> la Scuola apre le porte a cittadini e famiglie per scoprire da vicino le proprie attivit\u00e0.<\/p>\n<p data-start=\"87\" data-end=\"446\">Dalle 10 alle 18, nella sede di via dei Ciliegi 26 a Scandicci, si svolger\u00e0 l\u2019<strong>Open Day 2025<\/strong>, una giornata di incontri, dimostrazioni e momenti di sensibilizzazione dedicati al tema della <strong>disabilit\u00e0 visiva<\/strong>. L\u2019edizione di quest\u2019anno porta il titolo <em>\u201cOltre lo sguardo\u201d. <\/em>Una giornata per conoscere pi\u00f9 da vicino un luogo dove ogni giorno si compie un passo \u201coltre\u201d verso una <strong>societ\u00e0 pi\u00f9 accessibile e solidale<\/strong>.<\/p>\n<p data-start=\"674\" data-end=\"1041\">Durante l\u2019evento sar\u00e0 presentato anche <em>\u201cOltre\u201d,<\/em> il <strong>nuovo calendario 2026<\/strong> della Scuola, nato da un progetto fotografico che racconta con immagini di grande intensit\u00e0 <mark>il legame tra le persone e i loro cani guida<\/mark>. L\u2019autrice delle fotografie sar\u00e0 presente nel primo pomeriggio per condividere con il pubblico il percorso creativo e i significati dietro agli scatti.<\/p>\n<figure id=\"post-361130 media-361130\" class=\"align-none\"><img decoding=\"async\" src=\"https:\/\/www.intoscana.it\/wp-content\/uploads\/open-day-cani-guida-2.jpeg\" alt=\"\" \/><\/figure>\n<div class=\"titleimg\">open day cani guida<\/div>\n<h3 data-start=\"674\" data-end=\"1041\">Un giorno speciale per conoscere la Scuola<\/h3>\n<p><em>\u201cQuella di sabato prossimo sar\u00e0 una giornata speciale \u2013<\/em> ho sottolineato il presidente della Regione <strong>Eugenio Giani<\/strong> &#8211;<em> \u00a0perch\u00e9 permetter\u00e0 a chiunque sar\u00e0 presente \u00a0di vedere da vicino \u00a0il valore delle attivit\u00e0 che vengono realizzate nella scuola e le straordinarie professionalit\u00e0 che operano in quella che \u00e8 l\u2019unica realt\u00e0 pubblica di questo tipo al mondo\u201d.<\/em><\/p>\n<p><em>\u201cL\u2019Open Day \u2013<\/em> ha evidenziato l\u2019assessora regionale alle politiche sociali <strong>Serena Spinelli<\/strong> &#8211; <em>\u00e8 un\u2019occasione annuale che consente \u00a0di vedere, nel tempo, la crescita e i cambiamenti della scuola. Chiunque verr\u00e0 potr\u00e0 rendersi conto della crescita qualitativa della scuola, delle nuove competenze che stanno maturando (penso ai cani addestrati per allerta medica) e anche degli investimenti che stiamo facendo: \u00e8 in fase di realizzazione un appartamento accessibile che potr\u00e0 essere utilizzato per i corsi di autonomia personale rivolti a persone non vedenti e per l\u2019istruzione di cani di ausilio per persone con disabilit\u00e0 motoria\u201d.<\/em><\/p>\n<h3>Il programma dell&#8217;Open Day<\/h3>\n<p>Il percorso dell\u2019<strong>Open Day di sabato 18<\/strong> permetter\u00e0 di conoscere le varie attivit\u00e0 che la Scuola svolge, con momenti dedicati all\u2019illustrazione dei progetti, in modo particolare per quel che riguarda il programma <strong>affidamento dei cuccioli<\/strong>, e con dimostrazioni pratiche di <strong>lavoro degli istruttori<\/strong> con i cani guida.<\/p>\n<p>Saranno inoltre previste altre attivit\u00e0, tra cui i laboratori di <strong>modellazione sensoriale<\/strong> con materiali plastici (in programma sia nella mattina sia nel pomeriggio), l\u2019esperienza del <strong>marciapiede didattico<\/strong>, <mark>un marciapiede modulare che simula le difficolt\u00e0 di un marciapiede reale, ricreando ostacoli come buche, biciclette parcheggiate, bidoni sporgenti e altri pericoli<\/mark>. L&#8217;obiettivo \u00e8 di sensibilizzare le persone sulla disabilit\u00e0, le<strong> barriere architettoniche<\/strong> e i pregiudizi, attraverso l&#8217;esperienza diretta.<\/p>\n<p>Come ogni anno, infine, \u00a0nel corso della mattina saranno organizzati <strong>giochi con premi<\/strong> riservati ai bambini.<\/p>\n<p>Contestualmente all\u2019incontro con la Scuola sar\u00e0 possibile conoscere attivit\u00e0 e programmi della <strong>Stamperia braille<\/strong> della Regione, che saranno presentati per tutto il giorno in un apposito stand.<\/p>\n<p>Per informazioni e prenotazioni: 055- 4382850 \u2013\u00a0<a href=\"mailto:scuola.cani.guida@regione.toscana.it\">scuola.cani.guida@regione.toscana.it<\/a><\/p>\n<\/div>\n<\/div>\n","protected":false},"excerpt":{"rendered":"<p>Sabato 18 ottobre sar\u00e0 illustrato il programma affidamento dei cuccioli, ci saranno dimostrazioni pratiche di lavoro degli istruttori<\/p>\n","protected":false},"author":525,"featured_media":195388,"comment_status":"open","ping_status":"open","sticky":false,"template":"","format":"standard","meta":{"_acf_changed":false,"footnotes":""},"categories":[494],"tags":[158,151,6288,4822],"class_list":["post-403956","post","type-post","status-publish","format-standard","has-post-thumbnail","hentry","category-attualita","tag-eugenio-giani","tag-regione-toscana","tag-scuola-cani-guida-scandicci","tag-serena-spinelli"],"acf":[],"yoast_head":"<!-- This site is optimized with the Yoast SEO Premium plugin v24.2 (Yoast SEO v25.6) - https:\/\/yoast.com\/wordpress\/plugins\/seo\/ -->\n<title>Open day a Scandicci per la Scuola cani guida per ciechi della Regione Toscana - intoscana<\/title>\n<meta name=\"description\" content=\"Sabato 18 ottobre sar\u00e0 illustrato il programma affidamento dei cuccioli, ci saranno dimostrazioni pratiche di lavoro degli istruttori\" \/>\n<meta name=\"robots\" content=\"index, follow, max-snippet:-1, max-image-preview:large, max-video-preview:-1\" \/>\n<link rel=\"canonical\" href=\"https:\/\/www.intoscana.it\/it\/open-day-a-scandicci-per-la-scuola-cani-guida-per-ciechi-della-regione-toscana\/\" \/>\n<meta property=\"og:locale\" content=\"it_IT\" \/>\n<meta property=\"og:type\" content=\"article\" \/>\n<meta property=\"og:title\" content=\"Open day a Scandicci per la Scuola cani guida per ciechi della Regione Toscana\" \/>\n<meta property=\"og:description\" content=\"Sabato 18 ottobre sar\u00e0 illustrato il programma affidamento dei cuccioli, ci saranno dimostrazioni pratiche di lavoro degli istruttori\" \/>\n<meta property=\"og:url\" content=\"https:\/\/www.intoscana.it\/it\/open-day-a-scandicci-per-la-scuola-cani-guida-per-ciechi-della-regione-toscana\/\" \/>\n<meta property=\"og:site_name\" content=\"intoscana\" \/>\n<meta property=\"article:publisher\" content=\"https:\/\/www.facebook.com\/intoscana.it\" \/>\n<meta property=\"article:published_time\" content=\"2025-10-17T09:28:16+00:00\" \/>\n<meta property=\"og:image\" content=\"https:\/\/www.intoscana.it\/wp-content\/uploads\/scuola_cani_scandicci_9-scaled.jpg\" \/>\n\t<meta property=\"og:image:width\" content=\"2048\" \/>\n\t<meta property=\"og:image:height\" content=\"1365\" \/>\n\t<meta property=\"og:image:type\" content=\"image\/jpeg\" \/>\n<meta name=\"author\" content=\"Redazione\" \/>\n<meta name=\"twitter:card\" content=\"summary_large_image\" \/>\n<meta name=\"twitter:creator\" content=\"@intoscana\" \/>\n<meta name=\"twitter:site\" content=\"@intoscana\" \/>\n<meta name=\"twitter:label1\" content=\"Written by\" \/>\n\t<meta name=\"twitter:data1\" content=\"Redazione\" \/>\n\t<meta name=\"twitter:label2\" content=\"Est. reading time\" \/>\n\t<meta name=\"twitter:data2\" content=\"4 minuti\" \/>\n<script type=\"application\/ld+json\" class=\"yoast-schema-graph\">{\"@context\":\"https:\/\/schema.org\",\"@graph\":[{\"@type\":\"WebPage\",\"@id\":\"https:\/\/www.intoscana.it\/it\/open-day-a-scandicci-per-la-scuola-cani-guida-per-ciechi-della-regione-toscana\/\",\"url\":\"https:\/\/www.intoscana.it\/it\/open-day-a-scandicci-per-la-scuola-cani-guida-per-ciechi-della-regione-toscana\/\",\"name\":\"Open day a Scandicci per la Scuola cani guida per ciechi della Regione Toscana - intoscana\",\"isPartOf\":{\"@id\":\"https:\/\/www.intoscana.it\/it\/#website\"},\"primaryImageOfPage\":{\"@id\":\"https:\/\/www.intoscana.it\/it\/open-day-a-scandicci-per-la-scuola-cani-guida-per-ciechi-della-regione-toscana\/#primaryimage\"},\"image\":{\"@id\":\"https:\/\/www.intoscana.it\/it\/open-day-a-scandicci-per-la-scuola-cani-guida-per-ciechi-della-regione-toscana\/#primaryimage\"},\"thumbnailUrl\":\"https:\/\/www.intoscana.it\/wp-content\/uploads\/scuola_cani_scandicci_9-scaled.jpg\",\"datePublished\":\"2025-10-17T09:28:16+00:00\",\"author\":{\"@id\":\"https:\/\/www.intoscana.it\/it\/#\/schema\/person\/9223810753230f20bd670fdd322661f8\"},\"description\":\"Sabato 18 ottobre sar\u00e0 illustrato il programma affidamento dei cuccioli, ci saranno dimostrazioni pratiche di lavoro degli istruttori\",\"breadcrumb\":{\"@id\":\"https:\/\/www.intoscana.it\/it\/open-day-a-scandicci-per-la-scuola-cani-guida-per-ciechi-della-regione-toscana\/#breadcrumb\"},\"inLanguage\":\"it-IT\",\"potentialAction\":[{\"@type\":\"ReadAction\",\"target\":[\"https:\/\/www.intoscana.it\/it\/open-day-a-scandicci-per-la-scuola-cani-guida-per-ciechi-della-regione-toscana\/\"]}]},{\"@type\":\"ImageObject\",\"inLanguage\":\"it-IT\",\"@id\":\"https:\/\/www.intoscana.it\/it\/open-day-a-scandicci-per-la-scuola-cani-guida-per-ciechi-della-regione-toscana\/#primaryimage\",\"url\":\"https:\/\/www.intoscana.it\/wp-content\/uploads\/scuola_cani_scandicci_9-scaled.jpg\",\"contentUrl\":\"https:\/\/www.intoscana.it\/wp-content\/uploads\/scuola_cani_scandicci_9-scaled.jpg\",\"width\":2048,\"height\":1365,\"caption\":\"La Scuola cani guida per ciechi di Scandicci: un' eccellenza nazionale\"},{\"@type\":\"BreadcrumbList\",\"@id\":\"https:\/\/www.intoscana.it\/it\/open-day-a-scandicci-per-la-scuola-cani-guida-per-ciechi-della-regione-toscana\/#breadcrumb\",\"itemListElement\":[{\"@type\":\"ListItem\",\"position\":1,\"name\":\"Home\",\"item\":\"https:\/\/www.intoscana.it\/it\/\"},{\"@type\":\"ListItem\",\"position\":2,\"name\":\"Open day a Scandicci per la Scuola cani guida per ciechi della Regione Toscana\"}]},{\"@type\":\"WebSite\",\"@id\":\"https:\/\/www.intoscana.it\/it\/#website\",\"url\":\"https:\/\/www.intoscana.it\/it\/\",\"name\":\"intoscana\",\"description\":\"\",\"potentialAction\":[{\"@type\":\"SearchAction\",\"target\":{\"@type\":\"EntryPoint\",\"urlTemplate\":\"https:\/\/www.intoscana.it\/it\/?s={search_term_string}\"},\"query-input\":{\"@type\":\"PropertyValueSpecification\",\"valueRequired\":true,\"valueName\":\"search_term_string\"}}],\"inLanguage\":\"it-IT\"},{\"@type\":\"Person\",\"@id\":\"https:\/\/www.intoscana.it\/it\/#\/schema\/person\/9223810753230f20bd670fdd322661f8\",\"name\":\"Redazione\",\"url\":\"https:\/\/www.intoscana.it\/it\/author\/redazione\/\"}]}<\/script>\n<!-- \/ Yoast SEO Premium plugin. -->","yoast_head_json":{"title":"Open day a Scandicci per la Scuola cani guida per ciechi della Regione Toscana - intoscana","description":"Sabato 18 ottobre sar\u00e0 illustrato il programma affidamento dei cuccioli, ci saranno dimostrazioni pratiche di lavoro degli istruttori","robots":{"index":"index","follow":"follow","max-snippet":"max-snippet:-1","max-image-preview":"max-image-preview:large","max-video-preview":"max-video-preview:-1"},"canonical":"https:\/\/www.intoscana.it\/it\/open-day-a-scandicci-per-la-scuola-cani-guida-per-ciechi-della-regione-toscana\/","og_locale":"it_IT","og_type":"article","og_title":"Open day a Scandicci per la Scuola cani guida per ciechi della Regione Toscana","og_description":"Sabato 18 ottobre sar\u00e0 illustrato il programma affidamento dei cuccioli, ci saranno dimostrazioni pratiche di lavoro degli istruttori","og_url":"https:\/\/www.intoscana.it\/it\/open-day-a-scandicci-per-la-scuola-cani-guida-per-ciechi-della-regione-toscana\/","og_site_name":"intoscana","article_publisher":"https:\/\/www.facebook.com\/intoscana.it","article_published_time":"2025-10-17T09:28:16+00:00","og_image":[{"width":2048,"height":1365,"url":"https:\/\/www.intoscana.it\/wp-content\/uploads\/scuola_cani_scandicci_9-scaled.jpg","type":"image\/jpeg"}],"author":"Redazione","twitter_card":"summary_large_image","twitter_creator":"@intoscana","twitter_site":"@intoscana","twitter_misc":{"Written by":"Redazione","Est. reading time":"4 minuti"},"schema":{"@context":"https:\/\/schema.org","@graph":[{"@type":"WebPage","@id":"https:\/\/www.intoscana.it\/it\/open-day-a-scandicci-per-la-scuola-cani-guida-per-ciechi-della-regione-toscana\/","url":"https:\/\/www.intoscana.it\/it\/open-day-a-scandicci-per-la-scuola-cani-guida-per-ciechi-della-regione-toscana\/","name":"Open day a Scandicci per la Scuola cani guida per ciechi della Regione Toscana - intoscana","isPartOf":{"@id":"https:\/\/www.intoscana.it\/it\/#website"},"primaryImageOfPage":{"@id":"https:\/\/www.intoscana.it\/it\/open-day-a-scandicci-per-la-scuola-cani-guida-per-ciechi-della-regione-toscana\/#primaryimage"},"image":{"@id":"https:\/\/www.intoscana.it\/it\/open-day-a-scandicci-per-la-scuola-cani-guida-per-ciechi-della-regione-toscana\/#primaryimage"},"thumbnailUrl":"https:\/\/www.intoscana.it\/wp-content\/uploads\/scuola_cani_scandicci_9-scaled.jpg","datePublished":"2025-10-17T09:28:16+00:00","author":{"@id":"https:\/\/www.intoscana.it\/it\/#\/schema\/person\/9223810753230f20bd670fdd322661f8"},"description":"Sabato 18 ottobre sar\u00e0 illustrato il programma affidamento dei cuccioli, ci saranno dimostrazioni pratiche di lavoro degli istruttori","breadcrumb":{"@id":"https:\/\/www.intoscana.it\/it\/open-day-a-scandicci-per-la-scuola-cani-guida-per-ciechi-della-regione-toscana\/#breadcrumb"},"inLanguage":"it-IT","potentialAction":[{"@type":"ReadAction","target":["https:\/\/www.intoscana.it\/it\/open-day-a-scandicci-per-la-scuola-cani-guida-per-ciechi-della-regione-toscana\/"]}]},{"@type":"ImageObject","inLanguage":"it-IT","@id":"https:\/\/www.intoscana.it\/it\/open-day-a-scandicci-per-la-scuola-cani-guida-per-ciechi-della-regione-toscana\/#primaryimage","url":"https:\/\/www.intoscana.it\/wp-content\/uploads\/scuola_cani_scandicci_9-scaled.jpg","contentUrl":"https:\/\/www.intoscana.it\/wp-content\/uploads\/scuola_cani_scandicci_9-scaled.jpg","width":2048,"height":1365,"caption":"La Scuola cani guida per ciechi di Scandicci: un' eccellenza nazionale"},{"@type":"BreadcrumbList","@id":"https:\/\/www.intoscana.it\/it\/open-day-a-scandicci-per-la-scuola-cani-guida-per-ciechi-della-regione-toscana\/#breadcrumb","itemListElement":[{"@type":"ListItem","position":1,"name":"Home","item":"https:\/\/www.intoscana.it\/it\/"},{"@type":"ListItem","position":2,"name":"Open day a Scandicci per la Scuola cani guida per ciechi della Regione Toscana"}]},{"@type":"WebSite","@id":"https:\/\/www.intoscana.it\/it\/#website","url":"https:\/\/www.intoscana.it\/it\/","name":"intoscana","description":"","potentialAction":[{"@type":"SearchAction","target":{"@type":"EntryPoint","urlTemplate":"https:\/\/www.intoscana.it\/it\/?s={search_term_string}"},"query-input":{"@type":"PropertyValueSpecification","valueRequired":true,"valueName":"search_term_string"}}],"inLanguage":"it-IT"},{"@type":"Person","@id":"https:\/\/www.intoscana.it\/it\/#\/schema\/person\/9223810753230f20bd670fdd322661f8","name":"Redazione","url":"https:\/\/www.intoscana.it\/it\/author\/redazione\/"}]}},"_links":{"self":[{"href":"https:\/\/www.intoscana.it\/it\/wp-json\/wp\/v2\/posts\/403956","targetHints":{"allow":["GET"]}}],"collection":[{"href":"https:\/\/www.intoscana.it\/it\/wp-json\/wp\/v2\/posts"}],"about":[{"href":"https:\/\/www.intoscana.it\/it\/wp-json\/wp\/v2\/types\/post"}],"author":[{"embeddable":true,"href":"https:\/\/www.intoscana.it\/it\/wp-json\/wp\/v2\/users\/525"}],"replies":[{"embeddable":true,"href":"https:\/\/www.intoscana.it\/it\/wp-json\/wp\/v2\/comments?post=403956"}],"version-history":[{"count":5,"href":"https:\/\/www.intoscana.it\/it\/wp-json\/wp\/v2\/posts\/403956\/revisions"}],"predecessor-version":[{"id":403972,"href":"https:\/\/www.intoscana.it\/it\/wp-json\/wp\/v2\/posts\/403956\/revisions\/403972"}],"wp:featuredmedia":[{"embeddable":true,"href":"https:\/\/www.intoscana.it\/it\/wp-json\/wp\/v2\/media\/195388"}],"wp:attachment":[{"href":"https:\/\/www.intoscana.it\/it\/wp-json\/wp\/v2\/media?parent=403956"}],"wp:term":[{"taxonomy":"category","embeddable":true,"href":"https:\/\/www.intoscana.it\/it\/wp-json\/wp\/v2\/categories?post=403956"},{"taxonomy":"post_tag","embeddable":true,"href":"https:\/\/www.intoscana.it\/it\/wp-json\/wp\/v2\/tags?post=403956"}],"curies":[{"name":"wp","href":"https:\/\/api.w.org\/{rel}","templated":true}]}}