{"id":403979,"date":"2025-10-17T12:02:39","date_gmt":"2025-10-17T10:02:39","guid":{"rendered":"https:\/\/www.intoscana.it\/it\/?p=403979"},"modified":"2025-10-21T09:21:04","modified_gmt":"2025-10-21T07:21:04","slug":"gestione-efficace-delle-risorse-per-lo-sviluppo-rurale-leuropa-elogia-la-toscana","status":"publish","type":"post","link":"https:\/\/www.intoscana.it\/it\/gestione-efficace-delle-risorse-per-lo-sviluppo-rurale-leuropa-elogia-la-toscana\/","title":{"rendered":"Gestione efficace delle risorse per lo sviluppo rurale, l&#8217;Europa elogia la Toscana"},"content":{"rendered":"<p><mark>La Toscana si conferma tra le regioni europee pi\u00f9 virtuose nella gestione dei fondi destinati allo sviluppo rurale<\/mark>. \u00c8 quanto emerso, riferisce la stessa Regione, in occasione dell&#8217;ultimo Comitato di sorveglianza del <strong>Programma di sviluppo rurale<\/strong> (Psr) 2014\/2022 della Toscana (cofinanziato dal Feasr) che si \u00e8 svolto a Firenze il 14 e 15 ottobre.<\/p>\n<p>In quell&#8217;occasione sono stati presentati i risultati raggiunti alla presenza dei rappresentanti della Commissione Europea e dei ministeri coinvolti.<\/p>\n<p>&#8220;<em>Con oltre 1 miliardo e 291 milioni di euro investiti attraverso il Psr 2014-2022<\/em> &#8211; si afferma -,<em> la Regione ha saputo programmare e gestire in modo efficace tutte le risorse, sostenendo migliaia di imprese agricole, agroalimentari e forestali in un percorso di crescita, innovazione e sostenibilit\u00e0<\/em>&#8220;.<\/p>\n<h3>Toscana coniuga visione, concretezza, capacit\u00e0<\/h3>\n<p>Un risultato &#8220;<em>che ha portato anche ai complimenti dei rappresentanti della Commissione europea, per la qualit\u00e0 della programmazione e la capacit\u00e0 di spesa dimostrata&#8221;. &#8220;La Toscana ha saputo coniugare visione, concretezza e capacit\u00e0 amministrativa<\/em> &#8211; ha sottolineato il presidente della Regione <strong>Eugenio Giani<\/strong> &#8211; <em>investendo su un futuro rurale sostenibile e competitivo, senza lasciare indietro nessuno&#8221;<\/em>.<\/p>\n<p>&#8220;<em>Grazie al lavoro di squadra di tutti i settori della direzione regionale Agricoltura e sviluppo rurale e con Artea<\/em> &#8211; ha detto l&#8217;assessora regionale all&#8217;agricoltura <strong>Stefania Saccardi<\/strong> &#8211; <em>e grazie a una gestione attenta delle risorse, la Regione si avvia dunque a chiudere con successo la programmazione e il pieno utilizzo delle risorse, entro il 31 dicembre 2025&#8243;.<\/em><\/p>\n<h3>I pilastri della strategia vincente per la Toscana<\/h3>\n<p>Tra le priorit\u00e0 del <strong>PSR toscano<\/strong> figurano temi chiave come <mark>biologico, benessere animale, ricambio generazionale e sostegno ai territori svantaggiati<\/mark>. Oggi <strong>il 34% della superficie<\/strong> agricola utilizzata in Toscana \u00e8 dedicata al <strong>biologico<\/strong>, un risultato record anche a livello nazionale, raggiunto grazie a <strong>300 milioni<\/strong> di euro stanziati con la misura 11 sulla <strong>coltivazione bio<\/strong>.<\/p>\n<p>La Toscana \u00e8 stata inoltre prima Regione in Italia ad attivare la Misura sul <strong>benessere animale<\/strong>, con <strong>oltre 28 milioni<\/strong> di euro destinati a pi\u00f9 di <strong>2.000 allevamenti<\/strong> che adottano pratiche superiori agli standard minimi di legge.<\/p>\n<p>Il <strong>ricambio generazionale<\/strong> \u00e8 stato un altro asse strategico: circa <strong>1000 giovani agricoltori<\/strong> hanno avviato nuove imprese con 117 milioni di euro di contributi, ai quali si aggiungono <strong>31 milioni<\/strong> di euro destinati a <strong>397 nuovi insediamenti<\/strong> nel bando 2024.<\/p>\n<p>Importante anche il ruolo del metodo Leader e dei <strong>GAL toscani<\/strong>, che hanno garantito il <strong>sostegno alle aree rurali<\/strong>, montane e pi\u00f9 periferiche, rafforzando la<strong> coesione territoriale<\/strong> e l\u2019identit\u00e0 agricola della Toscana diffusa.<\/p>\n<h3>Verso il futuro: innovazione e sostenibilit\u00e0<\/h3>\n<p>Con la programmazione 2023-2027 ormai a pieno regime, la Toscana guarda gi\u00e0 oltre, verso una <strong>PAC<\/strong> (Politica agricola comunitaria) <strong>pi\u00f9 moderna e inclusiva<\/strong>, capace di <strong>valorizzare le PMI<\/strong> agricole e di promuovere <strong>innovazione, tecnologia e agricoltura<\/strong> di precisione.<\/p>\n<p>La Regione si impegna a sostenere le imprese nel cogliere le opportunit\u00e0 del <mark>nuovo ciclo di investimenti, rafforzando la cooperazione, la formazione e la digitalizzazione<\/mark>, con l\u2019obiettivo di un\u2019<strong>agricoltura<\/strong> sempre pi\u00f9 verde, <strong>competitiva e attenta alle persone<\/strong>.<\/p>\n<p>\u201c<em>Abbiamo dimostrato che una buona programmazione pu\u00f2 fare la differenza<\/em> \u2013 ha aggiunto la <strong>vicepresidente Saccardi<\/strong> \u2013. <em>La Toscana ha speso bene, con visione e responsabilit\u00e0, e oggi \u00e8 riconosciuta in Europa come un modello di efficacia e trasparenza nella gestione dei fondi europei per lo sviluppo rurale\u201d.<\/em><\/p>\n<h3>Risultati concreti e buone pratiche con i fondi Ue<\/h3>\n<p>Il Comitato di Sorveglianza ha dedicato la seconda giornata alle <strong>Buone Prassi<\/strong> e una delegazione della Commissione Europea, del MASAF e del MEF ha visitato i progetti cofinanziati dal PSR FEASR 2014-2022. Un\u2019occasione per mostrare i <strong>risultati concreti<\/strong> e le <strong>buone pratiche<\/strong> nate grazie ai fondi europei destinati allo <strong>sviluppo rurale<\/strong> della Toscana.<\/p>\n<p>A <strong>Pistoia<\/strong>, si \u00e8 fatto tappa alla Societ\u00e0 Agricola <strong>Giorgio Tesi Vivai<\/strong>, dove \u00e8 stato presentato il progetto integrato di filiera \u201c<em>Flor.Te.Ma \u2013 Dal vaso alla pianta<\/em>\u201d, esempio di <strong>innovazione<\/strong>, digitalizzazione e <strong>sostenibilit\u00e0<\/strong> nel settore florovivaistico toscano.<\/p>\n<p>A <strong>Borgo a Mozzano<\/strong> si sono viste due iniziative del <strong>GAL MontagnAppennino<\/strong>: il progetto integrato territoriale \u201c<em>La Quadratura del Serchio<\/em>\u201d dedicato alla riqualificazione e <strong>valorizzazione del borgo<\/strong>\u00a0e il progetto di comunit\u00e0 \u201c<em>CaSVi \u2013 Cammini di Sviluppo<\/em>\u201d volto a promuovere il <strong>turismo lento<\/strong> e la cooperazione locale.<\/p>\n","protected":false},"excerpt":{"rendered":"<p>Agricoltura biologica, giovani, benessere animale e montagna i pilastri della strategia vincente per il PSR, la soddisfazione di Giani e Saccardi<\/p>\n","protected":false},"author":525,"featured_media":393207,"comment_status":"open","ping_status":"open","sticky":false,"template":"","format":"standard","meta":{"_acf_changed":false,"footnotes":""},"categories":[494],"tags":[1521,158,4769],"class_list":["post-403979","post","type-post","status-publish","format-standard","has-post-thumbnail","hentry","category-attualita","tag-agricoltura-in-toscana","tag-eugenio-giani","tag-stefania-saccardi"],"acf":[],"yoast_head":"<!-- This site is optimized with the Yoast SEO Premium plugin v24.2 (Yoast SEO v25.6) - https:\/\/yoast.com\/wordpress\/plugins\/seo\/ -->\n<title>Gestione efficace delle risorse per lo sviluppo rurale, l&#039;Europa elogia la Toscana - intoscana<\/title>\n<meta name=\"description\" content=\"Agricoltura biologica, giovani, benessere animale e montagna i pilastri della strategia vincente per il PSR, la soddisfazione di Giani e Saccardi\" \/>\n<meta name=\"robots\" content=\"index, follow, max-snippet:-1, max-image-preview:large, max-video-preview:-1\" \/>\n<link rel=\"canonical\" href=\"https:\/\/www.intoscana.it\/it\/gestione-efficace-delle-risorse-per-lo-sviluppo-rurale-leuropa-elogia-la-toscana\/\" \/>\n<meta property=\"og:locale\" content=\"it_IT\" \/>\n<meta property=\"og:type\" content=\"article\" \/>\n<meta property=\"og:title\" content=\"Gestione efficace delle risorse per lo sviluppo rurale, l&#039;Europa elogia la Toscana\" \/>\n<meta property=\"og:description\" content=\"Agricoltura biologica, giovani, benessere animale e montagna i pilastri della strategia vincente per il PSR, la soddisfazione di Giani e Saccardi\" \/>\n<meta property=\"og:url\" content=\"https:\/\/www.intoscana.it\/it\/gestione-efficace-delle-risorse-per-lo-sviluppo-rurale-leuropa-elogia-la-toscana\/\" \/>\n<meta property=\"og:site_name\" content=\"intoscana\" \/>\n<meta property=\"article:publisher\" content=\"https:\/\/www.facebook.com\/intoscana.it\" \/>\n<meta property=\"article:published_time\" content=\"2025-10-17T10:02:39+00:00\" \/>\n<meta property=\"article:modified_time\" content=\"2025-10-21T07:21:04+00:00\" \/>\n<meta property=\"og:image\" content=\"https:\/\/www.intoscana.it\/wp-content\/uploads\/Agricoltura-sociale_Toscana-ambiente.jpg\" \/>\n\t<meta property=\"og:image:width\" content=\"800\" \/>\n\t<meta property=\"og:image:height\" content=\"438\" \/>\n\t<meta property=\"og:image:type\" content=\"image\/jpeg\" \/>\n<meta name=\"author\" content=\"Redazione\" \/>\n<meta name=\"twitter:card\" content=\"summary_large_image\" \/>\n<meta name=\"twitter:creator\" content=\"@intoscana\" \/>\n<meta name=\"twitter:site\" content=\"@intoscana\" \/>\n<meta name=\"twitter:label1\" content=\"Written by\" \/>\n\t<meta name=\"twitter:data1\" content=\"Redazione\" \/>\n\t<meta name=\"twitter:label2\" content=\"Est. reading time\" \/>\n\t<meta name=\"twitter:data2\" content=\"4 minuti\" \/>\n<script type=\"application\/ld+json\" class=\"yoast-schema-graph\">{\"@context\":\"https:\/\/schema.org\",\"@graph\":[{\"@type\":\"WebPage\",\"@id\":\"https:\/\/www.intoscana.it\/it\/gestione-efficace-delle-risorse-per-lo-sviluppo-rurale-leuropa-elogia-la-toscana\/\",\"url\":\"https:\/\/www.intoscana.it\/it\/gestione-efficace-delle-risorse-per-lo-sviluppo-rurale-leuropa-elogia-la-toscana\/\",\"name\":\"Gestione efficace delle risorse per lo sviluppo rurale, l'Europa elogia la Toscana - intoscana\",\"isPartOf\":{\"@id\":\"https:\/\/www.intoscana.it\/it\/#website\"},\"primaryImageOfPage\":{\"@id\":\"https:\/\/www.intoscana.it\/it\/gestione-efficace-delle-risorse-per-lo-sviluppo-rurale-leuropa-elogia-la-toscana\/#primaryimage\"},\"image\":{\"@id\":\"https:\/\/www.intoscana.it\/it\/gestione-efficace-delle-risorse-per-lo-sviluppo-rurale-leuropa-elogia-la-toscana\/#primaryimage\"},\"thumbnailUrl\":\"https:\/\/www.intoscana.it\/wp-content\/uploads\/Agricoltura-sociale_Toscana-ambiente.jpg\",\"datePublished\":\"2025-10-17T10:02:39+00:00\",\"dateModified\":\"2025-10-21T07:21:04+00:00\",\"author\":{\"@id\":\"https:\/\/www.intoscana.it\/it\/#\/schema\/person\/9223810753230f20bd670fdd322661f8\"},\"description\":\"Agricoltura biologica, giovani, benessere animale e montagna i pilastri della strategia vincente per il PSR, la soddisfazione di Giani e Saccardi\",\"breadcrumb\":{\"@id\":\"https:\/\/www.intoscana.it\/it\/gestione-efficace-delle-risorse-per-lo-sviluppo-rurale-leuropa-elogia-la-toscana\/#breadcrumb\"},\"inLanguage\":\"it-IT\",\"potentialAction\":[{\"@type\":\"ReadAction\",\"target\":[\"https:\/\/www.intoscana.it\/it\/gestione-efficace-delle-risorse-per-lo-sviluppo-rurale-leuropa-elogia-la-toscana\/\"]}]},{\"@type\":\"ImageObject\",\"inLanguage\":\"it-IT\",\"@id\":\"https:\/\/www.intoscana.it\/it\/gestione-efficace-delle-risorse-per-lo-sviluppo-rurale-leuropa-elogia-la-toscana\/#primaryimage\",\"url\":\"https:\/\/www.intoscana.it\/wp-content\/uploads\/Agricoltura-sociale_Toscana-ambiente.jpg\",\"contentUrl\":\"https:\/\/www.intoscana.it\/wp-content\/uploads\/Agricoltura-sociale_Toscana-ambiente.jpg\",\"width\":800,\"height\":438},{\"@type\":\"BreadcrumbList\",\"@id\":\"https:\/\/www.intoscana.it\/it\/gestione-efficace-delle-risorse-per-lo-sviluppo-rurale-leuropa-elogia-la-toscana\/#breadcrumb\",\"itemListElement\":[{\"@type\":\"ListItem\",\"position\":1,\"name\":\"Home\",\"item\":\"https:\/\/www.intoscana.it\/it\/\"},{\"@type\":\"ListItem\",\"position\":2,\"name\":\"Gestione efficace delle risorse per lo sviluppo rurale, l&#8217;Europa elogia la Toscana\"}]},{\"@type\":\"WebSite\",\"@id\":\"https:\/\/www.intoscana.it\/it\/#website\",\"url\":\"https:\/\/www.intoscana.it\/it\/\",\"name\":\"intoscana\",\"description\":\"\",\"potentialAction\":[{\"@type\":\"SearchAction\",\"target\":{\"@type\":\"EntryPoint\",\"urlTemplate\":\"https:\/\/www.intoscana.it\/it\/?s={search_term_string}\"},\"query-input\":{\"@type\":\"PropertyValueSpecification\",\"valueRequired\":true,\"valueName\":\"search_term_string\"}}],\"inLanguage\":\"it-IT\"},{\"@type\":\"Person\",\"@id\":\"https:\/\/www.intoscana.it\/it\/#\/schema\/person\/9223810753230f20bd670fdd322661f8\",\"name\":\"Redazione\",\"url\":\"https:\/\/www.intoscana.it\/it\/author\/redazione\/\"}]}<\/script>\n<!-- \/ Yoast SEO Premium plugin. -->","yoast_head_json":{"title":"Gestione efficace delle risorse per lo sviluppo rurale, l'Europa elogia la Toscana - intoscana","description":"Agricoltura biologica, giovani, benessere animale e montagna i pilastri della strategia vincente per il PSR, la soddisfazione di Giani e Saccardi","robots":{"index":"index","follow":"follow","max-snippet":"max-snippet:-1","max-image-preview":"max-image-preview:large","max-video-preview":"max-video-preview:-1"},"canonical":"https:\/\/www.intoscana.it\/it\/gestione-efficace-delle-risorse-per-lo-sviluppo-rurale-leuropa-elogia-la-toscana\/","og_locale":"it_IT","og_type":"article","og_title":"Gestione efficace delle risorse per lo sviluppo rurale, l'Europa elogia la Toscana","og_description":"Agricoltura biologica, giovani, benessere animale e montagna i pilastri della strategia vincente per il PSR, la soddisfazione di Giani e Saccardi","og_url":"https:\/\/www.intoscana.it\/it\/gestione-efficace-delle-risorse-per-lo-sviluppo-rurale-leuropa-elogia-la-toscana\/","og_site_name":"intoscana","article_publisher":"https:\/\/www.facebook.com\/intoscana.it","article_published_time":"2025-10-17T10:02:39+00:00","article_modified_time":"2025-10-21T07:21:04+00:00","og_image":[{"width":800,"height":438,"url":"https:\/\/www.intoscana.it\/wp-content\/uploads\/Agricoltura-sociale_Toscana-ambiente.jpg","type":"image\/jpeg"}],"author":"Redazione","twitter_card":"summary_large_image","twitter_creator":"@intoscana","twitter_site":"@intoscana","twitter_misc":{"Written by":"Redazione","Est. reading time":"4 minuti"},"schema":{"@context":"https:\/\/schema.org","@graph":[{"@type":"WebPage","@id":"https:\/\/www.intoscana.it\/it\/gestione-efficace-delle-risorse-per-lo-sviluppo-rurale-leuropa-elogia-la-toscana\/","url":"https:\/\/www.intoscana.it\/it\/gestione-efficace-delle-risorse-per-lo-sviluppo-rurale-leuropa-elogia-la-toscana\/","name":"Gestione efficace delle risorse per lo sviluppo rurale, l'Europa elogia la Toscana - intoscana","isPartOf":{"@id":"https:\/\/www.intoscana.it\/it\/#website"},"primaryImageOfPage":{"@id":"https:\/\/www.intoscana.it\/it\/gestione-efficace-delle-risorse-per-lo-sviluppo-rurale-leuropa-elogia-la-toscana\/#primaryimage"},"image":{"@id":"https:\/\/www.intoscana.it\/it\/gestione-efficace-delle-risorse-per-lo-sviluppo-rurale-leuropa-elogia-la-toscana\/#primaryimage"},"thumbnailUrl":"https:\/\/www.intoscana.it\/wp-content\/uploads\/Agricoltura-sociale_Toscana-ambiente.jpg","datePublished":"2025-10-17T10:02:39+00:00","dateModified":"2025-10-21T07:21:04+00:00","author":{"@id":"https:\/\/www.intoscana.it\/it\/#\/schema\/person\/9223810753230f20bd670fdd322661f8"},"description":"Agricoltura biologica, giovani, benessere animale e montagna i pilastri della strategia vincente per il PSR, la soddisfazione di Giani e Saccardi","breadcrumb":{"@id":"https:\/\/www.intoscana.it\/it\/gestione-efficace-delle-risorse-per-lo-sviluppo-rurale-leuropa-elogia-la-toscana\/#breadcrumb"},"inLanguage":"it-IT","potentialAction":[{"@type":"ReadAction","target":["https:\/\/www.intoscana.it\/it\/gestione-efficace-delle-risorse-per-lo-sviluppo-rurale-leuropa-elogia-la-toscana\/"]}]},{"@type":"ImageObject","inLanguage":"it-IT","@id":"https:\/\/www.intoscana.it\/it\/gestione-efficace-delle-risorse-per-lo-sviluppo-rurale-leuropa-elogia-la-toscana\/#primaryimage","url":"https:\/\/www.intoscana.it\/wp-content\/uploads\/Agricoltura-sociale_Toscana-ambiente.jpg","contentUrl":"https:\/\/www.intoscana.it\/wp-content\/uploads\/Agricoltura-sociale_Toscana-ambiente.jpg","width":800,"height":438},{"@type":"BreadcrumbList","@id":"https:\/\/www.intoscana.it\/it\/gestione-efficace-delle-risorse-per-lo-sviluppo-rurale-leuropa-elogia-la-toscana\/#breadcrumb","itemListElement":[{"@type":"ListItem","position":1,"name":"Home","item":"https:\/\/www.intoscana.it\/it\/"},{"@type":"ListItem","position":2,"name":"Gestione efficace delle risorse per lo sviluppo rurale, l&#8217;Europa elogia la Toscana"}]},{"@type":"WebSite","@id":"https:\/\/www.intoscana.it\/it\/#website","url":"https:\/\/www.intoscana.it\/it\/","name":"intoscana","description":"","potentialAction":[{"@type":"SearchAction","target":{"@type":"EntryPoint","urlTemplate":"https:\/\/www.intoscana.it\/it\/?s={search_term_string}"},"query-input":{"@type":"PropertyValueSpecification","valueRequired":true,"valueName":"search_term_string"}}],"inLanguage":"it-IT"},{"@type":"Person","@id":"https:\/\/www.intoscana.it\/it\/#\/schema\/person\/9223810753230f20bd670fdd322661f8","name":"Redazione","url":"https:\/\/www.intoscana.it\/it\/author\/redazione\/"}]}},"_links":{"self":[{"href":"https:\/\/www.intoscana.it\/it\/wp-json\/wp\/v2\/posts\/403979","targetHints":{"allow":["GET"]}}],"collection":[{"href":"https:\/\/www.intoscana.it\/it\/wp-json\/wp\/v2\/posts"}],"about":[{"href":"https:\/\/www.intoscana.it\/it\/wp-json\/wp\/v2\/types\/post"}],"author":[{"embeddable":true,"href":"https:\/\/www.intoscana.it\/it\/wp-json\/wp\/v2\/users\/525"}],"replies":[{"embeddable":true,"href":"https:\/\/www.intoscana.it\/it\/wp-json\/wp\/v2\/comments?post=403979"}],"version-history":[{"count":5,"href":"https:\/\/www.intoscana.it\/it\/wp-json\/wp\/v2\/posts\/403979\/revisions"}],"predecessor-version":[{"id":404336,"href":"https:\/\/www.intoscana.it\/it\/wp-json\/wp\/v2\/posts\/403979\/revisions\/404336"}],"wp:featuredmedia":[{"embeddable":true,"href":"https:\/\/www.intoscana.it\/it\/wp-json\/wp\/v2\/media\/393207"}],"wp:attachment":[{"href":"https:\/\/www.intoscana.it\/it\/wp-json\/wp\/v2\/media?parent=403979"}],"wp:term":[{"taxonomy":"category","embeddable":true,"href":"https:\/\/www.intoscana.it\/it\/wp-json\/wp\/v2\/categories?post=403979"},{"taxonomy":"post_tag","embeddable":true,"href":"https:\/\/www.intoscana.it\/it\/wp-json\/wp\/v2\/tags?post=403979"}],"curies":[{"name":"wp","href":"https:\/\/api.w.org\/{rel}","templated":true}]}}