{"id":404269,"date":"2025-10-20T16:53:49","date_gmt":"2025-10-20T14:53:49","guid":{"rendered":"https:\/\/www.intoscana.it\/it\/?p=404269"},"modified":"2025-10-21T12:06:43","modified_gmt":"2025-10-21T10:06:43","slug":"tramvia-a-firenze-al-via-i-cantieri-in-piazza-beccaria-che-sara-riqualificata","status":"publish","type":"post","link":"https:\/\/www.intoscana.it\/it\/tramvia-a-firenze-al-via-i-cantieri-in-piazza-beccaria-che-sara-riqualificata\/","title":{"rendered":"Tramvia: a Firenze al via i cantieri in piazza Beccaria, che sar\u00e0 riqualificata"},"content":{"rendered":"<p><strong>La tramvia a Firenze<\/strong> non \u00e8 solo un&#8217;infrastruttura che rivoluzione la mobilit\u00e0 ma anche un volano della riqualificazione urbana: oggi la sindaca Sara Funaro e l&#8217;assessore alla mobilit\u00e0 Andrea Giorgio hanno annunciato che in<strong> piazza Beccaria<\/strong> il passaggio dei binari porter\u00e0 in dote una profonda rigenerazione, all\u2019insegna della pedonalit\u00e0 e della vivibilit\u00e0 con nuovo verde e fontane contro le isole di calore, pavimentazione in pietra, piste ciclabili e spazio per la sosta.<\/p>\n<h3>Pi\u00f9 alberi e piste ciclabili per la Piazza<\/h3>\n<p><em>\u201cI lavori della tramvia<\/em> \u2013 ha spiegato la sindaca Funaro \u2013<em> prevedono anche riqualificazioni di aree importanti per la citt\u00e0, a partire da piazza Beccaria che sar\u00e0 ulteriormente valorizzata, tenendo in considerazione il progetto originario del Poggi e riportandolo alle sue idee originarie, con pi\u00f9 alberi e maggiore spazio per le cittadine e i cittadini. Le alberature, complessivamente, saranno 37: ci saranno fontane d\u2019acqua, piste ciclabili e spazi di socialit\u00e0.<\/em> <mark><em>I lavori dureranno circa 8 mesi. Alle porte dell\u2019estate potremo avere una piazza totalmente riqualificata.<\/em> <\/mark>I <em>due alberi storici, la magnolia e il faggio collocati dal lato di via Gioberti, verranno conservati: il verde, da sempre una nostra priorit\u00e0, sar\u00e0 implementato e valorizzato.\u201d<\/em><\/p>\n<p><em>\u201cSono partiti i lavori per trasformare piazza Beccaria da un incrocio a una vera piazza moderna con la tranvia, <strong>quasi 40 alberi, fontane e spazi da vivere.<\/strong> Con questo cantiere i lavori sono in corso praticamente su tutta la linea da piazza della Libert\u00e0 al Viola Park, dal capolinea al nuovo deposito<\/em> \u2013 ha sottolineato<strong> l\u2019assessore Giorgio<\/strong> \u2013 <em>siamo fortemente impegnati a mettere in campo tutte gli accorgimenti e le alternative possibili per alleggerirle pi\u00f9 possibile i disagi dei cittadini e delle attivit\u00e0 economiche. Con grande sforzo la cantierizzazione \u00e8 stata definita in modo da garantire sempre due corsie per senso di marcia e le fasi pi\u00f9 impattanti dei lavori delle sistemazioni urbanistiche nella piazza sono state programmate dopo Natale in modo da ridurre l\u2019impatto sulle attivit\u00e0 economiche. Un segnale di attenzione per i cittadini e per i commercianti. E va in questa direzione anche<strong> la tariffa dimezzata per lasciare l\u2019auto in piazza Alberti con l\u2019utilizzo dell\u2019App BMOVE<\/strong>. I disagi purtroppo sono inevitabili ma dobbiamo ricordare che grazie a questi lavori Firenze diventer\u00e0 una citt\u00e0 pi\u00f9 bella e vivibile, Gi\u00e0 oggi in tramvia ogni anno viaggiano oltre 40 milioni di persone,<strong> con questa nuova linea questo numero aumenter\u00e0 ancora fino ad arrivare a 90 milioni.&#8221;<\/strong><\/em><\/p>\n<figure id=\"post-404270 media-404270\" class=\"align-none\"><img decoding=\"async\" src=\"https:\/\/www.intoscana.it\/wp-content\/uploads\/20-10_beccaria-2.jpeg\" alt=\"\" \/><\/figure>\n<h3>Piazza Beccaria e viale Giovine Italia fino a via Ghibellina: cantiere C2<\/h3>\n<p>Quello di piazza Beccaria \u00e8 uno<strong> degli ultimi cantieri della linea tranviaria per Bagno a Ripoli a prendere il via.<\/strong> In questi giorni sono iniziate le operazioni preliminari che insistono nelle aiuole centrali in entrambi i lati della piazza e in viale Giovine Italia lato parcheggio e Archivio di Stato per la predisposizione della viabilit\u00e0 alternativa necessaria nelle fasi successive delle lavorazioni.<\/p>\n<p><strong>A inizio novembre scatter\u00e0 l\u2019avanzamento dei lavori<\/strong> relativi ai sottoservizi (in primis la posa della nuova condotta dell\u2019acquedotto) sulla piazza lato via Gioberti con il cantiere su parte dell\u2019attuale viabilit\u00e0 in direzione di piazzale Donatello. I veicoli potranno utilizzare le due corsie realizzate in corrispondenza dell\u2019aiuola e quelle del giro piazza<strong>. A met\u00e0 novembre inizieranno le lavorazioni in viale Giovine Italia<\/strong> nel controviale lato centro storico per le sistemazioni urbanistiche. Per la viabilit\u00e0 saranno garantite due corsie allestite nelle fasi precedenti dei lavori (dalla piazza a via Duca degli Abruzzi) che proseguiranno anche nel tratto successivo.<\/p>\n<p>A seguire il cantiere rimarr\u00e0 pressoch\u00e9 invariato, salvo lo spostamento della cantierizzazione per la posa della conduttura dell&#8217;acquedotto verso viale Amendola, che sar\u00e0 articolato in due sottofasi lasciando libere sempre due corsie per la viabilit\u00e0.<\/p>\n<p>Nelle prime fasi dei lavori, fino al periodo natalizio, la sosta lato Gioberti viene sostanzialmente mantenuta (la riduzione \u00e8 di 8 posti). Comunque, per limitare l\u2019impatto sulle attivit\u00e0 economiche soprattutto nel periodo natalizio \u00e8 gi\u00e0 stato concordato con Firenze Park il dimezzamento delle tariffe per gli automobilisti che lasciano l\u2019auto al parcheggio di piazza Alberti (da 2 euro a 1 euro l\u2019ora con pagamento tramite l\u2019App BMOVE). <strong>Questo sconto sar\u00e0 disponibile da mercoled\u00ec 22 ottobre e rimarr\u00e0 attivo fino a dicembre 2026.<\/strong><\/p>\n","protected":false},"excerpt":{"rendered":"<p>Per la prossima estate saranno conclusi i lavori con 37 nuove alberature,\u00a0 fontane d\u2019acqua, piste ciclabili e spazi di socialit\u00e0<\/p>\n","protected":false},"author":525,"featured_media":404272,"comment_status":"open","ping_status":"open","sticky":false,"template":"","format":"standard","meta":{"_acf_changed":false,"footnotes":""},"categories":[494],"tags":[202,5290,271],"class_list":["post-404269","post","type-post","status-publish","format-standard","has-post-thumbnail","hentry","category-attualita","tag-firenze","tag-rigenerazione-urbana","tag-tramvia"],"acf":[],"yoast_head":"<!-- This site is optimized with the Yoast SEO Premium plugin v24.2 (Yoast SEO v25.6) - https:\/\/yoast.com\/wordpress\/plugins\/seo\/ -->\n<title>Tramvia: a Firenze al via i cantieri in piazza Beccaria, che sar\u00e0 riqualificata - intoscana<\/title>\n<meta name=\"robots\" content=\"index, follow, max-snippet:-1, max-image-preview:large, max-video-preview:-1\" \/>\n<link rel=\"canonical\" href=\"https:\/\/www.intoscana.it\/it\/tramvia-a-firenze-al-via-i-cantieri-in-piazza-beccaria-che-sara-riqualificata\/\" \/>\n<meta property=\"og:locale\" content=\"it_IT\" \/>\n<meta property=\"og:type\" content=\"article\" \/>\n<meta property=\"og:title\" content=\"Tramvia: a Firenze al via i cantieri in piazza Beccaria, che sar\u00e0 riqualificata\" \/>\n<meta property=\"og:description\" content=\"Per la prossima estate saranno conclusi i lavori con 37 nuove alberature,\u00a0 fontane d\u2019acqua, piste ciclabili e spazi di socialit\u00e0\" \/>\n<meta property=\"og:url\" content=\"https:\/\/www.intoscana.it\/it\/tramvia-a-firenze-al-via-i-cantieri-in-piazza-beccaria-che-sara-riqualificata\/\" \/>\n<meta property=\"og:site_name\" content=\"intoscana\" \/>\n<meta property=\"article:publisher\" content=\"https:\/\/www.facebook.com\/intoscana.it\" \/>\n<meta property=\"article:published_time\" content=\"2025-10-20T14:53:49+00:00\" \/>\n<meta property=\"article:modified_time\" content=\"2025-10-21T10:06:43+00:00\" \/>\n<meta property=\"og:image\" content=\"https:\/\/www.intoscana.it\/wp-content\/uploads\/20-10-beccaria-1.jpeg\" \/>\n\t<meta property=\"og:image:width\" content=\"1600\" \/>\n\t<meta property=\"og:image:height\" content=\"866\" \/>\n\t<meta property=\"og:image:type\" content=\"image\/jpeg\" \/>\n<meta name=\"author\" content=\"Redazione\" \/>\n<meta name=\"twitter:card\" content=\"summary_large_image\" \/>\n<meta name=\"twitter:creator\" content=\"@intoscana\" \/>\n<meta name=\"twitter:site\" content=\"@intoscana\" \/>\n<meta name=\"twitter:label1\" content=\"Written by\" \/>\n\t<meta name=\"twitter:data1\" content=\"Redazione\" \/>\n\t<meta name=\"twitter:label2\" content=\"Est. reading time\" \/>\n\t<meta name=\"twitter:data2\" content=\"5 minuti\" \/>\n<script type=\"application\/ld+json\" class=\"yoast-schema-graph\">{\"@context\":\"https:\/\/schema.org\",\"@graph\":[{\"@type\":\"WebPage\",\"@id\":\"https:\/\/www.intoscana.it\/it\/tramvia-a-firenze-al-via-i-cantieri-in-piazza-beccaria-che-sara-riqualificata\/\",\"url\":\"https:\/\/www.intoscana.it\/it\/tramvia-a-firenze-al-via-i-cantieri-in-piazza-beccaria-che-sara-riqualificata\/\",\"name\":\"Tramvia: a Firenze al via i cantieri in piazza Beccaria, che sar\u00e0 riqualificata - intoscana\",\"isPartOf\":{\"@id\":\"https:\/\/www.intoscana.it\/it\/#website\"},\"primaryImageOfPage\":{\"@id\":\"https:\/\/www.intoscana.it\/it\/tramvia-a-firenze-al-via-i-cantieri-in-piazza-beccaria-che-sara-riqualificata\/#primaryimage\"},\"image\":{\"@id\":\"https:\/\/www.intoscana.it\/it\/tramvia-a-firenze-al-via-i-cantieri-in-piazza-beccaria-che-sara-riqualificata\/#primaryimage\"},\"thumbnailUrl\":\"https:\/\/www.intoscana.it\/wp-content\/uploads\/20-10-beccaria-1.jpeg\",\"datePublished\":\"2025-10-20T14:53:49+00:00\",\"dateModified\":\"2025-10-21T10:06:43+00:00\",\"author\":{\"@id\":\"https:\/\/www.intoscana.it\/it\/#\/schema\/person\/9223810753230f20bd670fdd322661f8\"},\"breadcrumb\":{\"@id\":\"https:\/\/www.intoscana.it\/it\/tramvia-a-firenze-al-via-i-cantieri-in-piazza-beccaria-che-sara-riqualificata\/#breadcrumb\"},\"inLanguage\":\"it-IT\",\"potentialAction\":[{\"@type\":\"ReadAction\",\"target\":[\"https:\/\/www.intoscana.it\/it\/tramvia-a-firenze-al-via-i-cantieri-in-piazza-beccaria-che-sara-riqualificata\/\"]}]},{\"@type\":\"ImageObject\",\"inLanguage\":\"it-IT\",\"@id\":\"https:\/\/www.intoscana.it\/it\/tramvia-a-firenze-al-via-i-cantieri-in-piazza-beccaria-che-sara-riqualificata\/#primaryimage\",\"url\":\"https:\/\/www.intoscana.it\/wp-content\/uploads\/20-10-beccaria-1.jpeg\",\"contentUrl\":\"https:\/\/www.intoscana.it\/wp-content\/uploads\/20-10-beccaria-1.jpeg\",\"width\":1600,\"height\":866},{\"@type\":\"BreadcrumbList\",\"@id\":\"https:\/\/www.intoscana.it\/it\/tramvia-a-firenze-al-via-i-cantieri-in-piazza-beccaria-che-sara-riqualificata\/#breadcrumb\",\"itemListElement\":[{\"@type\":\"ListItem\",\"position\":1,\"name\":\"Home\",\"item\":\"https:\/\/www.intoscana.it\/it\/\"},{\"@type\":\"ListItem\",\"position\":2,\"name\":\"Tramvia: a Firenze al via i cantieri in piazza Beccaria, che sar\u00e0 riqualificata\"}]},{\"@type\":\"WebSite\",\"@id\":\"https:\/\/www.intoscana.it\/it\/#website\",\"url\":\"https:\/\/www.intoscana.it\/it\/\",\"name\":\"intoscana\",\"description\":\"\",\"potentialAction\":[{\"@type\":\"SearchAction\",\"target\":{\"@type\":\"EntryPoint\",\"urlTemplate\":\"https:\/\/www.intoscana.it\/it\/?s={search_term_string}\"},\"query-input\":{\"@type\":\"PropertyValueSpecification\",\"valueRequired\":true,\"valueName\":\"search_term_string\"}}],\"inLanguage\":\"it-IT\"},{\"@type\":\"Person\",\"@id\":\"https:\/\/www.intoscana.it\/it\/#\/schema\/person\/9223810753230f20bd670fdd322661f8\",\"name\":\"Redazione\",\"url\":\"https:\/\/www.intoscana.it\/it\/author\/redazione\/\"}]}<\/script>\n<!-- \/ Yoast SEO Premium plugin. -->","yoast_head_json":{"title":"Tramvia: a Firenze al via i cantieri in piazza Beccaria, che sar\u00e0 riqualificata - intoscana","robots":{"index":"index","follow":"follow","max-snippet":"max-snippet:-1","max-image-preview":"max-image-preview:large","max-video-preview":"max-video-preview:-1"},"canonical":"https:\/\/www.intoscana.it\/it\/tramvia-a-firenze-al-via-i-cantieri-in-piazza-beccaria-che-sara-riqualificata\/","og_locale":"it_IT","og_type":"article","og_title":"Tramvia: a Firenze al via i cantieri in piazza Beccaria, che sar\u00e0 riqualificata","og_description":"Per la prossima estate saranno conclusi i lavori con 37 nuove alberature,\u00a0 fontane d\u2019acqua, piste ciclabili e spazi di socialit\u00e0","og_url":"https:\/\/www.intoscana.it\/it\/tramvia-a-firenze-al-via-i-cantieri-in-piazza-beccaria-che-sara-riqualificata\/","og_site_name":"intoscana","article_publisher":"https:\/\/www.facebook.com\/intoscana.it","article_published_time":"2025-10-20T14:53:49+00:00","article_modified_time":"2025-10-21T10:06:43+00:00","og_image":[{"width":1600,"height":866,"url":"https:\/\/www.intoscana.it\/wp-content\/uploads\/20-10-beccaria-1.jpeg","type":"image\/jpeg"}],"author":"Redazione","twitter_card":"summary_large_image","twitter_creator":"@intoscana","twitter_site":"@intoscana","twitter_misc":{"Written by":"Redazione","Est. reading time":"5 minuti"},"schema":{"@context":"https:\/\/schema.org","@graph":[{"@type":"WebPage","@id":"https:\/\/www.intoscana.it\/it\/tramvia-a-firenze-al-via-i-cantieri-in-piazza-beccaria-che-sara-riqualificata\/","url":"https:\/\/www.intoscana.it\/it\/tramvia-a-firenze-al-via-i-cantieri-in-piazza-beccaria-che-sara-riqualificata\/","name":"Tramvia: a Firenze al via i cantieri in piazza Beccaria, che sar\u00e0 riqualificata - intoscana","isPartOf":{"@id":"https:\/\/www.intoscana.it\/it\/#website"},"primaryImageOfPage":{"@id":"https:\/\/www.intoscana.it\/it\/tramvia-a-firenze-al-via-i-cantieri-in-piazza-beccaria-che-sara-riqualificata\/#primaryimage"},"image":{"@id":"https:\/\/www.intoscana.it\/it\/tramvia-a-firenze-al-via-i-cantieri-in-piazza-beccaria-che-sara-riqualificata\/#primaryimage"},"thumbnailUrl":"https:\/\/www.intoscana.it\/wp-content\/uploads\/20-10-beccaria-1.jpeg","datePublished":"2025-10-20T14:53:49+00:00","dateModified":"2025-10-21T10:06:43+00:00","author":{"@id":"https:\/\/www.intoscana.it\/it\/#\/schema\/person\/9223810753230f20bd670fdd322661f8"},"breadcrumb":{"@id":"https:\/\/www.intoscana.it\/it\/tramvia-a-firenze-al-via-i-cantieri-in-piazza-beccaria-che-sara-riqualificata\/#breadcrumb"},"inLanguage":"it-IT","potentialAction":[{"@type":"ReadAction","target":["https:\/\/www.intoscana.it\/it\/tramvia-a-firenze-al-via-i-cantieri-in-piazza-beccaria-che-sara-riqualificata\/"]}]},{"@type":"ImageObject","inLanguage":"it-IT","@id":"https:\/\/www.intoscana.it\/it\/tramvia-a-firenze-al-via-i-cantieri-in-piazza-beccaria-che-sara-riqualificata\/#primaryimage","url":"https:\/\/www.intoscana.it\/wp-content\/uploads\/20-10-beccaria-1.jpeg","contentUrl":"https:\/\/www.intoscana.it\/wp-content\/uploads\/20-10-beccaria-1.jpeg","width":1600,"height":866},{"@type":"BreadcrumbList","@id":"https:\/\/www.intoscana.it\/it\/tramvia-a-firenze-al-via-i-cantieri-in-piazza-beccaria-che-sara-riqualificata\/#breadcrumb","itemListElement":[{"@type":"ListItem","position":1,"name":"Home","item":"https:\/\/www.intoscana.it\/it\/"},{"@type":"ListItem","position":2,"name":"Tramvia: a Firenze al via i cantieri in piazza Beccaria, che sar\u00e0 riqualificata"}]},{"@type":"WebSite","@id":"https:\/\/www.intoscana.it\/it\/#website","url":"https:\/\/www.intoscana.it\/it\/","name":"intoscana","description":"","potentialAction":[{"@type":"SearchAction","target":{"@type":"EntryPoint","urlTemplate":"https:\/\/www.intoscana.it\/it\/?s={search_term_string}"},"query-input":{"@type":"PropertyValueSpecification","valueRequired":true,"valueName":"search_term_string"}}],"inLanguage":"it-IT"},{"@type":"Person","@id":"https:\/\/www.intoscana.it\/it\/#\/schema\/person\/9223810753230f20bd670fdd322661f8","name":"Redazione","url":"https:\/\/www.intoscana.it\/it\/author\/redazione\/"}]}},"_links":{"self":[{"href":"https:\/\/www.intoscana.it\/it\/wp-json\/wp\/v2\/posts\/404269","targetHints":{"allow":["GET"]}}],"collection":[{"href":"https:\/\/www.intoscana.it\/it\/wp-json\/wp\/v2\/posts"}],"about":[{"href":"https:\/\/www.intoscana.it\/it\/wp-json\/wp\/v2\/types\/post"}],"author":[{"embeddable":true,"href":"https:\/\/www.intoscana.it\/it\/wp-json\/wp\/v2\/users\/525"}],"replies":[{"embeddable":true,"href":"https:\/\/www.intoscana.it\/it\/wp-json\/wp\/v2\/comments?post=404269"}],"version-history":[{"count":4,"href":"https:\/\/www.intoscana.it\/it\/wp-json\/wp\/v2\/posts\/404269\/revisions"}],"predecessor-version":[{"id":404377,"href":"https:\/\/www.intoscana.it\/it\/wp-json\/wp\/v2\/posts\/404269\/revisions\/404377"}],"wp:featuredmedia":[{"embeddable":true,"href":"https:\/\/www.intoscana.it\/it\/wp-json\/wp\/v2\/media\/404272"}],"wp:attachment":[{"href":"https:\/\/www.intoscana.it\/it\/wp-json\/wp\/v2\/media?parent=404269"}],"wp:term":[{"taxonomy":"category","embeddable":true,"href":"https:\/\/www.intoscana.it\/it\/wp-json\/wp\/v2\/categories?post=404269"},{"taxonomy":"post_tag","embeddable":true,"href":"https:\/\/www.intoscana.it\/it\/wp-json\/wp\/v2\/tags?post=404269"}],"curies":[{"name":"wp","href":"https:\/\/api.w.org\/{rel}","templated":true}]}}