{"id":404378,"date":"2025-10-21T13:39:31","date_gmt":"2025-10-21T11:39:31","guid":{"rendered":"https:\/\/www.intoscana.it\/it\/?p=404378"},"modified":"2025-10-24T12:42:12","modified_gmt":"2025-10-24T10:42:12","slug":"marco-masini-trentacinque-anni-di-musica-e-uno-sguardo-sempre-avanti","status":"publish","type":"post","link":"https:\/\/www.intoscana.it\/it\/marco-masini-trentacinque-anni-di-musica-e-uno-sguardo-sempre-avanti\/","title":{"rendered":"Marco Masini trentacinque anni di musica e uno sguardo sempre avanti"},"content":{"rendered":"<p><strong>Il 2025 \u00e8 un anno speciale per Marco Masini,<\/strong> che celebra<strong> due importanti anniversari:<\/strong> i <strong>trentacinque anni di carriera<\/strong> e i trent\u2019anni dall\u2019uscita de <strong><em>Il cielo della Vergine,<\/em><\/strong> il suo quarto album in studio.<\/p>\n<p>Un doppio traguardo che l\u2019artista fiorentino festeggia con il tour <strong><em>&#8220;Ci vorrebbe ancora il mare&#8221;<\/em><\/strong>, partito in estate e ora protagonista nei palasport e nei teatri di tutta Italia.<p><span class=\"citazione\">la sfida \u00e8 restare coerente con la propria identit\u00e0 adattandosi a un suono diverso. Il tempo ti fa diventare un uomo, e non puoi permetterti di restare indietro\u201d<\/span><\/p><\/p>\n<p>Dopo il<strong> tutto esaurito al Palazzo dello Sport di Roma<\/strong>, Masini si prepara ai concerti del 24 ottobre all\u2019Unipol Forum di Milano e del<strong> 25 ottobre al Nelson Mandela Forum di Firenze<\/strong>, per poi proseguire fino al 5 dicembre, data conclusiva della tourn\u00e9e al Teatro Colosseo di Torino.<\/p>\n<p>\u201cQuando stai su un palco guardi sempre avanti \u2013 <strong>racconta Masini in una lunga intervista all&#8217;ANSA<\/strong>\u2013 perch\u00e9 davanti a te ci sono tanti ragazzi che ti danno la sensazione di avere un\u2019autostrada verso nuovi obiettivi. \u00c8 come una grande discesa a tutta velocit\u00e0, dove ti senti invincibile\u201d.<\/p>\n<p>Durante il tour, il cantautore alterner\u00e0 i brani che hanno segnato la sua storia \u2013 da <strong><em>Disperato<\/em><\/strong> a<strong><em> Ci vorrebbe il mare<\/em><\/strong>, da<strong><em> T\u2019innamorerai<\/em><\/strong> a <strong><em>L\u2019uomo volante<\/em><\/strong> \u2013 ai brani dell\u2019ultimo album <strong><em>10 Amori.<\/em><\/strong><\/p>\n<p><iframe loading=\"lazy\" title=\"YouTube video player\" src=\"https:\/\/www.youtube.com\/embed\/Me0AMbPn8Ic?si=LTUZAqa8bYnn_ast\" width=\"800\" height=\"450\" frameborder=\"0\" allowfullscreen=\"allowfullscreen\"><\/iframe><\/p>\n<h3>Marco Masini: un artista in costante mutamento<\/h3>\n<p>\u201cNon \u00e8 una questione di bilanci \u2013 spiega \u2013 ma di evoluzione. <strong>Per chi, come me, arriva dagli anni Settanta, la sfida \u00e8 restare coerente con la propria identit\u00e0<\/strong> adattandosi a un suono diverso.<strong> Il tempo ti fa diventare un uomo, e non puoi permetterti di restare indietro\u201d.<\/strong><p><span class=\"citazione\">Crescendo cambi, e il tempo ti plasma. Continuo a lasciarmi contaminare da ci\u00f2 che ascolto. \u00c8 il modo migliore per restare in movimento<\/span><\/p><\/p>\n<p>Con la curiosit\u00e0 che lo contraddistingue, <strong>Masini guarda anche alle nuove generazioni:<\/strong> \u201cI giovani oggi ti insegnano molto. Da loro puoi imparare una nuova struttura, un nuovo modo di costruire canzoni.<strong> \u00c8 importante ascoltare ci\u00f2 che accade intorno, perch\u00e9 ci sono cose belle che meritano attenzione\u201d.<\/strong><\/p>\n<p>Tra le ricorrenze del 2025 anche i trent\u2019anni de<strong><em> Il cielo della Vergine,<\/em><\/strong> l\u2019album che conteneva <strong><em>Bella stronza,<\/em><\/strong> uno dei brani pi\u00f9 iconici della sua carriera.<\/p>\n<p>\u201cLa musica ha una grande fortuna \u2013 commenta \u2013 perch\u00e9 <strong>quando certe storie si ripetono, una canzone diventa evergreen:<\/strong> continua a parlare con la stessa forza e la stessa emozione, anche dopo tanti anni\u201d.<\/p>\n<p><strong>Dal debutto a Sanremo nel 1990 con Disperato a oggi,<\/strong> Marco <strong>Masini ha attraversato epoche, generi e sonorit\u00e0 diverse,<\/strong> mantenendo intatta la propria autenticit\u00e0.<\/p>\n<p>\u201cL<strong>a mia \u00e8 un\u2019evoluzione naturale \u2013 conclude \u2013<\/strong> perch\u00e9 crescendo cambi, e il tempo ti plasma. Nei primi dischi si sentivano le influenze dei <strong>Toto o degli Eagles,<\/strong> oggi continuo a lasciarmi contaminare da ci\u00f2 che ascolto. <strong>\u00c8 il modo migliore per restare in movimento\u201d.<\/strong><\/p>\n<figure id=\"post-355603 media-355603\" class=\"align-none\"><img decoding=\"async\" src=\"https:\/\/www.intoscana.it\/wp-content\/uploads\/foto-MARCO-MASINI-credits-Cosimo-Buccolieri-MS_2405_18458-b.jpg\" alt=\"\" \/><\/figure>\n<div class=\"titleimg\"><strong><em>MARCO MASINI credits Cosimo Buccolieri\u00a0<\/em><\/strong><\/div>\n","protected":false},"excerpt":{"rendered":"<p>Il cantautore toscano sar\u00e0 in concerto il 25 ottobre al Nelson Mandela Forum di Firenze con il tour &#8220;Ci vorrebbe ancora il mare&#8221; che ha gi\u00e0 registrato il tutto esaurito nella prima data romana<\/p>\n","protected":false},"author":525,"featured_media":247507,"comment_status":"open","ping_status":"open","sticky":false,"template":"","format":"standard","meta":{"_acf_changed":false,"footnotes":""},"categories":[14],"tags":[216],"class_list":["post-404378","post","type-post","status-publish","format-standard","has-post-thumbnail","hentry","category-musica","tag-concerti"],"acf":[],"yoast_head":"<!-- This site is optimized with the Yoast SEO Premium plugin v24.2 (Yoast SEO v25.6) - https:\/\/yoast.com\/wordpress\/plugins\/seo\/ -->\n<title>Marco Masini trentacinque anni di musica e uno sguardo sempre avanti - intoscana<\/title>\n<meta name=\"description\" content=\"Il cantatore toscano sar\u00e0 in concerto il 25 ottobre al Nelson Mandela Forum di Firenze con il tour &quot;Ci vorrebbe il mare&quot;\" \/>\n<meta name=\"robots\" content=\"index, follow, max-snippet:-1, max-image-preview:large, max-video-preview:-1\" \/>\n<link rel=\"canonical\" href=\"https:\/\/www.intoscana.it\/it\/marco-masini-trentacinque-anni-di-musica-e-uno-sguardo-sempre-avanti\/\" \/>\n<meta property=\"og:locale\" content=\"it_IT\" \/>\n<meta property=\"og:type\" content=\"article\" \/>\n<meta property=\"og:title\" content=\"Marco Masini trentacinque anni di musica e uno sguardo sempre avanti\" \/>\n<meta property=\"og:description\" content=\"Il cantatore toscano sar\u00e0 in concerto il 25 ottobre al Nelson Mandela Forum di Firenze con il tour &quot;Ci vorrebbe il mare&quot;\" \/>\n<meta property=\"og:url\" content=\"https:\/\/www.intoscana.it\/it\/marco-masini-trentacinque-anni-di-musica-e-uno-sguardo-sempre-avanti\/\" \/>\n<meta property=\"og:site_name\" content=\"intoscana\" \/>\n<meta property=\"article:publisher\" content=\"https:\/\/www.facebook.com\/intoscana.it\" \/>\n<meta property=\"article:published_time\" content=\"2025-10-21T11:39:31+00:00\" \/>\n<meta property=\"article:modified_time\" content=\"2025-10-24T10:42:12+00:00\" \/>\n<meta property=\"og:image\" content=\"https:\/\/www.intoscana.it\/wp-content\/uploads\/Photo-Credit-Luisa-Carcavale-_-marcomasini5349-FOTO-LIBRETTO-utilizzabili-anche-per-promo.jpg\" \/>\n\t<meta property=\"og:image:width\" content=\"2000\" \/>\n\t<meta property=\"og:image:height\" content=\"1333\" \/>\n\t<meta property=\"og:image:type\" content=\"image\/jpeg\" \/>\n<meta name=\"author\" content=\"Redazione\" \/>\n<meta name=\"twitter:card\" content=\"summary_large_image\" \/>\n<meta name=\"twitter:creator\" content=\"@intoscana\" \/>\n<meta name=\"twitter:site\" content=\"@intoscana\" \/>\n<meta name=\"twitter:label1\" content=\"Written by\" \/>\n\t<meta name=\"twitter:data1\" content=\"Redazione\" \/>\n\t<meta name=\"twitter:label2\" content=\"Est. reading time\" \/>\n\t<meta name=\"twitter:data2\" content=\"3 minuti\" \/>\n<script type=\"application\/ld+json\" class=\"yoast-schema-graph\">{\"@context\":\"https:\/\/schema.org\",\"@graph\":[{\"@type\":\"WebPage\",\"@id\":\"https:\/\/www.intoscana.it\/it\/marco-masini-trentacinque-anni-di-musica-e-uno-sguardo-sempre-avanti\/\",\"url\":\"https:\/\/www.intoscana.it\/it\/marco-masini-trentacinque-anni-di-musica-e-uno-sguardo-sempre-avanti\/\",\"name\":\"Marco Masini trentacinque anni di musica e uno sguardo sempre avanti - intoscana\",\"isPartOf\":{\"@id\":\"https:\/\/www.intoscana.it\/it\/#website\"},\"primaryImageOfPage\":{\"@id\":\"https:\/\/www.intoscana.it\/it\/marco-masini-trentacinque-anni-di-musica-e-uno-sguardo-sempre-avanti\/#primaryimage\"},\"image\":{\"@id\":\"https:\/\/www.intoscana.it\/it\/marco-masini-trentacinque-anni-di-musica-e-uno-sguardo-sempre-avanti\/#primaryimage\"},\"thumbnailUrl\":\"https:\/\/www.intoscana.it\/wp-content\/uploads\/Photo-Credit-Luisa-Carcavale-_-marcomasini5349-FOTO-LIBRETTO-utilizzabili-anche-per-promo.jpg\",\"datePublished\":\"2025-10-21T11:39:31+00:00\",\"dateModified\":\"2025-10-24T10:42:12+00:00\",\"author\":{\"@id\":\"https:\/\/www.intoscana.it\/it\/#\/schema\/person\/9223810753230f20bd670fdd322661f8\"},\"description\":\"Il cantatore toscano sar\u00e0 in concerto il 25 ottobre al Nelson Mandela Forum di Firenze con il tour \\\"Ci vorrebbe il mare\\\"\",\"breadcrumb\":{\"@id\":\"https:\/\/www.intoscana.it\/it\/marco-masini-trentacinque-anni-di-musica-e-uno-sguardo-sempre-avanti\/#breadcrumb\"},\"inLanguage\":\"it-IT\",\"potentialAction\":[{\"@type\":\"ReadAction\",\"target\":[\"https:\/\/www.intoscana.it\/it\/marco-masini-trentacinque-anni-di-musica-e-uno-sguardo-sempre-avanti\/\"]}]},{\"@type\":\"ImageObject\",\"inLanguage\":\"it-IT\",\"@id\":\"https:\/\/www.intoscana.it\/it\/marco-masini-trentacinque-anni-di-musica-e-uno-sguardo-sempre-avanti\/#primaryimage\",\"url\":\"https:\/\/www.intoscana.it\/wp-content\/uploads\/Photo-Credit-Luisa-Carcavale-_-marcomasini5349-FOTO-LIBRETTO-utilizzabili-anche-per-promo.jpg\",\"contentUrl\":\"https:\/\/www.intoscana.it\/wp-content\/uploads\/Photo-Credit-Luisa-Carcavale-_-marcomasini5349-FOTO-LIBRETTO-utilizzabili-anche-per-promo.jpg\",\"width\":2000,\"height\":1333},{\"@type\":\"BreadcrumbList\",\"@id\":\"https:\/\/www.intoscana.it\/it\/marco-masini-trentacinque-anni-di-musica-e-uno-sguardo-sempre-avanti\/#breadcrumb\",\"itemListElement\":[{\"@type\":\"ListItem\",\"position\":1,\"name\":\"Home\",\"item\":\"https:\/\/www.intoscana.it\/it\/\"},{\"@type\":\"ListItem\",\"position\":2,\"name\":\"Marco Masini trentacinque anni di musica e uno sguardo sempre avanti\"}]},{\"@type\":\"WebSite\",\"@id\":\"https:\/\/www.intoscana.it\/it\/#website\",\"url\":\"https:\/\/www.intoscana.it\/it\/\",\"name\":\"intoscana\",\"description\":\"\",\"potentialAction\":[{\"@type\":\"SearchAction\",\"target\":{\"@type\":\"EntryPoint\",\"urlTemplate\":\"https:\/\/www.intoscana.it\/it\/?s={search_term_string}\"},\"query-input\":{\"@type\":\"PropertyValueSpecification\",\"valueRequired\":true,\"valueName\":\"search_term_string\"}}],\"inLanguage\":\"it-IT\"},{\"@type\":\"Person\",\"@id\":\"https:\/\/www.intoscana.it\/it\/#\/schema\/person\/9223810753230f20bd670fdd322661f8\",\"name\":\"Redazione\",\"url\":\"https:\/\/www.intoscana.it\/it\/author\/redazione\/\"}]}<\/script>\n<!-- \/ Yoast SEO Premium plugin. -->","yoast_head_json":{"title":"Marco Masini trentacinque anni di musica e uno sguardo sempre avanti - intoscana","description":"Il cantatore toscano sar\u00e0 in concerto il 25 ottobre al Nelson Mandela Forum di Firenze con il tour \"Ci vorrebbe il mare\"","robots":{"index":"index","follow":"follow","max-snippet":"max-snippet:-1","max-image-preview":"max-image-preview:large","max-video-preview":"max-video-preview:-1"},"canonical":"https:\/\/www.intoscana.it\/it\/marco-masini-trentacinque-anni-di-musica-e-uno-sguardo-sempre-avanti\/","og_locale":"it_IT","og_type":"article","og_title":"Marco Masini trentacinque anni di musica e uno sguardo sempre avanti","og_description":"Il cantatore toscano sar\u00e0 in concerto il 25 ottobre al Nelson Mandela Forum di Firenze con il tour \"Ci vorrebbe il mare\"","og_url":"https:\/\/www.intoscana.it\/it\/marco-masini-trentacinque-anni-di-musica-e-uno-sguardo-sempre-avanti\/","og_site_name":"intoscana","article_publisher":"https:\/\/www.facebook.com\/intoscana.it","article_published_time":"2025-10-21T11:39:31+00:00","article_modified_time":"2025-10-24T10:42:12+00:00","og_image":[{"width":2000,"height":1333,"url":"https:\/\/www.intoscana.it\/wp-content\/uploads\/Photo-Credit-Luisa-Carcavale-_-marcomasini5349-FOTO-LIBRETTO-utilizzabili-anche-per-promo.jpg","type":"image\/jpeg"}],"author":"Redazione","twitter_card":"summary_large_image","twitter_creator":"@intoscana","twitter_site":"@intoscana","twitter_misc":{"Written by":"Redazione","Est. reading time":"3 minuti"},"schema":{"@context":"https:\/\/schema.org","@graph":[{"@type":"WebPage","@id":"https:\/\/www.intoscana.it\/it\/marco-masini-trentacinque-anni-di-musica-e-uno-sguardo-sempre-avanti\/","url":"https:\/\/www.intoscana.it\/it\/marco-masini-trentacinque-anni-di-musica-e-uno-sguardo-sempre-avanti\/","name":"Marco Masini trentacinque anni di musica e uno sguardo sempre avanti - intoscana","isPartOf":{"@id":"https:\/\/www.intoscana.it\/it\/#website"},"primaryImageOfPage":{"@id":"https:\/\/www.intoscana.it\/it\/marco-masini-trentacinque-anni-di-musica-e-uno-sguardo-sempre-avanti\/#primaryimage"},"image":{"@id":"https:\/\/www.intoscana.it\/it\/marco-masini-trentacinque-anni-di-musica-e-uno-sguardo-sempre-avanti\/#primaryimage"},"thumbnailUrl":"https:\/\/www.intoscana.it\/wp-content\/uploads\/Photo-Credit-Luisa-Carcavale-_-marcomasini5349-FOTO-LIBRETTO-utilizzabili-anche-per-promo.jpg","datePublished":"2025-10-21T11:39:31+00:00","dateModified":"2025-10-24T10:42:12+00:00","author":{"@id":"https:\/\/www.intoscana.it\/it\/#\/schema\/person\/9223810753230f20bd670fdd322661f8"},"description":"Il cantatore toscano sar\u00e0 in concerto il 25 ottobre al Nelson Mandela Forum di Firenze con il tour \"Ci vorrebbe il mare\"","breadcrumb":{"@id":"https:\/\/www.intoscana.it\/it\/marco-masini-trentacinque-anni-di-musica-e-uno-sguardo-sempre-avanti\/#breadcrumb"},"inLanguage":"it-IT","potentialAction":[{"@type":"ReadAction","target":["https:\/\/www.intoscana.it\/it\/marco-masini-trentacinque-anni-di-musica-e-uno-sguardo-sempre-avanti\/"]}]},{"@type":"ImageObject","inLanguage":"it-IT","@id":"https:\/\/www.intoscana.it\/it\/marco-masini-trentacinque-anni-di-musica-e-uno-sguardo-sempre-avanti\/#primaryimage","url":"https:\/\/www.intoscana.it\/wp-content\/uploads\/Photo-Credit-Luisa-Carcavale-_-marcomasini5349-FOTO-LIBRETTO-utilizzabili-anche-per-promo.jpg","contentUrl":"https:\/\/www.intoscana.it\/wp-content\/uploads\/Photo-Credit-Luisa-Carcavale-_-marcomasini5349-FOTO-LIBRETTO-utilizzabili-anche-per-promo.jpg","width":2000,"height":1333},{"@type":"BreadcrumbList","@id":"https:\/\/www.intoscana.it\/it\/marco-masini-trentacinque-anni-di-musica-e-uno-sguardo-sempre-avanti\/#breadcrumb","itemListElement":[{"@type":"ListItem","position":1,"name":"Home","item":"https:\/\/www.intoscana.it\/it\/"},{"@type":"ListItem","position":2,"name":"Marco Masini trentacinque anni di musica e uno sguardo sempre avanti"}]},{"@type":"WebSite","@id":"https:\/\/www.intoscana.it\/it\/#website","url":"https:\/\/www.intoscana.it\/it\/","name":"intoscana","description":"","potentialAction":[{"@type":"SearchAction","target":{"@type":"EntryPoint","urlTemplate":"https:\/\/www.intoscana.it\/it\/?s={search_term_string}"},"query-input":{"@type":"PropertyValueSpecification","valueRequired":true,"valueName":"search_term_string"}}],"inLanguage":"it-IT"},{"@type":"Person","@id":"https:\/\/www.intoscana.it\/it\/#\/schema\/person\/9223810753230f20bd670fdd322661f8","name":"Redazione","url":"https:\/\/www.intoscana.it\/it\/author\/redazione\/"}]}},"_links":{"self":[{"href":"https:\/\/www.intoscana.it\/it\/wp-json\/wp\/v2\/posts\/404378","targetHints":{"allow":["GET"]}}],"collection":[{"href":"https:\/\/www.intoscana.it\/it\/wp-json\/wp\/v2\/posts"}],"about":[{"href":"https:\/\/www.intoscana.it\/it\/wp-json\/wp\/v2\/types\/post"}],"author":[{"embeddable":true,"href":"https:\/\/www.intoscana.it\/it\/wp-json\/wp\/v2\/users\/525"}],"replies":[{"embeddable":true,"href":"https:\/\/www.intoscana.it\/it\/wp-json\/wp\/v2\/comments?post=404378"}],"version-history":[{"count":6,"href":"https:\/\/www.intoscana.it\/it\/wp-json\/wp\/v2\/posts\/404378\/revisions"}],"predecessor-version":[{"id":404829,"href":"https:\/\/www.intoscana.it\/it\/wp-json\/wp\/v2\/posts\/404378\/revisions\/404829"}],"wp:featuredmedia":[{"embeddable":true,"href":"https:\/\/www.intoscana.it\/it\/wp-json\/wp\/v2\/media\/247507"}],"wp:attachment":[{"href":"https:\/\/www.intoscana.it\/it\/wp-json\/wp\/v2\/media?parent=404378"}],"wp:term":[{"taxonomy":"category","embeddable":true,"href":"https:\/\/www.intoscana.it\/it\/wp-json\/wp\/v2\/categories?post=404378"},{"taxonomy":"post_tag","embeddable":true,"href":"https:\/\/www.intoscana.it\/it\/wp-json\/wp\/v2\/tags?post=404378"}],"curies":[{"name":"wp","href":"https:\/\/api.w.org\/{rel}","templated":true}]}}