{"id":404464,"date":"2025-10-22T16:29:43","date_gmt":"2025-10-22T14:29:43","guid":{"rendered":"https:\/\/www.intoscana.it\/it\/?p=404464"},"modified":"2025-10-22T16:29:43","modified_gmt":"2025-10-22T14:29:43","slug":"servizio-civile-regionale-al-via-il-nuovo-bando-per-la-presentazione-dei-progetti","status":"publish","type":"post","link":"https:\/\/www.intoscana.it\/it\/servizio-civile-regionale-al-via-il-nuovo-bando-per-la-presentazione-dei-progetti\/","title":{"rendered":"Servizio civile regionale, al via il nuovo bando per la presentazione dei progetti"},"content":{"rendered":"<p>Finanziato con <strong>oltre 20 milioni<\/strong> di euro del <strong>Fondo Sociale Europeo<\/strong>, \u00e8 uscito il nuovo bando per il <strong>servizio civile regionale<\/strong> della Toscana. \u00c8 rivolto a <strong>oltre 500 enti<\/strong> iscritti all\u2019albo toscano del servizio civile regionale, che potranno presentare progetti dalle 10 di gioved\u00ec 23 ottobre fino alle 14 di sabato 6 dicembre 2025.<\/p>\n<p>Il bando \u00e8 promosso dalla <strong>Regione Toscana<\/strong> nell\u2019ambito di <strong>Giovanis\u00ec<\/strong> e consentir\u00e0, attraverso le <strong>centinaia di progetti<\/strong> che risulteranno ammessi, di mettere a disposizione di ragazze e ragazzi fino a <strong>3158 posti<\/strong> da parte di Enti pubblici e privati di tutta la Toscana: <mark>associazioni, comuni, aziende sanitarie, enti del terzo settore ma anche musei, biblioteche e scuole<\/mark>.<\/p>\n<p><em>\u201cSi tratta<\/em> &#8211; ha detto il presidente della Regione <strong>Eugenio Giani<\/strong> nel corso di una conferenza stampa a Palazzo Strozzi Sacrati &#8211; <em>di un\u2019iniziativa che esprime nel modo migliore i valori della nostra regione: questa ondata di giovani dar\u00e0 infatti un contributo rilevante in ambiti molto diversi, contribuendo al funzionamento di tantissimi enti nell\u2019interesse dei cittadini\u201d.<\/em><\/p>\n<figure id=\"post-404565 media-404565\" class=\"align-none\"><img decoding=\"async\" src=\"https:\/\/www.intoscana.it\/wp-content\/uploads\/La-presentazione-del-nuovo-bando-per-il-servizio-civile-regionale-e1761143017189.jpg\" alt=\"\" \/><\/figure>\n<div class=\"titleimg\">La presentazione del nuovo bando per il servizio civile regionale<\/div>\n<h3>Le aree di interesse per il nuovo bando<\/h3>\n<p>Molteplici le aree di interesse che potranno essere coinvolte nei progetti: dall\u2019educazione e <strong>promozione culturale<\/strong> alla valorizzazione del patrimonio storico, artistico e paesaggistico, dalla <strong>salvaguardia dell\u2019ambiente<\/strong> alla tutela dei diritti sociali, fino ai <strong>servizi di assistenza<\/strong>, prevenzione e cura.<\/p>\n<p>I progetti prevedranno molteplici attivit\u00e0, come <strong>animazione per minori<\/strong>, sostegno all\u2019inserimento scolastico, collaborazione in attivit\u00e0 di restauro, conservazione e fruizione di beni storici e artistici, o, ancora, interventi di accoglienza e assistenza domiciliare. Beneficiari saranno <strong>giovani<\/strong> di et\u00e0 compresa <strong>fra i 18 ed i 29 anni<\/strong>, disoccupati, inattivi o studenti.<\/p>\n<h3>Un&#8217;esperienza di cittadinanza attiva<\/h3>\n<p>I <strong>progetti<\/strong>, che dovranno avere una <strong>durata pari a 12 mesi<\/strong>, potranno essere presentati on line, sull\u2019apposita piattaforma informatica predisposta da Regione Toscana per la gestione del servizio civile.<\/p>\n<p>\u201c<em>Il servizio civile regionale<\/em> \u2013 hanno osservato il presidente <strong>Eugenio Giani<\/strong> e l\u2019assessora alle politiche sociali <strong>Serena Spinelli<\/strong> \u2013 <em>si \u00e8 sempre mostrata per tutti coloro che vi hanno partecipato un\u2019esperienza molto bella di cittadinanza attiva oltre che un&#8217;occasione di formazione civica e sociale. Permette ai giovani di misurare le proprie capacit\u00e0, e allo stesso tempo di crescere sia nella sfera personale che in quella professionale&#8221;.<\/em><\/p>\n<h3>Oltre 18mila i posti gi\u00e0 messi a bando<\/h3>\n<p>\u201c<em>La scelta di impiegare risorse europee testimonia la convinzione della Giunta che la valorizzazione dell\u2019impegno dei pi\u00f9 giovani \u00e8 un investimento sul futuro, sulla crescita e la coesione della societ\u00e0<\/em>&#8221; hanno spiegato. \u00c8 stato ricordato che \u201c<em>il Servizio civile \u00e8 una misura sulla quale la Toscana ha sempre investito. In questi anni sono stati messi a bando oltre 18mila posti, ed i racconti dei giovani che hanno svolto i mesi di servizio hanno sempre sottolineato l\u2019importanza e la preziosit\u00e0 delle esperienze che hanno vissuto<\/em>\u201d.<\/p>\n<p>Ai giovani che saranno successivamente selezionati per i progetti finanziati sar\u00e0 riconosciuto un <strong>assegno mensile<\/strong> di 507,30 euro e al termine del progetto verr\u00e0 rilasciato dai Centri per l&#8217;Impiego il <strong>libretto formativo<\/strong> del cittadino, nel quale saranno riportate le competenze acquisite durante i mesi di servizio.<\/p>\n<p>Tutte le informazioni utili per partecipare al bando in uscita sono sul sito di Regione Toscana, nella sezione dedicata al <a href=\"https:\/\/www.regione.toscana.it\/servizio-civile\" target=\"_blank\" rel=\"noopener\">servizio civile<\/a> e sul sito di <a href=\"https:\/\/giovanisi.it\/bando\/servizio-civile-regionale-bando-per-la-presentazione-dei-progetti\" target=\"_blank\" rel=\"noopener\">Giovanis\u00ec<\/a>.<\/p>\n","protected":false},"excerpt":{"rendered":"<p>L\u2019avviso \u00e8 rivolto oltre 500 Enti iscritti all\u2019albo della Toscana che potranno mettere a disposizione di ragazze e ragazzi fino a 3.158 posti<\/p>\n","protected":false},"author":525,"featured_media":78292,"comment_status":"open","ping_status":"open","sticky":false,"template":"","format":"standard","meta":{"_acf_changed":false,"footnotes":""},"categories":[494],"tags":[158,244,4822,5695],"class_list":["post-404464","post","type-post","status-publish","format-standard","has-post-thumbnail","hentry","category-attualita","tag-eugenio-giani","tag-giovanisi","tag-serena-spinelli","tag-servizio-civile"],"acf":[],"yoast_head":"<!-- This site is optimized with the Yoast SEO Premium plugin v24.2 (Yoast SEO v25.6) - https:\/\/yoast.com\/wordpress\/plugins\/seo\/ -->\n<title>Servizio civile regionale, al via il nuovo bando per la presentazione dei progetti - intoscana<\/title>\n<meta name=\"description\" content=\"L\u2019avviso \u00e8 rivolto oltre 500 Enti iscritti all\u2019albo della Toscana che potranno mettere a disposizione di ragazze e ragazzi fino a 3.158 posti\" \/>\n<meta name=\"robots\" content=\"index, follow, max-snippet:-1, max-image-preview:large, max-video-preview:-1\" \/>\n<link rel=\"canonical\" href=\"https:\/\/www.intoscana.it\/it\/servizio-civile-regionale-al-via-il-nuovo-bando-per-la-presentazione-dei-progetti\/\" \/>\n<meta property=\"og:locale\" content=\"it_IT\" \/>\n<meta property=\"og:type\" content=\"article\" \/>\n<meta property=\"og:title\" content=\"Servizio civile regionale, al via il nuovo bando per la presentazione dei progetti\" \/>\n<meta property=\"og:description\" content=\"L\u2019avviso \u00e8 rivolto oltre 500 Enti iscritti all\u2019albo della Toscana che potranno mettere a disposizione di ragazze e ragazzi fino a 3.158 posti\" \/>\n<meta property=\"og:url\" content=\"https:\/\/www.intoscana.it\/it\/servizio-civile-regionale-al-via-il-nuovo-bando-per-la-presentazione-dei-progetti\/\" \/>\n<meta property=\"og:site_name\" content=\"intoscana\" \/>\n<meta property=\"article:publisher\" content=\"https:\/\/www.facebook.com\/intoscana.it\" \/>\n<meta property=\"article:published_time\" content=\"2025-10-22T14:29:43+00:00\" \/>\n<meta property=\"og:image\" content=\"https:\/\/www.intoscana.it\/wp-content\/uploads\/Servizio_civile_regionale_Toscana_Bando_2013_2014.jpg\" \/>\n\t<meta property=\"og:image:width\" content=\"640\" \/>\n\t<meta property=\"og:image:height\" content=\"427\" \/>\n\t<meta property=\"og:image:type\" content=\"image\/jpeg\" \/>\n<meta name=\"author\" content=\"Redazione\" \/>\n<meta name=\"twitter:card\" content=\"summary_large_image\" \/>\n<meta name=\"twitter:creator\" content=\"@intoscana\" \/>\n<meta name=\"twitter:site\" content=\"@intoscana\" \/>\n<meta name=\"twitter:label1\" content=\"Written by\" \/>\n\t<meta name=\"twitter:data1\" content=\"Redazione\" \/>\n\t<meta name=\"twitter:label2\" content=\"Est. reading time\" \/>\n\t<meta name=\"twitter:data2\" content=\"4 minuti\" \/>\n<script type=\"application\/ld+json\" class=\"yoast-schema-graph\">{\"@context\":\"https:\/\/schema.org\",\"@graph\":[{\"@type\":\"WebPage\",\"@id\":\"https:\/\/www.intoscana.it\/it\/servizio-civile-regionale-al-via-il-nuovo-bando-per-la-presentazione-dei-progetti\/\",\"url\":\"https:\/\/www.intoscana.it\/it\/servizio-civile-regionale-al-via-il-nuovo-bando-per-la-presentazione-dei-progetti\/\",\"name\":\"Servizio civile regionale, al via il nuovo bando per la presentazione dei progetti - intoscana\",\"isPartOf\":{\"@id\":\"https:\/\/www.intoscana.it\/it\/#website\"},\"primaryImageOfPage\":{\"@id\":\"https:\/\/www.intoscana.it\/it\/servizio-civile-regionale-al-via-il-nuovo-bando-per-la-presentazione-dei-progetti\/#primaryimage\"},\"image\":{\"@id\":\"https:\/\/www.intoscana.it\/it\/servizio-civile-regionale-al-via-il-nuovo-bando-per-la-presentazione-dei-progetti\/#primaryimage\"},\"thumbnailUrl\":\"https:\/\/www.intoscana.it\/wp-content\/uploads\/Servizio_civile_regionale_Toscana_Bando_2013_2014.jpg\",\"datePublished\":\"2025-10-22T14:29:43+00:00\",\"author\":{\"@id\":\"https:\/\/www.intoscana.it\/it\/#\/schema\/person\/9223810753230f20bd670fdd322661f8\"},\"description\":\"L\u2019avviso \u00e8 rivolto oltre 500 Enti iscritti all\u2019albo della Toscana che potranno mettere a disposizione di ragazze e ragazzi fino a 3.158 posti\",\"breadcrumb\":{\"@id\":\"https:\/\/www.intoscana.it\/it\/servizio-civile-regionale-al-via-il-nuovo-bando-per-la-presentazione-dei-progetti\/#breadcrumb\"},\"inLanguage\":\"it-IT\",\"potentialAction\":[{\"@type\":\"ReadAction\",\"target\":[\"https:\/\/www.intoscana.it\/it\/servizio-civile-regionale-al-via-il-nuovo-bando-per-la-presentazione-dei-progetti\/\"]}]},{\"@type\":\"ImageObject\",\"inLanguage\":\"it-IT\",\"@id\":\"https:\/\/www.intoscana.it\/it\/servizio-civile-regionale-al-via-il-nuovo-bando-per-la-presentazione-dei-progetti\/#primaryimage\",\"url\":\"https:\/\/www.intoscana.it\/wp-content\/uploads\/Servizio_civile_regionale_Toscana_Bando_2013_2014.jpg\",\"contentUrl\":\"https:\/\/www.intoscana.it\/wp-content\/uploads\/Servizio_civile_regionale_Toscana_Bando_2013_2014.jpg\",\"width\":640,\"height\":427},{\"@type\":\"BreadcrumbList\",\"@id\":\"https:\/\/www.intoscana.it\/it\/servizio-civile-regionale-al-via-il-nuovo-bando-per-la-presentazione-dei-progetti\/#breadcrumb\",\"itemListElement\":[{\"@type\":\"ListItem\",\"position\":1,\"name\":\"Home\",\"item\":\"https:\/\/www.intoscana.it\/it\/\"},{\"@type\":\"ListItem\",\"position\":2,\"name\":\"Servizio civile regionale, al via il nuovo bando per la presentazione dei progetti\"}]},{\"@type\":\"WebSite\",\"@id\":\"https:\/\/www.intoscana.it\/it\/#website\",\"url\":\"https:\/\/www.intoscana.it\/it\/\",\"name\":\"intoscana\",\"description\":\"\",\"potentialAction\":[{\"@type\":\"SearchAction\",\"target\":{\"@type\":\"EntryPoint\",\"urlTemplate\":\"https:\/\/www.intoscana.it\/it\/?s={search_term_string}\"},\"query-input\":{\"@type\":\"PropertyValueSpecification\",\"valueRequired\":true,\"valueName\":\"search_term_string\"}}],\"inLanguage\":\"it-IT\"},{\"@type\":\"Person\",\"@id\":\"https:\/\/www.intoscana.it\/it\/#\/schema\/person\/9223810753230f20bd670fdd322661f8\",\"name\":\"Redazione\",\"url\":\"https:\/\/www.intoscana.it\/it\/author\/redazione\/\"}]}<\/script>\n<!-- \/ Yoast SEO Premium plugin. -->","yoast_head_json":{"title":"Servizio civile regionale, al via il nuovo bando per la presentazione dei progetti - intoscana","description":"L\u2019avviso \u00e8 rivolto oltre 500 Enti iscritti all\u2019albo della Toscana che potranno mettere a disposizione di ragazze e ragazzi fino a 3.158 posti","robots":{"index":"index","follow":"follow","max-snippet":"max-snippet:-1","max-image-preview":"max-image-preview:large","max-video-preview":"max-video-preview:-1"},"canonical":"https:\/\/www.intoscana.it\/it\/servizio-civile-regionale-al-via-il-nuovo-bando-per-la-presentazione-dei-progetti\/","og_locale":"it_IT","og_type":"article","og_title":"Servizio civile regionale, al via il nuovo bando per la presentazione dei progetti","og_description":"L\u2019avviso \u00e8 rivolto oltre 500 Enti iscritti all\u2019albo della Toscana che potranno mettere a disposizione di ragazze e ragazzi fino a 3.158 posti","og_url":"https:\/\/www.intoscana.it\/it\/servizio-civile-regionale-al-via-il-nuovo-bando-per-la-presentazione-dei-progetti\/","og_site_name":"intoscana","article_publisher":"https:\/\/www.facebook.com\/intoscana.it","article_published_time":"2025-10-22T14:29:43+00:00","og_image":[{"width":640,"height":427,"url":"https:\/\/www.intoscana.it\/wp-content\/uploads\/Servizio_civile_regionale_Toscana_Bando_2013_2014.jpg","type":"image\/jpeg"}],"author":"Redazione","twitter_card":"summary_large_image","twitter_creator":"@intoscana","twitter_site":"@intoscana","twitter_misc":{"Written by":"Redazione","Est. reading time":"4 minuti"},"schema":{"@context":"https:\/\/schema.org","@graph":[{"@type":"WebPage","@id":"https:\/\/www.intoscana.it\/it\/servizio-civile-regionale-al-via-il-nuovo-bando-per-la-presentazione-dei-progetti\/","url":"https:\/\/www.intoscana.it\/it\/servizio-civile-regionale-al-via-il-nuovo-bando-per-la-presentazione-dei-progetti\/","name":"Servizio civile regionale, al via il nuovo bando per la presentazione dei progetti - intoscana","isPartOf":{"@id":"https:\/\/www.intoscana.it\/it\/#website"},"primaryImageOfPage":{"@id":"https:\/\/www.intoscana.it\/it\/servizio-civile-regionale-al-via-il-nuovo-bando-per-la-presentazione-dei-progetti\/#primaryimage"},"image":{"@id":"https:\/\/www.intoscana.it\/it\/servizio-civile-regionale-al-via-il-nuovo-bando-per-la-presentazione-dei-progetti\/#primaryimage"},"thumbnailUrl":"https:\/\/www.intoscana.it\/wp-content\/uploads\/Servizio_civile_regionale_Toscana_Bando_2013_2014.jpg","datePublished":"2025-10-22T14:29:43+00:00","author":{"@id":"https:\/\/www.intoscana.it\/it\/#\/schema\/person\/9223810753230f20bd670fdd322661f8"},"description":"L\u2019avviso \u00e8 rivolto oltre 500 Enti iscritti all\u2019albo della Toscana che potranno mettere a disposizione di ragazze e ragazzi fino a 3.158 posti","breadcrumb":{"@id":"https:\/\/www.intoscana.it\/it\/servizio-civile-regionale-al-via-il-nuovo-bando-per-la-presentazione-dei-progetti\/#breadcrumb"},"inLanguage":"it-IT","potentialAction":[{"@type":"ReadAction","target":["https:\/\/www.intoscana.it\/it\/servizio-civile-regionale-al-via-il-nuovo-bando-per-la-presentazione-dei-progetti\/"]}]},{"@type":"ImageObject","inLanguage":"it-IT","@id":"https:\/\/www.intoscana.it\/it\/servizio-civile-regionale-al-via-il-nuovo-bando-per-la-presentazione-dei-progetti\/#primaryimage","url":"https:\/\/www.intoscana.it\/wp-content\/uploads\/Servizio_civile_regionale_Toscana_Bando_2013_2014.jpg","contentUrl":"https:\/\/www.intoscana.it\/wp-content\/uploads\/Servizio_civile_regionale_Toscana_Bando_2013_2014.jpg","width":640,"height":427},{"@type":"BreadcrumbList","@id":"https:\/\/www.intoscana.it\/it\/servizio-civile-regionale-al-via-il-nuovo-bando-per-la-presentazione-dei-progetti\/#breadcrumb","itemListElement":[{"@type":"ListItem","position":1,"name":"Home","item":"https:\/\/www.intoscana.it\/it\/"},{"@type":"ListItem","position":2,"name":"Servizio civile regionale, al via il nuovo bando per la presentazione dei progetti"}]},{"@type":"WebSite","@id":"https:\/\/www.intoscana.it\/it\/#website","url":"https:\/\/www.intoscana.it\/it\/","name":"intoscana","description":"","potentialAction":[{"@type":"SearchAction","target":{"@type":"EntryPoint","urlTemplate":"https:\/\/www.intoscana.it\/it\/?s={search_term_string}"},"query-input":{"@type":"PropertyValueSpecification","valueRequired":true,"valueName":"search_term_string"}}],"inLanguage":"it-IT"},{"@type":"Person","@id":"https:\/\/www.intoscana.it\/it\/#\/schema\/person\/9223810753230f20bd670fdd322661f8","name":"Redazione","url":"https:\/\/www.intoscana.it\/it\/author\/redazione\/"}]}},"_links":{"self":[{"href":"https:\/\/www.intoscana.it\/it\/wp-json\/wp\/v2\/posts\/404464","targetHints":{"allow":["GET"]}}],"collection":[{"href":"https:\/\/www.intoscana.it\/it\/wp-json\/wp\/v2\/posts"}],"about":[{"href":"https:\/\/www.intoscana.it\/it\/wp-json\/wp\/v2\/types\/post"}],"author":[{"embeddable":true,"href":"https:\/\/www.intoscana.it\/it\/wp-json\/wp\/v2\/users\/525"}],"replies":[{"embeddable":true,"href":"https:\/\/www.intoscana.it\/it\/wp-json\/wp\/v2\/comments?post=404464"}],"version-history":[{"count":5,"href":"https:\/\/www.intoscana.it\/it\/wp-json\/wp\/v2\/posts\/404464\/revisions"}],"predecessor-version":[{"id":404569,"href":"https:\/\/www.intoscana.it\/it\/wp-json\/wp\/v2\/posts\/404464\/revisions\/404569"}],"wp:featuredmedia":[{"embeddable":true,"href":"https:\/\/www.intoscana.it\/it\/wp-json\/wp\/v2\/media\/78292"}],"wp:attachment":[{"href":"https:\/\/www.intoscana.it\/it\/wp-json\/wp\/v2\/media?parent=404464"}],"wp:term":[{"taxonomy":"category","embeddable":true,"href":"https:\/\/www.intoscana.it\/it\/wp-json\/wp\/v2\/categories?post=404464"},{"taxonomy":"post_tag","embeddable":true,"href":"https:\/\/www.intoscana.it\/it\/wp-json\/wp\/v2\/tags?post=404464"}],"curies":[{"name":"wp","href":"https:\/\/api.w.org\/{rel}","templated":true}]}}