{"id":404651,"date":"2025-10-23T16:50:47","date_gmt":"2025-10-23T14:50:47","guid":{"rendered":"https:\/\/www.intoscana.it\/it\/?p=404651"},"modified":"2025-10-24T09:22:13","modified_gmt":"2025-10-24T07:22:13","slug":"dal-barocchismo-capitalista-dei-grandi-festival-al-palco-vero-il-rock-contest-secondo-giuseppe-barone","status":"publish","type":"post","link":"https:\/\/www.intoscana.it\/it\/dal-barocchismo-capitalista-dei-grandi-festival-al-palco-vero-il-rock-contest-secondo-giuseppe-barone\/","title":{"rendered":"Dal barocchismo capitalista dei grandi festival al palco vero: il Rock Contest secondo Giuseppe Barone"},"content":{"rendered":"<p><strong>Offlaga Disco Pax, Lucio Corsi, Emma Nolde, Lamante, Samuel e Boosta<\/strong> dei Subsonica, gli Scisma di <strong>Paolo Benvegn\u00f9, Irene Grandi, Enrico \u201cErriquez\u201d Greppi<\/strong> e Orla della Bandabard\u00f2, <strong>Stefano Bollani, Roy Paci, i Dirotta su Cuba, Marco Parente<\/strong>&#8230; sono solo alcuni dei musicisti che nel corso degli anni hanno partecipato al<strong> Rock Contest<\/strong> che da oltre trent\u2019anni rappresenta un punto di riferimento imprescindibile per la<strong> scena musicale emergente italiana.<\/strong><\/p>\n<p><strong>Nato a Firenze nel 1984<\/strong> e promosso da <a href=\"https:\/\/www.controradio.it\" target=\"_blank\" rel=\"noopener\"><strong>Controradio<\/strong><\/a>, il concorso \u00e8 diventato un <strong>trampolino di lancio per band e artisti<\/strong> che vogliono trasformare la passione in professione. Anche solo partecipare pu\u00f2 fare la differenza perch\u00e9 in giuria, ad ascoltare e selezionare i progetti in gara, ci sono <strong>realt\u00e0 discografiche tra le pi\u00f9 affermate e interessanti.<\/strong><\/p>\n<p>In un panorama musicale in continua evoluzione, il<a href=\"https:\/\/www.rockcontest.it\" target=\"_blank\" rel=\"noopener\"><strong> Rock Contest<\/strong> <\/a>continua a rinnovarsi, restando fedele alla sua missione:<strong> scoprire e valorizzare i talenti del futuro,<\/strong> senza etichette di genere ma con<strong> un\u2019unica regola, quella della qualit\u00e0.<\/strong><\/p>\n<p>Ne parliamo con il suo direttore artistico\u00a0<strong>Giuseppe Barone di Controradio.<\/strong><\/p>\n<p><strong>Ciao Giuseppe, il Rock Contest negli anni \u00e8 cresciuto molto ed \u00e8 diventato sinonimo di qualit\u00e0, i gruppi che partecipano al concorso o almeno che arrivano in finale sono band o artisti di cui sentiremo parlare. Come si fa a decidere tra centinaia di iscritti ogni anno quelli che hanno pi\u00f9 chances?<\/strong><\/p>\n<p>\u00c8 una domanda difficile, diciamo che <strong>il Rock Contest tende ad avere un&#8217;identit\u00e0 forte,<\/strong> ha una sua identit\u00e0 artistica e una sua coerenza legata anche in qualche modo ai <strong>decenni di storia di Controradio<\/strong>. Noi ci muoviamo nel range della musica alternativa da sempre e (ce lo diciamo da soli) con una certa competenza. Per cui riusciamo abbastanza bene a intravedere cosa si muove nell&#8217;ambito di<strong> uno sviluppo coerente con la storia della musica e che possa avere prospettive di sviluppo concrete<\/strong>. In qualche modo il bagaglio di autorevolezza del <strong>Rock Contest<\/strong> \u00e8 la storia di <strong>Controradio.<\/strong><p><span class=\"citazione\">La musica non \u00e8 un contenuto stabile, \u00e8 un fluido in perenne movimento, io me la immagino come una sorta di lava lamp, in cui il gel si muove ricombinandosi sempre in modi nuovi. \u00c8 come un caleidoscopio di influenze, generi, stili, attitudini che si rimescolano in continuazione<\/span><\/p><\/p>\n<p><strong>Negli ultimi 20 anni il mondo della discografia \u00e8 cambiato tantissimo, in un certo senso dal Rock Contest \u00e8 passata la storia della musica<\/strong><\/p>\n<p><strong>La musica non \u00e8 un contenuto stabile, \u00e8 un fluido in perenne movimento,<\/strong> io me la immagino come una sorta di <strong>lava lamp,<\/strong> in cui il gel si muove ricombinandosi sempre in modi nuovi. \u00c8 come <strong>un caleidoscopio di influenze, generi, stili, attitudini che si rimescolano in continuazione<\/strong> creando cose sempre nuove. Poi, certo, ci sono cose che si muovono nel mainstream che esulano dal nostro ambito e quelle non riusciamo e non vogliamo seguirle. Ma tutto ci\u00f2 che si trova nel solco della nostra tradizione noi proviamo a seguirlo ed a veicolarlo. <strong>\u00c8 un&#8217;evoluzione in qualche modo nascosta, difficile da vedere, perch\u00e9 i media mainstream non parlano<\/strong> di tutto un settore di realt\u00e0 musicali che esistono e sono anche numericamente rilevanti. <strong>La musica che noi vediamo nei festival estivi per esempio, nei media italiani \u00e8 come se non esistesse<\/strong>, non se ne parla in nessun canale generalista. Eppure fa i numeri, riempie le arene, ma \u00e8 un segmento non coperto. Inoltre<strong> i canali destinati ai giovani amplificano solo quei prodotti \u201cper giovani\u201d<\/strong>, omologati e rimasticati. In realt\u00e0 i tantissimi musicisti che si iscrivono al Rock Contest, sono proprio loro e i loro amici e coetanei il pubblico che riempie i festival estivi. Faccio un piccolo esempio, tempo fa sfogliavo un vecchio numero di <strong>Topolino.<\/strong> <strong>In un numero\u00a0del &#8217;79 c&#8217;era un servizio sui Ramones<\/strong>, in un altro si parlava di<strong> Nina Simone e poi dei 10cc,<\/strong> oggi su Topolino se va bene c&#8217;\u00e8 <strong>Tiziano Ferro o Annalisa<\/strong>. Ai bambini negli anni &#8217;70 quindi si proponeva comunque<strong> una scelta musicale non banale.<\/strong><\/p>\n<p><strong>Diciamo che in Italia esiste solo il Festival di Sanremo&#8230;<\/strong><\/p>\n<p>S\u00ec, in estrema sintesi esiste solo Sanremo. Ma in realt\u00e0, e<strong> i gruppi che partecipano quest&#8217;anno al Rock Contest<\/strong> lo proveranno, in Italia <strong>c&#8217;\u00e8 una scena molto viva e in costante evoluzione.<\/strong> Sgombrando il campo da ogni speranza per quelli che pensavano che i <strong>M\u00e5neskin<\/strong> avrebbero riportato in auge quel <strong>finto-rock stantio<\/strong> che non interessa pi\u00f9 a nessuno, o che la trap sia l&#8217;unica modalit\u00e0 espressiva di una generazione, esiste una serie di ragazzi che ascolta la musica internazionale e la traspone\u00a0nelle propria realt\u00e0, magari cantando in Italiano, ma <strong>con un&#8217;attitudine molto moderna e fresca.<\/strong> Di tutti questi ragazzi nessuno parla.<\/p>\n<figure id=\"post-403955 media-403955\" class=\"align-none\"><img decoding=\"async\" src=\"https:\/\/www.intoscana.it\/wp-content\/uploads\/Barone-Giuria-Rock-Contest.jpg\" alt=\"\" \/><\/figure>\n<div class=\"titleimg\"><em>Rock Contest, la giuria &#8211; \u00a9 www.sunstudio.it<\/em><\/div>\n<p><strong>Un&#8217;altra cosa interessante del Rock Contest \u00e8 che di fatto \u00e8 l&#8217;unico spazio in cui possono suonare gruppi giovani, emergenti che nessuno conosce. Non c&#8217;\u00e8 posto per loro in Toscana, ma pi\u00f9 in generale in Italia, a parte rari casi (come lo spazio Germi a Milano creato da Manuel Agnelli) e anche questo ci dice molto della realt\u00e0 in cui viviamo<\/strong><\/p>\n<p>Anche in questo noi ci muoviamo in assoluta controtendenza. Ormai<strong> i concerti sono eventi enormi, estremamente costosi, con una macchina organizzativa gigantesca<\/strong> che vengono fissati con anni di anticipo. <strong>Questo toglie totalmente spontaneit\u00e0 e naturalezza all&#8217;esperienza\u00a0musicale, alla sua fruizione.<\/strong> Invece che spendere 400 euro per il biglietto di un concerto che andrai a vedere l&#8217;anno prossimo, <strong>noi ti proponiamo musica che puoi vedere gratis, ora, e che ti da delle emozioni reali.<\/strong> Un live di artisti che hai a pochi metri dalle tue orecchie, con cui se vuoi puoi parlare e <strong>li vedi nella loro fase pi\u00f9 divertente, creativa e immediata<\/strong>. Noi proviamo a riportare<strong> la fruizione\u00a0della musica dal vivo alla sua fase primigenia, primordiale, iniziale.<\/strong> Alle serate del <strong>Rock Contest<\/strong> c&#8217;\u00e8 un coinvolgimento e un divertimento immediato e spontaneo. Purtroppo per questo tipo di realt\u00e0 in Italia i locali dove esibirsi sono praticamente scomparsi e <strong>i ragazzi hanno enormi problemi a suonare dal vivo,<\/strong> suonano nelle loro stanzette e se va bene fanno uno o due concerti l&#8217;anno. In questo modo niente pu\u00f2 svilupparsi e crescere, se non imposto dalle grandi realt\u00e0 produttive.<\/p>\n<p><strong>Anche gli Strokes quando hanno cominciato suonavano nel piccoli club di New York<\/strong><\/p>\n<p>Esatto<strong> l&#8217;eccitazione del Rock&#8217;n Roll \u00e8 anche vedere delle cose nuove mentre nascono<\/strong>. Il palco gigantesco che costa milioni di euro \u00e8 l&#8217;antitesi del rock. Siamo al <strong>barocchismo tecnologico e capitalista. Non \u00e8 pi\u00f9 musica ma finanza,<\/strong> sono fondi di investimento, non \u00e8 arte. E <strong>non \u00e8 detto che ci\u00f2 che ha successo sia necessariamente giusto<\/strong>.\u00a0<div class=\"focuson\"><a href=\"https:\/\/www.intoscana.it\/it\/il-rock-contest-e-pronto-a-partire-ecco-i-30-progetti-musicali-in-gara-scelti-tra-piu-di-600-iscritti\/\"><img decoding=\"async\" class=\"lazy\" src=\"https:\/\/www.intoscana.it\/wp-content\/uploads\/Rock-Contest-304-1.jpg\" style=\"\">\n                <div class=\"cat\">Rock Contest 2025<\/div>\n                <h4>Le band in gara<\/h4><\/a>\n              <\/div><\/p>\n<p><strong>Veniamo alle band di quest&#8217;anno cosa ascolteremo al Rock Contest 2025?<\/strong><\/p>\n<p>Tra i 30 gruppi selezionati ci sono circa <strong>12 gruppi che vengono dalle province della Toscana,<\/strong> solo uno da Firenze. In generale le band vengono da tutta Italia e propongono i generi pi\u00f9 disparati, <strong>\u00e8 davvero difficile tirare una linea comune o incasellare i gruppi in generi musicali.<\/strong> Come dicevo prima tutta la storia della musica \u00e8 ora fruibile dentro un enorme frullatore che mescola tutto insieme. <strong>Oggi i giovani vivono la musica senza barriere n\u00e8 di genere, n\u00e8 di tempo<\/strong> perch\u00e9 possono ascoltare tutto contemporaneamente. Ci sono molte band, devo dire, sembra tornare <strong>l&#8217;idea della creazione della musica come atto collettivo e condiviso<\/strong>, pi\u00f9 che come espressione un ego che ha necessit\u00e0 di ipertrofica esibizione. <strong>La musica torna ad essere un processo collettivo,<\/strong> sbaglier\u00f2, ma mi sembra questa la tendenza attuale dopo anni di individualismo creativo, forse incentivato anche dalle restrizioni del Covid, in cui gli artisti si dedicavano, ob torto collo, a progetti personali.<\/p>\n<p><strong>C&#8217;\u00e8 un giallo sulla finale, dopo l&#8217;incendio che ha interessato il <a href=\"https:\/\/www.intoscana.it\/it\/viper-theatre-grassina-concerti\/\" target=\"_blank\" rel=\"noopener\">Viper Theatre<\/a>, puoi dirci dove si terr\u00e0?<\/strong><\/p>\n<p>Ancora non posso dirlo, per\u00f2 ti posso dire che <strong>sar\u00e0 un ritorno alle origini, dove tutto \u00e8 iniziato.<\/strong><\/p>\n<figure id=\"post-401587 media-401587\" class=\"align-none\"><img decoding=\"async\" src=\"https:\/\/www.intoscana.it\/wp-content\/uploads\/rockcontest_finale_2018_pubblico__ph-soundstudio-1.jpg\" alt=\"\" \/><\/figure>\n<div class=\"titleimg\">Rock Contest<\/div>\n","protected":false},"excerpt":{"rendered":"<p>Giuseppe Barone responsabile della direzione musicale di Controradio e direttore artistico del Rock Contest la fucina toscana dei giovani talenti ci racconta il suo punto di vista sulla musica e sulla situazione dei live in Italia<\/p>\n","protected":false},"author":518,"featured_media":403954,"comment_status":"open","ping_status":"open","sticky":false,"template":"","format":"standard","meta":{"_acf_changed":false,"footnotes":""},"categories":[14],"tags":[216,250,3136,251],"class_list":["post-404651","post","type-post","status-publish","format-standard","has-post-thumbnail","hentry","category-musica","tag-concerti","tag-controradio","tag-interviste","tag-rock-contest"],"acf":[],"yoast_head":"<!-- This site is optimized with the Yoast SEO Premium plugin v24.2 (Yoast SEO v25.6) - https:\/\/yoast.com\/wordpress\/plugins\/seo\/ -->\n<title>Dal barocchismo capitalista dei grandi festival al palco vero: il Rock Contest secondo Giuseppe Barone - intoscana<\/title>\n<meta name=\"description\" content=\"Intervista Giuseppe Barone responsabile della direzione musicale di Controradio e direttore artistico del Rock Contest\" \/>\n<meta name=\"robots\" content=\"index, follow, max-snippet:-1, max-image-preview:large, max-video-preview:-1\" \/>\n<link rel=\"canonical\" href=\"https:\/\/www.intoscana.it\/it\/dal-barocchismo-capitalista-dei-grandi-festival-al-palco-vero-il-rock-contest-secondo-giuseppe-barone\/\" \/>\n<meta property=\"og:locale\" content=\"it_IT\" \/>\n<meta property=\"og:type\" content=\"article\" \/>\n<meta property=\"og:title\" content=\"Dal barocchismo capitalista dei grandi festival al palco vero: il Rock Contest secondo Giuseppe Barone\" \/>\n<meta property=\"og:description\" content=\"Intervista Giuseppe Barone responsabile della direzione musicale di Controradio e direttore artistico del Rock Contest\" \/>\n<meta property=\"og:url\" content=\"https:\/\/www.intoscana.it\/it\/dal-barocchismo-capitalista-dei-grandi-festival-al-palco-vero-il-rock-contest-secondo-giuseppe-barone\/\" \/>\n<meta property=\"og:site_name\" content=\"intoscana\" \/>\n<meta property=\"article:publisher\" content=\"https:\/\/www.facebook.com\/intoscana.it\" \/>\n<meta property=\"article:published_time\" content=\"2025-10-23T14:50:47+00:00\" \/>\n<meta property=\"article:modified_time\" content=\"2025-10-24T07:22:13+00:00\" \/>\n<meta property=\"og:image\" content=\"https:\/\/www.intoscana.it\/wp-content\/uploads\/Barone-da-Antonio-Viscido.png\" \/>\n\t<meta property=\"og:image:width\" content=\"1396\" \/>\n\t<meta property=\"og:image:height\" content=\"866\" \/>\n\t<meta property=\"og:image:type\" content=\"image\/png\" \/>\n<meta name=\"author\" content=\"Costanza Baldini\" \/>\n<meta name=\"twitter:card\" content=\"summary_large_image\" \/>\n<meta name=\"twitter:creator\" content=\"@intoscana\" \/>\n<meta name=\"twitter:site\" content=\"@intoscana\" \/>\n<meta name=\"twitter:label1\" content=\"Written by\" \/>\n\t<meta name=\"twitter:data1\" content=\"Costanza Baldini\" \/>\n\t<meta name=\"twitter:label2\" content=\"Est. reading time\" \/>\n\t<meta name=\"twitter:data2\" content=\"8 minuti\" \/>\n<script type=\"application\/ld+json\" class=\"yoast-schema-graph\">{\"@context\":\"https:\/\/schema.org\",\"@graph\":[{\"@type\":\"WebPage\",\"@id\":\"https:\/\/www.intoscana.it\/it\/dal-barocchismo-capitalista-dei-grandi-festival-al-palco-vero-il-rock-contest-secondo-giuseppe-barone\/\",\"url\":\"https:\/\/www.intoscana.it\/it\/dal-barocchismo-capitalista-dei-grandi-festival-al-palco-vero-il-rock-contest-secondo-giuseppe-barone\/\",\"name\":\"Dal barocchismo capitalista dei grandi festival al palco vero: il Rock Contest secondo Giuseppe Barone - intoscana\",\"isPartOf\":{\"@id\":\"https:\/\/www.intoscana.it\/it\/#website\"},\"primaryImageOfPage\":{\"@id\":\"https:\/\/www.intoscana.it\/it\/dal-barocchismo-capitalista-dei-grandi-festival-al-palco-vero-il-rock-contest-secondo-giuseppe-barone\/#primaryimage\"},\"image\":{\"@id\":\"https:\/\/www.intoscana.it\/it\/dal-barocchismo-capitalista-dei-grandi-festival-al-palco-vero-il-rock-contest-secondo-giuseppe-barone\/#primaryimage\"},\"thumbnailUrl\":\"https:\/\/www.intoscana.it\/wp-content\/uploads\/Barone-da-Antonio-Viscido.png\",\"datePublished\":\"2025-10-23T14:50:47+00:00\",\"dateModified\":\"2025-10-24T07:22:13+00:00\",\"author\":{\"@id\":\"https:\/\/www.intoscana.it\/it\/#\/schema\/person\/d469f35f09739bdf00bf5dd3f0647a82\"},\"description\":\"Intervista Giuseppe Barone responsabile della direzione musicale di Controradio e direttore artistico del Rock Contest\",\"breadcrumb\":{\"@id\":\"https:\/\/www.intoscana.it\/it\/dal-barocchismo-capitalista-dei-grandi-festival-al-palco-vero-il-rock-contest-secondo-giuseppe-barone\/#breadcrumb\"},\"inLanguage\":\"it-IT\",\"potentialAction\":[{\"@type\":\"ReadAction\",\"target\":[\"https:\/\/www.intoscana.it\/it\/dal-barocchismo-capitalista-dei-grandi-festival-al-palco-vero-il-rock-contest-secondo-giuseppe-barone\/\"]}]},{\"@type\":\"ImageObject\",\"inLanguage\":\"it-IT\",\"@id\":\"https:\/\/www.intoscana.it\/it\/dal-barocchismo-capitalista-dei-grandi-festival-al-palco-vero-il-rock-contest-secondo-giuseppe-barone\/#primaryimage\",\"url\":\"https:\/\/www.intoscana.it\/wp-content\/uploads\/Barone-da-Antonio-Viscido.png\",\"contentUrl\":\"https:\/\/www.intoscana.it\/wp-content\/uploads\/Barone-da-Antonio-Viscido.png\",\"width\":1396,\"height\":866,\"caption\":\"Giuseppe Barone\"},{\"@type\":\"BreadcrumbList\",\"@id\":\"https:\/\/www.intoscana.it\/it\/dal-barocchismo-capitalista-dei-grandi-festival-al-palco-vero-il-rock-contest-secondo-giuseppe-barone\/#breadcrumb\",\"itemListElement\":[{\"@type\":\"ListItem\",\"position\":1,\"name\":\"Home\",\"item\":\"https:\/\/www.intoscana.it\/it\/\"},{\"@type\":\"ListItem\",\"position\":2,\"name\":\"Dal barocchismo capitalista dei grandi festival al palco vero: il Rock Contest secondo Giuseppe Barone\"}]},{\"@type\":\"WebSite\",\"@id\":\"https:\/\/www.intoscana.it\/it\/#website\",\"url\":\"https:\/\/www.intoscana.it\/it\/\",\"name\":\"intoscana\",\"description\":\"\",\"potentialAction\":[{\"@type\":\"SearchAction\",\"target\":{\"@type\":\"EntryPoint\",\"urlTemplate\":\"https:\/\/www.intoscana.it\/it\/?s={search_term_string}\"},\"query-input\":{\"@type\":\"PropertyValueSpecification\",\"valueRequired\":true,\"valueName\":\"search_term_string\"}}],\"inLanguage\":\"it-IT\"},{\"@type\":\"Person\",\"@id\":\"https:\/\/www.intoscana.it\/it\/#\/schema\/person\/d469f35f09739bdf00bf5dd3f0647a82\",\"name\":\"Costanza Baldini\",\"url\":\"https:\/\/www.intoscana.it\/it\/author\/costanza-baldini\/\"}]}<\/script>\n<!-- \/ Yoast SEO Premium plugin. -->","yoast_head_json":{"title":"Dal barocchismo capitalista dei grandi festival al palco vero: il Rock Contest secondo Giuseppe Barone - intoscana","description":"Intervista Giuseppe Barone responsabile della direzione musicale di Controradio e direttore artistico del Rock Contest","robots":{"index":"index","follow":"follow","max-snippet":"max-snippet:-1","max-image-preview":"max-image-preview:large","max-video-preview":"max-video-preview:-1"},"canonical":"https:\/\/www.intoscana.it\/it\/dal-barocchismo-capitalista-dei-grandi-festival-al-palco-vero-il-rock-contest-secondo-giuseppe-barone\/","og_locale":"it_IT","og_type":"article","og_title":"Dal barocchismo capitalista dei grandi festival al palco vero: il Rock Contest secondo Giuseppe Barone","og_description":"Intervista Giuseppe Barone responsabile della direzione musicale di Controradio e direttore artistico del Rock Contest","og_url":"https:\/\/www.intoscana.it\/it\/dal-barocchismo-capitalista-dei-grandi-festival-al-palco-vero-il-rock-contest-secondo-giuseppe-barone\/","og_site_name":"intoscana","article_publisher":"https:\/\/www.facebook.com\/intoscana.it","article_published_time":"2025-10-23T14:50:47+00:00","article_modified_time":"2025-10-24T07:22:13+00:00","og_image":[{"width":1396,"height":866,"url":"https:\/\/www.intoscana.it\/wp-content\/uploads\/Barone-da-Antonio-Viscido.png","type":"image\/png"}],"author":"Costanza Baldini","twitter_card":"summary_large_image","twitter_creator":"@intoscana","twitter_site":"@intoscana","twitter_misc":{"Written by":"Costanza Baldini","Est. reading time":"8 minuti"},"schema":{"@context":"https:\/\/schema.org","@graph":[{"@type":"WebPage","@id":"https:\/\/www.intoscana.it\/it\/dal-barocchismo-capitalista-dei-grandi-festival-al-palco-vero-il-rock-contest-secondo-giuseppe-barone\/","url":"https:\/\/www.intoscana.it\/it\/dal-barocchismo-capitalista-dei-grandi-festival-al-palco-vero-il-rock-contest-secondo-giuseppe-barone\/","name":"Dal barocchismo capitalista dei grandi festival al palco vero: il Rock Contest secondo Giuseppe Barone - intoscana","isPartOf":{"@id":"https:\/\/www.intoscana.it\/it\/#website"},"primaryImageOfPage":{"@id":"https:\/\/www.intoscana.it\/it\/dal-barocchismo-capitalista-dei-grandi-festival-al-palco-vero-il-rock-contest-secondo-giuseppe-barone\/#primaryimage"},"image":{"@id":"https:\/\/www.intoscana.it\/it\/dal-barocchismo-capitalista-dei-grandi-festival-al-palco-vero-il-rock-contest-secondo-giuseppe-barone\/#primaryimage"},"thumbnailUrl":"https:\/\/www.intoscana.it\/wp-content\/uploads\/Barone-da-Antonio-Viscido.png","datePublished":"2025-10-23T14:50:47+00:00","dateModified":"2025-10-24T07:22:13+00:00","author":{"@id":"https:\/\/www.intoscana.it\/it\/#\/schema\/person\/d469f35f09739bdf00bf5dd3f0647a82"},"description":"Intervista Giuseppe Barone responsabile della direzione musicale di Controradio e direttore artistico del Rock Contest","breadcrumb":{"@id":"https:\/\/www.intoscana.it\/it\/dal-barocchismo-capitalista-dei-grandi-festival-al-palco-vero-il-rock-contest-secondo-giuseppe-barone\/#breadcrumb"},"inLanguage":"it-IT","potentialAction":[{"@type":"ReadAction","target":["https:\/\/www.intoscana.it\/it\/dal-barocchismo-capitalista-dei-grandi-festival-al-palco-vero-il-rock-contest-secondo-giuseppe-barone\/"]}]},{"@type":"ImageObject","inLanguage":"it-IT","@id":"https:\/\/www.intoscana.it\/it\/dal-barocchismo-capitalista-dei-grandi-festival-al-palco-vero-il-rock-contest-secondo-giuseppe-barone\/#primaryimage","url":"https:\/\/www.intoscana.it\/wp-content\/uploads\/Barone-da-Antonio-Viscido.png","contentUrl":"https:\/\/www.intoscana.it\/wp-content\/uploads\/Barone-da-Antonio-Viscido.png","width":1396,"height":866,"caption":"Giuseppe Barone"},{"@type":"BreadcrumbList","@id":"https:\/\/www.intoscana.it\/it\/dal-barocchismo-capitalista-dei-grandi-festival-al-palco-vero-il-rock-contest-secondo-giuseppe-barone\/#breadcrumb","itemListElement":[{"@type":"ListItem","position":1,"name":"Home","item":"https:\/\/www.intoscana.it\/it\/"},{"@type":"ListItem","position":2,"name":"Dal barocchismo capitalista dei grandi festival al palco vero: il Rock Contest secondo Giuseppe Barone"}]},{"@type":"WebSite","@id":"https:\/\/www.intoscana.it\/it\/#website","url":"https:\/\/www.intoscana.it\/it\/","name":"intoscana","description":"","potentialAction":[{"@type":"SearchAction","target":{"@type":"EntryPoint","urlTemplate":"https:\/\/www.intoscana.it\/it\/?s={search_term_string}"},"query-input":{"@type":"PropertyValueSpecification","valueRequired":true,"valueName":"search_term_string"}}],"inLanguage":"it-IT"},{"@type":"Person","@id":"https:\/\/www.intoscana.it\/it\/#\/schema\/person\/d469f35f09739bdf00bf5dd3f0647a82","name":"Costanza Baldini","url":"https:\/\/www.intoscana.it\/it\/author\/costanza-baldini\/"}]}},"_links":{"self":[{"href":"https:\/\/www.intoscana.it\/it\/wp-json\/wp\/v2\/posts\/404651","targetHints":{"allow":["GET"]}}],"collection":[{"href":"https:\/\/www.intoscana.it\/it\/wp-json\/wp\/v2\/posts"}],"about":[{"href":"https:\/\/www.intoscana.it\/it\/wp-json\/wp\/v2\/types\/post"}],"author":[{"embeddable":true,"href":"https:\/\/www.intoscana.it\/it\/wp-json\/wp\/v2\/users\/518"}],"replies":[{"embeddable":true,"href":"https:\/\/www.intoscana.it\/it\/wp-json\/wp\/v2\/comments?post=404651"}],"version-history":[{"count":5,"href":"https:\/\/www.intoscana.it\/it\/wp-json\/wp\/v2\/posts\/404651\/revisions"}],"predecessor-version":[{"id":404800,"href":"https:\/\/www.intoscana.it\/it\/wp-json\/wp\/v2\/posts\/404651\/revisions\/404800"}],"wp:featuredmedia":[{"embeddable":true,"href":"https:\/\/www.intoscana.it\/it\/wp-json\/wp\/v2\/media\/403954"}],"wp:attachment":[{"href":"https:\/\/www.intoscana.it\/it\/wp-json\/wp\/v2\/media?parent=404651"}],"wp:term":[{"taxonomy":"category","embeddable":true,"href":"https:\/\/www.intoscana.it\/it\/wp-json\/wp\/v2\/categories?post=404651"},{"taxonomy":"post_tag","embeddable":true,"href":"https:\/\/www.intoscana.it\/it\/wp-json\/wp\/v2\/tags?post=404651"}],"curies":[{"name":"wp","href":"https:\/\/api.w.org\/{rel}","templated":true}]}}