{"id":404698,"date":"2025-10-23T12:38:39","date_gmt":"2025-10-23T10:38:39","guid":{"rendered":"https:\/\/www.intoscana.it\/it\/?p=404698"},"modified":"2025-10-24T09:25:50","modified_gmt":"2025-10-24T07:25:50","slug":"regione-toscana-e-anci-insieme-contro-lo-spopolamento-della-montagna-rinnovato-laccordo","status":"publish","type":"post","link":"https:\/\/www.intoscana.it\/it\/regione-toscana-e-anci-insieme-contro-lo-spopolamento-della-montagna-rinnovato-laccordo\/","title":{"rendered":"Regione Toscana e ANCI insieme contro lo spopolamento della montagna: rinnovato l&#8217;accordo"},"content":{"rendered":"<p><strong>Regione Toscana e ANCI Toscana di nuovo insieme<\/strong> per sostenere le politiche di sviluppo e valorizzazione delle <strong>aree montane e interne.<\/strong><\/p>\n<p>La Giunta regionale ha approvato la delibera e dato il via libera al nuovo <strong>Accordo di collaborazione 2025-2027,<\/strong> che mette in campo complessivamente <strong>115.500 euro per azioni e progetti dedicati alla montagna toscana<\/strong>, con l\u2019obiettivo di contrastare lo spopolamento e promuovere la vitalit\u00e0 economica e sociale dei territori pi\u00f9 fragili.<\/p>\n<p>L\u2019intesa, prevede un<strong> contributo regionale di 105.000 euro<\/strong> e una <strong>compartecipazione di 10.500 euro da parte di ANCI Toscana,<\/strong> risorse che sosterranno<strong> interventi concreti per rafforzare i servizi, promuovere nuove opportunit\u00e0 economiche e migliorare la qualit\u00e0 della vita<\/strong> nelle comunit\u00e0 montane, in continuit\u00e0 con le politiche avviate negli anni precedenti.<\/p>\n<p>Le attivit\u00e0 previste dall\u2019accordo comprendono il rafforzamento dello <strong>Sportello montagna<\/strong>, punto di riferimento per i Comuni montani, il supporto tecnico e giuridico alle amministrazioni locali per l\u2019accesso ai fondi regionali, nazionali ed europei, e la raccolta delle istanze territoriali per orientare le politiche pubbliche regionali.<\/p>\n<p><strong>ANCI Toscana sar\u00e0 il soggetto capofila<\/strong> per la gestione e il coordinamento delle attivit\u00e0, mentre la <strong>Regione Toscana<\/strong>, attraverso il Settore programmazione e finanza locale, seguir\u00e0 l\u2019attuazione e il monitoraggio dell\u2019accordo.<\/p>\n<p><em>\u201cCon questo accordo rafforziamo concretamente il nostro impegno per i territori montani e le aree interne della Toscana \u2013 <\/em><strong>ha detto il presidente della Regione Eugenio Giani<\/strong><em> \u2013 L\u2019impegno si inserisce nel quadro delle strategie regionali per la &#8216;Toscana diffusa&#8217; e rappresenta un tassello importante per la promozione di una coesione territoriale pi\u00f9 equa e sostenibile. La collaborazione con ANCI Toscana ci permette di ascoltare le esigenze dei Comuni traducendole in azioni concrete\u201d.<\/em><\/p>\n<p><em>\u201cLa conferma e il rinnovo della collaborazione con ANCI Toscana \u2013<\/em><strong> ha detto Stefania Saccardi , vicepresidente e assessora alle aree interne<\/strong><em> &#8211; \u00e8 fondamentale. Vogliamo garantire servizi, opportunit\u00e0 economiche e una maggiore qualit\u00e0 della vita a chi vive in questi territori, valorizzando le comunit\u00e0 locali e contrastando lo spopolamento.\u201d<\/em><\/p>\n<p><em>\u201cQuesta intesa \u2013<\/em><strong> ha detto Susanna Cenni, presidente Anci Toscana e sindaca di Poggibonsi <\/strong><em>&#8211; ha per noi un alto valore strategico, poich\u00e9 le aree interne e montane sono da sempre al centro della nostra azione. Come sistema di Comuni abbiamo collaborato a lungo con la Regione Toscana, ottenendo risultati concreti. Il nuovo accordo consolida questo impegno e segna un ulteriore passo nel rafforzamento di una strategia di sviluppo territoriale coerente e di lungo periodo\u201d.<\/em><\/p>\n<p>&nbsp;<\/p>\n","protected":false},"excerpt":{"rendered":"<p>L\u2019intesa prevede un contributo totale di 115.500 euro per azioni e progetti dedicati alla montagna toscana, con l\u2019obiettivo di contrastare lo spopolamento e promuovere la vitalit\u00e0 economica e sociale dei territori pi\u00f9 fragili<\/p>\n","protected":false},"author":525,"featured_media":282139,"comment_status":"open","ping_status":"open","sticky":false,"template":"","format":"standard","meta":{"_acf_changed":false,"footnotes":""},"categories":[494],"tags":[4714,4588,151],"class_list":["post-404698","post","type-post","status-publish","format-standard","has-post-thumbnail","hentry","category-attualita","tag-anci-toscana","tag-montagna","tag-regione-toscana"],"acf":[],"yoast_head":"<!-- This site is optimized with the Yoast SEO Premium plugin v24.2 (Yoast SEO v25.6) - https:\/\/yoast.com\/wordpress\/plugins\/seo\/ -->\n<title>Regione Toscana e ANCI insieme contro lo spopolamento della montagna: rinnovato l&#039;accordo - intoscana<\/title>\n<meta name=\"description\" content=\"L\u2019intesa prevede un contributo regionale di 105.000 euro e una compartecipazione di 10.500 euro da parte di ANCI Toscana\" \/>\n<meta name=\"robots\" content=\"index, follow, max-snippet:-1, max-image-preview:large, max-video-preview:-1\" \/>\n<link rel=\"canonical\" href=\"https:\/\/www.intoscana.it\/it\/regione-toscana-e-anci-insieme-contro-lo-spopolamento-della-montagna-rinnovato-laccordo\/\" \/>\n<meta property=\"og:locale\" content=\"it_IT\" \/>\n<meta property=\"og:type\" content=\"article\" \/>\n<meta property=\"og:title\" content=\"Regione Toscana e ANCI insieme contro lo spopolamento della montagna: rinnovato l&#039;accordo\" \/>\n<meta property=\"og:description\" content=\"L\u2019intesa prevede un contributo regionale di 105.000 euro e una compartecipazione di 10.500 euro da parte di ANCI Toscana\" \/>\n<meta property=\"og:url\" content=\"https:\/\/www.intoscana.it\/it\/regione-toscana-e-anci-insieme-contro-lo-spopolamento-della-montagna-rinnovato-laccordo\/\" \/>\n<meta property=\"og:site_name\" content=\"intoscana\" \/>\n<meta property=\"article:publisher\" content=\"https:\/\/www.facebook.com\/intoscana.it\" \/>\n<meta property=\"article:published_time\" content=\"2025-10-23T10:38:39+00:00\" \/>\n<meta property=\"article:modified_time\" content=\"2025-10-24T07:25:50+00:00\" \/>\n<meta property=\"og:image\" content=\"https:\/\/www.intoscana.it\/wp-content\/uploads\/natura-scaled.jpg\" \/>\n\t<meta property=\"og:image:width\" content=\"2048\" \/>\n\t<meta property=\"og:image:height\" content=\"1356\" \/>\n\t<meta property=\"og:image:type\" content=\"image\/jpeg\" \/>\n<meta name=\"author\" content=\"Redazione\" \/>\n<meta name=\"twitter:card\" content=\"summary_large_image\" \/>\n<meta name=\"twitter:creator\" content=\"@intoscana\" \/>\n<meta name=\"twitter:site\" content=\"@intoscana\" \/>\n<meta name=\"twitter:label1\" content=\"Written by\" \/>\n\t<meta name=\"twitter:data1\" content=\"Redazione\" \/>\n\t<meta name=\"twitter:label2\" content=\"Est. reading time\" \/>\n\t<meta name=\"twitter:data2\" content=\"3 minuti\" \/>\n<script type=\"application\/ld+json\" class=\"yoast-schema-graph\">{\"@context\":\"https:\/\/schema.org\",\"@graph\":[{\"@type\":\"WebPage\",\"@id\":\"https:\/\/www.intoscana.it\/it\/regione-toscana-e-anci-insieme-contro-lo-spopolamento-della-montagna-rinnovato-laccordo\/\",\"url\":\"https:\/\/www.intoscana.it\/it\/regione-toscana-e-anci-insieme-contro-lo-spopolamento-della-montagna-rinnovato-laccordo\/\",\"name\":\"Regione Toscana e ANCI insieme contro lo spopolamento della montagna: rinnovato l'accordo - intoscana\",\"isPartOf\":{\"@id\":\"https:\/\/www.intoscana.it\/it\/#website\"},\"primaryImageOfPage\":{\"@id\":\"https:\/\/www.intoscana.it\/it\/regione-toscana-e-anci-insieme-contro-lo-spopolamento-della-montagna-rinnovato-laccordo\/#primaryimage\"},\"image\":{\"@id\":\"https:\/\/www.intoscana.it\/it\/regione-toscana-e-anci-insieme-contro-lo-spopolamento-della-montagna-rinnovato-laccordo\/#primaryimage\"},\"thumbnailUrl\":\"https:\/\/www.intoscana.it\/wp-content\/uploads\/natura-scaled.jpg\",\"datePublished\":\"2025-10-23T10:38:39+00:00\",\"dateModified\":\"2025-10-24T07:25:50+00:00\",\"author\":{\"@id\":\"https:\/\/www.intoscana.it\/it\/#\/schema\/person\/9223810753230f20bd670fdd322661f8\"},\"description\":\"L\u2019intesa prevede un contributo regionale di 105.000 euro e una compartecipazione di 10.500 euro da parte di ANCI Toscana\",\"breadcrumb\":{\"@id\":\"https:\/\/www.intoscana.it\/it\/regione-toscana-e-anci-insieme-contro-lo-spopolamento-della-montagna-rinnovato-laccordo\/#breadcrumb\"},\"inLanguage\":\"it-IT\",\"potentialAction\":[{\"@type\":\"ReadAction\",\"target\":[\"https:\/\/www.intoscana.it\/it\/regione-toscana-e-anci-insieme-contro-lo-spopolamento-della-montagna-rinnovato-laccordo\/\"]}]},{\"@type\":\"ImageObject\",\"inLanguage\":\"it-IT\",\"@id\":\"https:\/\/www.intoscana.it\/it\/regione-toscana-e-anci-insieme-contro-lo-spopolamento-della-montagna-rinnovato-laccordo\/#primaryimage\",\"url\":\"https:\/\/www.intoscana.it\/wp-content\/uploads\/natura-scaled.jpg\",\"contentUrl\":\"https:\/\/www.intoscana.it\/wp-content\/uploads\/natura-scaled.jpg\",\"width\":2048,\"height\":1356,\"caption\":\"Natura in Toscana, montagne in Toscana, montagna\"},{\"@type\":\"BreadcrumbList\",\"@id\":\"https:\/\/www.intoscana.it\/it\/regione-toscana-e-anci-insieme-contro-lo-spopolamento-della-montagna-rinnovato-laccordo\/#breadcrumb\",\"itemListElement\":[{\"@type\":\"ListItem\",\"position\":1,\"name\":\"Home\",\"item\":\"https:\/\/www.intoscana.it\/it\/\"},{\"@type\":\"ListItem\",\"position\":2,\"name\":\"Regione Toscana e ANCI insieme contro lo spopolamento della montagna: rinnovato l&#8217;accordo\"}]},{\"@type\":\"WebSite\",\"@id\":\"https:\/\/www.intoscana.it\/it\/#website\",\"url\":\"https:\/\/www.intoscana.it\/it\/\",\"name\":\"intoscana\",\"description\":\"\",\"potentialAction\":[{\"@type\":\"SearchAction\",\"target\":{\"@type\":\"EntryPoint\",\"urlTemplate\":\"https:\/\/www.intoscana.it\/it\/?s={search_term_string}\"},\"query-input\":{\"@type\":\"PropertyValueSpecification\",\"valueRequired\":true,\"valueName\":\"search_term_string\"}}],\"inLanguage\":\"it-IT\"},{\"@type\":\"Person\",\"@id\":\"https:\/\/www.intoscana.it\/it\/#\/schema\/person\/9223810753230f20bd670fdd322661f8\",\"name\":\"Redazione\",\"url\":\"https:\/\/www.intoscana.it\/it\/author\/redazione\/\"}]}<\/script>\n<!-- \/ Yoast SEO Premium plugin. -->","yoast_head_json":{"title":"Regione Toscana e ANCI insieme contro lo spopolamento della montagna: rinnovato l'accordo - intoscana","description":"L\u2019intesa prevede un contributo regionale di 105.000 euro e una compartecipazione di 10.500 euro da parte di ANCI Toscana","robots":{"index":"index","follow":"follow","max-snippet":"max-snippet:-1","max-image-preview":"max-image-preview:large","max-video-preview":"max-video-preview:-1"},"canonical":"https:\/\/www.intoscana.it\/it\/regione-toscana-e-anci-insieme-contro-lo-spopolamento-della-montagna-rinnovato-laccordo\/","og_locale":"it_IT","og_type":"article","og_title":"Regione Toscana e ANCI insieme contro lo spopolamento della montagna: rinnovato l'accordo","og_description":"L\u2019intesa prevede un contributo regionale di 105.000 euro e una compartecipazione di 10.500 euro da parte di ANCI Toscana","og_url":"https:\/\/www.intoscana.it\/it\/regione-toscana-e-anci-insieme-contro-lo-spopolamento-della-montagna-rinnovato-laccordo\/","og_site_name":"intoscana","article_publisher":"https:\/\/www.facebook.com\/intoscana.it","article_published_time":"2025-10-23T10:38:39+00:00","article_modified_time":"2025-10-24T07:25:50+00:00","og_image":[{"width":2048,"height":1356,"url":"https:\/\/www.intoscana.it\/wp-content\/uploads\/natura-scaled.jpg","type":"image\/jpeg"}],"author":"Redazione","twitter_card":"summary_large_image","twitter_creator":"@intoscana","twitter_site":"@intoscana","twitter_misc":{"Written by":"Redazione","Est. reading time":"3 minuti"},"schema":{"@context":"https:\/\/schema.org","@graph":[{"@type":"WebPage","@id":"https:\/\/www.intoscana.it\/it\/regione-toscana-e-anci-insieme-contro-lo-spopolamento-della-montagna-rinnovato-laccordo\/","url":"https:\/\/www.intoscana.it\/it\/regione-toscana-e-anci-insieme-contro-lo-spopolamento-della-montagna-rinnovato-laccordo\/","name":"Regione Toscana e ANCI insieme contro lo spopolamento della montagna: rinnovato l'accordo - intoscana","isPartOf":{"@id":"https:\/\/www.intoscana.it\/it\/#website"},"primaryImageOfPage":{"@id":"https:\/\/www.intoscana.it\/it\/regione-toscana-e-anci-insieme-contro-lo-spopolamento-della-montagna-rinnovato-laccordo\/#primaryimage"},"image":{"@id":"https:\/\/www.intoscana.it\/it\/regione-toscana-e-anci-insieme-contro-lo-spopolamento-della-montagna-rinnovato-laccordo\/#primaryimage"},"thumbnailUrl":"https:\/\/www.intoscana.it\/wp-content\/uploads\/natura-scaled.jpg","datePublished":"2025-10-23T10:38:39+00:00","dateModified":"2025-10-24T07:25:50+00:00","author":{"@id":"https:\/\/www.intoscana.it\/it\/#\/schema\/person\/9223810753230f20bd670fdd322661f8"},"description":"L\u2019intesa prevede un contributo regionale di 105.000 euro e una compartecipazione di 10.500 euro da parte di ANCI Toscana","breadcrumb":{"@id":"https:\/\/www.intoscana.it\/it\/regione-toscana-e-anci-insieme-contro-lo-spopolamento-della-montagna-rinnovato-laccordo\/#breadcrumb"},"inLanguage":"it-IT","potentialAction":[{"@type":"ReadAction","target":["https:\/\/www.intoscana.it\/it\/regione-toscana-e-anci-insieme-contro-lo-spopolamento-della-montagna-rinnovato-laccordo\/"]}]},{"@type":"ImageObject","inLanguage":"it-IT","@id":"https:\/\/www.intoscana.it\/it\/regione-toscana-e-anci-insieme-contro-lo-spopolamento-della-montagna-rinnovato-laccordo\/#primaryimage","url":"https:\/\/www.intoscana.it\/wp-content\/uploads\/natura-scaled.jpg","contentUrl":"https:\/\/www.intoscana.it\/wp-content\/uploads\/natura-scaled.jpg","width":2048,"height":1356,"caption":"Natura in Toscana, montagne in Toscana, montagna"},{"@type":"BreadcrumbList","@id":"https:\/\/www.intoscana.it\/it\/regione-toscana-e-anci-insieme-contro-lo-spopolamento-della-montagna-rinnovato-laccordo\/#breadcrumb","itemListElement":[{"@type":"ListItem","position":1,"name":"Home","item":"https:\/\/www.intoscana.it\/it\/"},{"@type":"ListItem","position":2,"name":"Regione Toscana e ANCI insieme contro lo spopolamento della montagna: rinnovato l&#8217;accordo"}]},{"@type":"WebSite","@id":"https:\/\/www.intoscana.it\/it\/#website","url":"https:\/\/www.intoscana.it\/it\/","name":"intoscana","description":"","potentialAction":[{"@type":"SearchAction","target":{"@type":"EntryPoint","urlTemplate":"https:\/\/www.intoscana.it\/it\/?s={search_term_string}"},"query-input":{"@type":"PropertyValueSpecification","valueRequired":true,"valueName":"search_term_string"}}],"inLanguage":"it-IT"},{"@type":"Person","@id":"https:\/\/www.intoscana.it\/it\/#\/schema\/person\/9223810753230f20bd670fdd322661f8","name":"Redazione","url":"https:\/\/www.intoscana.it\/it\/author\/redazione\/"}]}},"_links":{"self":[{"href":"https:\/\/www.intoscana.it\/it\/wp-json\/wp\/v2\/posts\/404698","targetHints":{"allow":["GET"]}}],"collection":[{"href":"https:\/\/www.intoscana.it\/it\/wp-json\/wp\/v2\/posts"}],"about":[{"href":"https:\/\/www.intoscana.it\/it\/wp-json\/wp\/v2\/types\/post"}],"author":[{"embeddable":true,"href":"https:\/\/www.intoscana.it\/it\/wp-json\/wp\/v2\/users\/525"}],"replies":[{"embeddable":true,"href":"https:\/\/www.intoscana.it\/it\/wp-json\/wp\/v2\/comments?post=404698"}],"version-history":[{"count":5,"href":"https:\/\/www.intoscana.it\/it\/wp-json\/wp\/v2\/posts\/404698\/revisions"}],"predecessor-version":[{"id":404803,"href":"https:\/\/www.intoscana.it\/it\/wp-json\/wp\/v2\/posts\/404698\/revisions\/404803"}],"wp:featuredmedia":[{"embeddable":true,"href":"https:\/\/www.intoscana.it\/it\/wp-json\/wp\/v2\/media\/282139"}],"wp:attachment":[{"href":"https:\/\/www.intoscana.it\/it\/wp-json\/wp\/v2\/media?parent=404698"}],"wp:term":[{"taxonomy":"category","embeddable":true,"href":"https:\/\/www.intoscana.it\/it\/wp-json\/wp\/v2\/categories?post=404698"},{"taxonomy":"post_tag","embeddable":true,"href":"https:\/\/www.intoscana.it\/it\/wp-json\/wp\/v2\/tags?post=404698"}],"curies":[{"name":"wp","href":"https:\/\/api.w.org\/{rel}","templated":true}]}}