{"id":404727,"date":"2025-10-23T14:00:31","date_gmt":"2025-10-23T12:00:31","guid":{"rendered":"https:\/\/www.intoscana.it\/it\/?p=404727"},"modified":"2025-10-23T14:00:50","modified_gmt":"2025-10-23T12:00:50","slug":"siena-incanta-cinque-settimane-di-eventi-per-festeggiare-il-natale-tra-arte-musica-teatro-e-tradizione","status":"publish","type":"post","link":"https:\/\/www.intoscana.it\/it\/siena-incanta-cinque-settimane-di-eventi-per-festeggiare-il-natale-tra-arte-musica-teatro-e-tradizione\/","title":{"rendered":"&#8220;Siena incanta&#8221;: cinque settimane di eventi per festeggiare il Natale tra arte, musica, teatro e tradizione"},"content":{"rendered":"<p><strong>Siena<\/strong> si prepara a vivere un <strong>Natale di pura magia<\/strong> con &#8220;<strong><em>Siena incanta&#8221;<\/em><\/strong> una\u00a0rassegna di eventi che<strong> dal 28 novembre al 6 gennaio<\/strong> trasformer\u00e0 la citt\u00e0 in un<strong> grande palcoscenico diffuso tra arte, musica, teatro e tradizione.<\/strong><\/p>\n<p>La manifestazione vuole celebrare i<strong> trent\u2019anni dal riconoscimento del centro storico<\/strong> della citt\u00e0 come <strong>Patrimonio Mondiale dell\u2019Umanit\u00e0 da parte dell\u2019UNESCO.<\/strong><\/p>\n<p>Tra gli ospiti annunciati spiccano<strong> IRAMA<\/strong>\u00a0 che sar\u00e0 il protagonista del <strong>concerto di Capodanno il 31 dicembre<\/strong> in piazza del Campo e <strong>Ofelia Passaponti, Miss Italia 2024<\/strong> scelta come Madrina ad incarnare la grazia, la bellezza e la vivacit\u00e0 che contraddistinguono la citt\u00e0 di Siena.<\/p>\n<p><strong>La sindaca di Siena Nicoletta Fabio<\/strong> ha dichiarato: \u201c<em>Sono orgogliosa di essere qui per presentare \u2018Siena Incanta. Il Natale tra cultura e meraviglia\u2019. Siena \u00e8 la mia citt\u00e0, ed \u00e8 un incanto. Un luogo in cui storia, arte e architettura si fondono in modo unico, dando vita a un\u2019atmosfera senza tempo, che trova il suo massimo splendore in Piazza del Campo, cuore pulsante della citt\u00e0, riconosciuta come uno degli esempi pi\u00f9 armoniosi di architettura urbanistica medievale. Siena non \u00e8 soltanto una citt\u00e0: \u00e8 un\u2019anima, un&#8217;identit\u00e0 collettiva, un tessuto vivo di storia, arte, tradizione e umanit\u00e0 in cui i cittadini senesi sono parte viva di una comunit\u00e0 che ha saputo custodire un patrimonio che tutto il mondo ci invidia. In questo scenario si inserisce il ricchissimo programma delle iniziative culturali, artistiche e di intrattenimento che arricchir\u00e0 il Natale di Siena 2025.\u201d<\/em><\/p>\n<h3>Siena incanta: il programma delle iniziative<\/h3>\n<p>Il cuore pulsante dell\u2019iniziativa sar\u00e0 ai <strong>Magazzini del Sale<\/strong>, dove due mostre accompagneranno i visitatori per tutto l\u2019inverno: l\u2019esposizione delle <strong>sculture di Alberto Sani<\/strong> e la<strong> Mostra Mercato dell\u2019Editoria di Contrada<\/strong>, aperte entrambe fino al 24 maggio 2026.<\/p>\n<p>Il programma teatrale promette emozioni per ogni et\u00e0. Al<strong> Teatro dei Rinnovati<\/strong> andranno in scena il classico<strong><em> \u201cSchiaccianoci\u201d<\/em><\/strong> (12\u201314 dicembre), <strong><em>\u201cLa Notte Incantata\u201d<\/em><\/strong> (20\u201321 dicembre) e l\u2019<strong>omaggio a Rudolf Nureyev<\/strong> (30 dicembre), seguiti dal travolgente spettacolo <strong><em>\u201cFire of Georgia\u201d<\/em><\/strong> (4 gennaio) e dal musical <strong><em>\u201cAlice nel Paese delle Meraviglie\u201d<\/em><\/strong> della Compagnia delle Formiche (16\u201318 gennaio).<\/p>\n<p>Le atmosfere natalizie si accenderanno il<strong> 1\u00b0 dicembre<\/strong> con <strong>l\u2019apertura dell\u2019anno contradaiolo, il corteo e la Messa in Cattedrale,<\/strong> seguiti dall\u2019accensione delle luminarie e dell\u2019albero di Natale nelle periferie.<\/p>\n<div class=\"titleimg\">\n<div class=\"titleimg\">\n<figure id=\"post-404735 media-404735\" class=\"align-none\"><img decoding=\"async\" src=\"https:\/\/www.intoscana.it\/wp-content\/uploads\/M.-Papi-V.-Bocciarelli-N.-Fabio-O.-Passaponti-M.-Guasconi-e-V.-Giunti-scaled.jpeg\" alt=\"\" \/><\/figure>\n<\/div>\n<\/div>\n<p>Nei giorni successivi, mercatini e fiere animeranno le piazze cittadine: il tradizionale <strong>Mercato nel Campo<\/strong> (6\u20138 dicembre), la <strong>Fiera di Santa Lucia<\/strong> (13 dicembre) e i <strong>mercatini \u201cCrea e Dimostra\u201d<\/strong> tra Piazza Indipendenza e Strada Massetana Romana.<\/p>\n<p>Per i pi\u00f9 piccoli e le famiglie, il <strong>Parco di Villa Rubini Manenti<\/strong> ospiter\u00e0 il <strong><em>\u201cNatale per famiglie<\/em><\/strong>\u201d (13 dicembre\u20135 gennaio), mentre la <strong>Cittadella del Divertimento alla Lizza<\/strong> offrir\u00e0 giochi e attrazioni fino all\u2019Epifania.<\/p>\n<p>Il <strong>17 dicembre<\/strong>, le Logge del Papa risuoneranno con le voci del coro gospel <strong>Washington Gospel Singers<\/strong>, e il 21 dicembre Piazza del Campo si trasformer\u00e0 in un teatro a cielo aperto per <strong><em>\u201cThe Golden Night \u2013 Christmas Musical<\/em><\/strong>\u201d.\u00a0<div class=\"focuson\"><a href=\"https:\/\/www.intoscana.it\/it\/mercatini-natale-toscana-2025\/\"><img decoding=\"async\" class=\"lazy\" src=\"https:\/\/www.intoscana.it\/wp-content\/uploads\/ChatGPT-Image-13-ott-2025-11_36_18.jpg\" style=\"\">\n                <div class=\"cat\">Mercatini di Natale<\/div>\n                <h4>Tutti gli appuntamenti <\/h4><\/a>\n              <\/div><\/p>\n<p>Gran finale per San Silvestro con il<strong> concerto di Irama,<\/strong> presentato da Samira Lui, e l\u2019immancabile <strong>Concerto di Capodanno al Teatro dei Rinnovati il 1\u00b0 gennaio.<\/strong><\/p>\n<p>A chiudere le festivit\u00e0, il 6 gennaio, la tradizionale<strong> Befana dei Pompieri in Piazza del Campo.<\/strong><\/p>\n<p><strong>A Natale Siena rinnova il suo spirito di festa<\/strong> e condivisione, intrecciando arte, cultura e solidariet\u00e0 in<strong> un abbraccio che illumina tutta la citt\u00e0.<\/strong><\/p>\n<figure id=\"post-404730 media-404730\" class=\"align-none\"><img decoding=\"async\" src=\"https:\/\/www.intoscana.it\/wp-content\/uploads\/IRAMA_C.jpeg\" alt=\"\" \/><\/figure>\n<div class=\"titleimg\"><\/div>\n","protected":false},"excerpt":{"rendered":"<p>Il 1\u00b0 dicembre al via un ricco programma di iniziative che culminer\u00e0 con il concerto di Capodanno in piazza del Campo di Irama, madrina speciale della manifestazione Ofelia Passaponti Miss Italia 2024<\/p>\n","protected":false},"author":518,"featured_media":404728,"comment_status":"open","ping_status":"open","sticky":false,"template":"","format":"standard","meta":{"_acf_changed":false,"footnotes":""},"categories":[6],"tags":[409,164],"class_list":["post-404727","post","type-post","status-publish","format-standard","has-post-thumbnail","hentry","category-viaggi","tag-natale","tag-siena"],"acf":[],"yoast_head":"<!-- This site is optimized with the Yoast SEO Premium plugin v24.2 (Yoast SEO v25.6) - https:\/\/yoast.com\/wordpress\/plugins\/seo\/ -->\n<title>&quot;Siena incanta&quot;: cinque settimane di eventi per festeggiare il Natale tra arte, musica, teatro e tradizione - intoscana<\/title>\n<meta name=\"description\" content=\"Il 1\u00b0 dicembre al via un ricco programma di iniziative che culminer\u00e0 con il concerto di Capodanno in piazza del Campo di Irama\" \/>\n<meta name=\"robots\" content=\"index, follow, max-snippet:-1, max-image-preview:large, max-video-preview:-1\" \/>\n<link rel=\"canonical\" href=\"https:\/\/www.intoscana.it\/it\/siena-incanta-cinque-settimane-di-eventi-per-festeggiare-il-natale-tra-arte-musica-teatro-e-tradizione\/\" \/>\n<meta property=\"og:locale\" content=\"it_IT\" \/>\n<meta property=\"og:type\" content=\"article\" \/>\n<meta property=\"og:title\" content=\"&quot;Siena incanta&quot;: cinque settimane di eventi per festeggiare il Natale tra arte, musica, teatro e tradizione\" \/>\n<meta property=\"og:description\" content=\"Il 1\u00b0 dicembre al via un ricco programma di iniziative che culminer\u00e0 con il concerto di Capodanno in piazza del Campo di Irama\" \/>\n<meta property=\"og:url\" content=\"https:\/\/www.intoscana.it\/it\/siena-incanta-cinque-settimane-di-eventi-per-festeggiare-il-natale-tra-arte-musica-teatro-e-tradizione\/\" \/>\n<meta property=\"og:site_name\" content=\"intoscana\" \/>\n<meta property=\"article:publisher\" content=\"https:\/\/www.facebook.com\/intoscana.it\" \/>\n<meta property=\"article:published_time\" content=\"2025-10-23T12:00:31+00:00\" \/>\n<meta property=\"article:modified_time\" content=\"2025-10-23T12:00:50+00:00\" \/>\n<meta property=\"og:image\" content=\"https:\/\/www.intoscana.it\/wp-content\/uploads\/Poster-Siena-Incanta-scaled.jpg\" \/>\n\t<meta property=\"og:image:width\" content=\"2048\" \/>\n\t<meta property=\"og:image:height\" content=\"1341\" \/>\n\t<meta property=\"og:image:type\" content=\"image\/jpeg\" \/>\n<meta name=\"author\" content=\"Costanza Baldini\" \/>\n<meta name=\"twitter:card\" content=\"summary_large_image\" \/>\n<meta name=\"twitter:creator\" content=\"@intoscana\" \/>\n<meta name=\"twitter:site\" content=\"@intoscana\" \/>\n<meta name=\"twitter:label1\" content=\"Written by\" \/>\n\t<meta name=\"twitter:data1\" content=\"Costanza Baldini\" \/>\n\t<meta name=\"twitter:label2\" content=\"Est. reading time\" \/>\n\t<meta name=\"twitter:data2\" content=\"4 minuti\" \/>\n<script type=\"application\/ld+json\" class=\"yoast-schema-graph\">{\"@context\":\"https:\/\/schema.org\",\"@graph\":[{\"@type\":\"WebPage\",\"@id\":\"https:\/\/www.intoscana.it\/it\/siena-incanta-cinque-settimane-di-eventi-per-festeggiare-il-natale-tra-arte-musica-teatro-e-tradizione\/\",\"url\":\"https:\/\/www.intoscana.it\/it\/siena-incanta-cinque-settimane-di-eventi-per-festeggiare-il-natale-tra-arte-musica-teatro-e-tradizione\/\",\"name\":\"\\\"Siena incanta\\\": cinque settimane di eventi per festeggiare il Natale tra arte, musica, teatro e tradizione - intoscana\",\"isPartOf\":{\"@id\":\"https:\/\/www.intoscana.it\/it\/#website\"},\"primaryImageOfPage\":{\"@id\":\"https:\/\/www.intoscana.it\/it\/siena-incanta-cinque-settimane-di-eventi-per-festeggiare-il-natale-tra-arte-musica-teatro-e-tradizione\/#primaryimage\"},\"image\":{\"@id\":\"https:\/\/www.intoscana.it\/it\/siena-incanta-cinque-settimane-di-eventi-per-festeggiare-il-natale-tra-arte-musica-teatro-e-tradizione\/#primaryimage\"},\"thumbnailUrl\":\"https:\/\/www.intoscana.it\/wp-content\/uploads\/Poster-Siena-Incanta-scaled.jpg\",\"datePublished\":\"2025-10-23T12:00:31+00:00\",\"dateModified\":\"2025-10-23T12:00:50+00:00\",\"author\":{\"@id\":\"https:\/\/www.intoscana.it\/it\/#\/schema\/person\/d469f35f09739bdf00bf5dd3f0647a82\"},\"description\":\"Il 1\u00b0 dicembre al via un ricco programma di iniziative che culminer\u00e0 con il concerto di Capodanno in piazza del Campo di Irama\",\"breadcrumb\":{\"@id\":\"https:\/\/www.intoscana.it\/it\/siena-incanta-cinque-settimane-di-eventi-per-festeggiare-il-natale-tra-arte-musica-teatro-e-tradizione\/#breadcrumb\"},\"inLanguage\":\"it-IT\",\"potentialAction\":[{\"@type\":\"ReadAction\",\"target\":[\"https:\/\/www.intoscana.it\/it\/siena-incanta-cinque-settimane-di-eventi-per-festeggiare-il-natale-tra-arte-musica-teatro-e-tradizione\/\"]}]},{\"@type\":\"ImageObject\",\"inLanguage\":\"it-IT\",\"@id\":\"https:\/\/www.intoscana.it\/it\/siena-incanta-cinque-settimane-di-eventi-per-festeggiare-il-natale-tra-arte-musica-teatro-e-tradizione\/#primaryimage\",\"url\":\"https:\/\/www.intoscana.it\/wp-content\/uploads\/Poster-Siena-Incanta-scaled.jpg\",\"contentUrl\":\"https:\/\/www.intoscana.it\/wp-content\/uploads\/Poster-Siena-Incanta-scaled.jpg\",\"width\":2048,\"height\":1341},{\"@type\":\"BreadcrumbList\",\"@id\":\"https:\/\/www.intoscana.it\/it\/siena-incanta-cinque-settimane-di-eventi-per-festeggiare-il-natale-tra-arte-musica-teatro-e-tradizione\/#breadcrumb\",\"itemListElement\":[{\"@type\":\"ListItem\",\"position\":1,\"name\":\"Home\",\"item\":\"https:\/\/www.intoscana.it\/it\/\"},{\"@type\":\"ListItem\",\"position\":2,\"name\":\"&#8220;Siena incanta&#8221;: cinque settimane di eventi per festeggiare il Natale tra arte, musica, teatro e tradizione\"}]},{\"@type\":\"WebSite\",\"@id\":\"https:\/\/www.intoscana.it\/it\/#website\",\"url\":\"https:\/\/www.intoscana.it\/it\/\",\"name\":\"intoscana\",\"description\":\"\",\"potentialAction\":[{\"@type\":\"SearchAction\",\"target\":{\"@type\":\"EntryPoint\",\"urlTemplate\":\"https:\/\/www.intoscana.it\/it\/?s={search_term_string}\"},\"query-input\":{\"@type\":\"PropertyValueSpecification\",\"valueRequired\":true,\"valueName\":\"search_term_string\"}}],\"inLanguage\":\"it-IT\"},{\"@type\":\"Person\",\"@id\":\"https:\/\/www.intoscana.it\/it\/#\/schema\/person\/d469f35f09739bdf00bf5dd3f0647a82\",\"name\":\"Costanza Baldini\",\"url\":\"https:\/\/www.intoscana.it\/it\/author\/costanza-baldini\/\"}]}<\/script>\n<!-- \/ Yoast SEO Premium plugin. -->","yoast_head_json":{"title":"\"Siena incanta\": cinque settimane di eventi per festeggiare il Natale tra arte, musica, teatro e tradizione - intoscana","description":"Il 1\u00b0 dicembre al via un ricco programma di iniziative che culminer\u00e0 con il concerto di Capodanno in piazza del Campo di Irama","robots":{"index":"index","follow":"follow","max-snippet":"max-snippet:-1","max-image-preview":"max-image-preview:large","max-video-preview":"max-video-preview:-1"},"canonical":"https:\/\/www.intoscana.it\/it\/siena-incanta-cinque-settimane-di-eventi-per-festeggiare-il-natale-tra-arte-musica-teatro-e-tradizione\/","og_locale":"it_IT","og_type":"article","og_title":"\"Siena incanta\": cinque settimane di eventi per festeggiare il Natale tra arte, musica, teatro e tradizione","og_description":"Il 1\u00b0 dicembre al via un ricco programma di iniziative che culminer\u00e0 con il concerto di Capodanno in piazza del Campo di Irama","og_url":"https:\/\/www.intoscana.it\/it\/siena-incanta-cinque-settimane-di-eventi-per-festeggiare-il-natale-tra-arte-musica-teatro-e-tradizione\/","og_site_name":"intoscana","article_publisher":"https:\/\/www.facebook.com\/intoscana.it","article_published_time":"2025-10-23T12:00:31+00:00","article_modified_time":"2025-10-23T12:00:50+00:00","og_image":[{"width":2048,"height":1341,"url":"https:\/\/www.intoscana.it\/wp-content\/uploads\/Poster-Siena-Incanta-scaled.jpg","type":"image\/jpeg"}],"author":"Costanza Baldini","twitter_card":"summary_large_image","twitter_creator":"@intoscana","twitter_site":"@intoscana","twitter_misc":{"Written by":"Costanza Baldini","Est. reading time":"4 minuti"},"schema":{"@context":"https:\/\/schema.org","@graph":[{"@type":"WebPage","@id":"https:\/\/www.intoscana.it\/it\/siena-incanta-cinque-settimane-di-eventi-per-festeggiare-il-natale-tra-arte-musica-teatro-e-tradizione\/","url":"https:\/\/www.intoscana.it\/it\/siena-incanta-cinque-settimane-di-eventi-per-festeggiare-il-natale-tra-arte-musica-teatro-e-tradizione\/","name":"\"Siena incanta\": cinque settimane di eventi per festeggiare il Natale tra arte, musica, teatro e tradizione - intoscana","isPartOf":{"@id":"https:\/\/www.intoscana.it\/it\/#website"},"primaryImageOfPage":{"@id":"https:\/\/www.intoscana.it\/it\/siena-incanta-cinque-settimane-di-eventi-per-festeggiare-il-natale-tra-arte-musica-teatro-e-tradizione\/#primaryimage"},"image":{"@id":"https:\/\/www.intoscana.it\/it\/siena-incanta-cinque-settimane-di-eventi-per-festeggiare-il-natale-tra-arte-musica-teatro-e-tradizione\/#primaryimage"},"thumbnailUrl":"https:\/\/www.intoscana.it\/wp-content\/uploads\/Poster-Siena-Incanta-scaled.jpg","datePublished":"2025-10-23T12:00:31+00:00","dateModified":"2025-10-23T12:00:50+00:00","author":{"@id":"https:\/\/www.intoscana.it\/it\/#\/schema\/person\/d469f35f09739bdf00bf5dd3f0647a82"},"description":"Il 1\u00b0 dicembre al via un ricco programma di iniziative che culminer\u00e0 con il concerto di Capodanno in piazza del Campo di Irama","breadcrumb":{"@id":"https:\/\/www.intoscana.it\/it\/siena-incanta-cinque-settimane-di-eventi-per-festeggiare-il-natale-tra-arte-musica-teatro-e-tradizione\/#breadcrumb"},"inLanguage":"it-IT","potentialAction":[{"@type":"ReadAction","target":["https:\/\/www.intoscana.it\/it\/siena-incanta-cinque-settimane-di-eventi-per-festeggiare-il-natale-tra-arte-musica-teatro-e-tradizione\/"]}]},{"@type":"ImageObject","inLanguage":"it-IT","@id":"https:\/\/www.intoscana.it\/it\/siena-incanta-cinque-settimane-di-eventi-per-festeggiare-il-natale-tra-arte-musica-teatro-e-tradizione\/#primaryimage","url":"https:\/\/www.intoscana.it\/wp-content\/uploads\/Poster-Siena-Incanta-scaled.jpg","contentUrl":"https:\/\/www.intoscana.it\/wp-content\/uploads\/Poster-Siena-Incanta-scaled.jpg","width":2048,"height":1341},{"@type":"BreadcrumbList","@id":"https:\/\/www.intoscana.it\/it\/siena-incanta-cinque-settimane-di-eventi-per-festeggiare-il-natale-tra-arte-musica-teatro-e-tradizione\/#breadcrumb","itemListElement":[{"@type":"ListItem","position":1,"name":"Home","item":"https:\/\/www.intoscana.it\/it\/"},{"@type":"ListItem","position":2,"name":"&#8220;Siena incanta&#8221;: cinque settimane di eventi per festeggiare il Natale tra arte, musica, teatro e tradizione"}]},{"@type":"WebSite","@id":"https:\/\/www.intoscana.it\/it\/#website","url":"https:\/\/www.intoscana.it\/it\/","name":"intoscana","description":"","potentialAction":[{"@type":"SearchAction","target":{"@type":"EntryPoint","urlTemplate":"https:\/\/www.intoscana.it\/it\/?s={search_term_string}"},"query-input":{"@type":"PropertyValueSpecification","valueRequired":true,"valueName":"search_term_string"}}],"inLanguage":"it-IT"},{"@type":"Person","@id":"https:\/\/www.intoscana.it\/it\/#\/schema\/person\/d469f35f09739bdf00bf5dd3f0647a82","name":"Costanza Baldini","url":"https:\/\/www.intoscana.it\/it\/author\/costanza-baldini\/"}]}},"_links":{"self":[{"href":"https:\/\/www.intoscana.it\/it\/wp-json\/wp\/v2\/posts\/404727","targetHints":{"allow":["GET"]}}],"collection":[{"href":"https:\/\/www.intoscana.it\/it\/wp-json\/wp\/v2\/posts"}],"about":[{"href":"https:\/\/www.intoscana.it\/it\/wp-json\/wp\/v2\/types\/post"}],"author":[{"embeddable":true,"href":"https:\/\/www.intoscana.it\/it\/wp-json\/wp\/v2\/users\/518"}],"replies":[{"embeddable":true,"href":"https:\/\/www.intoscana.it\/it\/wp-json\/wp\/v2\/comments?post=404727"}],"version-history":[{"count":5,"href":"https:\/\/www.intoscana.it\/it\/wp-json\/wp\/v2\/posts\/404727\/revisions"}],"predecessor-version":[{"id":404737,"href":"https:\/\/www.intoscana.it\/it\/wp-json\/wp\/v2\/posts\/404727\/revisions\/404737"}],"wp:featuredmedia":[{"embeddable":true,"href":"https:\/\/www.intoscana.it\/it\/wp-json\/wp\/v2\/media\/404728"}],"wp:attachment":[{"href":"https:\/\/www.intoscana.it\/it\/wp-json\/wp\/v2\/media?parent=404727"}],"wp:term":[{"taxonomy":"category","embeddable":true,"href":"https:\/\/www.intoscana.it\/it\/wp-json\/wp\/v2\/categories?post=404727"},{"taxonomy":"post_tag","embeddable":true,"href":"https:\/\/www.intoscana.it\/it\/wp-json\/wp\/v2\/tags?post=404727"}],"curies":[{"name":"wp","href":"https:\/\/api.w.org\/{rel}","templated":true}]}}