{"id":404804,"date":"2025-10-24T10:36:31","date_gmt":"2025-10-24T08:36:31","guid":{"rendered":"https:\/\/www.intoscana.it\/it\/?p=404804"},"modified":"2025-10-27T11:17:57","modified_gmt":"2025-10-27T10:17:57","slug":"ciclismo-vittoria-guazzini-e-oro-mondiale-nellinseguimento-a-squadre","status":"publish","type":"post","link":"https:\/\/www.intoscana.it\/it\/ciclismo-vittoria-guazzini-e-oro-mondiale-nellinseguimento-a-squadre\/","title":{"rendered":"Ciclismo su pista, Vittoria Guazzini \u00e8 oro mondiale nell\u2019inseguimento a squadre"},"content":{"rendered":"<p>L\u2019urlo d\u2019oro del ciclismo azzurro arriva nella notte italiana dal Vel\u00f3dromo Pe\u00f1alol\u00e9n di Santiago del Cile. Il quartetto composto da <strong>Martina Fidanza, Martina Alzini, Chiara Consonni, Federica Venturelli e Vittoria Guazzini<\/strong> ha conquistato il titolo mondiale nell\u2019inseguimento a squadre femminile, riportando in Italia la maglia iridata tre anni dopo la prima, storica vittoria del 2022.<\/p>\n<p>Una gara intensa, vibrante, in cui nulla \u00e8 stato scontato. Dopo aver ottenuto il miglior tempo in qualifica, le azzurre si sono imposte in semifinale sull\u2019Australia con 4:11.101, per poi affrontare la <strong>Germania<\/strong> in una finale dal grande equilibrio. Le tedesche, scese in pista con il miglior crono del primo turno, sono partite forti, ma l\u2019Italia ha saputo rimontare nella parte centrale della prova, chiudendo in <strong>4:09.569<\/strong> contro i <strong>4:09.951<\/strong> delle avversarie. Bronzo alla Gran Bretagna.<\/p>\n<p>Per l\u2019Italia si tratta del <strong>secondo titolo mondiale assoluto<\/strong> nella specialit\u00e0, dopo quello del 2022, cui si aggiunge il bronzo conquistato lo scorso anno.<\/p>\n<figure id=\"post-404808 media-404808\" class=\"align-none\"><img decoding=\"async\" src=\"https:\/\/www.intoscana.it\/wp-content\/uploads\/maglia-iridata-scaled-1-scaled.avif\" alt=\"\" \/><\/figure>\n<div class=\"titleimg\">\u00a9 FCI<\/div>\n<h3>Guazzini: \u201cIn finale abbiamo corso con il cuore\u201d<\/h3>\n<p>Tra le protagoniste del successo c\u2019\u00e8 <strong>Vittoria Guazzini<\/strong>, classe 2000, originaria di Poggio a Caiano, da anni punto fermo del gruppo azzurro.<br \/>\n&#8220;<em>\u00c8 stata un\u2019emozione incredibile<\/em> \u2013 ha raccontato a fine gara \u2013. <em>Forse mentre ero in pista non me la sono goduta appieno perch\u00e9 ero davvero a tutta, ma ci voleva. Ci credevamo tantissimo e, da un certo punto della stagione in poi, abbiamo deciso insieme ai tecnici di ritagliarci giorni di lavoro comune: nessuna si \u00e8 mai tirata indietro. Questa vittoria \u00e8 il frutto di quell\u2019impegno condiviso<\/em>&#8220;.<\/p>\n<p>La toscana, reduce anche dal titolo olimpico nella Madison con Consonni, ha sottolineato la forza del gruppo e la sintonia tra le compagne: &#8220;<em>In finale <strong>si corre davvero con il cuore<\/strong>. L\u2019ultimo giro non so neanche io con cosa ho spinto: non mi era mai capitato di dare il cambio a met\u00e0 pista e poi continuare fino all\u2019arrivo. Questo dimostra l\u2019unit\u00e0 che c\u2019\u00e8 fra di noi: <strong>basta uno sguardo per capirsi<\/strong><\/em>&#8220;.<\/p>\n<figure id=\"post-404807 media-404807\" class=\"align-none\"><img decoding=\"async\" src=\"https:\/\/www.intoscana.it\/wp-content\/uploads\/guazzini-monndiali-ciclismo-pista-1.jpg\" alt=\"\" \/><\/figure>\n<div class=\"titleimg\">\u00a9 Alex Whitehead\/SWpix.com<\/div>\n<h3>L\u2019Italia del futuro \u00e8 gi\u00e0 qui<\/h3>\n<p>Il tecnico <strong>Marco Villa<\/strong>, che ha guidato le azzurre a bordo pista in assenza di Diego Bragato (rimasto in Italia per la nascita della figlia), ha elogiato il gruppo: &#8220;<em>Le nostre ragazze sono state bravissime. Abbiamo un team giovane ma gi\u00e0 molto esperto: l\u2019inserimento di Venturelli \u00e8 stato importante, insieme a Guazzini, Fidanza, Alzini e Consonni. A casa abbiamo anche Balsamo e Paternoster, quindi guardiamo con fiducia alle Olimpiadi<\/em>&#8220;.<\/p>\n<p>Per <strong>Vittoria Guazzini<\/strong> il programma di gare ai Mondiali non si esaurisce con questa medaglia, oggi, 24 ottobre, c&#8217;\u00e8 in programma l&#8217;Omnium e poi la vedremo nuovamente in pista nella Madison con Chiara Consonni, disciplina dove sono campionesse olimpiche in carica.<\/p>\n","protected":false},"excerpt":{"rendered":"<p>A Santiago del Cile le azzurre tornano sul tetto del mondo tre anni dopo il primo storico trionfo. La toscana di Poggio a Caiano tra le protagoniste di una finale emozionante contro la Germania<\/p>\n","protected":false},"author":507,"featured_media":404806,"comment_status":"open","ping_status":"open","sticky":false,"template":"","format":"standard","meta":{"_acf_changed":false,"footnotes":""},"categories":[494],"tags":[391,159,6789],"class_list":["post-404804","post","type-post","status-publish","format-standard","has-post-thumbnail","hentry","category-attualita","tag-ciclismo","tag-sport","tag-vittoria-guazzini"],"acf":[],"yoast_head":"<!-- This site is optimized with the Yoast SEO Premium plugin v24.2 (Yoast SEO v25.6) - https:\/\/yoast.com\/wordpress\/plugins\/seo\/ -->\n<title>Ciclismo su pista, Vittoria Guazzini \u00e8 oro mondiale nell\u2019inseguimento a squadre - intoscana<\/title>\n<meta name=\"robots\" content=\"index, follow, max-snippet:-1, max-image-preview:large, max-video-preview:-1\" \/>\n<link rel=\"canonical\" href=\"https:\/\/www.intoscana.it\/it\/ciclismo-vittoria-guazzini-e-oro-mondiale-nellinseguimento-a-squadre\/\" \/>\n<meta property=\"og:locale\" content=\"it_IT\" \/>\n<meta property=\"og:type\" content=\"article\" \/>\n<meta property=\"og:title\" content=\"Ciclismo su pista, Vittoria Guazzini \u00e8 oro mondiale nell\u2019inseguimento a squadre\" \/>\n<meta property=\"og:description\" content=\"A Santiago del Cile le azzurre tornano sul tetto del mondo tre anni dopo il primo storico trionfo. La toscana di Poggio a Caiano tra le protagoniste di una finale emozionante contro la Germania\" \/>\n<meta property=\"og:url\" content=\"https:\/\/www.intoscana.it\/it\/ciclismo-vittoria-guazzini-e-oro-mondiale-nellinseguimento-a-squadre\/\" \/>\n<meta property=\"og:site_name\" content=\"intoscana\" \/>\n<meta property=\"article:publisher\" content=\"https:\/\/www.facebook.com\/intoscana.it\" \/>\n<meta property=\"article:published_time\" content=\"2025-10-24T08:36:31+00:00\" \/>\n<meta property=\"article:modified_time\" content=\"2025-10-27T10:17:57+00:00\" \/>\n<meta property=\"og:image\" content=\"https:\/\/www.intoscana.it\/wp-content\/uploads\/guazzini-monndiali-ciclismo-pista-3.jpg\" \/>\n\t<meta property=\"og:image:width\" content=\"1080\" \/>\n\t<meta property=\"og:image:height\" content=\"720\" \/>\n\t<meta property=\"og:image:type\" content=\"image\/jpeg\" \/>\n<meta name=\"author\" content=\"Chiara Bianchini\" \/>\n<meta name=\"twitter:card\" content=\"summary_large_image\" \/>\n<meta name=\"twitter:creator\" content=\"@intoscana\" \/>\n<meta name=\"twitter:site\" content=\"@intoscana\" \/>\n<meta name=\"twitter:label1\" content=\"Written by\" \/>\n\t<meta name=\"twitter:data1\" content=\"Chiara Bianchini\" \/>\n\t<meta name=\"twitter:label2\" content=\"Est. reading time\" \/>\n\t<meta name=\"twitter:data2\" content=\"3 minuti\" \/>\n<script type=\"application\/ld+json\" class=\"yoast-schema-graph\">{\"@context\":\"https:\/\/schema.org\",\"@graph\":[{\"@type\":\"WebPage\",\"@id\":\"https:\/\/www.intoscana.it\/it\/ciclismo-vittoria-guazzini-e-oro-mondiale-nellinseguimento-a-squadre\/\",\"url\":\"https:\/\/www.intoscana.it\/it\/ciclismo-vittoria-guazzini-e-oro-mondiale-nellinseguimento-a-squadre\/\",\"name\":\"Ciclismo su pista, Vittoria Guazzini \u00e8 oro mondiale nell\u2019inseguimento a squadre - intoscana\",\"isPartOf\":{\"@id\":\"https:\/\/www.intoscana.it\/it\/#website\"},\"primaryImageOfPage\":{\"@id\":\"https:\/\/www.intoscana.it\/it\/ciclismo-vittoria-guazzini-e-oro-mondiale-nellinseguimento-a-squadre\/#primaryimage\"},\"image\":{\"@id\":\"https:\/\/www.intoscana.it\/it\/ciclismo-vittoria-guazzini-e-oro-mondiale-nellinseguimento-a-squadre\/#primaryimage\"},\"thumbnailUrl\":\"https:\/\/www.intoscana.it\/wp-content\/uploads\/guazzini-monndiali-ciclismo-pista-3.jpg\",\"datePublished\":\"2025-10-24T08:36:31+00:00\",\"dateModified\":\"2025-10-27T10:17:57+00:00\",\"author\":{\"@id\":\"https:\/\/www.intoscana.it\/it\/#\/schema\/person\/010af92117f50561886339ad5b873a41\"},\"breadcrumb\":{\"@id\":\"https:\/\/www.intoscana.it\/it\/ciclismo-vittoria-guazzini-e-oro-mondiale-nellinseguimento-a-squadre\/#breadcrumb\"},\"inLanguage\":\"it-IT\",\"potentialAction\":[{\"@type\":\"ReadAction\",\"target\":[\"https:\/\/www.intoscana.it\/it\/ciclismo-vittoria-guazzini-e-oro-mondiale-nellinseguimento-a-squadre\/\"]}]},{\"@type\":\"ImageObject\",\"inLanguage\":\"it-IT\",\"@id\":\"https:\/\/www.intoscana.it\/it\/ciclismo-vittoria-guazzini-e-oro-mondiale-nellinseguimento-a-squadre\/#primaryimage\",\"url\":\"https:\/\/www.intoscana.it\/wp-content\/uploads\/guazzini-monndiali-ciclismo-pista-3.jpg\",\"contentUrl\":\"https:\/\/www.intoscana.it\/wp-content\/uploads\/guazzini-monndiali-ciclismo-pista-3.jpg\",\"width\":1080,\"height\":720,\"caption\":\"Picture by Alex Whitehead\/SWpix.com - 23\/10\/2025 - Cycling - 2025 Tissot UCI Track World Championships - Vel\u00f3dromo Pe\u00f1alol\u00e9n, Santiago, Chile - Women\u2019s Team Pursuit - Final for Gold - Vittoria Guazzini (Italy), Martina Fidanza (Italy), Chiara Consonni (Italy), Federica Venturelli (Italy), Martina Alzini (Italy) Celabrate winning the Women\u2019s Team Pursuit to become World Champions\"},{\"@type\":\"BreadcrumbList\",\"@id\":\"https:\/\/www.intoscana.it\/it\/ciclismo-vittoria-guazzini-e-oro-mondiale-nellinseguimento-a-squadre\/#breadcrumb\",\"itemListElement\":[{\"@type\":\"ListItem\",\"position\":1,\"name\":\"Home\",\"item\":\"https:\/\/www.intoscana.it\/it\/\"},{\"@type\":\"ListItem\",\"position\":2,\"name\":\"Ciclismo su pista, Vittoria Guazzini \u00e8 oro mondiale nell\u2019inseguimento a squadre\"}]},{\"@type\":\"WebSite\",\"@id\":\"https:\/\/www.intoscana.it\/it\/#website\",\"url\":\"https:\/\/www.intoscana.it\/it\/\",\"name\":\"intoscana\",\"description\":\"\",\"potentialAction\":[{\"@type\":\"SearchAction\",\"target\":{\"@type\":\"EntryPoint\",\"urlTemplate\":\"https:\/\/www.intoscana.it\/it\/?s={search_term_string}\"},\"query-input\":{\"@type\":\"PropertyValueSpecification\",\"valueRequired\":true,\"valueName\":\"search_term_string\"}}],\"inLanguage\":\"it-IT\"},{\"@type\":\"Person\",\"@id\":\"https:\/\/www.intoscana.it\/it\/#\/schema\/person\/010af92117f50561886339ad5b873a41\",\"name\":\"Chiara Bianchini\",\"sameAs\":[\"c.bianchini@fst.it\"],\"url\":\"https:\/\/www.intoscana.it\/it\/author\/chiara-bianchini\/\"}]}<\/script>\n<!-- \/ Yoast SEO Premium plugin. -->","yoast_head_json":{"title":"Ciclismo su pista, Vittoria Guazzini \u00e8 oro mondiale nell\u2019inseguimento a squadre - intoscana","robots":{"index":"index","follow":"follow","max-snippet":"max-snippet:-1","max-image-preview":"max-image-preview:large","max-video-preview":"max-video-preview:-1"},"canonical":"https:\/\/www.intoscana.it\/it\/ciclismo-vittoria-guazzini-e-oro-mondiale-nellinseguimento-a-squadre\/","og_locale":"it_IT","og_type":"article","og_title":"Ciclismo su pista, Vittoria Guazzini \u00e8 oro mondiale nell\u2019inseguimento a squadre","og_description":"A Santiago del Cile le azzurre tornano sul tetto del mondo tre anni dopo il primo storico trionfo. La toscana di Poggio a Caiano tra le protagoniste di una finale emozionante contro la Germania","og_url":"https:\/\/www.intoscana.it\/it\/ciclismo-vittoria-guazzini-e-oro-mondiale-nellinseguimento-a-squadre\/","og_site_name":"intoscana","article_publisher":"https:\/\/www.facebook.com\/intoscana.it","article_published_time":"2025-10-24T08:36:31+00:00","article_modified_time":"2025-10-27T10:17:57+00:00","og_image":[{"width":1080,"height":720,"url":"https:\/\/www.intoscana.it\/wp-content\/uploads\/guazzini-monndiali-ciclismo-pista-3.jpg","type":"image\/jpeg"}],"author":"Chiara Bianchini","twitter_card":"summary_large_image","twitter_creator":"@intoscana","twitter_site":"@intoscana","twitter_misc":{"Written by":"Chiara Bianchini","Est. reading time":"3 minuti"},"schema":{"@context":"https:\/\/schema.org","@graph":[{"@type":"WebPage","@id":"https:\/\/www.intoscana.it\/it\/ciclismo-vittoria-guazzini-e-oro-mondiale-nellinseguimento-a-squadre\/","url":"https:\/\/www.intoscana.it\/it\/ciclismo-vittoria-guazzini-e-oro-mondiale-nellinseguimento-a-squadre\/","name":"Ciclismo su pista, Vittoria Guazzini \u00e8 oro mondiale nell\u2019inseguimento a squadre - intoscana","isPartOf":{"@id":"https:\/\/www.intoscana.it\/it\/#website"},"primaryImageOfPage":{"@id":"https:\/\/www.intoscana.it\/it\/ciclismo-vittoria-guazzini-e-oro-mondiale-nellinseguimento-a-squadre\/#primaryimage"},"image":{"@id":"https:\/\/www.intoscana.it\/it\/ciclismo-vittoria-guazzini-e-oro-mondiale-nellinseguimento-a-squadre\/#primaryimage"},"thumbnailUrl":"https:\/\/www.intoscana.it\/wp-content\/uploads\/guazzini-monndiali-ciclismo-pista-3.jpg","datePublished":"2025-10-24T08:36:31+00:00","dateModified":"2025-10-27T10:17:57+00:00","author":{"@id":"https:\/\/www.intoscana.it\/it\/#\/schema\/person\/010af92117f50561886339ad5b873a41"},"breadcrumb":{"@id":"https:\/\/www.intoscana.it\/it\/ciclismo-vittoria-guazzini-e-oro-mondiale-nellinseguimento-a-squadre\/#breadcrumb"},"inLanguage":"it-IT","potentialAction":[{"@type":"ReadAction","target":["https:\/\/www.intoscana.it\/it\/ciclismo-vittoria-guazzini-e-oro-mondiale-nellinseguimento-a-squadre\/"]}]},{"@type":"ImageObject","inLanguage":"it-IT","@id":"https:\/\/www.intoscana.it\/it\/ciclismo-vittoria-guazzini-e-oro-mondiale-nellinseguimento-a-squadre\/#primaryimage","url":"https:\/\/www.intoscana.it\/wp-content\/uploads\/guazzini-monndiali-ciclismo-pista-3.jpg","contentUrl":"https:\/\/www.intoscana.it\/wp-content\/uploads\/guazzini-monndiali-ciclismo-pista-3.jpg","width":1080,"height":720,"caption":"Picture by Alex Whitehead\/SWpix.com - 23\/10\/2025 - Cycling - 2025 Tissot UCI Track World Championships - Vel\u00f3dromo Pe\u00f1alol\u00e9n, Santiago, Chile - Women\u2019s Team Pursuit - Final for Gold - Vittoria Guazzini (Italy), Martina Fidanza (Italy), Chiara Consonni (Italy), Federica Venturelli (Italy), Martina Alzini (Italy) Celabrate winning the Women\u2019s Team Pursuit to become World Champions"},{"@type":"BreadcrumbList","@id":"https:\/\/www.intoscana.it\/it\/ciclismo-vittoria-guazzini-e-oro-mondiale-nellinseguimento-a-squadre\/#breadcrumb","itemListElement":[{"@type":"ListItem","position":1,"name":"Home","item":"https:\/\/www.intoscana.it\/it\/"},{"@type":"ListItem","position":2,"name":"Ciclismo su pista, Vittoria Guazzini \u00e8 oro mondiale nell\u2019inseguimento a squadre"}]},{"@type":"WebSite","@id":"https:\/\/www.intoscana.it\/it\/#website","url":"https:\/\/www.intoscana.it\/it\/","name":"intoscana","description":"","potentialAction":[{"@type":"SearchAction","target":{"@type":"EntryPoint","urlTemplate":"https:\/\/www.intoscana.it\/it\/?s={search_term_string}"},"query-input":{"@type":"PropertyValueSpecification","valueRequired":true,"valueName":"search_term_string"}}],"inLanguage":"it-IT"},{"@type":"Person","@id":"https:\/\/www.intoscana.it\/it\/#\/schema\/person\/010af92117f50561886339ad5b873a41","name":"Chiara Bianchini","sameAs":["c.bianchini@fst.it"],"url":"https:\/\/www.intoscana.it\/it\/author\/chiara-bianchini\/"}]}},"_links":{"self":[{"href":"https:\/\/www.intoscana.it\/it\/wp-json\/wp\/v2\/posts\/404804","targetHints":{"allow":["GET"]}}],"collection":[{"href":"https:\/\/www.intoscana.it\/it\/wp-json\/wp\/v2\/posts"}],"about":[{"href":"https:\/\/www.intoscana.it\/it\/wp-json\/wp\/v2\/types\/post"}],"author":[{"embeddable":true,"href":"https:\/\/www.intoscana.it\/it\/wp-json\/wp\/v2\/users\/507"}],"replies":[{"embeddable":true,"href":"https:\/\/www.intoscana.it\/it\/wp-json\/wp\/v2\/comments?post=404804"}],"version-history":[{"count":4,"href":"https:\/\/www.intoscana.it\/it\/wp-json\/wp\/v2\/posts\/404804\/revisions"}],"predecessor-version":[{"id":405047,"href":"https:\/\/www.intoscana.it\/it\/wp-json\/wp\/v2\/posts\/404804\/revisions\/405047"}],"wp:featuredmedia":[{"embeddable":true,"href":"https:\/\/www.intoscana.it\/it\/wp-json\/wp\/v2\/media\/404806"}],"wp:attachment":[{"href":"https:\/\/www.intoscana.it\/it\/wp-json\/wp\/v2\/media?parent=404804"}],"wp:term":[{"taxonomy":"category","embeddable":true,"href":"https:\/\/www.intoscana.it\/it\/wp-json\/wp\/v2\/categories?post=404804"},{"taxonomy":"post_tag","embeddable":true,"href":"https:\/\/www.intoscana.it\/it\/wp-json\/wp\/v2\/tags?post=404804"}],"curies":[{"name":"wp","href":"https:\/\/api.w.org\/{rel}","templated":true}]}}