{"id":407003,"date":"2025-11-12T10:52:41","date_gmt":"2025-11-12T09:52:41","guid":{"rendered":"https:\/\/www.intoscana.it\/it\/?p=407003"},"modified":"2025-11-12T10:52:41","modified_gmt":"2025-11-12T09:52:41","slug":"ambiente-il-parco-dei-renai-fa-gli-straordinari-resta-aperto-fino-a-dicembre","status":"publish","type":"post","link":"https:\/\/www.intoscana.it\/it\/ambiente-il-parco-dei-renai-fa-gli-straordinari-resta-aperto-fino-a-dicembre\/","title":{"rendered":"Ambiente, il Parco dei Renai fa gli straordinari: resta aperto fino a dicembre"},"content":{"rendered":"<p>Il <strong>Parco dei Renai a Signa<\/strong> resta aperto fino al 31 dicembre. La proroga \u00e8 stata decisa per permettere a chi vuole godersi i <strong>paesaggi autunnali e invernali<\/strong> di fare passeggiate e passare qualche ora lontano da smog e stress. Per il futuro si punta al <strong>completamento dell&#8217;area centrale<\/strong> del parco, per la quale la parte privata \u00e8 al lavoro con l&#8217;amministrazione.<\/p>\n<p>Il piano di recupero prevede una <strong>destinazione ricettiva<\/strong> per questo spazio che sar\u00e0 all&#8217;altezza della qualit\u00e0 del parco, per fare dei Renai ancora di pi\u00f9 una meta nazionale della rete <strong>Turismo-Natura-Arte<\/strong>.<\/p>\n<h3>Le presenze nel parco tornate pre Covid<\/h3>\n<p>&#8220;<em>Siamo tornati alle presenze pre Covid, stabilmente, grazie agli eventi e alla qualit\u00e0 offerta dai nostri gestori<\/em> &#8211; sottolinea <strong>Andrea Marzi<\/strong>, ad della societ\u00e0 di gestione, Isola dei Renai -. <em>Abbiamo progetti per crescere ancora, sia per quanto riguarda la possibilit\u00e0 di praticare attivit\u00e0 sportiva, sia con nuovi spazi per il tempo libero. L&#8217;obiettivo \u00e8 rendere fruibile il parco in tutte le stagioni, farlo essere sempre di pi\u00f9 un contenitore per la cultura, il benessere, il divertimento&#8221;.<\/em><\/p>\n<h3>Procedono i lavori per la cassa d&#8217;espansione<\/h3>\n<p><em>&#8220;Mentre procedono i lavori di realizzazione della cassa d&#8217;espansione per le piene dell&#8217;Arno<\/em> &#8211; spiega il presidente dell&#8217;Isola dei Renai, <strong>Daniele Donnini<\/strong> &#8211; <em>non dobbiamo dimenticare che anche nel marzo scorso il parco \u00e8 stato invaso dalle acque durante l&#8217;ultima ondata di maltempo. Siamo ripartiti, e puntiamo a crescere ancora&#8221;.<\/em><\/p>\n<figure id=\"post-297012 media-297012\" class=\"align-none\"><img decoding=\"async\" src=\"https:\/\/www.intoscana.it\/wp-content\/uploads\/parco-renai.jpeg\" alt=\"\" \/><\/figure>\n<div class=\"titleimg\">Il Parco dei Renai a Signa &#8211; Parco dei Renai<\/div>\n<h3>Il successo del Parco dei Renai<\/h3>\n<p>Per il sindaco di Signa <strong>Giampiero Fossi<\/strong>\u00a0&#8220;<em>\u00e8 con grande soddisfazione che vediamo confermato il successo straordinario del Parco dei Renai in questa stagione. L&#8217;ampliamento del periodo di apertura testimonia quanto questo luogo sia richiesto, vissuto e amato non solo dai signesi, ma da visitatori provenienti da tutta la Toscana<\/em>&#8220;.<\/p>\n<p>&#8220;<em>Quando tra pochi mesi i lavori della cassa di espansione saranno completati<\/em> &#8211; aggiunge &#8211; <em>il Parco dei Renai torner\u00e0 a respirare a pieni polmoni, pronto ad accogliere con nuove energie e opportunit\u00e0 le migliaia di persone che lo scelgono da sempre come luogo di incontro con la natura e con s\u00e9 stessi&#8221;.<\/em><\/p>\n","protected":false},"excerpt":{"rendered":"<p>La proroga decisa per consentire di fruire dell&#8217;area per passeggiate nel verde anche d&#8217;inverno. Procedono i lavori per la cassa d&#8217;espansione<\/p>\n","protected":false},"author":525,"featured_media":407005,"comment_status":"open","ping_status":"open","sticky":false,"template":"","format":"standard","meta":{"_acf_changed":false,"footnotes":""},"categories":[19],"tags":[5959,6468],"class_list":["post-407003","post","type-post","status-publish","format-standard","has-post-thumbnail","hentry","category-ambiente","tag-parchi","tag-signa"],"acf":[],"yoast_head":"<!-- This site is optimized with the Yoast SEO Premium plugin v24.2 (Yoast SEO v25.6) - https:\/\/yoast.com\/wordpress\/plugins\/seo\/ -->\n<title>Ambiente, il Parco dei Renai fa gli straordinari: resta aperto fino a dicembre - intoscana<\/title>\n<meta name=\"description\" content=\"La proroga decisa per consentire di fruire dell&#039;area per passeggiate nel verde. Procedono i lavori per la cassa d&#039;espansione\" \/>\n<meta name=\"robots\" content=\"index, follow, max-snippet:-1, max-image-preview:large, max-video-preview:-1\" \/>\n<link rel=\"canonical\" href=\"https:\/\/www.intoscana.it\/it\/ambiente-il-parco-dei-renai-fa-gli-straordinari-resta-aperto-fino-a-dicembre\/\" \/>\n<meta property=\"og:locale\" content=\"it_IT\" \/>\n<meta property=\"og:type\" content=\"article\" \/>\n<meta property=\"og:title\" content=\"Ambiente, il Parco dei Renai fa gli straordinari: resta aperto fino a dicembre\" \/>\n<meta property=\"og:description\" content=\"La proroga decisa per consentire di fruire dell&#039;area per passeggiate nel verde. Procedono i lavori per la cassa d&#039;espansione\" \/>\n<meta property=\"og:url\" content=\"https:\/\/www.intoscana.it\/it\/ambiente-il-parco-dei-renai-fa-gli-straordinari-resta-aperto-fino-a-dicembre\/\" \/>\n<meta property=\"og:site_name\" content=\"intoscana\" \/>\n<meta property=\"article:publisher\" content=\"https:\/\/www.facebook.com\/intoscana.it\" \/>\n<meta property=\"article:published_time\" content=\"2025-11-12T09:52:41+00:00\" \/>\n<meta property=\"og:image\" content=\"https:\/\/www.intoscana.it\/wp-content\/uploads\/Il-Parco-dei-Renai-a-Signa.jpg\" \/>\n\t<meta property=\"og:image:width\" content=\"1026\" \/>\n\t<meta property=\"og:image:height\" content=\"703\" \/>\n\t<meta property=\"og:image:type\" content=\"image\/jpeg\" \/>\n<meta name=\"author\" content=\"Redazione\" \/>\n<meta name=\"twitter:card\" content=\"summary_large_image\" \/>\n<meta name=\"twitter:creator\" content=\"@intoscana\" \/>\n<meta name=\"twitter:site\" content=\"@intoscana\" \/>\n<meta name=\"twitter:label1\" content=\"Written by\" \/>\n\t<meta name=\"twitter:data1\" content=\"Redazione\" \/>\n\t<meta name=\"twitter:label2\" content=\"Est. reading time\" \/>\n\t<meta name=\"twitter:data2\" content=\"3 minuti\" \/>\n<script type=\"application\/ld+json\" class=\"yoast-schema-graph\">{\"@context\":\"https:\/\/schema.org\",\"@graph\":[{\"@type\":\"WebPage\",\"@id\":\"https:\/\/www.intoscana.it\/it\/ambiente-il-parco-dei-renai-fa-gli-straordinari-resta-aperto-fino-a-dicembre\/\",\"url\":\"https:\/\/www.intoscana.it\/it\/ambiente-il-parco-dei-renai-fa-gli-straordinari-resta-aperto-fino-a-dicembre\/\",\"name\":\"Ambiente, il Parco dei Renai fa gli straordinari: resta aperto fino a dicembre - intoscana\",\"isPartOf\":{\"@id\":\"https:\/\/www.intoscana.it\/it\/#website\"},\"primaryImageOfPage\":{\"@id\":\"https:\/\/www.intoscana.it\/it\/ambiente-il-parco-dei-renai-fa-gli-straordinari-resta-aperto-fino-a-dicembre\/#primaryimage\"},\"image\":{\"@id\":\"https:\/\/www.intoscana.it\/it\/ambiente-il-parco-dei-renai-fa-gli-straordinari-resta-aperto-fino-a-dicembre\/#primaryimage\"},\"thumbnailUrl\":\"https:\/\/www.intoscana.it\/wp-content\/uploads\/Il-Parco-dei-Renai-a-Signa.jpg\",\"datePublished\":\"2025-11-12T09:52:41+00:00\",\"author\":{\"@id\":\"https:\/\/www.intoscana.it\/it\/#\/schema\/person\/9223810753230f20bd670fdd322661f8\"},\"description\":\"La proroga decisa per consentire di fruire dell'area per passeggiate nel verde. Procedono i lavori per la cassa d'espansione\",\"breadcrumb\":{\"@id\":\"https:\/\/www.intoscana.it\/it\/ambiente-il-parco-dei-renai-fa-gli-straordinari-resta-aperto-fino-a-dicembre\/#breadcrumb\"},\"inLanguage\":\"it-IT\",\"potentialAction\":[{\"@type\":\"ReadAction\",\"target\":[\"https:\/\/www.intoscana.it\/it\/ambiente-il-parco-dei-renai-fa-gli-straordinari-resta-aperto-fino-a-dicembre\/\"]}]},{\"@type\":\"ImageObject\",\"inLanguage\":\"it-IT\",\"@id\":\"https:\/\/www.intoscana.it\/it\/ambiente-il-parco-dei-renai-fa-gli-straordinari-resta-aperto-fino-a-dicembre\/#primaryimage\",\"url\":\"https:\/\/www.intoscana.it\/wp-content\/uploads\/Il-Parco-dei-Renai-a-Signa.jpg\",\"contentUrl\":\"https:\/\/www.intoscana.it\/wp-content\/uploads\/Il-Parco-dei-Renai-a-Signa.jpg\",\"width\":1026,\"height\":703},{\"@type\":\"BreadcrumbList\",\"@id\":\"https:\/\/www.intoscana.it\/it\/ambiente-il-parco-dei-renai-fa-gli-straordinari-resta-aperto-fino-a-dicembre\/#breadcrumb\",\"itemListElement\":[{\"@type\":\"ListItem\",\"position\":1,\"name\":\"Home\",\"item\":\"https:\/\/www.intoscana.it\/it\/\"},{\"@type\":\"ListItem\",\"position\":2,\"name\":\"Ambiente, il Parco dei Renai fa gli straordinari: resta aperto fino a dicembre\"}]},{\"@type\":\"WebSite\",\"@id\":\"https:\/\/www.intoscana.it\/it\/#website\",\"url\":\"https:\/\/www.intoscana.it\/it\/\",\"name\":\"intoscana\",\"description\":\"\",\"potentialAction\":[{\"@type\":\"SearchAction\",\"target\":{\"@type\":\"EntryPoint\",\"urlTemplate\":\"https:\/\/www.intoscana.it\/it\/?s={search_term_string}\"},\"query-input\":{\"@type\":\"PropertyValueSpecification\",\"valueRequired\":true,\"valueName\":\"search_term_string\"}}],\"inLanguage\":\"it-IT\"},{\"@type\":\"Person\",\"@id\":\"https:\/\/www.intoscana.it\/it\/#\/schema\/person\/9223810753230f20bd670fdd322661f8\",\"name\":\"Redazione\",\"url\":\"https:\/\/www.intoscana.it\/it\/author\/redazione\/\"}]}<\/script>\n<!-- \/ Yoast SEO Premium plugin. -->","yoast_head_json":{"title":"Ambiente, il Parco dei Renai fa gli straordinari: resta aperto fino a dicembre - intoscana","description":"La proroga decisa per consentire di fruire dell'area per passeggiate nel verde. Procedono i lavori per la cassa d'espansione","robots":{"index":"index","follow":"follow","max-snippet":"max-snippet:-1","max-image-preview":"max-image-preview:large","max-video-preview":"max-video-preview:-1"},"canonical":"https:\/\/www.intoscana.it\/it\/ambiente-il-parco-dei-renai-fa-gli-straordinari-resta-aperto-fino-a-dicembre\/","og_locale":"it_IT","og_type":"article","og_title":"Ambiente, il Parco dei Renai fa gli straordinari: resta aperto fino a dicembre","og_description":"La proroga decisa per consentire di fruire dell'area per passeggiate nel verde. Procedono i lavori per la cassa d'espansione","og_url":"https:\/\/www.intoscana.it\/it\/ambiente-il-parco-dei-renai-fa-gli-straordinari-resta-aperto-fino-a-dicembre\/","og_site_name":"intoscana","article_publisher":"https:\/\/www.facebook.com\/intoscana.it","article_published_time":"2025-11-12T09:52:41+00:00","og_image":[{"width":1026,"height":703,"url":"https:\/\/www.intoscana.it\/wp-content\/uploads\/Il-Parco-dei-Renai-a-Signa.jpg","type":"image\/jpeg"}],"author":"Redazione","twitter_card":"summary_large_image","twitter_creator":"@intoscana","twitter_site":"@intoscana","twitter_misc":{"Written by":"Redazione","Est. reading time":"3 minuti"},"schema":{"@context":"https:\/\/schema.org","@graph":[{"@type":"WebPage","@id":"https:\/\/www.intoscana.it\/it\/ambiente-il-parco-dei-renai-fa-gli-straordinari-resta-aperto-fino-a-dicembre\/","url":"https:\/\/www.intoscana.it\/it\/ambiente-il-parco-dei-renai-fa-gli-straordinari-resta-aperto-fino-a-dicembre\/","name":"Ambiente, il Parco dei Renai fa gli straordinari: resta aperto fino a dicembre - intoscana","isPartOf":{"@id":"https:\/\/www.intoscana.it\/it\/#website"},"primaryImageOfPage":{"@id":"https:\/\/www.intoscana.it\/it\/ambiente-il-parco-dei-renai-fa-gli-straordinari-resta-aperto-fino-a-dicembre\/#primaryimage"},"image":{"@id":"https:\/\/www.intoscana.it\/it\/ambiente-il-parco-dei-renai-fa-gli-straordinari-resta-aperto-fino-a-dicembre\/#primaryimage"},"thumbnailUrl":"https:\/\/www.intoscana.it\/wp-content\/uploads\/Il-Parco-dei-Renai-a-Signa.jpg","datePublished":"2025-11-12T09:52:41+00:00","author":{"@id":"https:\/\/www.intoscana.it\/it\/#\/schema\/person\/9223810753230f20bd670fdd322661f8"},"description":"La proroga decisa per consentire di fruire dell'area per passeggiate nel verde. Procedono i lavori per la cassa d'espansione","breadcrumb":{"@id":"https:\/\/www.intoscana.it\/it\/ambiente-il-parco-dei-renai-fa-gli-straordinari-resta-aperto-fino-a-dicembre\/#breadcrumb"},"inLanguage":"it-IT","potentialAction":[{"@type":"ReadAction","target":["https:\/\/www.intoscana.it\/it\/ambiente-il-parco-dei-renai-fa-gli-straordinari-resta-aperto-fino-a-dicembre\/"]}]},{"@type":"ImageObject","inLanguage":"it-IT","@id":"https:\/\/www.intoscana.it\/it\/ambiente-il-parco-dei-renai-fa-gli-straordinari-resta-aperto-fino-a-dicembre\/#primaryimage","url":"https:\/\/www.intoscana.it\/wp-content\/uploads\/Il-Parco-dei-Renai-a-Signa.jpg","contentUrl":"https:\/\/www.intoscana.it\/wp-content\/uploads\/Il-Parco-dei-Renai-a-Signa.jpg","width":1026,"height":703},{"@type":"BreadcrumbList","@id":"https:\/\/www.intoscana.it\/it\/ambiente-il-parco-dei-renai-fa-gli-straordinari-resta-aperto-fino-a-dicembre\/#breadcrumb","itemListElement":[{"@type":"ListItem","position":1,"name":"Home","item":"https:\/\/www.intoscana.it\/it\/"},{"@type":"ListItem","position":2,"name":"Ambiente, il Parco dei Renai fa gli straordinari: resta aperto fino a dicembre"}]},{"@type":"WebSite","@id":"https:\/\/www.intoscana.it\/it\/#website","url":"https:\/\/www.intoscana.it\/it\/","name":"intoscana","description":"","potentialAction":[{"@type":"SearchAction","target":{"@type":"EntryPoint","urlTemplate":"https:\/\/www.intoscana.it\/it\/?s={search_term_string}"},"query-input":{"@type":"PropertyValueSpecification","valueRequired":true,"valueName":"search_term_string"}}],"inLanguage":"it-IT"},{"@type":"Person","@id":"https:\/\/www.intoscana.it\/it\/#\/schema\/person\/9223810753230f20bd670fdd322661f8","name":"Redazione","url":"https:\/\/www.intoscana.it\/it\/author\/redazione\/"}]}},"_links":{"self":[{"href":"https:\/\/www.intoscana.it\/it\/wp-json\/wp\/v2\/posts\/407003","targetHints":{"allow":["GET"]}}],"collection":[{"href":"https:\/\/www.intoscana.it\/it\/wp-json\/wp\/v2\/posts"}],"about":[{"href":"https:\/\/www.intoscana.it\/it\/wp-json\/wp\/v2\/types\/post"}],"author":[{"embeddable":true,"href":"https:\/\/www.intoscana.it\/it\/wp-json\/wp\/v2\/users\/525"}],"replies":[{"embeddable":true,"href":"https:\/\/www.intoscana.it\/it\/wp-json\/wp\/v2\/comments?post=407003"}],"version-history":[{"count":5,"href":"https:\/\/www.intoscana.it\/it\/wp-json\/wp\/v2\/posts\/407003\/revisions"}],"predecessor-version":[{"id":407012,"href":"https:\/\/www.intoscana.it\/it\/wp-json\/wp\/v2\/posts\/407003\/revisions\/407012"}],"wp:featuredmedia":[{"embeddable":true,"href":"https:\/\/www.intoscana.it\/it\/wp-json\/wp\/v2\/media\/407005"}],"wp:attachment":[{"href":"https:\/\/www.intoscana.it\/it\/wp-json\/wp\/v2\/media?parent=407003"}],"wp:term":[{"taxonomy":"category","embeddable":true,"href":"https:\/\/www.intoscana.it\/it\/wp-json\/wp\/v2\/categories?post=407003"},{"taxonomy":"post_tag","embeddable":true,"href":"https:\/\/www.intoscana.it\/it\/wp-json\/wp\/v2\/tags?post=407003"}],"curies":[{"name":"wp","href":"https:\/\/api.w.org\/{rel}","templated":true}]}}